{"id":1264,"date":"2019-10-28T16:04:35","date_gmt":"2019-10-28T15:04:35","guid":{"rendered":"https:\/\/www.stelvision.com\/astro\/?p=1264"},"modified":"2023-07-18T16:15:20","modified_gmt":"2023-07-18T14:15:20","slug":"randonnee-celeste-dans-le-triangle-ete","status":"publish","type":"post","link":"https:\/\/www.stelvision.com\/astro\/randonnee-celeste-dans-le-triangle-ete\/","title":{"rendered":"Randonn\u00e9e c\u00e9leste dans le Triangle d\u2019\u00e9t\u00e9"},"content":{"rendered":"\n<p class=\"chapo\">Une s\u00e9lection d&rsquo;objets c\u00e9lestes \u00e0 d\u00e9couvrir dans le fameux Triangle d&rsquo;\u00e9t\u00e9 \u00e0 l&rsquo;\u0153il nu, aux jumelles et avec un petit t\u00e9lescope.<\/p>\n\n\n\n<p>Les douces nuits d\u2019\u00e9t\u00e9 sont une invitation \u00e0 lever les yeux. Alors que la nuit grignote le cr\u00e9puscule, une, puis deux, puis trois \u00e9toiles brillantes apparaissent autour du z\u00e9nith\u202f: c\u2019est le <strong>Triangle d\u2019\u00e9t\u00e9<\/strong> et ses tr\u00e9sors\u202f! Une petite randonn\u00e9e dans ce p\u00e9rim\u00e8tre permet de faire connaissance avec une jolie palette d\u2019objets, pour quelques-uns juste avec les yeux, sinon avec des jumelles et un petit instrument et \u00e0 condition d\u2019observer en absence de <a href=\"https:\/\/www.stelvision.com\/astro\/pollution-lumineuse-un-fleau-a-combattre\/\">pollution lumineuse<\/a> ou de lumi\u00e8re lunaire. Tent\u00e9s par la balade\u202f? On vous guide\u202f!<\/p>\n\n\n<div class=\"wp-block-image\">\n<figure class=\"aligncenter is-resized\"><img decoding=\"async\" src=\"https:\/\/www.stelvision.com\/astro\/wp-content\/uploads\/2018\/06\/01_triangle-743x1024.jpg\" alt=\"Carte du ciel dans la r\u00e9gion du Triangle d'\u00e9t\u00e9.\" class=\"wp-image-1265\" width=\"557\" height=\"768\" srcset=\"https:\/\/www.stelvision.com\/astro\/wp-content\/uploads\/2018\/06\/01_triangle-743x1024.jpg 743w, https:\/\/www.stelvision.com\/astro\/wp-content\/uploads\/2018\/06\/01_triangle.jpg 1000w, https:\/\/www.stelvision.com\/astro\/wp-content\/uploads\/2018\/06\/01_triangle-218x300.jpg 218w, https:\/\/www.stelvision.com\/astro\/wp-content\/uploads\/2018\/06\/01_triangle-768x1058.jpg 768w, https:\/\/www.stelvision.com\/astro\/wp-content\/uploads\/2018\/06\/01_triangle-750x1034.jpg 750w, https:\/\/www.stelvision.com\/astro\/wp-content\/uploads\/2018\/06\/01_triangle-570x785.jpg 570w, https:\/\/www.stelvision.com\/astro\/wp-content\/uploads\/2018\/06\/01_triangle-368x507.jpg 368w, https:\/\/www.stelvision.com\/astro\/wp-content\/uploads\/2018\/06\/01_triangle-270x372.jpg 270w\" sizes=\"(max-width: 557px) 100vw, 557px\" \/><figcaption class=\"wp-element-caption\"> <strong>Le Triangle d&rsquo;\u00e9t\u00e9 est compos\u00e9e des \u00e9toiles principales de trois constellations. Il est travers\u00e9 par la Voie lact\u00e9e.<\/strong><br>Cr\u00e9dit : Carine Souplet &#8211; Stelvision <\/figcaption><\/figure>\n<\/div>\n\n\n<p>Identifions d\u2019abord un peu mieux le Triangle d\u2019\u00e9t\u00e9 et les constellations qu\u2019il couvre. Les sommets de la figure sont mat\u00e9rialis\u00e9s par trois brillantes \u00e9toiles. <strong>V\u00e9ga<\/strong> est la plus \u00e9clatante et appara\u00eet donc la premi\u00e8re. Elle fait partie de la petite mais bien visible constellation de la <strong>Lyre<\/strong>, au parall\u00e9logramme caract\u00e9ristique. L\u2019\u00e9toile <strong>Deneb<\/strong> se trouve plus \u00e0 l\u2019est, elle marque la queue de la constellation du <strong>Cygne<\/strong>, qui dessine une grande croix. Quant \u00e0 l\u2019\u00e9toile <strong>Alta\u00efr<\/strong>, elle mat\u00e9rialise l\u2019angle le plus aigu du Triangle, celui situ\u00e9 le moins haut dans le ciel et c\u2019est aussi la t\u00eate de <strong>l\u2019Aigle<\/strong>. \u00c0 ces trois constellations, il faut en ajouter deux autres situ\u00e9es \u00e0 l\u2019int\u00e9rieur de la figure g\u00e9om\u00e9trique\u202f: la <strong>Fl\u00e8che<\/strong> et le <strong>Petit Renard<\/strong>, plus discr\u00e8tes mais tout aussi int\u00e9ressantes. <\/p>\n\n\n\n<h2 class=\"wp-block-heading\">La Voie lact\u00e9e<\/h2>\n\n\n\n<p>Le Triangle d\u2019\u00e9t\u00e9 est travers\u00e9 dans sa plus grande longueur par une c\u00e9l\u00e9brit\u00e9 nocturne, <strong>la Voie lact\u00e9e<\/strong>, qui ceinture tout notre ciel et n\u2019est autre que la Galaxie \u00e0 l\u2019int\u00e9rieur de laquelle nous nous trouvons. Ce disque aplati que nous admirons de l\u2019int\u00e9rieur est constitu\u00e9 de 200 milliards d\u2019\u00e9toiles. Elles sont pour la plupart trop \u00e9loign\u00e9es pour \u00eatre vues individuellement et c\u2019est pourquoi nous percevons une grande bande laiteuse \u00e0 l\u2019\u0153il nu (un peu comme on per\u00e7oit une dune, mais pas les grains de sable qui la constituent).<\/p>\n\n\n<div class=\"wp-block-image\">\n<figure class=\"aligncenter is-resized\"><img decoding=\"async\" src=\"https:\/\/www.stelvision.com\/astro\/wp-content\/uploads\/2018\/06\/voie-lactee-triangle-ete-wallart.jpg\" alt=\"Voie lact\u00e9e qui traverse le triangle d'\u00e9t\u00e9\" class=\"wp-image-1268\" width=\"503\" height=\"761\" srcset=\"https:\/\/www.stelvision.com\/astro\/wp-content\/uploads\/2018\/06\/voie-lactee-triangle-ete-wallart.jpg 671w, https:\/\/www.stelvision.com\/astro\/wp-content\/uploads\/2018\/06\/voie-lactee-triangle-ete-wallart-199x300.jpg 199w, https:\/\/www.stelvision.com\/astro\/wp-content\/uploads\/2018\/06\/voie-lactee-triangle-ete-wallart-570x861.jpg 570w, https:\/\/www.stelvision.com\/astro\/wp-content\/uploads\/2018\/06\/voie-lactee-triangle-ete-wallart-368x556.jpg 368w, https:\/\/www.stelvision.com\/astro\/wp-content\/uploads\/2018\/06\/voie-lactee-triangle-ete-wallart-270x408.jpg 270w\" sizes=\"(max-width: 503px) 100vw, 503px\" \/><figcaption class=\"wp-element-caption\"><strong>Cette photo du ciel quasi-entier r\u00e9v\u00e8le la Voie lact\u00e9e qui traverse le triangle d&rsquo;\u00e9t\u00e9.<\/strong><br>Photo\u202f: Sylvain Wallart (prise avec un objectif fish-eye)<\/figcaption><\/figure>\n<\/div>\n\n\n<p>La l\u00e9gende dit que la Voie lact\u00e9e n\u2019est autre que la longue tra\u00een\u00e9e de lait qui s\u2019est r\u00e9pandue dans le ciel apr\u00e8s qu\u2019Hercule ait t\u00e9t\u00e9 trop vigoureusement au sein de la d\u00e9esse Junon. C\u2019est un symbole d\u2019abondance, ce qui est \u00e9galement vrai d\u2019un point de vue astronomique\u202f: promenez-vous aux jumelles rien que dans le Triangle d\u2019\u00e9t\u00e9 et ses abords, vous serez surpris par tout ce que vous y d\u00e9c\u00e8lerez\u202f! Notre balade, consacr\u00e9e \u00e0 quelques-uns de ces objets parmi les plus accessibles, en est un petit aper\u00e7u.<\/p>\n\n\n<div class=\"wp-block-image\">\n<figure class=\"alignleft is-resized\"><img decoding=\"async\" src=\"https:\/\/www.stelvision.com\/astro\/wp-content\/uploads\/2018\/06\/lyre_valentine.jpg\" alt=\"\" class=\"wp-image-1270\" width=\"143\" height=\"153\" srcset=\"https:\/\/www.stelvision.com\/astro\/wp-content\/uploads\/2018\/06\/lyre_valentine.jpg 570w, https:\/\/www.stelvision.com\/astro\/wp-content\/uploads\/2018\/06\/lyre_valentine-500x535.jpg 500w, https:\/\/www.stelvision.com\/astro\/wp-content\/uploads\/2018\/06\/lyre_valentine-280x300.jpg 280w, https:\/\/www.stelvision.com\/astro\/wp-content\/uploads\/2018\/06\/lyre_valentine-368x394.jpg 368w, https:\/\/www.stelvision.com\/astro\/wp-content\/uploads\/2018\/06\/lyre_valentine-270x289.jpg 270w\" sizes=\"(max-width: 143px) 100vw, 143px\" \/><\/figure>\n<\/div>\n\n\n<h2 class=\"wp-block-heading\">Dans la Lyre<\/h2>\n\n\n\n<p>Apr\u00e8s cet \u00e9chauffement dans la Voie lact\u00e9e, concentrez votre regard vers la Lyre. Petite par sa taille, cette constellation n\u2019en est pas moins remarquable par sa luminosit\u00e9 et les objets qu\u2019elle rec\u00e8le. Selon la mythologie, la Lyre a \u00e9t\u00e9 fabriqu\u00e9e par Herm\u00e8s \u00e0 partir de la carapace d\u2019une tortue. Le dieu \u00e9tait fac\u00e9tieux, et il se fit attraper un jour par Apollon \u00e0 qui il avait vol\u00e9 des b\u0153ufs. Pour se faire pardonner, Herm\u00e8s donna sa Lyre \u00e0 Apollon, qui f\u00fbt charm\u00e9 par le son merveilleux qui sortait de l\u2019instrument de musique.<\/p>\n\n\n<div class=\"wp-block-image\">\n<figure class=\"aligncenter is-resized\"><img decoding=\"async\" src=\"https:\/\/www.stelvision.com\/astro\/wp-content\/uploads\/2018\/06\/02_lyre_b.jpg\" alt=\"Carte de la constellation de la Lyre. Le cercle indique le champ de vision couvert par des jumelles.\" class=\"wp-image-1272\" width=\"500\" height=\"492\" srcset=\"https:\/\/www.stelvision.com\/astro\/wp-content\/uploads\/2018\/06\/02_lyre_b.jpg 1000w, https:\/\/www.stelvision.com\/astro\/wp-content\/uploads\/2018\/06\/02_lyre_b-300x295.jpg 300w, https:\/\/www.stelvision.com\/astro\/wp-content\/uploads\/2018\/06\/02_lyre_b-768x756.jpg 768w, https:\/\/www.stelvision.com\/astro\/wp-content\/uploads\/2018\/06\/02_lyre_b-750x738.jpg 750w, https:\/\/www.stelvision.com\/astro\/wp-content\/uploads\/2018\/06\/02_lyre_b-570x561.jpg 570w, https:\/\/www.stelvision.com\/astro\/wp-content\/uploads\/2018\/06\/02_lyre_b-368x362.jpg 368w, https:\/\/www.stelvision.com\/astro\/wp-content\/uploads\/2018\/06\/02_lyre_b-270x266.jpg 270w, https:\/\/www.stelvision.com\/astro\/wp-content\/uploads\/2018\/06\/02_lyre_b-62x62.jpg 62w\" sizes=\"(max-width: 500px) 100vw, 500px\" \/><figcaption class=\"wp-element-caption\"><strong>Carte de la constellation de la Lyre. Le cercle indique le champ de vision couvert par des jumelles.<\/strong><br>Cr\u00e9dit : Stelvision <\/figcaption><\/figure>\n<\/div>\n\n\n<p>Des petites merveilles, il y en a dans la Lyre. L\u2019<strong>\u00e9toile V\u00e9ga<\/strong>, la plus brillante, est d\u2019un beau blanc-bleut\u00e9. Situ\u00e9e \u00e0 environ 25 ann\u00e9es-lumi\u00e8re, V\u00e9ga a longtemps servi d\u2019\u00e9talon z\u00e9ro pour l\u2019\u00e9chelle des magnitudes, jusqu\u2019\u00e0 ce que les scientifiques ne r\u00e9alisent que l\u2019astre varie l\u00e9g\u00e8rement. C\u2019est aussi le point de rep\u00e8re id\u00e9al pour localiser le <strong>syst\u00e8me d\u2019\u00e9toiles multiples Epsilon\u202f1 et Epsilon\u202f2 (\u03b5<sup>1<\/sup> et \u03b5<sup>2<\/sup>)<\/strong>, qui avec V\u00e9ga et l\u2019\u00e9toile Dz\u00eata (\u03b6) forment un triangle isoc\u00e8le. Percevoir la dualit\u00e9 du couple \u00e0 l\u2019\u0153il nu est gage d\u2019une excellente vue. Des jumelles facilitent la s\u00e9paration et avec un instrument un peu plus puissant, vous verrez que chacune des deux \u00e9toiles est elle-m\u00eame double\u202f! Ces quatre \u00e9toiles sont li\u00e9es physiquement (elles tournent ensemble deux \u00e0 deux) et se situent \u00e0 environ 160 ann\u00e9es-lumi\u00e8re de nous.<\/p>\n\n\n<div class=\"wp-block-image\">\n<figure class=\"alignright is-resized\"><img decoding=\"async\" src=\"https:\/\/www.stelvision.com\/astro\/wp-content\/uploads\/2018\/06\/M57_GBauza_Hubble.jpg\" alt=\"photographie faite par le t\u00e9lescope Hubble de M57\" class=\"wp-image-1274\" width=\"289\" height=\"205\" srcset=\"https:\/\/www.stelvision.com\/astro\/wp-content\/uploads\/2018\/06\/M57_GBauza_Hubble.jpg 578w, https:\/\/www.stelvision.com\/astro\/wp-content\/uploads\/2018\/06\/M57_GBauza_Hubble-500x354.jpg 500w, https:\/\/www.stelvision.com\/astro\/wp-content\/uploads\/2018\/06\/M57_GBauza_Hubble-300x212.jpg 300w, https:\/\/www.stelvision.com\/astro\/wp-content\/uploads\/2018\/06\/M57_GBauza_Hubble-570x403.jpg 570w, https:\/\/www.stelvision.com\/astro\/wp-content\/uploads\/2018\/06\/M57_GBauza_Hubble-368x260.jpg 368w, https:\/\/www.stelvision.com\/astro\/wp-content\/uploads\/2018\/06\/M57_GBauza_Hubble-270x191.jpg 270w\" sizes=\"(max-width: 289px) 100vw, 289px\" \/><figcaption class=\"wp-element-caption\"> <strong>Dans un t\u00e9lescope d&rsquo;amateur, M57 est petit anneau. En m\u00e9daillon\u202f: M57 photographi\u00e9e par le t\u00e9lescope Hubble.<\/strong><br>Cr\u00e9dits\u202f: G\u00e9rard Bauza &#8211; NASA <\/figcaption><\/figure>\n<\/div>\n\n\n<p>\u00c0 l\u2019autre bout de la constellation, un autre objet, plut\u00f4t accessible aux petits instruments, m\u00e9rite largement le d\u00e9tour\u202f:  <strong>la n\u00e9buleuse plan\u00e9taire M57<\/strong> est situ\u00e9e entre les \u00e9toiles B\u00eata (\u03b2) et Gamma (\u03b3). Aux jumelles, l\u2019objet est brillant mais d\u2019aspect quasi ponctuel, en revanche avec un grossissement d\u2019au moins 40 fois, vous percevrez la forme de la n\u00e9buleuse, comparable \u00e0 un petit anneau de fum\u00e9e. Une n\u00e9buleuse plan\u00e9taire se forme \u00e0 la fin de la vie d\u2019une \u00e9toile de moins de huit masses solaires, lorsque celle-ci expulse son enveloppe ext\u00e9rieure qui s\u2019\u00e9loigne progressivement dans l\u2019espace en formant une bulle gazeuse\u202f: la n\u00e9buleuse plan\u00e9taire. A part la rotondit\u00e9, rien \u00e0 voir donc avec les plan\u00e8tes\u202f! Ici, l\u2019\u00e9toile \u00e0 l\u2019origine de M57 est situ\u00e9e entre 1\u202f300 et 3\u202f300 ann\u00e9es-lumi\u00e8re de nous, et a expuls\u00e9 son enveloppe en fin de vie il y a environ 20\u202f000 ans.<\/p>\n\n\n\n<h2 class=\"wp-block-heading\">Dans le Cygne<\/h2>\n\n\n<div class=\"wp-block-image\">\n<figure class=\"aligncenter is-resized\"><img decoding=\"async\" src=\"https:\/\/www.stelvision.com\/astro\/wp-content\/uploads\/2018\/06\/03_albireo.jpg\" alt=\"Carte des constellations du Cygne et de la Lyre.  Le cercle indique le champ de vision couvert par des jumelles.\" class=\"wp-image-1277\" width=\"500\" height=\"421\" srcset=\"https:\/\/www.stelvision.com\/astro\/wp-content\/uploads\/2018\/06\/03_albireo.jpg 1000w, https:\/\/www.stelvision.com\/astro\/wp-content\/uploads\/2018\/06\/03_albireo-300x253.jpg 300w, https:\/\/www.stelvision.com\/astro\/wp-content\/uploads\/2018\/06\/03_albireo-768x647.jpg 768w, https:\/\/www.stelvision.com\/astro\/wp-content\/uploads\/2018\/06\/03_albireo-750x632.jpg 750w, https:\/\/www.stelvision.com\/astro\/wp-content\/uploads\/2018\/06\/03_albireo-570x480.jpg 570w, https:\/\/www.stelvision.com\/astro\/wp-content\/uploads\/2018\/06\/03_albireo-368x310.jpg 368w, https:\/\/www.stelvision.com\/astro\/wp-content\/uploads\/2018\/06\/03_albireo-270x227.jpg 270w\" sizes=\"(max-width: 500px) 100vw, 500px\" \/><figcaption class=\"wp-element-caption\"> <strong>Carte des constellations du Cygne et de la Lyre.  Le cercle indique le champ de vision couvert par des jumelles.<\/strong><br>Cr\u00e9dit : Stelvision  <\/figcaption><\/figure>\n<\/div>\n\n\n<p>\u00c0 l\u2019est de la Lyre, la grande constellation du Cygne occupe une grande partie de la superficie du Triangle de l\u2019\u00e9t\u00e9. Deneb, l\u2019\u00e9toile principale de magnitude 1,3, mat\u00e9rialise sa queue. A l\u2019oppos\u00e9, la t\u00eate est repr\u00e9sent\u00e9e par l\u2019\u00e9toile double Albireo, rep\u00e9rable \u00e0 l\u2019\u0153il nu avec une magnitude de 3,2. Aux jumelles, sa dualit\u00e9 se devine, mais il est plus confortable de grossir 20 fois et davantage pour bien s\u00e9parer les deux composantes li\u00e9es physiquement et situ\u00e9es \u00e0 environ 400 ann\u00e9es-lumi\u00e8re.<\/p>\n\n\n<div class=\"wp-block-image\">\n<figure class=\"alignleft is-resized\"><img decoding=\"async\" src=\"https:\/\/www.stelvision.com\/astro\/wp-content\/uploads\/2018\/06\/aspect_albireo.jpg\" alt=\"photographie Denb\" class=\"wp-image-1278\" width=\"193\" height=\"160\" srcset=\"https:\/\/www.stelvision.com\/astro\/wp-content\/uploads\/2018\/06\/aspect_albireo.jpg 770w, https:\/\/www.stelvision.com\/astro\/wp-content\/uploads\/2018\/06\/aspect_albireo-500x414.jpg 500w, https:\/\/www.stelvision.com\/astro\/wp-content\/uploads\/2018\/06\/aspect_albireo-300x249.jpg 300w, https:\/\/www.stelvision.com\/astro\/wp-content\/uploads\/2018\/06\/aspect_albireo-768x636.jpg 768w, https:\/\/www.stelvision.com\/astro\/wp-content\/uploads\/2018\/06\/aspect_albireo-750x621.jpg 750w, https:\/\/www.stelvision.com\/astro\/wp-content\/uploads\/2018\/06\/aspect_albireo-570x472.jpg 570w, https:\/\/www.stelvision.com\/astro\/wp-content\/uploads\/2018\/06\/aspect_albireo-368x305.jpg 368w, https:\/\/www.stelvision.com\/astro\/wp-content\/uploads\/2018\/06\/aspect_albireo-270x224.jpg 270w\" sizes=\"(max-width: 193px) 100vw, 193px\" \/><\/figure>\n<\/div>\n\n\n<p>L\u2019une est bleut\u00e9e, l\u2019autre orang\u00e9e, une belle occasion de voir l\u2019Univers en couleurs\u202f! Cette diff\u00e9rence de teinte est li\u00e9e \u00e0 leur temp\u00e9rature de surface\u202f: le bleu t\u00e9moigne d\u2019une temp\u00e9rature chaude d\u2019au moins 20\u202f000 degr\u00e9s, l\u2019orang\u00e9 d\u2019une temp\u00e9rature plus proche des 4\u202f000 degr\u00e9s.<\/p>\n\n\n\n<p>Retournez ensuite vers Deneb et poursuivez dans le sillage du Cygne, un  peu en dehors du Triangle d\u2019\u00e9t\u00e9. Avec un regard attentif, il n\u2019est pas difficile de distinguer le petit poudroiement de <strong>l\u2019amas ouvert M39<\/strong>. Un amas ouvert, c\u2019est un ensemble d\u2019\u00e9toiles jeunes, bleut\u00e9es et donc chaudes, n\u00e9es dans un m\u00eame nuage de gaz et qui ne se sont pas encore  \u00e9parpill\u00e9s\u2026 <\/p>\n\n\n<div class=\"wp-block-image\">\n<figure class=\"aligncenter is-resized\"><img decoding=\"async\" src=\"https:\/\/www.stelvision.com\/astro\/wp-content\/uploads\/2018\/06\/04_deneb_m39.jpg\" alt=\"Carte de rep\u00e9rage de M39.  Chaque cercle indique le champ de vision couvert par des jumelles.\" class=\"wp-image-1279\" width=\"500\" height=\"384\" srcset=\"https:\/\/www.stelvision.com\/astro\/wp-content\/uploads\/2018\/06\/04_deneb_m39.jpg 1000w, https:\/\/www.stelvision.com\/astro\/wp-content\/uploads\/2018\/06\/04_deneb_m39-300x230.jpg 300w, https:\/\/www.stelvision.com\/astro\/wp-content\/uploads\/2018\/06\/04_deneb_m39-768x590.jpg 768w, https:\/\/www.stelvision.com\/astro\/wp-content\/uploads\/2018\/06\/04_deneb_m39-750x576.jpg 750w, https:\/\/www.stelvision.com\/astro\/wp-content\/uploads\/2018\/06\/04_deneb_m39-570x438.jpg 570w, https:\/\/www.stelvision.com\/astro\/wp-content\/uploads\/2018\/06\/04_deneb_m39-368x283.jpg 368w, https:\/\/www.stelvision.com\/astro\/wp-content\/uploads\/2018\/06\/04_deneb_m39-270x207.jpg 270w\" sizes=\"(max-width: 500px) 100vw, 500px\" \/><figcaption class=\"wp-element-caption\"> <strong>Carte de rep\u00e9rage de M39.  Chaque cercle indique le champ de vision couvert par des jumelles.<\/strong><br>Cr\u00e9dit : Stelvision  <\/figcaption><\/figure>\n<\/div>\n\n\n<p>Une fois M39 rep\u00e9r\u00e9 \u00e0 l\u2019\u0153il nu, pointez-le aux jumelles (ou si vous ne le voyez pas \u00e0 l\u2019\u0153il nu, d\u00e9placez-vous vers l\u2019est de deux champs de jumelles \u00e0 partir de Deneb)\u202f: vous pourrez y compter une vingtaine d\u2019\u00e9toiles bleut\u00e9es regroup\u00e9es dans une forme triangulaire. L\u2019arri\u00e8re-plan de la Voie lact\u00e9e, riche en \u00e9toiles, emp\u00eache toutefois M39 de bien se d\u00e9tacher\u202f: aussi, tentez son observation avec un petit instrument et un grossissement de 20 \u00e0 40 fois environ pour le rendre plus \u00e9clatant. <\/p>\n\n\n\n<h2 class=\"wp-block-heading\">L&rsquo;Aigle<\/h2>\n\n\n<div class=\"wp-block-image\">\n<figure class=\"aligncenter is-resized\"><img decoding=\"async\" src=\"https:\/\/www.stelvision.com\/astro\/wp-content\/uploads\/2018\/06\/05_altair.jpg\" alt=\"Carte de rep\u00e9rage de Barnard 142 &amp; 143.  Chaque cercle indique le champ de vision couvert par des jumelles.\" class=\"wp-image-1281\" width=\"500\" height=\"430\" srcset=\"https:\/\/www.stelvision.com\/astro\/wp-content\/uploads\/2018\/06\/05_altair.jpg 1000w, https:\/\/www.stelvision.com\/astro\/wp-content\/uploads\/2018\/06\/05_altair-300x258.jpg 300w, https:\/\/www.stelvision.com\/astro\/wp-content\/uploads\/2018\/06\/05_altair-768x660.jpg 768w, https:\/\/www.stelvision.com\/astro\/wp-content\/uploads\/2018\/06\/05_altair-750x645.jpg 750w, https:\/\/www.stelvision.com\/astro\/wp-content\/uploads\/2018\/06\/05_altair-570x490.jpg 570w, https:\/\/www.stelvision.com\/astro\/wp-content\/uploads\/2018\/06\/05_altair-368x316.jpg 368w, https:\/\/www.stelvision.com\/astro\/wp-content\/uploads\/2018\/06\/05_altair-270x232.jpg 270w\" sizes=\"(max-width: 500px) 100vw, 500px\" \/><figcaption class=\"wp-element-caption\">  <strong>Carte de rep\u00e9rage de Barnard 142 &amp; 143.  Chaque cercle indique le champ de vision couvert par des jumelles.<\/strong><br>Cr\u00e9dit : Stelvision  <\/figcaption><\/figure>\n<\/div>\n\n\n<p>Le troisi\u00e8me sommet du Triangle d\u2019\u00e9t\u00e9, celui qui pointe vers l\u2019horizon sud aux latitudes temp\u00e9r\u00e9es de l\u2019h\u00e9misph\u00e8re nord, est mat\u00e9rialis\u00e9 par <strong>l\u2019\u00e9toile Alta\u00efr<\/strong> de l\u2019Aigle, de magnitude 0,8. L\u2019Aigle \u00e9tait l\u2019oiseau pr\u00e9f\u00e9r\u00e9 de Zeus en raison de sa force et de son regard per\u00e7ant, mais il f\u00fbt tu\u00e9 par Hercule parce qu\u2019il harcelait Prom\u00e9th\u00e9e. Le p\u00e8re de tous les dieux pla\u00e7a alors le rapace au firmament pour le garder pr\u00e8s de lui. Dans l\u2019Aigle, tentez de relever un petit d\u00e9fi aux jumelles pr\u00e8s de l\u2019\u00e9toile Gamma (\u03b3)\u202f: l\u2019observation<strong> les n\u00e9buleuses obscures Barnard\u202f142 et 143<\/strong>, des nuages de poussi\u00e8res et d\u2019hydrog\u00e8ne atomique situ\u00e9s en avant-plan de la Voie lact\u00e9e et qui masquent sa lueur et donnant la perception d\u2019un \u00ab\u202ftrou\u202f\u00bb sombre. Barnard\u202f143 a la forme d\u2019un croissant, que Barnard\u202f142 souligne d\u2019un trait. Sous un bon ciel, les deux objets se devinent avec des jumelles 10&#215;50, et sont bien visibles dans tout instrument de plus de 70\u202fmm de diam\u00e8tre. Les poussi\u00e8res de ces nuages, qui mesurent de 1\/1000<sup>e<\/sup> \u00e0 1\/10\u202f000<sup>e<\/sup> de millim\u00e8tre, sont constitu\u00e9s de carbone ou de m\u00e9taux et sont recouverts de glace d\u2019eau ou de m\u00e9thane.<\/p>\n\n\n\n<h2 class=\"wp-block-heading\">La Fl\u00e8che et le Petit Renard<\/h2>\n\n\n\n<p>Entre le Cygne et l\u2019Aigle, deux constellations plus discr\u00e8tes rec\u00e8lent elles-aussi de petits joyaux.<strong> La Fl\u00e8che<\/strong> n\u2019est autre que celle qu\u2019Hercule a utilis\u00e9e pour tuer l\u2019Aigle. D\u2019une superficie modeste, la constellation abrite le bel <strong>amas globulaire M71<\/strong>\u202f: ce regroupement de vieilles \u00e9toiles se trouve comme tous les amas globulaires en p\u00e9riph\u00e9rie de notre Voie lact\u00e9e, \u00e0 environ 14\u202f300 ann\u00e9es-lumi\u00e8re. Son rep\u00e9rage est tr\u00e8s simple aux jumelles, entre Gamma (\u03b3) et Delta (\u03b4), o\u00f9 il appara\u00eet comme une petite n\u00e9bulosit\u00e9 ronde. Si vous avez la chance de l&rsquo;observer avec un grossissement de 40 fois et plus, sa forme sera d\u2019autant plus \u00e9vidente, accompagn\u00e9e de quelques \u00e9toiles en surimpression et aux alentours.<\/p>\n\n\n<div class=\"wp-block-image\">\n<figure class=\"aligncenter is-resized\"><img decoding=\"async\" src=\"https:\/\/www.stelvision.com\/astro\/wp-content\/uploads\/2018\/06\/06_fleche_m71_m27_cintre.jpg\" alt=\"Carte de rep\u00e9rage de M27. Le cercle indique le champ de vision couvert par des jumelles.\" class=\"wp-image-1282\" width=\"500\" height=\"392\" srcset=\"https:\/\/www.stelvision.com\/astro\/wp-content\/uploads\/2018\/06\/06_fleche_m71_m27_cintre.jpg 1000w, https:\/\/www.stelvision.com\/astro\/wp-content\/uploads\/2018\/06\/06_fleche_m71_m27_cintre-300x235.jpg 300w, https:\/\/www.stelvision.com\/astro\/wp-content\/uploads\/2018\/06\/06_fleche_m71_m27_cintre-768x602.jpg 768w, https:\/\/www.stelvision.com\/astro\/wp-content\/uploads\/2018\/06\/06_fleche_m71_m27_cintre-750x588.jpg 750w, https:\/\/www.stelvision.com\/astro\/wp-content\/uploads\/2018\/06\/06_fleche_m71_m27_cintre-570x447.jpg 570w, https:\/\/www.stelvision.com\/astro\/wp-content\/uploads\/2018\/06\/06_fleche_m71_m27_cintre-368x289.jpg 368w, https:\/\/www.stelvision.com\/astro\/wp-content\/uploads\/2018\/06\/06_fleche_m71_m27_cintre-270x212.jpg 270w\" sizes=\"(max-width: 500px) 100vw, 500px\" \/><figcaption class=\"wp-element-caption\">  <strong>Carte de rep\u00e9rage de M27.  Le cercle indique le champ de vision couvert par des jumelles.<\/strong><br>Cr\u00e9dit : Stelvision  <\/figcaption><\/figure>\n<\/div>\n\n\n<p>La Fl\u00e8che est un rep\u00e8re id\u00e9al pour vous diriger vers un autre objet tr\u00e8s appr\u00e9ci\u00e9 pour son esth\u00e9tique\u202f: la<strong> n\u00e9buleuse plan\u00e9taire M27<\/strong>, appel\u00e9e selon les cas l\u2019halt\u00e8re, le trognon de pomme ou pour les anglo-saxons, Dumbbell (le battant de cloche) et situ\u00e9e dans<strong> le Petit Renard<\/strong>. Pour trouver facilement la n\u00e9buleuse, placez les \u00e9toiles Dz\u00e9ta (\u03b6) et Delta (\u03b4) de la Fl\u00e8che dans le bord inf\u00e9rieur droit des jumelles 10&#215;50 et reportez six fois la distance qui les s\u00e9parent selon l\u2019axe qu\u2019elles indiquent en direction du Petit Renard, vers le nord-est. M27 est juste sous l\u2019\u00e9toile 14 qui marque aussi le centre d\u2019un demi-cercle d\u2019\u00e9toiles bien visibles, elle appara\u00eet aux jumelles comme une n\u00e9bulosit\u00e9 de taille respectable et plut\u00f4t rectangulaire.<\/p>\n\n\n<div class=\"wp-block-image wp-image-1284\">\n<figure class=\"alignright is-resized\"><img decoding=\"async\" src=\"https:\/\/www.stelvision.com\/astro\/wp-content\/uploads\/2018\/06\/892px-M27_-_Dumbbell_Nebula.jpg\" alt=\"photographie de M27\" class=\"wp-image-1284\" width=\"334\" height=\"340\"\/><figcaption class=\"wp-element-caption\"><strong>M27 photographi\u00e9e par l&rsquo;Observatoire Europ\u00e9en Austral.<\/strong><br><small>Cr\u00e9dit : ESO<\/small><\/figcaption><\/figure>\n<\/div>\n\n\n<p>Situ\u00e9e \u00e0 moins de 1\u202f000 ann\u00e9es-lumi\u00e8re de nous, c\u2019est la plus brillante n\u00e9buleuse plan\u00e9taire du catalogue Messier (magnitude 7,3). Avec un petit instrument, un grossissement de 40 fois et plus vous r\u00e9v\u00e9lera de nombreux d\u00e9tails dont l\u2019\u00e9tranglement central et si vous r\u00e9it\u00e9rez r\u00e9guli\u00e8rement son observation attentive, sans doute y d\u00e9c\u00e8lerez-vous \u00e0 chaque fois de nouveaux d\u00e9tails de structure\u202f! Attention, il faut quand m\u00eame un \u0153il bien adapt\u00e9 \u00e0 l&rsquo;obscurit\u00e9 car la n\u00e9buleuse reste un objet peu lumineux pour la vision humaine (et sans couleur perceptible), contrairement au rendu obtenu sur les photos prises avec des capteurs \u00e9lectroniques.<\/p>\n\n\n\n<p>Derni\u00e8re \u00e9tape de cette balade c\u00e9leste, toujours dans le Petit Renard\u202f:<strong> l\u2019ast\u00e9risme du Cintre ou du Porte-manteau<\/strong>, r\u00e9f\u00e9renc\u00e9 aussi sous le nom de Collinder\u202f399 ou amas de Brocchi. Ast\u00e9risme, kezako\u202f? Tout simplement une figure facilement identifiable dans le ciel et constitu\u00e9e par des \u00e9toiles n\u2019ayant aucun rapport physique entre elles (elles sont souvent situ\u00e9es \u00e0 des distances tr\u00e8s diff\u00e9rentes). Le Cintre en est l\u2019un des plus beaux exemples du ciel estival\u202f: il est \u00e0 la limite de la visibilit\u00e9 \u00e0 l\u2019\u0153il nu sous un ciel bien noir et l\u2019observation aux jumelles montre instantan\u00e9ment pourquoi on lui a choisi ce nom\u202f! La figure est constitu\u00e9e de dix \u00e9toiles de magnitudes 5 \u00e0 7, et se trouve \u00e0 un champ de jumelles au nord-ouest de la Fl\u00e8che.<\/p>\n\n\n<div class=\"wp-block-image size-full wp-image-1285\">\n<figure class=\"aligncenter\"><img decoding=\"async\" width=\"978\" height=\"505\" src=\"https:\/\/www.stelvision.com\/astro\/wp-content\/uploads\/2018\/06\/cintre_SDSS.jpg\" alt=\"ast\u00e9risme du porte-manteau \" class=\"wp-image-1285\" srcset=\"https:\/\/www.stelvision.com\/astro\/wp-content\/uploads\/2018\/06\/cintre_SDSS.jpg 978w, https:\/\/www.stelvision.com\/astro\/wp-content\/uploads\/2018\/06\/cintre_SDSS-500x258.jpg 500w, https:\/\/www.stelvision.com\/astro\/wp-content\/uploads\/2018\/06\/cintre_SDSS-300x155.jpg 300w, https:\/\/www.stelvision.com\/astro\/wp-content\/uploads\/2018\/06\/cintre_SDSS-768x397.jpg 768w, https:\/\/www.stelvision.com\/astro\/wp-content\/uploads\/2018\/06\/cintre_SDSS-750x387.jpg 750w, https:\/\/www.stelvision.com\/astro\/wp-content\/uploads\/2018\/06\/cintre_SDSS-570x294.jpg 570w, https:\/\/www.stelvision.com\/astro\/wp-content\/uploads\/2018\/06\/cintre_SDSS-368x190.jpg 368w, https:\/\/www.stelvision.com\/astro\/wp-content\/uploads\/2018\/06\/cintre_SDSS-270x139.jpg 270w\" sizes=\"(max-width: 978px) 100vw, 978px\" \/><figcaption class=\"wp-element-caption\"><strong>L\u2019ast\u00e9risme du Cintre a une forme bien reconnaissable aux jumelles, m\u00eame si en pratique il est plut\u00f4t vu \u00e0 l&rsquo;envers.<\/strong><br><small>Cr\u00e9dit : SDSS<\/small><\/figcaption><\/figure>\n<\/div>\n\n\n<p>Voie lact\u00e9e, \u00e9toiles multiples et color\u00e9s, n\u00e9buleuses plan\u00e9taires, amas ouvert, amas globulaire, n\u00e9buleuses obscures et ast\u00e9risme\u202f: la randonn\u00e9e c\u00e9leste dans le Triangle de l\u2019\u00e9t\u00e9 tient donc ses promesses\u202f! Et encore, ce n\u2019est qu\u2019un aper\u00e7u\u2026<\/p>\n\n\n\n\t\t\t\t\t\t<div style=\"margin-bottom: 18px;\">\t\t\t\t<a rel=\"nofollow\" href=\"https:\/\/www.stelvision.com\/astro\/boutique\/le-ciel-au-telescope\/?ref=bottom\">\r\n\t\t\t\t\t<img decoding=\"async\" src=\"https:\/\/www.stelvision.com\/astro\/wp-content\/uploads\/2025\/10\/Ciel-au-telescope-1200x900-1.webp\" alt=\"visuel publicitaire livre le Ciel au t\u00e9lescope\" class=\"img-responsive\">\r\n\t\t\t\t<\/a>\r\n\t\t\t\t<p style=\"text-align: center; margin-bottom: 0em; margin-top: 0.25em;\"><strong><a rel=\"nofollow\" href=\"https:\/\/www.stelvision.com\/astro\/boutique\/le-ciel-au-telescope\/?ref=bottom\">Le Ciel au t\u00e9lescope, le guide indispensable pour r\u00e9ussir vos observations<\/a><\/strong><\/p>\r\n\t\t\t<\/div>\n","protected":false},"excerpt":{"rendered":"<p>Une s\u00e9lection d&rsquo;objets c\u00e9lestes \u00e0 d\u00e9couvrir dans le fameux Triangle d&rsquo;\u00e9t\u00e9, en \u00e9t\u00e9 mais aussi en automne.<\/p>\n","protected":false},"author":5,"featured_media":1265,"comment_status":"closed","ping_status":"closed","sticky":false,"template":"","format":"standard","meta":{"_acf_changed":false,"footnotes":""},"categories":[235],"tags":[],"class_list":["post-1264","post","type-post","status-publish","format-standard","has-post-thumbnail","hentry","category-randonnees-celestes"],"acf":[],"yoast_head":"<!-- This site is optimized with the Yoast SEO plugin v27.1.1 - https:\/\/yoast.com\/product\/yoast-seo-wordpress\/ -->\n<title>Randonn\u00e9e c\u00e9leste dans le Triangle d\u2019\u00e9t\u00e9<\/title>\n<meta name=\"description\" content=\"Une s\u00e9lection d&#039;objets c\u00e9lestes \u00e0 d\u00e9couvrir dans le fameux Triangle d&#039;\u00e9t\u00e9 \u00e0 l&#039;\u0153il nu, aux jumelles et avec un petit t\u00e9lescope.\" \/>\n<meta name=\"robots\" content=\"index, follow, max-snippet:-1, max-image-preview:large, max-video-preview:-1\" \/>\n<link rel=\"canonical\" href=\"https:\/\/www.stelvision.com\/astro\/randonnee-celeste-dans-le-triangle-ete\/\" \/>\n<meta property=\"og:locale\" content=\"fr_FR\" \/>\n<meta property=\"og:type\" content=\"article\" \/>\n<meta property=\"og:title\" content=\"Randonn\u00e9e c\u00e9leste dans le Triangle d\u2019\u00e9t\u00e9\" \/>\n<meta property=\"og:description\" content=\"Une s\u00e9lection d&#039;objets c\u00e9lestes \u00e0 d\u00e9couvrir dans le fameux Triangle d&#039;\u00e9t\u00e9 \u00e0 l&#039;\u0153il nu, aux jumelles et avec un petit t\u00e9lescope.\" \/>\n<meta property=\"og:url\" content=\"https:\/\/www.stelvision.com\/astro\/randonnee-celeste-dans-le-triangle-ete\/\" \/>\n<meta property=\"og:site_name\" content=\"Stelvision\" \/>\n<meta property=\"article:publisher\" content=\"https:\/\/www.facebook.com\/people\/Stelvision\/100063368192331\/\" \/>\n<meta property=\"article:published_time\" content=\"2019-10-28T15:04:35+00:00\" \/>\n<meta property=\"article:modified_time\" content=\"2023-07-18T14:15:20+00:00\" \/>\n<meta property=\"og:image\" content=\"https:\/\/www.stelvision.com\/astro\/wp-content\/uploads\/2018\/06\/01_triangle.jpg\" \/>\n\t<meta property=\"og:image:width\" content=\"1000\" \/>\n\t<meta property=\"og:image:height\" content=\"1378\" \/>\n\t<meta property=\"og:image:type\" content=\"image\/jpeg\" \/>\n<meta name=\"author\" content=\"Carine Souplet\" \/>\n<meta name=\"twitter:card\" content=\"summary_large_image\" \/>\n<meta name=\"twitter:label1\" content=\"\u00c9crit par\" \/>\n\t<meta name=\"twitter:data1\" content=\"Carine Souplet\" \/>\n\t<meta name=\"twitter:label2\" content=\"Dur\u00e9e de lecture estim\u00e9e\" \/>\n\t<meta name=\"twitter:data2\" content=\"13 minutes\" \/>\n<script type=\"application\/ld+json\" class=\"yoast-schema-graph\">{\"@context\":\"https:\/\/schema.org\",\"@graph\":[{\"@type\":\"Article\",\"@id\":\"https:\/\/www.stelvision.com\/astro\/randonnee-celeste-dans-le-triangle-ete\/#article\",\"isPartOf\":{\"@id\":\"https:\/\/www.stelvision.com\/astro\/randonnee-celeste-dans-le-triangle-ete\/\"},\"author\":{\"name\":\"Carine Souplet\",\"@id\":\"https:\/\/www.stelvision.com\/astro\/#\/schema\/person\/493624a999745495b124a6f971a7271e\"},\"headline\":\"Randonn\u00e9e c\u00e9leste dans le Triangle d\u2019\u00e9t\u00e9\",\"datePublished\":\"2019-10-28T15:04:35+00:00\",\"dateModified\":\"2023-07-18T14:15:20+00:00\",\"mainEntityOfPage\":{\"@id\":\"https:\/\/www.stelvision.com\/astro\/randonnee-celeste-dans-le-triangle-ete\/\"},\"wordCount\":2242,\"publisher\":{\"@id\":\"https:\/\/www.stelvision.com\/astro\/#organization\"},\"image\":{\"@id\":\"https:\/\/www.stelvision.com\/astro\/randonnee-celeste-dans-le-triangle-ete\/#primaryimage\"},\"thumbnailUrl\":\"https:\/\/www.stelvision.com\/astro\/wp-content\/uploads\/2018\/06\/01_triangle.jpg\",\"articleSection\":[\"Randonn\u00e9es c\u00e9lestes\"],\"inLanguage\":\"fr-FR\"},{\"@type\":\"WebPage\",\"@id\":\"https:\/\/www.stelvision.com\/astro\/randonnee-celeste-dans-le-triangle-ete\/\",\"url\":\"https:\/\/www.stelvision.com\/astro\/randonnee-celeste-dans-le-triangle-ete\/\",\"name\":\"Randonn\u00e9e c\u00e9leste dans le Triangle d\u2019\u00e9t\u00e9\",\"isPartOf\":{\"@id\":\"https:\/\/www.stelvision.com\/astro\/#website\"},\"primaryImageOfPage\":{\"@id\":\"https:\/\/www.stelvision.com\/astro\/randonnee-celeste-dans-le-triangle-ete\/#primaryimage\"},\"image\":{\"@id\":\"https:\/\/www.stelvision.com\/astro\/randonnee-celeste-dans-le-triangle-ete\/#primaryimage\"},\"thumbnailUrl\":\"https:\/\/www.stelvision.com\/astro\/wp-content\/uploads\/2018\/06\/01_triangle.jpg\",\"datePublished\":\"2019-10-28T15:04:35+00:00\",\"dateModified\":\"2023-07-18T14:15:20+00:00\",\"description\":\"Une s\u00e9lection d'objets c\u00e9lestes \u00e0 d\u00e9couvrir dans le fameux Triangle d'\u00e9t\u00e9 \u00e0 l'\u0153il nu, aux jumelles et avec un petit t\u00e9lescope.\",\"breadcrumb\":{\"@id\":\"https:\/\/www.stelvision.com\/astro\/randonnee-celeste-dans-le-triangle-ete\/#breadcrumb\"},\"inLanguage\":\"fr-FR\",\"potentialAction\":[{\"@type\":\"ReadAction\",\"target\":[\"https:\/\/www.stelvision.com\/astro\/randonnee-celeste-dans-le-triangle-ete\/\"]}]},{\"@type\":\"ImageObject\",\"inLanguage\":\"fr-FR\",\"@id\":\"https:\/\/www.stelvision.com\/astro\/randonnee-celeste-dans-le-triangle-ete\/#primaryimage\",\"url\":\"https:\/\/www.stelvision.com\/astro\/wp-content\/uploads\/2018\/06\/01_triangle.jpg\",\"contentUrl\":\"https:\/\/www.stelvision.com\/astro\/wp-content\/uploads\/2018\/06\/01_triangle.jpg\",\"width\":1000,\"height\":1378},{\"@type\":\"BreadcrumbList\",\"@id\":\"https:\/\/www.stelvision.com\/astro\/randonnee-celeste-dans-le-triangle-ete\/#breadcrumb\",\"itemListElement\":[{\"@type\":\"ListItem\",\"position\":1,\"name\":\"Accueil\",\"item\":\"https:\/\/www.stelvision.com\/astro\/\"},{\"@type\":\"ListItem\",\"position\":2,\"name\":\"Randonn\u00e9e c\u00e9leste dans le Triangle d\u2019\u00e9t\u00e9\"}]},{\"@type\":\"WebSite\",\"@id\":\"https:\/\/www.stelvision.com\/astro\/#website\",\"url\":\"https:\/\/www.stelvision.com\/astro\/\",\"name\":\"Stelvision\",\"description\":\"conseils, livres et mat\u00e9riel d&#039;observation du ciel\",\"publisher\":{\"@id\":\"https:\/\/www.stelvision.com\/astro\/#organization\"},\"potentialAction\":[{\"@type\":\"SearchAction\",\"target\":{\"@type\":\"EntryPoint\",\"urlTemplate\":\"https:\/\/www.stelvision.com\/astro\/?s={search_term_string}\"},\"query-input\":{\"@type\":\"PropertyValueSpecification\",\"valueRequired\":true,\"valueName\":\"search_term_string\"}}],\"inLanguage\":\"fr-FR\"},{\"@type\":\"Organization\",\"@id\":\"https:\/\/www.stelvision.com\/astro\/#organization\",\"name\":\"Stelvision\",\"url\":\"https:\/\/www.stelvision.com\/astro\/\",\"logo\":{\"@type\":\"ImageObject\",\"inLanguage\":\"fr-FR\",\"@id\":\"https:\/\/www.stelvision.com\/astro\/#\/schema\/logo\/image\/\",\"url\":\"https:\/\/www.stelvision.com\/astro\/wp-content\/uploads\/2019\/03\/logo_lisse_bleu_Stelvision_600.png\",\"contentUrl\":\"https:\/\/www.stelvision.com\/astro\/wp-content\/uploads\/2019\/03\/logo_lisse_bleu_Stelvision_600.png\",\"width\":600,\"height\":277,\"caption\":\"Stelvision\"},\"image\":{\"@id\":\"https:\/\/www.stelvision.com\/astro\/#\/schema\/logo\/image\/\"},\"sameAs\":[\"https:\/\/www.facebook.com\/people\/Stelvision\/100063368192331\/\"]},{\"@type\":\"Person\",\"@id\":\"https:\/\/www.stelvision.com\/astro\/#\/schema\/person\/493624a999745495b124a6f971a7271e\",\"name\":\"Carine Souplet\",\"url\":\"https:\/\/www.stelvision.com\/astro\/author\/cs-stel2\/\"}]}<\/script>\n<!-- \/ Yoast SEO plugin. -->","yoast_head_json":{"title":"Randonn\u00e9e c\u00e9leste dans le Triangle d\u2019\u00e9t\u00e9","description":"Une s\u00e9lection d'objets c\u00e9lestes \u00e0 d\u00e9couvrir dans le fameux Triangle d'\u00e9t\u00e9 \u00e0 l'\u0153il nu, aux jumelles et avec un petit t\u00e9lescope.","robots":{"index":"index","follow":"follow","max-snippet":"max-snippet:-1","max-image-preview":"max-image-preview:large","max-video-preview":"max-video-preview:-1"},"canonical":"https:\/\/www.stelvision.com\/astro\/randonnee-celeste-dans-le-triangle-ete\/","og_locale":"fr_FR","og_type":"article","og_title":"Randonn\u00e9e c\u00e9leste dans le Triangle d\u2019\u00e9t\u00e9","og_description":"Une s\u00e9lection d'objets c\u00e9lestes \u00e0 d\u00e9couvrir dans le fameux Triangle d'\u00e9t\u00e9 \u00e0 l'\u0153il nu, aux jumelles et avec un petit t\u00e9lescope.","og_url":"https:\/\/www.stelvision.com\/astro\/randonnee-celeste-dans-le-triangle-ete\/","og_site_name":"Stelvision","article_publisher":"https:\/\/www.facebook.com\/people\/Stelvision\/100063368192331\/","article_published_time":"2019-10-28T15:04:35+00:00","article_modified_time":"2023-07-18T14:15:20+00:00","og_image":[{"width":1000,"height":1378,"url":"https:\/\/www.stelvision.com\/astro\/wp-content\/uploads\/2018\/06\/01_triangle.jpg","type":"image\/jpeg"}],"author":"Carine Souplet","twitter_card":"summary_large_image","twitter_misc":{"\u00c9crit par":"Carine Souplet","Dur\u00e9e de lecture estim\u00e9e":"13 minutes"},"schema":{"@context":"https:\/\/schema.org","@graph":[{"@type":"Article","@id":"https:\/\/www.stelvision.com\/astro\/randonnee-celeste-dans-le-triangle-ete\/#article","isPartOf":{"@id":"https:\/\/www.stelvision.com\/astro\/randonnee-celeste-dans-le-triangle-ete\/"},"author":{"name":"Carine Souplet","@id":"https:\/\/www.stelvision.com\/astro\/#\/schema\/person\/493624a999745495b124a6f971a7271e"},"headline":"Randonn\u00e9e c\u00e9leste dans le Triangle d\u2019\u00e9t\u00e9","datePublished":"2019-10-28T15:04:35+00:00","dateModified":"2023-07-18T14:15:20+00:00","mainEntityOfPage":{"@id":"https:\/\/www.stelvision.com\/astro\/randonnee-celeste-dans-le-triangle-ete\/"},"wordCount":2242,"publisher":{"@id":"https:\/\/www.stelvision.com\/astro\/#organization"},"image":{"@id":"https:\/\/www.stelvision.com\/astro\/randonnee-celeste-dans-le-triangle-ete\/#primaryimage"},"thumbnailUrl":"https:\/\/www.stelvision.com\/astro\/wp-content\/uploads\/2018\/06\/01_triangle.jpg","articleSection":["Randonn\u00e9es c\u00e9lestes"],"inLanguage":"fr-FR"},{"@type":"WebPage","@id":"https:\/\/www.stelvision.com\/astro\/randonnee-celeste-dans-le-triangle-ete\/","url":"https:\/\/www.stelvision.com\/astro\/randonnee-celeste-dans-le-triangle-ete\/","name":"Randonn\u00e9e c\u00e9leste dans le Triangle d\u2019\u00e9t\u00e9","isPartOf":{"@id":"https:\/\/www.stelvision.com\/astro\/#website"},"primaryImageOfPage":{"@id":"https:\/\/www.stelvision.com\/astro\/randonnee-celeste-dans-le-triangle-ete\/#primaryimage"},"image":{"@id":"https:\/\/www.stelvision.com\/astro\/randonnee-celeste-dans-le-triangle-ete\/#primaryimage"},"thumbnailUrl":"https:\/\/www.stelvision.com\/astro\/wp-content\/uploads\/2018\/06\/01_triangle.jpg","datePublished":"2019-10-28T15:04:35+00:00","dateModified":"2023-07-18T14:15:20+00:00","description":"Une s\u00e9lection d'objets c\u00e9lestes \u00e0 d\u00e9couvrir dans le fameux Triangle d'\u00e9t\u00e9 \u00e0 l'\u0153il nu, aux jumelles et avec un petit t\u00e9lescope.","breadcrumb":{"@id":"https:\/\/www.stelvision.com\/astro\/randonnee-celeste-dans-le-triangle-ete\/#breadcrumb"},"inLanguage":"fr-FR","potentialAction":[{"@type":"ReadAction","target":["https:\/\/www.stelvision.com\/astro\/randonnee-celeste-dans-le-triangle-ete\/"]}]},{"@type":"ImageObject","inLanguage":"fr-FR","@id":"https:\/\/www.stelvision.com\/astro\/randonnee-celeste-dans-le-triangle-ete\/#primaryimage","url":"https:\/\/www.stelvision.com\/astro\/wp-content\/uploads\/2018\/06\/01_triangle.jpg","contentUrl":"https:\/\/www.stelvision.com\/astro\/wp-content\/uploads\/2018\/06\/01_triangle.jpg","width":1000,"height":1378},{"@type":"BreadcrumbList","@id":"https:\/\/www.stelvision.com\/astro\/randonnee-celeste-dans-le-triangle-ete\/#breadcrumb","itemListElement":[{"@type":"ListItem","position":1,"name":"Accueil","item":"https:\/\/www.stelvision.com\/astro\/"},{"@type":"ListItem","position":2,"name":"Randonn\u00e9e c\u00e9leste dans le Triangle d\u2019\u00e9t\u00e9"}]},{"@type":"WebSite","@id":"https:\/\/www.stelvision.com\/astro\/#website","url":"https:\/\/www.stelvision.com\/astro\/","name":"Stelvision","description":"conseils, livres et mat\u00e9riel d&#039;observation du ciel","publisher":{"@id":"https:\/\/www.stelvision.com\/astro\/#organization"},"potentialAction":[{"@type":"SearchAction","target":{"@type":"EntryPoint","urlTemplate":"https:\/\/www.stelvision.com\/astro\/?s={search_term_string}"},"query-input":{"@type":"PropertyValueSpecification","valueRequired":true,"valueName":"search_term_string"}}],"inLanguage":"fr-FR"},{"@type":"Organization","@id":"https:\/\/www.stelvision.com\/astro\/#organization","name":"Stelvision","url":"https:\/\/www.stelvision.com\/astro\/","logo":{"@type":"ImageObject","inLanguage":"fr-FR","@id":"https:\/\/www.stelvision.com\/astro\/#\/schema\/logo\/image\/","url":"https:\/\/www.stelvision.com\/astro\/wp-content\/uploads\/2019\/03\/logo_lisse_bleu_Stelvision_600.png","contentUrl":"https:\/\/www.stelvision.com\/astro\/wp-content\/uploads\/2019\/03\/logo_lisse_bleu_Stelvision_600.png","width":600,"height":277,"caption":"Stelvision"},"image":{"@id":"https:\/\/www.stelvision.com\/astro\/#\/schema\/logo\/image\/"},"sameAs":["https:\/\/www.facebook.com\/people\/Stelvision\/100063368192331\/"]},{"@type":"Person","@id":"https:\/\/www.stelvision.com\/astro\/#\/schema\/person\/493624a999745495b124a6f971a7271e","name":"Carine Souplet","url":"https:\/\/www.stelvision.com\/astro\/author\/cs-stel2\/"}]}},"_links":{"self":[{"href":"https:\/\/www.stelvision.com\/astro\/wp-json\/wp\/v2\/posts\/1264","targetHints":{"allow":["GET"]}}],"collection":[{"href":"https:\/\/www.stelvision.com\/astro\/wp-json\/wp\/v2\/posts"}],"about":[{"href":"https:\/\/www.stelvision.com\/astro\/wp-json\/wp\/v2\/types\/post"}],"author":[{"embeddable":true,"href":"https:\/\/www.stelvision.com\/astro\/wp-json\/wp\/v2\/users\/5"}],"replies":[{"embeddable":true,"href":"https:\/\/www.stelvision.com\/astro\/wp-json\/wp\/v2\/comments?post=1264"}],"version-history":[{"count":32,"href":"https:\/\/www.stelvision.com\/astro\/wp-json\/wp\/v2\/posts\/1264\/revisions"}],"predecessor-version":[{"id":55804,"href":"https:\/\/www.stelvision.com\/astro\/wp-json\/wp\/v2\/posts\/1264\/revisions\/55804"}],"wp:featuredmedia":[{"embeddable":true,"href":"https:\/\/www.stelvision.com\/astro\/wp-json\/wp\/v2\/media\/1265"}],"wp:attachment":[{"href":"https:\/\/www.stelvision.com\/astro\/wp-json\/wp\/v2\/media?parent=1264"}],"wp:term":[{"taxonomy":"category","embeddable":true,"href":"https:\/\/www.stelvision.com\/astro\/wp-json\/wp\/v2\/categories?post=1264"},{"taxonomy":"post_tag","embeddable":true,"href":"https:\/\/www.stelvision.com\/astro\/wp-json\/wp\/v2\/tags?post=1264"}],"curies":[{"name":"wp","href":"https:\/\/api.w.org\/{rel}","templated":true}]}}