{"id":2067,"date":"2018-09-06T19:04:52","date_gmt":"2018-09-06T17:04:52","guid":{"rendered":"https:\/\/www.stelvision.com\/astro\/?p=2067"},"modified":"2023-10-20T14:38:59","modified_gmt":"2023-10-20T12:38:59","slug":"percer-les-secrets-de-la-matiere-et-de-lenergie-noires","status":"publish","type":"post","link":"https:\/\/www.stelvision.com\/astro\/percer-les-secrets-de-la-matiere-et-de-lenergie-noires\/","title":{"rendered":"Percer les secrets de la mati\u00e8re et de l&rsquo;\u00e9nergie noires"},"content":{"rendered":"\n<p class=\"chapo\">Une mati\u00e8re invisible, au moins cinq fois plus abondante que la mati\u00e8re ordinaire dans l&rsquo;Univers&#8230; &nbsp;Une \u00e9nergie qui compose 70 % de la densit\u00e9 d&rsquo;\u00e9nergie l&rsquo;Univers mais de nature inconnue&#8230; Bien&nbsp;que&nbsp;plusieurs indices penchent en&nbsp;faveur de&nbsp;leur existence, quand elles sont noires, la mati\u00e8re et l&rsquo;\u00e9nergie demeurent un vrai myst\u00e8re. Voici&nbsp;quelques points d&rsquo;\u00e9claircissement.<\/p>\n\n\n<div id=\"attachment_2198\" style=\"width: 830px\" class=\"wp-caption aligncenter\"><img decoding=\"async\" aria-describedby=\"caption-attachment-2198\" class=\"wp-image-2198\" src=\"https:\/\/www.stelvision.com\/astro\/wp-content\/uploads\/2018\/09\/vue_artiste_formation_amas_galaxies_credit_ESOM_Kornmesser-1024x653.jpg\" alt=\"Vue d'artiste de la formation d'un amas de galaxies.\" width=\"820\" height=\"523\" srcset=\"https:\/\/www.stelvision.com\/astro\/wp-content\/uploads\/2018\/09\/vue_artiste_formation_amas_galaxies_credit_ESOM_Kornmesser-1024x653.jpg 574w, https:\/\/www.stelvision.com\/astro\/wp-content\/uploads\/2018\/09\/vue_artiste_formation_amas_galaxies_credit_ESOM_Kornmesser-1024x653-300x192.jpg 300w, https:\/\/www.stelvision.com\/astro\/wp-content\/uploads\/2018\/09\/vue_artiste_formation_amas_galaxies_credit_ESOM_Kornmesser-1024x653-570x364.jpg 570w, https:\/\/www.stelvision.com\/astro\/wp-content\/uploads\/2018\/09\/vue_artiste_formation_amas_galaxies_credit_ESOM_Kornmesser-1024x653-368x235.jpg 368w, https:\/\/www.stelvision.com\/astro\/wp-content\/uploads\/2018\/09\/vue_artiste_formation_amas_galaxies_credit_ESOM_Kornmesser-1024x653-270x173.jpg 270w\" sizes=\"(max-width: 820px) 100vw, 820px\" \/><p id=\"caption-attachment-2198\" class=\"wp-caption-text\">Vue d&rsquo;artiste de la formation d&rsquo;un amas galactique au sein de l&rsquo;Univers jeune. <br \/>Cr\u00e9dit : ESO\/M. Kornmesser<\/p><\/div>\n<h2>La mati\u00e8re noire, cette \u00e9trange substance<\/h2>\n<p>La mati\u00e8re noire (ou mati\u00e8re sombre) concept imagin\u00e9 pour\u00a0s&rsquo;accorder avec certaines observations\u00a0astrophysiques\u00a0qui ne s&rsquo;expliquent pas avec la th\u00e9orie de la relativit\u00e9 g\u00e9n\u00e9rale, intrigue. La pr\u00e9sence de cette substance non-lumineuse permettrait notamment d&rsquo;appuyer les hypoth\u00e8ses sur l&rsquo;origine et la masse des galaxies, amas de galaxies et superamas, ainsi que les fluctuations du fonds diffus cosmologique, ce rayonnement fossile\u00a0\u00e9mis environ 380\u00a0000\u00a0ans apr\u00e8s le <a href=\"https:\/\/www.stelvision.com\/astro\/la-theorie-du-big-bang\/\">Big Bang<\/a>.<\/p>\n<p>Mais la mati\u00e8re sombre, de nature toujours inconnue depuis son introduction dans la communaut\u00e9 scientifique dans les ann\u00e9es 1970, soul\u00e8ve presque autant de myst\u00e8res qu&rsquo;elle n&rsquo;en \u00e9lucide. De quoi est-elle constitu\u00e9e? Peut-on la voir? Comment se comporte-t-elle?&#8230;\u00a0Beaucoup de questions, une seule certitude, plusieurs indices penchent en faveur de son existence.<\/p>\n<h2>Les indices en faveur de la mati\u00e8re sombre<\/h2>\n<p>Dans les mod\u00e8les cosmologiques actuels, la mati\u00e8re existerait sous deux formes. D&rsquo;abord la mati\u00e8re dite ordinaire, lumineuse ou baryonique, compos\u00e9e des particules \u00e9l\u00e9mentaires proton, neutron et \u00e9lectron. Et la mati\u00e8re noire non-baryonique, qui n&rsquo;interagit avec le reste des composants de l&rsquo;Univers qu&rsquo;\u00e0 travers la force de gravitation. En effet, les scientifiques ont pr\u00e9sum\u00e9 l&rsquo;existence de la mati\u00e8re sombre \u00e0 partir des effets gravitationnels que celle-ci semble avoir sur la mati\u00e8re ordinaire voisine.<\/p>\n<p>Tout d&rsquo;abord, on observe que les galaxies tournent si vite sur elles-m\u00eames que la gravit\u00e9 produite par les \u00e9toiles et autres objets c\u00e9lestes qu&rsquo;elles contiennent n&rsquo;est en th\u00e9orie pas suffisante pour les faire se tenir d&rsquo;un seul bloc. En effet, les \u00e9toiles situ\u00e9es \u00e0 la p\u00e9rih\u00e9rie des galaxies se d\u00e9placent aussi vite que celles proches du centre. Une vitesse si \u00e9nrome donc, qu&rsquo;en raison de la force centrifuge, les \u00e9toiles de la p\u00e9riph\u00e9rie auraient d\u00e9j\u00e0 d\u00fb \u00eatre \u00e9ject\u00e9es, et donc les galaxies se \u00ab\u00a0disloquer\u00a0\u00bb.<\/p>\n<div id=\"attachment_2202\" style=\"width: 420px\" class=\"wp-caption aligncenter\"><img decoding=\"async\" aria-describedby=\"caption-attachment-2202\" class=\"size-full wp-image-2202\" src=\"https:\/\/www.stelvision.com\/astro\/wp-content\/uploads\/2018\/09\/galaxie_M31_Sebastien_Goze_concours_photo_24_Stelvision_jpg.jpg\" alt=\"Galaxie M31 vue par l'astrophotographe S\u00e9bastien Goz\u00e9.\" width=\"410\" height=\"273\" srcset=\"https:\/\/www.stelvision.com\/astro\/wp-content\/uploads\/2018\/09\/galaxie_M31_Sebastien_Goze_concours_photo_24_Stelvision_jpg.jpg 410w, https:\/\/www.stelvision.com\/astro\/wp-content\/uploads\/2018\/09\/galaxie_M31_Sebastien_Goze_concours_photo_24_Stelvision_jpg-300x200.jpg 300w, https:\/\/www.stelvision.com\/astro\/wp-content\/uploads\/2018\/09\/galaxie_M31_Sebastien_Goze_concours_photo_24_Stelvision_jpg-368x245.jpg 368w, https:\/\/www.stelvision.com\/astro\/wp-content\/uploads\/2018\/09\/galaxie_M31_Sebastien_Goze_concours_photo_24_Stelvision_jpg-270x180.jpg 270w\" sizes=\"(max-width: 410px) 100vw, 410px\" \/><p id=\"caption-attachment-2202\" class=\"wp-caption-text\">La mati\u00e8re noire permet d&rsquo;expliquer que les galaxies ne se disloquent pas. <small>Cr\u00e9dit : S\u00e9bastien Goz\u00e9, concours photo Stelvision<\/small><\/p><\/div>\n<p>De plus, la plupart des galaxies sont regroup\u00e9es en amas &#8211; pouvant chacun en contenir des milliers &#8211; auxquels elles sont li\u00e9es gravitationnellement : l&rsquo;ensemble de l&rsquo;amas attire et retient chacune des galaxies. Mais m\u00eame probl\u00e8me, les galaxies se d\u00e9placent si vite au sein d&rsquo;un amas qu&rsquo;elles auraient d\u00e9j\u00e0 d\u00fb s&rsquo;\u00e9loigner les unes des autres. En outre, peu importe la m\u00e9thode de calcul utilis\u00e9e, la masse d&rsquo;un amas de galaxies appara\u00eet toujours sup\u00e9rieure \u00e0 la somme des masses des galaxies et du gaz qu&rsquo;il contient.<\/p>\n<div id=\"attachment_2084\" style=\"width: 995px\" class=\"wp-caption aligncenter\"><img decoding=\"async\" aria-describedby=\"caption-attachment-2084\" class=\"size-full wp-image-2084\" src=\"https:\/\/www.stelvision.com\/astro\/wp-content\/uploads\/2018\/08\/interieur_cluster_Abell1689_credit_NASAESAJPL-CaltechYaleCNRS.jpg\" alt=\"Zone centrale de l'amas de galaxies Abell 1689. Des centaines de galaxies apparaissent en couleur jaune sur fonds noir avec au centre de l'image un halo violet.\" width=\"985\" height=\"998\" srcset=\"https:\/\/www.stelvision.com\/astro\/wp-content\/uploads\/2018\/08\/interieur_cluster_Abell1689_credit_NASAESAJPL-CaltechYaleCNRS.jpg 985w, https:\/\/www.stelvision.com\/astro\/wp-content\/uploads\/2018\/08\/interieur_cluster_Abell1689_credit_NASAESAJPL-CaltechYaleCNRS-296x300.jpg 296w, https:\/\/www.stelvision.com\/astro\/wp-content\/uploads\/2018\/08\/interieur_cluster_Abell1689_credit_NASAESAJPL-CaltechYaleCNRS-768x778.jpg 768w, https:\/\/www.stelvision.com\/astro\/wp-content\/uploads\/2018\/08\/interieur_cluster_Abell1689_credit_NASAESAJPL-CaltechYaleCNRS-750x760.jpg 750w, https:\/\/www.stelvision.com\/astro\/wp-content\/uploads\/2018\/08\/interieur_cluster_Abell1689_credit_NASAESAJPL-CaltechYaleCNRS-570x578.jpg 570w, https:\/\/www.stelvision.com\/astro\/wp-content\/uploads\/2018\/08\/interieur_cluster_Abell1689_credit_NASAESAJPL-CaltechYaleCNRS-368x373.jpg 368w, https:\/\/www.stelvision.com\/astro\/wp-content\/uploads\/2018\/08\/interieur_cluster_Abell1689_credit_NASAESAJPL-CaltechYaleCNRS-270x274.jpg 270w, https:\/\/www.stelvision.com\/astro\/wp-content\/uploads\/2018\/08\/interieur_cluster_Abell1689_credit_NASAESAJPL-CaltechYaleCNRS-62x62.jpg 62w, https:\/\/www.stelvision.com\/astro\/wp-content\/uploads\/2018\/08\/interieur_cluster_Abell1689_credit_NASAESAJPL-CaltechYaleCNRS-100x100.jpg 100w\" sizes=\"(max-width: 985px) 100vw, 985px\" \/><p id=\"caption-attachment-2084\" class=\"wp-caption-text\">Zone centrale de l&rsquo;amas de galaxies Abell 1689. <small>Cr\u00e9dits : NASA\/ESA\/JPL-Caltech\/Yale\/CNRS<\/small><\/p><\/div>\n<p>Par cons\u00e9quent, les amas de galaxies contiendraient une grande quantit\u00e9 de masse sous une autre forme : la mati\u00e8re noire. Cet \u00e9l\u00e9ment invisible, que nous n\u2019avons pas encore d\u00e9tect\u00e9 directement, produirait le surplus de gravit\u00e9 n\u00e9cessaire pour maintenir ensemble galaxies et amas de galaxies.<\/p>\n<h2><strong>R\u00e9partition et composition de la mati\u00e8re noire<\/strong><\/h2>\n<p>La mati\u00e8re noire n\u2019est pas sensible \u00e0 la force \u00e9lectromagn\u00e9tique. Elle ne peut donc absorber, refl\u00e9ter, ni \u00e9mettre de lumi\u00e8re. Elle est ainsi un v\u00e9ritable casse-t\u00eate \u00e0 d\u00e9tecter et \u00e0 quantifier.<\/p>\n<p>Les agences spatiales ont toutefois pu estimer la proportion de mati\u00e8re sombre dans l&rsquo;Univers. Il serait constitu\u00e9 de 24 % \u00e0 27 % de mati\u00e8re noire et entre 4 % et 5 % de mati\u00e8re ordinaire, seulement ! Ainsi, la majorit\u00e9 de la masse des galaxies et des amas de galaxies se trouverait sous forme invisible, pr\u00e8s de 90 % dans le cas des amas avec jusqu&rsquo;\u00e0 30 fois plus de mati\u00e8re noire que de mati\u00e8re ordinaire.<\/p>\n<p>En outre, les vitesses de rotation des \u00e9toiles et des galaxies dans les amas ont permis de d\u00e9duire la r\u00e9partition de la mati\u00e8re sombre dans l&rsquo;Univers. Une grande quantit\u00e9 se trouve dans les galaxies, pas dans le disque galactique mais sous forme d&rsquo;un halo englobant chaque galaxie. Ces\u00a0halos seraient tr\u00e8s \u00e9tendus, bien au-del\u00e0 des \u00e9toiles les plus \u00e9loign\u00e9es du centre des galaxies. Si bien qu&rsquo;en fonction de la distance s\u00e9parant deux galaxies, leurs halos de mati\u00e8re noire pourraient n&rsquo;en former qu&rsquo;un seul.<\/p>\n<h2>Quelle nature pour la mati\u00e8re noire?<\/h2>\n<p>Il existe deux hypoth\u00e8ses sur la nature de la mati\u00e8re noire. Elle pourrait \u00eatre chaude, si les particules qui la composent se d\u00e9placent \u00e0 grandes vitesses &#8211; proches de la vitesse de la lumi\u00e8re &#8211; ou froide, dans le cas de particules plus massives et plus lentes. La Hot Dark Matter (HDM) pourrait \u00eatre constitu\u00e9e de neutrinos, des particules \u00e9l\u00e9mentaires \u00e9lectriquement neutres et de tr\u00e8s faible masse, et d&rsquo;autres particules exotiques. La Cold Dark Matter (CDM) pourrait quant \u00e0 elle contenir des <span class=\"lang-en\" lang=\"en\">Weakly interacting massive particles (Wimps), particules massives\u00a0<\/span><span class=\"lang-en\" lang=\"en\">qui\u00a0interagiraient faiblement avec la mati\u00e8re ordinaire; ainsi que des Massive compact halo objects (Machos), des objets denses pouvant errer dans le halo des galaxies.<\/span><\/p>\n<div id=\"attachment_2194\" style=\"width: 640px\" class=\"wp-caption aligncenter\"><img decoding=\"async\" aria-describedby=\"caption-attachment-2194\" class=\"size-full wp-image-2194\" src=\"https:\/\/www.stelvision.com\/astro\/wp-content\/uploads\/2018\/09\/galaxie_aiguille.jpg\" alt=\"Galaxie spirale de l'aiguille, vue par la tranche de son disque fin.\" width=\"630\" height=\"355\" srcset=\"https:\/\/www.stelvision.com\/astro\/wp-content\/uploads\/2018\/09\/galaxie_aiguille.jpg 630w, https:\/\/www.stelvision.com\/astro\/wp-content\/uploads\/2018\/09\/galaxie_aiguille-300x169.jpg 300w, https:\/\/www.stelvision.com\/astro\/wp-content\/uploads\/2018\/09\/galaxie_aiguille-570x321.jpg 570w, https:\/\/www.stelvision.com\/astro\/wp-content\/uploads\/2018\/09\/galaxie_aiguille-368x207.jpg 368w, https:\/\/www.stelvision.com\/astro\/wp-content\/uploads\/2018\/09\/galaxie_aiguille-270x152.jpg 270w\" sizes=\"(max-width: 630px) 100vw, 630px\" \/><p id=\"caption-attachment-2194\" class=\"wp-caption-text\">Galaxie de l&rsquo;aiguille. <small>Cr\u00e9dit : Aur\u00e9lien Lepanot, concours photo Stelvision<\/small><\/p><\/div>\n<p>Dans la th\u00e9orie de la mati\u00e8re noire chaude, la tr\u00e8s grande vitesse des particules emp\u00eache la formation de petites structures, typiquement plus petites qu&rsquo;un superamas de galaxies. Ainsi, dans l&rsquo;histoire de l&rsquo;Univers, les superamas de galaxies se seraient form\u00e9s en premier, se fragmentant ensuite en amas de galaxies, puis en galaxies et ainsi de suite.<\/p>\n<p>\u00c0 l&rsquo;inverse, dans le mod\u00e8le CDM, la mati\u00e8re ordinaire se serait regroup\u00e9e pour d&rsquo;abord former de petites galaxies (\u00e0 partir de nuages de gaz), qui se seraient ensuite progressivement agglutin\u00e9es pour constituer des galaxies plus grosses, des amas puis des superamas.\u00a0C&rsquo;est aujourd&rsquo;hui le mod\u00e8le de mati\u00e8re noire froide qui remporte le plus de suffrages.<\/p>\n<p>En effet, les particules qui composent la mati\u00e8re noire doivent \u00eatre assez massives pour justifier les effets observ\u00e9s qu\u2019on lui impute. De plus,\u00a0beaucoup d&rsquo;amas de galaxies observ\u00e9s ne sont pas en \u00e9quilibre dynamique stable. Les galaxies, elles, le sont. Ceci laisse donc penser que les galaxies se sont form\u00e9es en premier, ont eu le temps d&rsquo;atteindre l&rsquo;\u00e9quilibre dynamique, tandis que dans les amas apparus ensuite, ce processus est toujours \u00e0 l&rsquo;oeuvre.<\/p>\n<p>Malgr\u00e9 une incertitude majeure quant \u00e0 la nature de la mati\u00e8re noire, les astrophysiciens ont tout de m\u00eame r\u00e9ussi \u00e0 d\u00e9terminer sa r\u00e9partition dans l&rsquo;espace. En 2007, gr\u00e2ce au programme d&rsquo;observation Cosmological evolution survey (Cosmos), une \u00e9quipe internationale de 70 scientifiques a en effet pr\u00e9sent\u00e9 la toute premi\u00e8re carte de la r\u00e9partition de la mati\u00e8re visible et de la mati\u00e8re invisible.<\/p>\n<div id=\"attachment_2111\" style=\"width: 660px\" class=\"wp-caption aligncenter\"><img decoding=\"async\" aria-describedby=\"caption-attachment-2111\" class=\"wp-image-2111 size-full\" src=\"https:\/\/www.stelvision.com\/astro\/wp-content\/uploads\/2018\/08\/matiere_visibleVSinvisible_credit_R_Massey_Nasa.jpg\" alt=\"Deux images en couleur bleu \u00e0 droite (mati\u00e8re noire) et en couleur rouge \u00e0 gauche (mati\u00e8re ordinaire) sur une m\u00eame r\u00e9gion de l'Univers.\" width=\"650\" height=\"314\" srcset=\"https:\/\/www.stelvision.com\/astro\/wp-content\/uploads\/2018\/08\/matiere_visibleVSinvisible_credit_R_Massey_Nasa.jpg 650w, https:\/\/www.stelvision.com\/astro\/wp-content\/uploads\/2018\/08\/matiere_visibleVSinvisible_credit_R_Massey_Nasa-300x145.jpg 300w, https:\/\/www.stelvision.com\/astro\/wp-content\/uploads\/2018\/08\/matiere_visibleVSinvisible_credit_R_Massey_Nasa-570x275.jpg 570w, https:\/\/www.stelvision.com\/astro\/wp-content\/uploads\/2018\/08\/matiere_visibleVSinvisible_credit_R_Massey_Nasa-368x178.jpg 368w, https:\/\/www.stelvision.com\/astro\/wp-content\/uploads\/2018\/08\/matiere_visibleVSinvisible_credit_R_Massey_Nasa-270x130.jpg 270w\" sizes=\"(max-width: 650px) 100vw, 650px\" \/><p id=\"caption-attachment-2111\" class=\"wp-caption-text\">Mati\u00e8re noire (en bleu \u00e0 gauche) et mati\u00e8re visible (en rouge \u00e0 droite) d&rsquo;une m\u00eame r\u00e9gion de l&rsquo;Univers. <small>Cr\u00e9dit : Nasa\/R. Massey<\/small><\/p><\/div>\n<p>Comme on peut le voir sur les images ci-dessus, les zones riches en mati\u00e8re noire (\u00e0 gauche) et en mati\u00e8re visible (\u00e0 droite) se superposent grossi\u00e8rement. L&rsquo;\u00e9tude Cosmos de dizaines de milliers de galaxies a ainsi fourni une des meilleures preuves que la mati\u00e8re ordinaire compos\u00e9e de galaxies et gaz, s&rsquo;accumule dans les r\u00e9gions les plus denses en mati\u00e8re noire.<\/p>\n<h2>Et l&rsquo;\u00e9nergie noire dans tout \u00e7a?<\/h2>\n<p>L\u2019\u00e9nergie noire (ou \u00e9nergie sombre) constituerait environ 70 % de la densit\u00e9 d&rsquo;\u00e9nergie de l\u2019Univers et semble \u00eatre associ\u00e9e au vide de l\u2019espace. Cette forme d&rsquo;\u00e9nergie de nature inconnue, \u00e0 la pression n\u00e9gative et emplissant uniform\u00e9ment tout l&rsquo;Univers &#8211; contrairement \u00e0 la mati\u00e8re noire &#8211; serait l&rsquo;\u00e9quivalent d&rsquo;une force gravitationnelle r\u00e9pulsive. L&rsquo;\u00e9nergie noire poss\u00e9derait ainsi un effet global sur l&rsquo;Univers, qui tendrait \u00e0 acc\u00e9l\u00e9rer son expansion.<\/p>\n<p>En effet, on sait depuis le d\u00e9but du XXe si\u00e8cle, notamment gr\u00e2ce aux observations de l&rsquo;astronome am\u00e9ricain Edwin Hubble, que l&rsquo;Univers est en expansion. C&rsquo;est-\u00e0-dire que les galaxies s&rsquo;\u00e9loignent les unes des autres, comme \u00e9nonc\u00e9 par la \u00ab\u00a0loi de Hubble\u00a0\u00bb, \u00e0 une vitesse\u00a0approximativement proportionnelle \u00e0 leur distance. Plus une galaxie se trouve loin de la Terre, plus elle semble s&rsquo;\u00e9loigner rapidement. Ce ph\u00e9nom\u00e8ne v\u00e9rifie la th\u00e9orie de la relativit\u00e9 g\u00e9n\u00e9rale d&rsquo;Einstein.<\/p>\n<p>Or en 1998, deux \u00e9quipes de chercheurs d\u00e9couvrent que non seulement l&rsquo;Univers serait en expansion, mais en expansion acc\u00e9l\u00e9r\u00e9e ! Malheureusement, cette acc\u00e9l\u00e9ration ne colle pas avec la relativit\u00e9 g\u00e9n\u00e9rale. Elle ne peut s&rsquo;expliquer qu&rsquo;en introduisant une forme hypoth\u00e9tique et inhabituelle d&rsquo;\u00e9nergie : l&rsquo;\u00e9nergie noire.<\/p>\n<div id=\"attachment_2100\" style=\"width: 723px\" class=\"wp-caption aligncenter\"><img decoding=\"async\" aria-describedby=\"caption-attachment-2100\" class=\"wp-image-2100 size-full\" src=\"https:\/\/www.stelvision.com\/astro\/wp-content\/uploads\/2018\/08\/charts_atoms_dark_matter_energy_-credit_NASAWMAP-Science-_team.png\" alt=\"Camembert repr\u00e9sentant (pour la Nasa) les proportions d'\u00e9nergie noire (71,4%), de mati\u00e8re noire (24%) et d'atomes (4,6%) dans l'Univers.\" width=\"713\" height=\"444\" srcset=\"https:\/\/www.stelvision.com\/astro\/wp-content\/uploads\/2018\/08\/charts_atoms_dark_matter_energy_-credit_NASAWMAP-Science-_team.png 713w, https:\/\/www.stelvision.com\/astro\/wp-content\/uploads\/2018\/08\/charts_atoms_dark_matter_energy_-credit_NASAWMAP-Science-_team-300x187.png 300w, https:\/\/www.stelvision.com\/astro\/wp-content\/uploads\/2018\/08\/charts_atoms_dark_matter_energy_-credit_NASAWMAP-Science-_team-570x355.png 570w, https:\/\/www.stelvision.com\/astro\/wp-content\/uploads\/2018\/08\/charts_atoms_dark_matter_energy_-credit_NASAWMAP-Science-_team-368x229.png 368w, https:\/\/www.stelvision.com\/astro\/wp-content\/uploads\/2018\/08\/charts_atoms_dark_matter_energy_-credit_NASAWMAP-Science-_team-270x168.png 270w\" sizes=\"(max-width: 713px) 100vw, 713px\" \/><p id=\"caption-attachment-2100\" class=\"wp-caption-text\">R\u00e9partition de la densit\u00e9 d&rsquo;\u00e9nergie de l&rsquo;Univers pour la Nasa : 71,4 % d&rsquo;\u00e9nergie noire, 24 % de mati\u00e8re noire et 4,6 % d&rsquo;atomes. <small>Cr\u00e9dit : NASA\/WMAP Science Team<\/small><\/p><\/div>\n<p>\u00a0<\/p>\n<div id=\"attachment_2098\" style=\"width: 351px\" class=\"wp-caption aligncenter\"><img decoding=\"async\" aria-describedby=\"caption-attachment-2098\" class=\"wp-image-2098 size-full\" src=\"https:\/\/www.stelvision.com\/astro\/wp-content\/uploads\/2018\/08\/densite_energie_Univers_Planck_satellite_Esa.png\" alt=\"Camembert repr\u00e9sentant les proportions (pour l'Esa) d'\u00e9nergie noire (68,3%), de mati\u00e8re noire (26,8%) et d'atomes (4,9%) dans l'Univers.\" width=\"341\" height=\"341\" srcset=\"https:\/\/www.stelvision.com\/astro\/wp-content\/uploads\/2018\/08\/densite_energie_Univers_Planck_satellite_Esa.png 341w, https:\/\/www.stelvision.com\/astro\/wp-content\/uploads\/2018\/08\/densite_energie_Univers_Planck_satellite_Esa-150x150.png 150w, https:\/\/www.stelvision.com\/astro\/wp-content\/uploads\/2018\/08\/densite_energie_Univers_Planck_satellite_Esa-300x300.png 300w, https:\/\/www.stelvision.com\/astro\/wp-content\/uploads\/2018\/08\/densite_energie_Univers_Planck_satellite_Esa-270x270.png 270w, https:\/\/www.stelvision.com\/astro\/wp-content\/uploads\/2018\/08\/densite_energie_Univers_Planck_satellite_Esa-62x62.png 62w, https:\/\/www.stelvision.com\/astro\/wp-content\/uploads\/2018\/08\/densite_energie_Univers_Planck_satellite_Esa-100x100.png 100w\" sizes=\"(max-width: 341px) 100vw, 341px\" \/><p id=\"caption-attachment-2098\" class=\"wp-caption-text\">R\u00e9partition de la densit\u00e9 d&rsquo;\u00e9nergie de l&rsquo;Univers par le satellite europ\u00e9en Planck : 68,3 % d&rsquo;\u00e9nergie noire, 26,8 % de mati\u00e8re noire et 4,9 % d&rsquo;atomes (mati\u00e8re ordinaire). <small>Cr\u00e9dit : Esa<\/small><\/p><\/div>\n<h2>Et si la mati\u00e8re et l&rsquo;\u00e9nergie noires n&rsquo;existaient pas?<\/h2>\n<p>Une mati\u00e8re\u00a0sensible \u00e0 la gravitation,\u00a0insensible \u00e0 l\u2019interaction \u00e9lectromagn\u00e9tique et compos\u00e9e de particules suffisamment massives pour interagir avec la mati\u00e8re ordinaire mais toujours inconnues&#8230; Une \u00e9nergie qui repr\u00e9sente la majorit\u00e9 de la densit\u00e9 d&rsquo;\u00e9nergie de l&rsquo;Univers mais dont on ne sait rien&#8230; Pas \u00e9tonnant que le doute s&rsquo;installe quant \u00e0 l&rsquo;existence de la mati\u00e8re et de l&rsquo;\u00e9nergie sombres.<\/p>\n<p>Tout d&rsquo;abord, des r\u00e9sultats publi\u00e9s en novembre 2017 par le laboratoire de physique des particules du Gran Sasso (Italie) et une \u00e9quipe chinoise, semblent largement compromettre le mod\u00e8le des Wimps, et donc la th\u00e9orie de la mati\u00e8re noire froide, qui fait aujourd&rsquo;hui consensus au sein de la communaut\u00e9 scientifique.<\/p>\n<p>En outre, d\u00e9j\u00e0 en 1983, le physicien isra\u00e9lien Mordecai Milgrom proposait une th\u00e9orie selon laquelle la mati\u00e8re noire n&rsquo;existe pas, car l&rsquo;hypoth\u00e8se de son existence serait due \u00e0 une m\u00e9connaissance partielle des lois de la gravit\u00e9. Baptis\u00e9e M<span class=\"citation\">odified newtonian dynamics\u00a0<\/span>(Mond), la th\u00e9orie stipule que les mouvements d&rsquo;un corps dans l&rsquo;Univers ne d\u00e9pendent pas seulement de la masse de ce corps, mais \u00e9galement de l&rsquo;attraction gravitationnelle de toutes les autres masses du cosmos ! Une petite acc\u00e9l\u00e9ration suppl\u00e9mentaire appel\u00e9e \u00ab\u00a0effet de champ externe\u00a0\u00bb (EFE).<\/p>\n<div id=\"attachment_2110\" style=\"width: 910px\" class=\"wp-caption aligncenter\"><img decoding=\"async\" aria-describedby=\"caption-attachment-2110\" class=\"wp-image-2110 size-full\" src=\"https:\/\/www.stelvision.com\/astro\/wp-content\/uploads\/2018\/08\/univers_depuis_big_bang_credit_Nasa_WMAP_Science_Team.jpg\" alt=\"Dessin repr\u00e9sentant l'\u00e9volution de la structure de l'Univers depuis le Big Bang jusqu'\u00e0 nos jours, sur fond noir.\" width=\"900\" height=\"712\" srcset=\"https:\/\/www.stelvision.com\/astro\/wp-content\/uploads\/2018\/08\/univers_depuis_big_bang_credit_Nasa_WMAP_Science_Team.jpg 900w, https:\/\/www.stelvision.com\/astro\/wp-content\/uploads\/2018\/08\/univers_depuis_big_bang_credit_Nasa_WMAP_Science_Team-300x237.jpg 300w, https:\/\/www.stelvision.com\/astro\/wp-content\/uploads\/2018\/08\/univers_depuis_big_bang_credit_Nasa_WMAP_Science_Team-768x608.jpg 768w, https:\/\/www.stelvision.com\/astro\/wp-content\/uploads\/2018\/08\/univers_depuis_big_bang_credit_Nasa_WMAP_Science_Team-750x593.jpg 750w, https:\/\/www.stelvision.com\/astro\/wp-content\/uploads\/2018\/08\/univers_depuis_big_bang_credit_Nasa_WMAP_Science_Team-570x451.jpg 570w, https:\/\/www.stelvision.com\/astro\/wp-content\/uploads\/2018\/08\/univers_depuis_big_bang_credit_Nasa_WMAP_Science_Team-368x291.jpg 368w, https:\/\/www.stelvision.com\/astro\/wp-content\/uploads\/2018\/08\/univers_depuis_big_bang_credit_Nasa_WMAP_Science_Team-270x214.jpg 270w\" sizes=\"(max-width: 900px) 100vw, 900px\" \/><p id=\"caption-attachment-2110\" class=\"wp-caption-text\">\u00c9volution de la structure de l&rsquo;Univers depuis le Big Bang. <small>Cr\u00e9dit : Nasa\/WMAP_Science_Team<\/small><\/p><\/div>\n<p>Or, fin 2020, une \u00e9quipe de physiciens th\u00e9oriciens publie une \u00e9tude qui appuie cette id\u00e9e dans la revue scientifique \u00e0 comit\u00e9 de lecture<em> The Astrophysicial Journal<\/em>. Les scientifiques ont recherch\u00e9 le fameux EFE dans les 153 galaxies du relev\u00e9 SPARC r\u00e9alis\u00e9 par le t\u00e9lescope spatial Spitzer. Et ils l&rsquo;ont trouv\u00e9 ! \u00ab\u00a0<em>Nous d\u00e9tectons\u00a0d\u00e9finitivement\u00a0l&rsquo;effet de champ externe. C&rsquo;est une pr\u00e9diction unique de Mond et il n&rsquo;y a rien \u00e0 propos de la mati\u00e8re noire qui aurait le m\u00eame effet. Que cela remette en question l&rsquo;existence de la mati\u00e8re noire ? C&rsquo;est en tout cas une question que les personnes s\u00e9rieuses doivent envisager<\/em>\u00ab\u00a0, confiait alors Stacy McGaugh, physicienne \u00e0 l&rsquo;universit\u00e9 am\u00e9riciaine Case Western Reserve et co-signataire de l&rsquo;\u00e9tude.\u00a0<\/p>\n<p>A noter cependant que la th\u00e9orie Mond ne permet pas de se d\u00e9barrasser de l&rsquo;\u00e9nergie sombre&#8230;. Une piste qui reste donc ouverte, et qui laisse le champ libre au d\u00e9veloppement d&rsquo;autres th\u00e9ories \u00ab\u00a0anti mati\u00e8re noire\u00a0\u00bb, ainsi qu&rsquo;\u00e0 de futures d\u00e9tections de la substance. Les physiciens du monde entier continuent de traquer la mati\u00e8re noire, dans l\u2019espace et sur Terre, gr\u00e2ce \u00e0 des acc\u00e9l\u00e9rateurs de particules et des d\u00e9tecteurs de plus en plus performants. Qui sait, c&rsquo;est peut-\u00eatre pour bient\u00f4t.\u00a0<\/p>\n\t\t\t\t\t\t<div style=\"margin-bottom: 18px;\">\t\t\t\t<a rel=\"nofollow\" href=\"https:\/\/www.stelvision.com\/astro\/boutique\/le-ciel-au-telescope\/?ref=bottom\">\r\n\t\t\t\t\t<img decoding=\"async\" src=\"https:\/\/www.stelvision.com\/astro\/wp-content\/uploads\/2025\/10\/Ciel-au-telescope-1200x900-1.webp\" alt=\"visuel publicitaire livre le Ciel au t\u00e9lescope\" class=\"img-responsive\">\r\n\t\t\t\t<\/a>\r\n\t\t\t\t<p style=\"text-align: center; margin-bottom: 0em; margin-top: 0.25em;\"><strong><a rel=\"nofollow\" href=\"https:\/\/www.stelvision.com\/astro\/boutique\/le-ciel-au-telescope\/?ref=bottom\">Le Ciel au t\u00e9lescope, le guide indispensable pour r\u00e9ussir vos observations<\/a><\/strong><\/p>\r\n\t\t\t<\/div>","protected":false},"excerpt":{"rendered":"<p>Bien que plusieurs indices penchent en faveur de leur existence, quand elles sont noires, la mati\u00e8re et l&rsquo;\u00e9nergie demeurent un vrai myst\u00e8re. Voici quelques points d&rsquo;\u00e9claircissement.<\/p>\n","protected":false},"author":4,"featured_media":2198,"comment_status":"closed","ping_status":"closed","sticky":false,"template":"","format":"standard","meta":{"_acf_changed":false,"footnotes":""},"categories":[3],"tags":[],"class_list":["post-2067","post","type-post","status-publish","format-standard","has-post-thumbnail","hentry","category-science-espace"],"acf":[],"yoast_head":"<!-- This site is optimized with the Yoast SEO plugin v27.1.1 - https:\/\/yoast.com\/product\/yoast-seo-wordpress\/ -->\n<title>Percer les secrets de la mati\u00e8re et de l&#039;\u00e9nergie noires<\/title>\n<meta name=\"description\" content=\"Une mati\u00e8re invisible, une \u00e9nergie abondante mais de nature inconnue... Que savons-nous aujourd&#039;hui de la mati\u00e8re noire et de l&#039;\u00e9nergie noire ?\" \/>\n<meta name=\"robots\" content=\"index, follow, max-snippet:-1, max-image-preview:large, max-video-preview:-1\" \/>\n<link rel=\"canonical\" href=\"https:\/\/www.stelvision.com\/astro\/percer-les-secrets-de-la-matiere-et-de-lenergie-noires\/\" \/>\n<meta property=\"og:locale\" content=\"fr_FR\" \/>\n<meta property=\"og:type\" content=\"article\" \/>\n<meta property=\"og:title\" content=\"Percer les secrets de la mati\u00e8re et de l&#039;\u00e9nergie noires\" \/>\n<meta property=\"og:description\" content=\"Une mati\u00e8re invisible, une \u00e9nergie abondante mais de nature inconnue... Que savons-nous aujourd&#039;hui de la mati\u00e8re noire et de l&#039;\u00e9nergie noire ?\" \/>\n<meta property=\"og:url\" content=\"https:\/\/www.stelvision.com\/astro\/percer-les-secrets-de-la-matiere-et-de-lenergie-noires\/\" \/>\n<meta property=\"og:site_name\" content=\"Stelvision\" \/>\n<meta property=\"article:publisher\" content=\"https:\/\/www.facebook.com\/people\/Stelvision\/100063368192331\/\" \/>\n<meta property=\"article:published_time\" content=\"2018-09-06T17:04:52+00:00\" \/>\n<meta property=\"article:modified_time\" content=\"2023-10-20T12:38:59+00:00\" \/>\n<meta property=\"og:image\" content=\"https:\/\/www.stelvision.com\/astro\/wp-content\/uploads\/2018\/09\/vue_artiste_formation_amas_galaxies_credit_ESOM_Kornmesser-1024x653.jpg\" \/>\n\t<meta property=\"og:image:width\" content=\"574\" \/>\n\t<meta property=\"og:image:height\" content=\"367\" \/>\n\t<meta property=\"og:image:type\" content=\"image\/jpeg\" \/>\n<meta name=\"author\" content=\"Fleur Olagnier\" \/>\n<meta name=\"twitter:card\" content=\"summary_large_image\" \/>\n<meta name=\"twitter:label1\" content=\"\u00c9crit par\" \/>\n\t<meta name=\"twitter:data1\" content=\"Fleur Olagnier\" \/>\n\t<meta name=\"twitter:label2\" content=\"Dur\u00e9e de lecture estim\u00e9e\" \/>\n\t<meta name=\"twitter:data2\" content=\"12 minutes\" \/>\n<script type=\"application\/ld+json\" class=\"yoast-schema-graph\">{\"@context\":\"https:\/\/schema.org\",\"@graph\":[{\"@type\":\"Article\",\"@id\":\"https:\/\/www.stelvision.com\/astro\/percer-les-secrets-de-la-matiere-et-de-lenergie-noires\/#article\",\"isPartOf\":{\"@id\":\"https:\/\/www.stelvision.com\/astro\/percer-les-secrets-de-la-matiere-et-de-lenergie-noires\/\"},\"author\":{\"name\":\"Fleur Olagnier\",\"@id\":\"https:\/\/www.stelvision.com\/astro\/#\/schema\/person\/2bd39a1758d0f80250c83297259fc36b\"},\"headline\":\"Percer les secrets de la mati\u00e8re et de l&rsquo;\u00e9nergie noires\",\"datePublished\":\"2018-09-06T17:04:52+00:00\",\"dateModified\":\"2023-10-20T12:38:59+00:00\",\"mainEntityOfPage\":{\"@id\":\"https:\/\/www.stelvision.com\/astro\/percer-les-secrets-de-la-matiere-et-de-lenergie-noires\/\"},\"wordCount\":2174,\"publisher\":{\"@id\":\"https:\/\/www.stelvision.com\/astro\/#organization\"},\"image\":{\"@id\":\"https:\/\/www.stelvision.com\/astro\/percer-les-secrets-de-la-matiere-et-de-lenergie-noires\/#primaryimage\"},\"thumbnailUrl\":\"https:\/\/www.stelvision.com\/astro\/wp-content\/uploads\/2018\/09\/vue_artiste_formation_amas_galaxies_credit_ESOM_Kornmesser-1024x653.jpg\",\"articleSection\":[\"Science &amp; Espace\"],\"inLanguage\":\"fr-FR\"},{\"@type\":\"WebPage\",\"@id\":\"https:\/\/www.stelvision.com\/astro\/percer-les-secrets-de-la-matiere-et-de-lenergie-noires\/\",\"url\":\"https:\/\/www.stelvision.com\/astro\/percer-les-secrets-de-la-matiere-et-de-lenergie-noires\/\",\"name\":\"Percer les secrets de la mati\u00e8re et de l'\u00e9nergie noires\",\"isPartOf\":{\"@id\":\"https:\/\/www.stelvision.com\/astro\/#website\"},\"primaryImageOfPage\":{\"@id\":\"https:\/\/www.stelvision.com\/astro\/percer-les-secrets-de-la-matiere-et-de-lenergie-noires\/#primaryimage\"},\"image\":{\"@id\":\"https:\/\/www.stelvision.com\/astro\/percer-les-secrets-de-la-matiere-et-de-lenergie-noires\/#primaryimage\"},\"thumbnailUrl\":\"https:\/\/www.stelvision.com\/astro\/wp-content\/uploads\/2018\/09\/vue_artiste_formation_amas_galaxies_credit_ESOM_Kornmesser-1024x653.jpg\",\"datePublished\":\"2018-09-06T17:04:52+00:00\",\"dateModified\":\"2023-10-20T12:38:59+00:00\",\"description\":\"Une mati\u00e8re invisible, une \u00e9nergie abondante mais de nature inconnue... Que savons-nous aujourd'hui de la mati\u00e8re noire et de l'\u00e9nergie noire ?\",\"breadcrumb\":{\"@id\":\"https:\/\/www.stelvision.com\/astro\/percer-les-secrets-de-la-matiere-et-de-lenergie-noires\/#breadcrumb\"},\"inLanguage\":\"fr-FR\",\"potentialAction\":[{\"@type\":\"ReadAction\",\"target\":[\"https:\/\/www.stelvision.com\/astro\/percer-les-secrets-de-la-matiere-et-de-lenergie-noires\/\"]}]},{\"@type\":\"ImageObject\",\"inLanguage\":\"fr-FR\",\"@id\":\"https:\/\/www.stelvision.com\/astro\/percer-les-secrets-de-la-matiere-et-de-lenergie-noires\/#primaryimage\",\"url\":\"https:\/\/www.stelvision.com\/astro\/wp-content\/uploads\/2018\/09\/vue_artiste_formation_amas_galaxies_credit_ESOM_Kornmesser-1024x653.jpg\",\"contentUrl\":\"https:\/\/www.stelvision.com\/astro\/wp-content\/uploads\/2018\/09\/vue_artiste_formation_amas_galaxies_credit_ESOM_Kornmesser-1024x653.jpg\",\"width\":574,\"height\":367,\"caption\":\"Vue d'artiste de la formation d'un amas galactique au sein de l'Univers jeune. Cr\u00e9dit: ESO\/M. Kornmesser\"},{\"@type\":\"BreadcrumbList\",\"@id\":\"https:\/\/www.stelvision.com\/astro\/percer-les-secrets-de-la-matiere-et-de-lenergie-noires\/#breadcrumb\",\"itemListElement\":[{\"@type\":\"ListItem\",\"position\":1,\"name\":\"Accueil\",\"item\":\"https:\/\/www.stelvision.com\/astro\/\"},{\"@type\":\"ListItem\",\"position\":2,\"name\":\"Percer les secrets de la mati\u00e8re et de l&rsquo;\u00e9nergie noires\"}]},{\"@type\":\"WebSite\",\"@id\":\"https:\/\/www.stelvision.com\/astro\/#website\",\"url\":\"https:\/\/www.stelvision.com\/astro\/\",\"name\":\"Stelvision\",\"description\":\"conseils, livres et mat\u00e9riel d&#039;observation du ciel\",\"publisher\":{\"@id\":\"https:\/\/www.stelvision.com\/astro\/#organization\"},\"potentialAction\":[{\"@type\":\"SearchAction\",\"target\":{\"@type\":\"EntryPoint\",\"urlTemplate\":\"https:\/\/www.stelvision.com\/astro\/?s={search_term_string}\"},\"query-input\":{\"@type\":\"PropertyValueSpecification\",\"valueRequired\":true,\"valueName\":\"search_term_string\"}}],\"inLanguage\":\"fr-FR\"},{\"@type\":\"Organization\",\"@id\":\"https:\/\/www.stelvision.com\/astro\/#organization\",\"name\":\"Stelvision\",\"url\":\"https:\/\/www.stelvision.com\/astro\/\",\"logo\":{\"@type\":\"ImageObject\",\"inLanguage\":\"fr-FR\",\"@id\":\"https:\/\/www.stelvision.com\/astro\/#\/schema\/logo\/image\/\",\"url\":\"https:\/\/www.stelvision.com\/astro\/wp-content\/uploads\/2019\/03\/logo_lisse_bleu_Stelvision_600.png\",\"contentUrl\":\"https:\/\/www.stelvision.com\/astro\/wp-content\/uploads\/2019\/03\/logo_lisse_bleu_Stelvision_600.png\",\"width\":600,\"height\":277,\"caption\":\"Stelvision\"},\"image\":{\"@id\":\"https:\/\/www.stelvision.com\/astro\/#\/schema\/logo\/image\/\"},\"sameAs\":[\"https:\/\/www.facebook.com\/people\/Stelvision\/100063368192331\/\"]},{\"@type\":\"Person\",\"@id\":\"https:\/\/www.stelvision.com\/astro\/#\/schema\/person\/2bd39a1758d0f80250c83297259fc36b\",\"name\":\"Fleur Olagnier\",\"url\":\"https:\/\/www.stelvision.com\/astro\/author\/fo-stel3\/\"}]}<\/script>\n<!-- \/ Yoast SEO plugin. -->","yoast_head_json":{"title":"Percer les secrets de la mati\u00e8re et de l'\u00e9nergie noires","description":"Une mati\u00e8re invisible, une \u00e9nergie abondante mais de nature inconnue... Que savons-nous aujourd'hui de la mati\u00e8re noire et de l'\u00e9nergie noire ?","robots":{"index":"index","follow":"follow","max-snippet":"max-snippet:-1","max-image-preview":"max-image-preview:large","max-video-preview":"max-video-preview:-1"},"canonical":"https:\/\/www.stelvision.com\/astro\/percer-les-secrets-de-la-matiere-et-de-lenergie-noires\/","og_locale":"fr_FR","og_type":"article","og_title":"Percer les secrets de la mati\u00e8re et de l'\u00e9nergie noires","og_description":"Une mati\u00e8re invisible, une \u00e9nergie abondante mais de nature inconnue... Que savons-nous aujourd'hui de la mati\u00e8re noire et de l'\u00e9nergie noire ?","og_url":"https:\/\/www.stelvision.com\/astro\/percer-les-secrets-de-la-matiere-et-de-lenergie-noires\/","og_site_name":"Stelvision","article_publisher":"https:\/\/www.facebook.com\/people\/Stelvision\/100063368192331\/","article_published_time":"2018-09-06T17:04:52+00:00","article_modified_time":"2023-10-20T12:38:59+00:00","og_image":[{"width":574,"height":367,"url":"https:\/\/www.stelvision.com\/astro\/wp-content\/uploads\/2018\/09\/vue_artiste_formation_amas_galaxies_credit_ESOM_Kornmesser-1024x653.jpg","type":"image\/jpeg"}],"author":"Fleur Olagnier","twitter_card":"summary_large_image","twitter_misc":{"\u00c9crit par":"Fleur Olagnier","Dur\u00e9e de lecture estim\u00e9e":"12 minutes"},"schema":{"@context":"https:\/\/schema.org","@graph":[{"@type":"Article","@id":"https:\/\/www.stelvision.com\/astro\/percer-les-secrets-de-la-matiere-et-de-lenergie-noires\/#article","isPartOf":{"@id":"https:\/\/www.stelvision.com\/astro\/percer-les-secrets-de-la-matiere-et-de-lenergie-noires\/"},"author":{"name":"Fleur Olagnier","@id":"https:\/\/www.stelvision.com\/astro\/#\/schema\/person\/2bd39a1758d0f80250c83297259fc36b"},"headline":"Percer les secrets de la mati\u00e8re et de l&rsquo;\u00e9nergie noires","datePublished":"2018-09-06T17:04:52+00:00","dateModified":"2023-10-20T12:38:59+00:00","mainEntityOfPage":{"@id":"https:\/\/www.stelvision.com\/astro\/percer-les-secrets-de-la-matiere-et-de-lenergie-noires\/"},"wordCount":2174,"publisher":{"@id":"https:\/\/www.stelvision.com\/astro\/#organization"},"image":{"@id":"https:\/\/www.stelvision.com\/astro\/percer-les-secrets-de-la-matiere-et-de-lenergie-noires\/#primaryimage"},"thumbnailUrl":"https:\/\/www.stelvision.com\/astro\/wp-content\/uploads\/2018\/09\/vue_artiste_formation_amas_galaxies_credit_ESOM_Kornmesser-1024x653.jpg","articleSection":["Science &amp; Espace"],"inLanguage":"fr-FR"},{"@type":"WebPage","@id":"https:\/\/www.stelvision.com\/astro\/percer-les-secrets-de-la-matiere-et-de-lenergie-noires\/","url":"https:\/\/www.stelvision.com\/astro\/percer-les-secrets-de-la-matiere-et-de-lenergie-noires\/","name":"Percer les secrets de la mati\u00e8re et de l'\u00e9nergie noires","isPartOf":{"@id":"https:\/\/www.stelvision.com\/astro\/#website"},"primaryImageOfPage":{"@id":"https:\/\/www.stelvision.com\/astro\/percer-les-secrets-de-la-matiere-et-de-lenergie-noires\/#primaryimage"},"image":{"@id":"https:\/\/www.stelvision.com\/astro\/percer-les-secrets-de-la-matiere-et-de-lenergie-noires\/#primaryimage"},"thumbnailUrl":"https:\/\/www.stelvision.com\/astro\/wp-content\/uploads\/2018\/09\/vue_artiste_formation_amas_galaxies_credit_ESOM_Kornmesser-1024x653.jpg","datePublished":"2018-09-06T17:04:52+00:00","dateModified":"2023-10-20T12:38:59+00:00","description":"Une mati\u00e8re invisible, une \u00e9nergie abondante mais de nature inconnue... Que savons-nous aujourd'hui de la mati\u00e8re noire et de l'\u00e9nergie noire ?","breadcrumb":{"@id":"https:\/\/www.stelvision.com\/astro\/percer-les-secrets-de-la-matiere-et-de-lenergie-noires\/#breadcrumb"},"inLanguage":"fr-FR","potentialAction":[{"@type":"ReadAction","target":["https:\/\/www.stelvision.com\/astro\/percer-les-secrets-de-la-matiere-et-de-lenergie-noires\/"]}]},{"@type":"ImageObject","inLanguage":"fr-FR","@id":"https:\/\/www.stelvision.com\/astro\/percer-les-secrets-de-la-matiere-et-de-lenergie-noires\/#primaryimage","url":"https:\/\/www.stelvision.com\/astro\/wp-content\/uploads\/2018\/09\/vue_artiste_formation_amas_galaxies_credit_ESOM_Kornmesser-1024x653.jpg","contentUrl":"https:\/\/www.stelvision.com\/astro\/wp-content\/uploads\/2018\/09\/vue_artiste_formation_amas_galaxies_credit_ESOM_Kornmesser-1024x653.jpg","width":574,"height":367,"caption":"Vue d'artiste de la formation d'un amas galactique au sein de l'Univers jeune. Cr\u00e9dit: ESO\/M. Kornmesser"},{"@type":"BreadcrumbList","@id":"https:\/\/www.stelvision.com\/astro\/percer-les-secrets-de-la-matiere-et-de-lenergie-noires\/#breadcrumb","itemListElement":[{"@type":"ListItem","position":1,"name":"Accueil","item":"https:\/\/www.stelvision.com\/astro\/"},{"@type":"ListItem","position":2,"name":"Percer les secrets de la mati\u00e8re et de l&rsquo;\u00e9nergie noires"}]},{"@type":"WebSite","@id":"https:\/\/www.stelvision.com\/astro\/#website","url":"https:\/\/www.stelvision.com\/astro\/","name":"Stelvision","description":"conseils, livres et mat\u00e9riel d&#039;observation du ciel","publisher":{"@id":"https:\/\/www.stelvision.com\/astro\/#organization"},"potentialAction":[{"@type":"SearchAction","target":{"@type":"EntryPoint","urlTemplate":"https:\/\/www.stelvision.com\/astro\/?s={search_term_string}"},"query-input":{"@type":"PropertyValueSpecification","valueRequired":true,"valueName":"search_term_string"}}],"inLanguage":"fr-FR"},{"@type":"Organization","@id":"https:\/\/www.stelvision.com\/astro\/#organization","name":"Stelvision","url":"https:\/\/www.stelvision.com\/astro\/","logo":{"@type":"ImageObject","inLanguage":"fr-FR","@id":"https:\/\/www.stelvision.com\/astro\/#\/schema\/logo\/image\/","url":"https:\/\/www.stelvision.com\/astro\/wp-content\/uploads\/2019\/03\/logo_lisse_bleu_Stelvision_600.png","contentUrl":"https:\/\/www.stelvision.com\/astro\/wp-content\/uploads\/2019\/03\/logo_lisse_bleu_Stelvision_600.png","width":600,"height":277,"caption":"Stelvision"},"image":{"@id":"https:\/\/www.stelvision.com\/astro\/#\/schema\/logo\/image\/"},"sameAs":["https:\/\/www.facebook.com\/people\/Stelvision\/100063368192331\/"]},{"@type":"Person","@id":"https:\/\/www.stelvision.com\/astro\/#\/schema\/person\/2bd39a1758d0f80250c83297259fc36b","name":"Fleur Olagnier","url":"https:\/\/www.stelvision.com\/astro\/author\/fo-stel3\/"}]}},"_links":{"self":[{"href":"https:\/\/www.stelvision.com\/astro\/wp-json\/wp\/v2\/posts\/2067","targetHints":{"allow":["GET"]}}],"collection":[{"href":"https:\/\/www.stelvision.com\/astro\/wp-json\/wp\/v2\/posts"}],"about":[{"href":"https:\/\/www.stelvision.com\/astro\/wp-json\/wp\/v2\/types\/post"}],"author":[{"embeddable":true,"href":"https:\/\/www.stelvision.com\/astro\/wp-json\/wp\/v2\/users\/4"}],"replies":[{"embeddable":true,"href":"https:\/\/www.stelvision.com\/astro\/wp-json\/wp\/v2\/comments?post=2067"}],"version-history":[{"count":82,"href":"https:\/\/www.stelvision.com\/astro\/wp-json\/wp\/v2\/posts\/2067\/revisions"}],"predecessor-version":[{"id":58299,"href":"https:\/\/www.stelvision.com\/astro\/wp-json\/wp\/v2\/posts\/2067\/revisions\/58299"}],"wp:featuredmedia":[{"embeddable":true,"href":"https:\/\/www.stelvision.com\/astro\/wp-json\/wp\/v2\/media\/2198"}],"wp:attachment":[{"href":"https:\/\/www.stelvision.com\/astro\/wp-json\/wp\/v2\/media?parent=2067"}],"wp:term":[{"taxonomy":"category","embeddable":true,"href":"https:\/\/www.stelvision.com\/astro\/wp-json\/wp\/v2\/categories?post=2067"},{"taxonomy":"post_tag","embeddable":true,"href":"https:\/\/www.stelvision.com\/astro\/wp-json\/wp\/v2\/tags?post=2067"}],"curies":[{"name":"wp","href":"https:\/\/api.w.org\/{rel}","templated":true}]}}