{"id":2280,"date":"2018-10-04T09:15:57","date_gmt":"2018-10-04T07:15:57","guid":{"rendered":"https:\/\/www.stelvision.com\/astro\/?p=2280"},"modified":"2025-09-30T16:45:05","modified_gmt":"2025-09-30T14:45:05","slug":"comprendre-les-cometes","status":"publish","type":"post","link":"https:\/\/www.stelvision.com\/astro\/comprendre-les-cometes\/","title":{"rendered":"Qu&rsquo;est-ce qu&rsquo;une com\u00e8te&nbsp;?"},"content":{"rendered":"\n<p class=\"chapo\">Souvent guett\u00e9es avec ferveur par les astronomes, les com\u00e8tes \u00e9merveillent par leur chevelure brillante caract\u00e9ristique. Faisons le point sur la composition et l&rsquo;origine de ces astres, l&rsquo;historique mission Rosetta et le projet fou de l&rsquo;Agence spatiale europ\u00e9enne Comet Interceptor&#8230;<\/p>\n\n\n<div class=\"wp-block-image size-full wp-image-2300\">\n<figure class=\"aligncenter\"><img decoding=\"async\" width=\"610\" height=\"408\" src=\"https:\/\/www.stelvision.com\/astro\/wp-content\/uploads\/2018\/09\/Panstarrs_comet_jan2018_credit_Gerald_Rhemann.jpg\" alt=\"Com\u00e8te PanSTARRS qui se d\u00e9place vers la droite de l'image, laissant derri\u00e8re elle une tra\u00een\u00e9e brillante tr\u00e8s \u00e9vas\u00e9e, sur un fond de ciel \u00e9toil\u00e9.\" class=\"wp-image-2300\" srcset=\"https:\/\/www.stelvision.com\/astro\/wp-content\/uploads\/2018\/09\/Panstarrs_comet_jan2018_credit_Gerald_Rhemann.jpg 610w, https:\/\/www.stelvision.com\/astro\/wp-content\/uploads\/2018\/09\/Panstarrs_comet_jan2018_credit_Gerald_Rhemann-300x201.jpg 300w, https:\/\/www.stelvision.com\/astro\/wp-content\/uploads\/2018\/09\/Panstarrs_comet_jan2018_credit_Gerald_Rhemann-570x381.jpg 570w, https:\/\/www.stelvision.com\/astro\/wp-content\/uploads\/2018\/09\/Panstarrs_comet_jan2018_credit_Gerald_Rhemann-368x246.jpg 368w, https:\/\/www.stelvision.com\/astro\/wp-content\/uploads\/2018\/09\/Panstarrs_comet_jan2018_credit_Gerald_Rhemann-270x181.jpg 270w\" sizes=\"(max-width: 610px) 100vw, 610px\" \/><figcaption class=\"wp-element-caption\"><strong>La com\u00e8te C\/2016 R2 Panstarrs d\u00e9couverte en 2016 et observ\u00e9e en janvier&nbsp;2018 \u00e0 trois distances Terre-Soleil de notre \u00e9toile.<\/strong> <small>Cr\u00e9dit&nbsp;: Gerald Rhemann via Spaceweather<\/small><\/figcaption><\/figure>\n<\/div>\n\n\n<h2 class=\"wp-block-heading\">De quoi se compose une com\u00e8te&nbsp;?<\/h2>\n\n\n\n<p>L&rsquo;\u00e9l\u00e9ment principal d&rsquo;une com\u00e8te est un noyau de gaz solidifi\u00e9s en glace et de poussi\u00e8res, en orbite autour d&rsquo;une <a href=\"https:\/\/www.stelvision.com\/astro\/les-etoiles-naissance-vie-et-mort\/\">\u00e9toile<\/a>.\u00a0La com\u00e8te poss\u00e8de une trajectoire souvent tr\u00e8s elliptique (ovale tr\u00e8s aplati). Lorsqu&rsquo;elle se rapproche de son \u00e9toile, elle subit un ph\u00e9nom\u00e8ne de sublimation (passage de l&rsquo;\u00e9tat solide \u00e0 l&rsquo;\u00e9tat gazeux).<\/p>\n\n\n\n<p>Un halo de gaz et de poussi\u00e8res auparavant gel\u00e9s et appel\u00e9 chevelure (ou coma), qui correspond avec le noyau \u00e0 la t\u00eate de la com\u00e8te, se forme alors. C&rsquo;est pourquoi le mot <span class=\"citation\">com\u00e8te&nbsp;<\/span>vient de \u00ab\u00a0<span class=\"lang-grc-latin\" lang=\"grc-latin\">\u03bf kom\u00eat\u00eas\u00a0\u00bb<\/span>, \u00ab\u00a0astre chevelu\u00a0\u00bb en grec ancien.<\/p>\n\n\n<div class=\"wp-block-image size-full wp-image-2304\">\n<figure class=\"aligncenter\"><img decoding=\"async\" width=\"730\" height=\"549\" src=\"https:\/\/www.stelvision.com\/astro\/wp-content\/uploads\/2018\/09\/Comet_Panstarrs_Michael_J\u00e4ger.gif\" alt=\"Animation de la com\u00e8te Panstarrs en noir et blanc.\" class=\"wp-image-2304\"\/><figcaption class=\"wp-element-caption\"><strong>Animation de la chevelure de la com\u00e8te C\/2016&nbsp;R2 Panstarrs.<\/strong> <small>Cr\u00e9dit&nbsp;: Michael J\u00e4ger<\/small><\/figcaption><\/figure>\n<\/div>\n\n\n<p>La t\u00eate est suivie d&rsquo;une queue, souvent double, qui se cr\u00e9e&nbsp;dans la direction oppos\u00e9e \u00e0 l&rsquo;\u00e9toile. Une partie rectiligne et bleut\u00e9e est constitu\u00e9e de gaz ionis\u00e9 rejet\u00e9 \u00e0 grande vitesse. Un gaz ionis\u00e9 est un gaz dans lequel on trouve des atomes et des mol\u00e9cules bris\u00e9s, qui ont re\u00e7u ou perdu des \u00e9lectrons au moment de leur \u00e9jection du noyau.<\/p>\n\n\n\n<p>L&rsquo;autre partie de la queue, courbe et tr\u00e8s lumineuse, est elle faite de poussi\u00e8re rejet\u00e9e \u00e0 des vitesses moins importantes. La queue peut s&rsquo;\u00e9tendre sur plusieurs dizaines de millions de kilom\u00e8tres&nbsp;!<\/p>\n\n\n<div class=\"wp-block-image size-full wp-image-2291\">\n<figure class=\"aligncenter\"><img decoding=\"async\" width=\"640\" height=\"372\" src=\"https:\/\/www.stelvision.com\/astro\/wp-content\/uploads\/2018\/09\/comet_schema_credit_cpt_flcn.png\" alt=\"Sch\u00e9ma d'une com\u00e8te sur fond noir, avec sa queue en deux parties visible.\" class=\"wp-image-2291\" srcset=\"https:\/\/www.stelvision.com\/astro\/wp-content\/uploads\/2018\/09\/comet_schema_credit_cpt_flcn.png 640w, https:\/\/www.stelvision.com\/astro\/wp-content\/uploads\/2018\/09\/comet_schema_credit_cpt_flcn-300x174.png 300w, https:\/\/www.stelvision.com\/astro\/wp-content\/uploads\/2018\/09\/comet_schema_credit_cpt_flcn-570x331.png 570w, https:\/\/www.stelvision.com\/astro\/wp-content\/uploads\/2018\/09\/comet_schema_credit_cpt_flcn-368x214.png 368w, https:\/\/www.stelvision.com\/astro\/wp-content\/uploads\/2018\/09\/comet_schema_credit_cpt_flcn-270x157.png 270w\" sizes=\"(max-width: 640px) 100vw, 640px\" \/><figcaption class=\"wp-element-caption\"><strong>Sch\u00e9ma d&rsquo;une com\u00e8te.<\/strong> <small>Cr\u00e9dit&nbsp;:&nbsp;cpt flcn\/CC BY-SA 4.0<\/small><\/figcaption><\/figure>\n<\/div>\n\n\n<h2 class=\"wp-block-heading\">Observation des com\u00e8tes<\/h2>\n\n\n\n<p>On r\u00e9pertorie \u00e0 l&rsquo;heure actuelle environ 3&nbsp;800&nbsp;com\u00e8tes. L&rsquo;une des plus connues est la com\u00e8te 1P\/Halley, qui r\u00e9appara\u00eet dans le ciel nocturne tous les 75 ou 76&nbsp;ans. Ce f\u00fbt le cas en 1759, ann\u00e9e du tout premier retour d&rsquo;une com\u00e8te pr\u00e9vu par le calcul, et v\u00e9rification sans appel de la loi de gravitation universelle.<\/p>\n\n\n\n<p>\u00c0 noter que certaines com\u00e8tes deviennent particuli\u00e8rement brillantes si elles passent suffisamment pr\u00e8s du Soleil et de la Terre. Elles sont alors qualifi\u00e9es de \u00ab\u00a0grandes com\u00e8tes\u00a0\u00bb et sont visibles \u00e0 l\u2019\u0153il nu (parfois m\u00eame, tr\u00e8s exceptionnellement, en plein jour&nbsp;!). Elles restent rares malheureusement. Plus commun\u00e9ment, chaque ann\u00e9e nous apporte quelques com\u00e8tes \u00e0 d\u00e9busquer avec un t\u00e9lescope d&rsquo;amateur ou une bonne paire de jumelles.<\/p>\n\n\n\n<h2 class=\"wp-block-heading\">D&rsquo;o\u00f9 les com\u00e8tes proviennent-elles&nbsp;?<\/h2>\n\n\n\n<p>Les com\u00e8tes en balade dans notre Syst\u00e8me solaire proviendraient de la ceinture de Kuiper et du nuage d&rsquo;Oort.<\/p>\n\n\n\n<p>La ceinture de Kuiper est la zone au-del\u00e0 de l&rsquo;orbite de Neptune situ\u00e9e entre&nbsp;entre 30 et&nbsp;<span class=\"nowrap\">55&nbsp;unit\u00e9s astronomiques (1 unit\u00e9 astronomique = 1 UA = 1 distance Terre-Soleil ~ 150 millions de kilom\u00e8tres) et contenant une multitude de petits corps. Le nuage d&rsquo;Oort serait lui beaucoup plus lointain, entre <span title=\"\">20&nbsp;000<\/span>&nbsp;UA&nbsp;et 100&nbsp;000&nbsp;UA. Il serait \u00e0 l&rsquo;origine de la plupart des com\u00e8tes observ\u00e9es depuis la Terre&nbsp;: il en contiendrait plusieurs milliards.&nbsp;<\/span><\/p>\n\n\n<div class=\"wp-block-image size-full wp-image-2378\">\n<figure class=\"aligncenter\"><img decoding=\"async\" width=\"1041\" height=\"586\" src=\"https:\/\/www.stelvision.com\/astro\/wp-content\/uploads\/2018\/10\/Oort_cloud_credit_Nasa_JPL-Caltech.jpeg\" alt=\"dessin ceinture de Kuiper et nuage d'Oort\" class=\"wp-image-2378\" srcset=\"https:\/\/www.stelvision.com\/astro\/wp-content\/uploads\/2018\/10\/Oort_cloud_credit_Nasa_JPL-Caltech.jpeg 1041w, https:\/\/www.stelvision.com\/astro\/wp-content\/uploads\/2018\/10\/Oort_cloud_credit_Nasa_JPL-Caltech-300x169.jpeg 300w, https:\/\/www.stelvision.com\/astro\/wp-content\/uploads\/2018\/10\/Oort_cloud_credit_Nasa_JPL-Caltech-768x432.jpeg 768w, https:\/\/www.stelvision.com\/astro\/wp-content\/uploads\/2018\/10\/Oort_cloud_credit_Nasa_JPL-Caltech-1024x576.jpeg 1024w, https:\/\/www.stelvision.com\/astro\/wp-content\/uploads\/2018\/10\/Oort_cloud_credit_Nasa_JPL-Caltech-750x422.jpeg 750w, https:\/\/www.stelvision.com\/astro\/wp-content\/uploads\/2018\/10\/Oort_cloud_credit_Nasa_JPL-Caltech-570x321.jpeg 570w, https:\/\/www.stelvision.com\/astro\/wp-content\/uploads\/2018\/10\/Oort_cloud_credit_Nasa_JPL-Caltech-368x207.jpeg 368w, https:\/\/www.stelvision.com\/astro\/wp-content\/uploads\/2018\/10\/Oort_cloud_credit_Nasa_JPL-Caltech-270x152.jpeg 270w, https:\/\/www.stelvision.com\/astro\/wp-content\/uploads\/2018\/10\/Oort_cloud_credit_Nasa_JPL-Caltech-1000x563.jpeg 1000w\" sizes=\"(max-width: 1041px) 100vw, 1041px\" \/><figcaption class=\"wp-element-caption\"><strong>Le nuage d&rsquo;Oort au-del\u00e0 du Syst\u00e8me solaire. \u00c9chelle de distances en Unit\u00e9s Astronomiques. <\/strong><small>Cr\u00e9dit&nbsp;: Nasa-JPL-Caltech<\/small><\/figcaption><\/figure>\n<\/div>\n\n\n<h2 class=\"wp-block-heading\">Diff\u00e9rences entre une com\u00e8te et un ast\u00e9ro\u00efde<\/h2>\n\n\n\n<p>Les <a href=\"https:\/\/www.stelvision.com\/astro\/les-asteroides\/\">ast\u00e9ro\u00efdes<\/a> sont des corps c\u00e9lestes compos\u00e9s de roches, de m\u00e9taux et de glaces. Ils seraient les restes du <a href=\"https:\/\/www.stelvision.com\/astro\/formation-du-systeme-solaire\/\">disque protoplan\u00e9taire<\/a> \u00e0 l&rsquo;origine du Syst\u00e8me solaire non agr\u00e9g\u00e9s en plan\u00e8tes, il y a 4,4&nbsp;milliards d&rsquo;ann\u00e9es. Leur taille varie d&rsquo;un m\u00e8tre \u00e0 environ 1&nbsp;000&nbsp;kilom\u00e8tres. Au-del\u00e0, ils deviennent sph\u00e9riques et acqui\u00e8rent le statut de plan\u00e8te naine. Dans le Syst\u00e8me solaire, la plupart des ast\u00e9ro\u00efdes se trouvent sur&nbsp;une orbite situ\u00e9e entre celles de&nbsp;Mars&nbsp;et de&nbsp;Jupiter, c&rsquo;est la ceinture principale d\u2019ast\u00e9ro\u00efdes, ainsi que dans la ceinture de Kuiper.<\/p>\n\n\n\n<p>Outre la composition et la localisation, leur diff\u00e9rence fondamentale avec les com\u00e8tes est l&rsquo;activit\u00e9 du noyau com\u00e9taire. Ce ph\u00e9nom\u00e8ne qui se d\u00e9clenche lorsqu&rsquo;une com\u00e8te se rapproche de son \u00e9toile n&rsquo;existe pas chez les ast\u00e9ro\u00efdes. Ce sont des astres inertes.<\/p>\n\n\n<div class=\"wp-block-image size-full wp-image-2372\">\n<figure class=\"aligncenter\"><img decoding=\"async\" width=\"400\" height=\"278\" src=\"https:\/\/www.stelvision.com\/astro\/wp-content\/uploads\/2018\/10\/1P_Halley_credit_Nasa_W_Liller_NSSDC_s_Photo_Gallery_Nasa.jpg\" alt=\"Photo de la com\u00e8te de Halley o\u00f9 l'on distingue bien sa queue en deux parties.\" class=\"wp-image-2372\" srcset=\"https:\/\/www.stelvision.com\/astro\/wp-content\/uploads\/2018\/10\/1P_Halley_credit_Nasa_W_Liller_NSSDC_s_Photo_Gallery_Nasa.jpg 400w, https:\/\/www.stelvision.com\/astro\/wp-content\/uploads\/2018\/10\/1P_Halley_credit_Nasa_W_Liller_NSSDC_s_Photo_Gallery_Nasa-300x209.jpg 300w, https:\/\/www.stelvision.com\/astro\/wp-content\/uploads\/2018\/10\/1P_Halley_credit_Nasa_W_Liller_NSSDC_s_Photo_Gallery_Nasa-368x256.jpg 368w, https:\/\/www.stelvision.com\/astro\/wp-content\/uploads\/2018\/10\/1P_Halley_credit_Nasa_W_Liller_NSSDC_s_Photo_Gallery_Nasa-270x188.jpg 270w\" sizes=\"(max-width: 400px) 100vw, 400px\" \/><figcaption class=\"wp-element-caption\"><strong>La com\u00e8te 1P\/Halley.<\/strong> <small>Cr\u00e9dit&nbsp;: Nasa\/W. Liller\/NSSDC&rsquo;s photo gallery (Nasa)<\/small><\/figcaption><\/figure>\n<\/div>\n\n\n<p>Toutefois, dans la ceinture de Kuiper, les ast\u00e9ro\u00efdes sont plus riches en glaces et pauvres en m\u00e9taux et roches, ce qui rapproche leur composition des noyaux com\u00e9taires. De plus, les astrophysiciens ont r\u00e9cemment observ\u00e9 plusieurs ast\u00e9ro\u00efdes pr\u00e9sentant une activit\u00e9 com\u00e9taire. On les appelle \u00ab\u00a0ast\u00e9ro\u00efdes actifs\u00a0\u00bb ou \u00ab\u00a0com\u00e9to-ast\u00e9ro\u00efdes\u00a0\u00bb.<\/p>\n\n\n\n<p>Le premier d&rsquo;entre eux \u00e0 avoir \u00e9t\u00e9 d\u00e9couvert est 288P, dans la ceinture principale par le <a href=\"https:\/\/www.stelvision.com\/astro\/les-grands-observatoires-spatiaux\/\">t\u00e9lescope spatial Hubble<\/a> en 2016. L&rsquo;observation de l&rsquo;ast\u00e9ro\u00efde binaire &#8211;&nbsp;deux&nbsp;ast\u00e9ro\u00efdes&nbsp;de m\u00eames taille et masse en orbite \u00e0 100&nbsp;kilom\u00e8tres l&rsquo;un de l&rsquo;autre&nbsp;&#8211; a en effet permis de d\u00e9tecter de la sublimation de glace d\u2019eau due au rayonnement solaire. Un ph\u00e9nom\u00e8ne semblable \u00e0 la cr\u00e9ation de la queue d\u2019une com\u00e8te&#8230;<\/p>\n\n\n<div class=\"wp-block-image size-full wp-image-2374\">\n<figure class=\"aligncenter\"><img decoding=\"async\" width=\"640\" height=\"360\" src=\"https:\/\/www.stelvision.com\/astro\/wp-content\/uploads\/2018\/10\/premier_cometo_asteroide_288P_ceinture_principale2_sept2016_credit_NASA_ESA_J_Agarwal_Max-Planck-Institute-for-Solar-System-Research.gif\" alt=\"Animation en couleurs bleu du premier ast\u00e9ro\u00efde actif 288P d\u00e9tect\u00e9 dans la ceinture principale en septembre 2016\" class=\"wp-image-2374\"\/><figcaption class=\"wp-element-caption\"><strong>Premier ast\u00e9ro\u00efde actif VW139\/288P d\u00e9tect\u00e9 dans la ceinture principale en septembre&nbsp;2016.<\/strong> <small>Cr\u00e9dit&nbsp;: Nasa\/Esa\/J. DePasquale\/Z. Levay (STScI)<\/small><\/figcaption><\/figure>\n<\/div>\n\n\t\t\t\t\t\t<div style=\"margin-bottom: 18px;\">\t\t\t\t<a rel=\"nofollow\" href=\"https:\/\/www.stelvision.com\/astro\/boutique\/le-ciel-au-telescope\/?ref=bottom\">\r\n\t\t\t\t\t<img decoding=\"async\" src=\"https:\/\/www.stelvision.com\/astro\/wp-content\/uploads\/2025\/10\/Ciel-au-telescope-1200x900-1.webp\" alt=\"visuel publicitaire livre le Ciel au t\u00e9lescope\" class=\"img-responsive\">\r\n\t\t\t\t<\/a>\r\n\t\t\t\t<p style=\"text-align: center; margin-bottom: 0em; margin-top: 0.25em;\"><strong><a rel=\"nofollow\" href=\"https:\/\/www.stelvision.com\/astro\/boutique\/le-ciel-au-telescope\/?ref=bottom\">Le Ciel au t\u00e9lescope, le guide indispensable pour r\u00e9ussir vos observations<\/a><\/strong><\/p>\r\n\t\t\t<\/div>\n\n\n\n<h2 class=\"wp-block-heading\">Rosetta, une mission historique<\/h2>\n\n\n\n<p>Jusqu&rsquo;\u00e0 pr\u00e9sent, dix sondes ont contribu\u00e9 \u00e0 l&rsquo;\u00e9tude des noyaux com\u00e9taires. Les quatre premi\u00e8res (Vega&nbsp;1, Sakigake, Suisei et Giotto) se sont approch\u00e9es de la com\u00e8te de Halley en 1986. Les am\u00e9ricaines Deep Space&nbsp;1, Stardust (pr\u00e9l\u00e8vement de poussi\u00e8res de la com\u00e8te 81P\/Wild) et Deep Impact (envoi d&rsquo;un impacteur sur la com\u00e8te Tempel&nbsp;1) sont notables. Mais c&rsquo;est la mission Rosetta de l&rsquo;<a href=\"https:\/\/www.esa.int\/\">Agence spatiale europ\u00e9enne<\/a> (Esa) lanc\u00e9e en&nbsp;2004 qui a marqu\u00e9 l&rsquo;Histoire.<\/p>\n\n\n\n<p>La sonde s&rsquo;est plac\u00e9e en orbite autour de la&nbsp;com\u00e8te 67P\/Tchourioumov-Gu\u00e9rassimenko le 6&nbsp;ao\u00fbt&nbsp;2014. Elle a ensuite envoy\u00e9 son petit atterrisseur Philae sur la surface de la com\u00e8te. Deux grandes premi\u00e8res.<\/p>\n\n\n\n<p>La vid\u00e9o ci-dessous montre l&rsquo;atterrissage de Philae sur Tchouri tel que l&rsquo;Agence spatiale europ\u00e9enne l&rsquo;avait pr\u00e9vu&nbsp;:<\/p>\n\n\n<p><iframe loading=\"lazy\" title=\"YouTube video player\" src=\"https:\/\/www.youtube.com\/embed\/fO3oMtm9jBs?si=HUOqGK1IK0wGw71_\" width=\"560\" height=\"315\" frameborder=\"0\" allowfullscreen=\"allowfullscreen\"><\/iframe><\/p>\n\n\n<p>Cette seconde vid\u00e9o reconstitue l&rsquo;atterrissage r\u00e9el de Philae sur 67P&#8230;<\/p>\n\n\n<p><iframe loading=\"lazy\" title=\"YouTube video player\" src=\"https:\/\/www.youtube.com\/embed\/deca96IdtMw?si=vglONhE7tF5i5Vd7\" width=\"560\" height=\"315\" frameborder=\"0\" allowfullscreen=\"allowfullscreen\"><\/iframe><\/p>\n\n\n<h3 class=\"wp-block-heading\">Un atterrissage compliqu\u00e9&#8230;<\/h3>\n\n\n\n<p>Eh oui, tout ne s&rsquo;est pas d\u00e9roul\u00e9 comme pr\u00e9vu pour le petit atterrisseur \u00e0 trois pattes. Alors que la com\u00e8te se trouve \u00e0 650&nbsp;millions de kilom\u00e8tres de la Terre et apr\u00e8s 10&nbsp;ans d&rsquo;attente, Philae doit se poser tranquillement \u00e0 la surface d&rsquo;une com\u00e8te 67P voyageant alors \u00e0 135&nbsp;000&nbsp;km\/h. Mais \u00e0 cause de la faible gravit\u00e9 sur la com\u00e8te, Philae qui p\u00e8se pourtant 100 kilogrammes&nbsp;ne repr\u00e9sente que l&rsquo;\u00e9quivalent d&rsquo;un gramme \u00e0 la surface de la Terre.<\/p>\n\n\n\n<p>Au moment de l&rsquo;atterrissage, un propulseur de gaz et deux harpons doivent donc permettre d&rsquo;ancrer Philae au sol. Mais aucun de ces dispositifs ne fonctionne. Le petit module rebondit alors deux fois avant de terminer sa course \u00e0 plus d&rsquo;un kilom\u00e8tre de son point de chute initial, contre une paroi, une partie de ses panneaux solaires dans l&rsquo;ombre.<\/p>\n\n\n\n<p>Heureusement, Philae peut quand m\u00eame fonctionner pendant un peu plus de 60&nbsp;heures gr\u00e2ce \u00e0 quelques cr\u00e9neaux d&rsquo;ensoleillement qui permettent d&rsquo;alimenter sa batterie au lithium. Avec en plus les donn\u00e9es de l&rsquo;orbiteur Rosetta, notre connaissance des com\u00e8tes s&rsquo;est consid\u00e9rablement am\u00e9lior\u00e9e.<\/p>\n\n\n<div class=\"wp-block-image size-full wp-image-2334\">\n<figure class=\"aligncenter\"><img decoding=\"async\" width=\"487\" height=\"487\" src=\"https:\/\/www.stelvision.com\/astro\/wp-content\/uploads\/2018\/09\/67P_credit_ESA_Rosetta_MPS_for_OSIRIS_Team_MPS_UPD_LAM_IAA_SSO_INTA_UPM_DASP_IDA.jpg\" alt=\"Photo de la com\u00e8te Tchouri en noir et blanc.\" class=\"wp-image-2334\" srcset=\"https:\/\/www.stelvision.com\/astro\/wp-content\/uploads\/2018\/09\/67P_credit_ESA_Rosetta_MPS_for_OSIRIS_Team_MPS_UPD_LAM_IAA_SSO_INTA_UPM_DASP_IDA.jpg 487w, https:\/\/www.stelvision.com\/astro\/wp-content\/uploads\/2018\/09\/67P_credit_ESA_Rosetta_MPS_for_OSIRIS_Team_MPS_UPD_LAM_IAA_SSO_INTA_UPM_DASP_IDA-150x150.jpg 150w, https:\/\/www.stelvision.com\/astro\/wp-content\/uploads\/2018\/09\/67P_credit_ESA_Rosetta_MPS_for_OSIRIS_Team_MPS_UPD_LAM_IAA_SSO_INTA_UPM_DASP_IDA-300x300.jpg 300w, https:\/\/www.stelvision.com\/astro\/wp-content\/uploads\/2018\/09\/67P_credit_ESA_Rosetta_MPS_for_OSIRIS_Team_MPS_UPD_LAM_IAA_SSO_INTA_UPM_DASP_IDA-368x368.jpg 368w, https:\/\/www.stelvision.com\/astro\/wp-content\/uploads\/2018\/09\/67P_credit_ESA_Rosetta_MPS_for_OSIRIS_Team_MPS_UPD_LAM_IAA_SSO_INTA_UPM_DASP_IDA-270x270.jpg 270w, https:\/\/www.stelvision.com\/astro\/wp-content\/uploads\/2018\/09\/67P_credit_ESA_Rosetta_MPS_for_OSIRIS_Team_MPS_UPD_LAM_IAA_SSO_INTA_UPM_DASP_IDA-62x62.jpg 62w, https:\/\/www.stelvision.com\/astro\/wp-content\/uploads\/2018\/09\/67P_credit_ESA_Rosetta_MPS_for_OSIRIS_Team_MPS_UPD_LAM_IAA_SSO_INTA_UPM_DASP_IDA-100x100.jpg 100w\" sizes=\"(max-width: 487px) 100vw, 487px\" \/><figcaption class=\"wp-element-caption\"><strong>La com\u00e8te Tchouri&nbsp;r\u00e9sulterait de la collision de deux com\u00e8tes plus petites.<\/strong> <small>Cr\u00e9dit&nbsp;: ESA\/Rosetta\/MPS for OSIRIS Team MPS\/UPD\/LAM\/IAA\/SSO\/INTA\/UPM\/DASP\/IDA<\/small><\/figcaption><\/figure>\n<\/div>\n\n\n<h3 class=\"wp-block-heading\">&#8230; mais des r\u00e9sultats in\u00e9dits<\/h3>\n\n\n\n<p>Tout d&rsquo;abord, les quatre appareils photos de l&rsquo;orbiteur et de l&rsquo;atterrisseur ont pour la premi\u00e8re fois permis de voir de pr\u00e8s l\u2019apparence du sol com\u00e9taire. Il est tr\u00e8s noir, fissur\u00e9 et compos\u00e9 de poussi\u00e8res de tailles diff\u00e9rentes.<\/p>\n\n\n\n<p>La mission Rosetta a \u00e9galement mis en lumi\u00e8re la forte proportion de mati\u00e8re organique dans les com\u00e8tes.&nbsp;L\u2019\u00e9tude des d\u00e9gazages de Tchouri par l&rsquo;orbiteur a mis en \u00e9vidence de petits grains riches en carbone, en hydrog\u00e8ne ou encore en oxyg\u00e8ne. Les grains de glace et de poussi\u00e8res min\u00e9rales \u00e9taient bien pr\u00e9sents, mais en minorit\u00e9&nbsp;! On a aussi d\u00e9tect\u00e9 de la glycine dans la queue de la com\u00e8te. Cet acide amin\u00e9 entre dans la composition de l\u2019ADN humain&#8230;<\/p>\n\n\n<div class=\"wp-block-image size-full wp-image-2322\">\n<figure class=\"aligncenter\"><img decoding=\"async\" width=\"1024\" height=\"1024\" src=\"https:\/\/www.stelvision.com\/astro\/wp-content\/uploads\/2018\/09\/Rosetta_OSIRIS_NAC_animation_credit_Esa.gif\" alt=\"Film en noir et blanc qui montre la rotation de la com\u00e8te 67P sur elle-m\u00eame, vue par la sonde Rosetta.\" class=\"wp-image-2322\"\/><figcaption class=\"wp-element-caption\"><strong>La com\u00e8te 67P vue par la sonde Rosetta.<\/strong> <small>Cr\u00e9dit&nbsp;: Esa<\/small><\/figcaption><\/figure>\n<\/div>\n\n\n<p>Philae a lui \u00ab\u00a0renifl\u00e9\u00a0\u00bb les gaz et les poussi\u00e8res volatiles en surface et rep\u00e9r\u00e9 16&nbsp;mol\u00e9cules organiques diff\u00e9rentes. Compos\u00e9es de carbone, d\u2019oxyg\u00e8ne, d\u2019hydrog\u00e8ne ou d\u2019azote, quatre d&rsquo;entre elles&nbsp;n\u2019avaient encore jamais \u00e9t\u00e9 d\u00e9tect\u00e9es dans l\u2019espace&nbsp;! Cela renforce l\u2019hypoth\u00e8se que ce sont les com\u00e8tes qui auraient amen\u00e9 les premi\u00e8res briques du vivant sur Terre, lors d\u2019un bombardement intensif il y a pr\u00e8s de 4&nbsp;milliards d\u2019ann\u00e9es.<\/p>\n\n\n\n<p>Jusqu&rsquo;\u00e0 pr\u00e9sent, les astrophysiciens pensaient que le magn\u00e9tisme avait jou\u00e9 un r\u00f4le important dans la naissance des com\u00e8tes au moment de la formation du Syst\u00e8me solaire. Il aurait permis l\u2019agglom\u00e9ration des poussi\u00e8res, attir\u00e9es les unes vers les autres par leurs composants m\u00e9talliques. Cependant, les rebonds impr\u00e9vus de Philae ont permis de mesurer le champ magn\u00e9tique de Tchouri en plusieurs points. R\u00e9sultat&nbsp;: la com\u00e8te n&rsquo;est pas magn\u00e9tique&nbsp;!&nbsp;La th\u00e9orie ne se v\u00e9rifie donc pas dans le cas de 67P.<\/p>\n\n\n\n<p>Enfin, puisque Rosetta est la seule sonde a avoir jamais \u00e9t\u00e9 mise en orbite autour d&rsquo;une com\u00e8te, on a pu pour la premi\u00e8re fois en scruter l&rsquo;int\u00e9rieur. Il en r\u00e9sulte que Tchouri est tr\u00e8s poreuse&nbsp;: elle contient plus de 70&nbsp;% de vide ! Sa densit\u00e9 est comprise entre 0,4 et 0,5, ce qui signifie&#8230; qu&rsquo;elle flotterait dans l&rsquo;eau&nbsp;!<\/p>\n\n\n\n<h2 class=\"wp-block-heading\">L&rsquo;Esa veut intercepter une com\u00e8te<\/h2>\n\n\n\n<p>Pour finir, int\u00e9ressons-nous \u00e0 la mission Comet Interceptor que l&rsquo;Esa pr\u00e9voit de lancer en&nbsp;2029. Son but est de survoler une com\u00e8te &#8211;&nbsp;on ne sait pas encore laquelle&nbsp;&#8211; dans son \u00e9tat d&rsquo;origine, c&rsquo;est-\u00e0-dire une com\u00e8te qui n&rsquo;est pas encore pass\u00e9e proche du Soleil et dont la structure reste inchang\u00e9e depuis sa cr\u00e9ation. Ou alors, m\u00eame si la probabilit\u00e9 est faible, la mission envisage si l&rsquo;occasion se pr\u00e9sente de survoler un <a href=\"https:\/\/www.stelvision.com\/astro\/oumuamua-ce-voyageur-interstellaire-qui-a-cree-la-polemique\/\">objet interstellaire<\/a>, en provenance d&rsquo;un autre syst\u00e8me stellaire que le n\u00f4tre&#8230;<\/p>\n\n\n\n<p>Le concept est une premi\u00e8re, car toutes les com\u00e8tes observ\u00e9es jusqu&rsquo;\u00e0 pr\u00e9sent avaient d\u00e9j\u00e0 effectu\u00e9 plusieurs passages pr\u00e8s du Soleil. L&rsquo;objectif final est ainsi de mettre en lumi\u00e8re des informations in\u00e9dites sur le processus de formation du Syst\u00e8me solaire, et sur les mat\u00e9riaux de la <a href=\"https:\/\/www.stelvision.com\/astro\/formation-du-systeme-solaire\/\">n\u00e9buleuse solaire<\/a>.<\/p>\n\n\n<div class=\"wp-block-image size-full wp-image-36888\">\n<figure class=\"aligncenter\"><img decoding=\"async\" width=\"1024\" height=\"681\" src=\"https:\/\/www.stelvision.com\/astro\/wp-content\/uploads\/2018\/10\/comet_interceptor_credit_Thales_Alenia_Space.jpg\" alt=\"Vue d'artiste de Comet Interceptor : on voit une sonde assez classique, corps dor\u00e9 carr\u00e9 avec panneaux solaires bleu fonc\u00e9, devant une com\u00e8te \u00e0 la queue violette. En fond en bas de l'image, la courbure de la Terre, et en fond sur le reste de l'image jusqu'en haut un ciel noir \u00e9toil\u00e9.  \" class=\"wp-image-36888\" srcset=\"https:\/\/www.stelvision.com\/astro\/wp-content\/uploads\/2018\/10\/comet_interceptor_credit_Thales_Alenia_Space.jpg 1024w, https:\/\/www.stelvision.com\/astro\/wp-content\/uploads\/2018\/10\/comet_interceptor_credit_Thales_Alenia_Space-300x200.jpg 300w, https:\/\/www.stelvision.com\/astro\/wp-content\/uploads\/2018\/10\/comet_interceptor_credit_Thales_Alenia_Space-768x511.jpg 768w, https:\/\/www.stelvision.com\/astro\/wp-content\/uploads\/2018\/10\/comet_interceptor_credit_Thales_Alenia_Space-750x499.jpg 750w, https:\/\/www.stelvision.com\/astro\/wp-content\/uploads\/2018\/10\/comet_interceptor_credit_Thales_Alenia_Space-570x379.jpg 570w, https:\/\/www.stelvision.com\/astro\/wp-content\/uploads\/2018\/10\/comet_interceptor_credit_Thales_Alenia_Space-368x245.jpg 368w, https:\/\/www.stelvision.com\/astro\/wp-content\/uploads\/2018\/10\/comet_interceptor_credit_Thales_Alenia_Space-270x180.jpg 270w, https:\/\/www.stelvision.com\/astro\/wp-content\/uploads\/2018\/10\/comet_interceptor_credit_Thales_Alenia_Space-1000x665.jpg 1000w\" sizes=\"(max-width: 1024px) 100vw, 1024px\" \/><figcaption class=\"wp-element-caption\"><strong>Vue d&rsquo;artiste de la mission Comet Interceptor.<\/strong><small> Cr\u00e9dit&nbsp;: Thales Alenia Space<\/small><\/figcaption><\/figure>\n<\/div>\n\n\n<p>S\u00e9lectionn\u00e9e en juin&nbsp;2019, Comet Interceptor devrait emporter dix instruments scientifiques. Deux sous-satellites qui seront largu\u00e9s peu avant le survol sont aussi pr\u00e9vus pour reconstituer la com\u00e8te en 3D. La sonde spatiale sera d&rsquo;abord plac\u00e9e en position d&rsquo;attente au point de Lagrange L<sub>2<\/sub>. Puis, les grands observatoires terrestres serviront \u00e0 d\u00e9tecter et choisir une cible. Cette phase de s\u00e9lection devra avoir lieu suffisamment en amont de l&rsquo;interception, afin que l&rsquo;objet choisi n&rsquo;ait pas le temps de s&rsquo;approcher du Soleil et donc d&rsquo;\u00eatre d\u00e9t\u00e9rior\u00e9. La mission a \u00e9t\u00e9 confirm\u00e9e en juin 2022, \u00e0 l&rsquo;issue de la phase de faisabilit\u00e9.<\/p>\n\n\n\t\t\t\t\t\t<div style=\"margin-bottom: 18px;\">\t\t\t\t<a rel=\"nofollow\" href=\"https:\/\/www.stelvision.com\/astro\/boutique\/le-ciel-au-telescope\/?ref=bottom\">\r\n\t\t\t\t\t<img decoding=\"async\" src=\"https:\/\/www.stelvision.com\/astro\/wp-content\/uploads\/2025\/10\/Ciel-au-telescope-1200x900-1.webp\" alt=\"visuel publicitaire livre le Ciel au t\u00e9lescope\" class=\"img-responsive\">\r\n\t\t\t\t<\/a>\r\n\t\t\t\t<p style=\"text-align: center; margin-bottom: 0em; margin-top: 0.25em;\"><strong><a rel=\"nofollow\" href=\"https:\/\/www.stelvision.com\/astro\/boutique\/le-ciel-au-telescope\/?ref=bottom\">Le Ciel au t\u00e9lescope, le guide indispensable pour r\u00e9ussir vos observations<\/a><\/strong><\/p>\r\n\t\t\t<\/div>\n","protected":false},"excerpt":{"rendered":"<p>Les com\u00e8tes \u00e9merveillent par leur chevelure brillante caract\u00e9ristique. Lorsqu&rsquo;elles approchent suffisamment la Terre, il est possible de les distinguer \u00e0 l\u2019\u0153il nu. Le point sur la composition et l&rsquo;origine de ces astres, ainsi que sur la mission Rosetta, la seule \u00e0 avoir jamais atterri sur une com\u00e8te.   <\/p>\n","protected":false},"author":4,"featured_media":2300,"comment_status":"closed","ping_status":"closed","sticky":false,"template":"","format":"standard","meta":{"_acf_changed":false,"footnotes":""},"categories":[3],"tags":[],"class_list":["post-2280","post","type-post","status-publish","format-standard","has-post-thumbnail","hentry","category-science-espace"],"acf":[],"yoast_head":"<!-- This site is optimized with the Yoast SEO plugin v27.1.1 - https:\/\/yoast.com\/product\/yoast-seo-wordpress\/ -->\n<title>Qu&#039;est-ce qu&#039;une com\u00e8te ? Notre dossier pour comprendre<\/title>\n<meta name=\"description\" content=\"Le point sur la composition et l&#039;origine des com\u00e8tes, ainsi que sur la mission Rosetta, la seule \u00e0 avoir jamais atterri sur une com\u00e8te.\" \/>\n<meta name=\"robots\" content=\"index, follow, max-snippet:-1, max-image-preview:large, max-video-preview:-1\" \/>\n<link rel=\"canonical\" href=\"https:\/\/www.stelvision.com\/astro\/comprendre-les-cometes\/\" \/>\n<meta property=\"og:locale\" content=\"fr_FR\" \/>\n<meta property=\"og:type\" content=\"article\" \/>\n<meta property=\"og:title\" content=\"Qu&#039;est-ce qu&#039;une com\u00e8te ? Notre dossier pour comprendre\" \/>\n<meta property=\"og:description\" content=\"Le point sur la composition et l&#039;origine des com\u00e8tes, ainsi que sur la mission Rosetta, la seule \u00e0 avoir jamais atterri sur une com\u00e8te.\" \/>\n<meta property=\"og:url\" content=\"https:\/\/www.stelvision.com\/astro\/comprendre-les-cometes\/\" \/>\n<meta property=\"og:site_name\" content=\"Stelvision\" \/>\n<meta property=\"article:publisher\" content=\"https:\/\/www.facebook.com\/people\/Stelvision\/100063368192331\/\" \/>\n<meta property=\"article:published_time\" content=\"2018-10-04T07:15:57+00:00\" \/>\n<meta property=\"article:modified_time\" content=\"2025-09-30T14:45:05+00:00\" \/>\n<meta property=\"og:image\" content=\"https:\/\/www.stelvision.com\/astro\/wp-content\/uploads\/2018\/09\/Panstarrs_comet_jan2018_credit_Gerald_Rhemann.jpg\" \/>\n\t<meta property=\"og:image:width\" content=\"610\" \/>\n\t<meta property=\"og:image:height\" content=\"408\" \/>\n\t<meta property=\"og:image:type\" content=\"image\/jpeg\" \/>\n<meta name=\"author\" content=\"Fleur Olagnier\" \/>\n<meta name=\"twitter:card\" content=\"summary_large_image\" \/>\n<meta name=\"twitter:label1\" content=\"\u00c9crit par\" \/>\n\t<meta name=\"twitter:data1\" content=\"Fleur Olagnier\" \/>\n\t<meta name=\"twitter:label2\" content=\"Dur\u00e9e de lecture estim\u00e9e\" \/>\n\t<meta name=\"twitter:data2\" content=\"11 minutes\" \/>\n<script type=\"application\/ld+json\" class=\"yoast-schema-graph\">{\"@context\":\"https:\/\/schema.org\",\"@graph\":[{\"@type\":\"Article\",\"@id\":\"https:\/\/www.stelvision.com\/astro\/comprendre-les-cometes\/#article\",\"isPartOf\":{\"@id\":\"https:\/\/www.stelvision.com\/astro\/comprendre-les-cometes\/\"},\"author\":{\"name\":\"Fleur Olagnier\",\"@id\":\"https:\/\/www.stelvision.com\/astro\/#\/schema\/person\/2bd39a1758d0f80250c83297259fc36b\"},\"headline\":\"Qu&rsquo;est-ce qu&rsquo;une com\u00e8te&nbsp;?\",\"datePublished\":\"2018-10-04T07:15:57+00:00\",\"dateModified\":\"2025-09-30T14:45:05+00:00\",\"mainEntityOfPage\":{\"@id\":\"https:\/\/www.stelvision.com\/astro\/comprendre-les-cometes\/\"},\"wordCount\":2123,\"publisher\":{\"@id\":\"https:\/\/www.stelvision.com\/astro\/#organization\"},\"image\":{\"@id\":\"https:\/\/www.stelvision.com\/astro\/comprendre-les-cometes\/#primaryimage\"},\"thumbnailUrl\":\"https:\/\/www.stelvision.com\/astro\/wp-content\/uploads\/2018\/09\/Panstarrs_comet_jan2018_credit_Gerald_Rhemann.jpg\",\"articleSection\":[\"Science &amp; Espace\"],\"inLanguage\":\"fr-FR\"},{\"@type\":\"WebPage\",\"@id\":\"https:\/\/www.stelvision.com\/astro\/comprendre-les-cometes\/\",\"url\":\"https:\/\/www.stelvision.com\/astro\/comprendre-les-cometes\/\",\"name\":\"Qu'est-ce qu'une com\u00e8te ? Notre dossier pour comprendre\",\"isPartOf\":{\"@id\":\"https:\/\/www.stelvision.com\/astro\/#website\"},\"primaryImageOfPage\":{\"@id\":\"https:\/\/www.stelvision.com\/astro\/comprendre-les-cometes\/#primaryimage\"},\"image\":{\"@id\":\"https:\/\/www.stelvision.com\/astro\/comprendre-les-cometes\/#primaryimage\"},\"thumbnailUrl\":\"https:\/\/www.stelvision.com\/astro\/wp-content\/uploads\/2018\/09\/Panstarrs_comet_jan2018_credit_Gerald_Rhemann.jpg\",\"datePublished\":\"2018-10-04T07:15:57+00:00\",\"dateModified\":\"2025-09-30T14:45:05+00:00\",\"description\":\"Le point sur la composition et l'origine des com\u00e8tes, ainsi que sur la mission Rosetta, la seule \u00e0 avoir jamais atterri sur une com\u00e8te.\",\"breadcrumb\":{\"@id\":\"https:\/\/www.stelvision.com\/astro\/comprendre-les-cometes\/#breadcrumb\"},\"inLanguage\":\"fr-FR\",\"potentialAction\":[{\"@type\":\"ReadAction\",\"target\":[\"https:\/\/www.stelvision.com\/astro\/comprendre-les-cometes\/\"]}]},{\"@type\":\"ImageObject\",\"inLanguage\":\"fr-FR\",\"@id\":\"https:\/\/www.stelvision.com\/astro\/comprendre-les-cometes\/#primaryimage\",\"url\":\"https:\/\/www.stelvision.com\/astro\/wp-content\/uploads\/2018\/09\/Panstarrs_comet_jan2018_credit_Gerald_Rhemann.jpg\",\"contentUrl\":\"https:\/\/www.stelvision.com\/astro\/wp-content\/uploads\/2018\/09\/Panstarrs_comet_jan2018_credit_Gerald_Rhemann.jpg\",\"width\":610,\"height\":408,\"caption\":\"Com\u00e8te PanSTARRS d\u00e9couverte en 2016 et observ\u00e9e en janvier 2018 \u00e0 3 UA du Soleil. Cr\u00e9dit : Gerald Rhemann\"},{\"@type\":\"BreadcrumbList\",\"@id\":\"https:\/\/www.stelvision.com\/astro\/comprendre-les-cometes\/#breadcrumb\",\"itemListElement\":[{\"@type\":\"ListItem\",\"position\":1,\"name\":\"Accueil\",\"item\":\"https:\/\/www.stelvision.com\/astro\/\"},{\"@type\":\"ListItem\",\"position\":2,\"name\":\"Qu&#8217;est-ce qu&#8217;une com\u00e8te&nbsp;?\"}]},{\"@type\":\"WebSite\",\"@id\":\"https:\/\/www.stelvision.com\/astro\/#website\",\"url\":\"https:\/\/www.stelvision.com\/astro\/\",\"name\":\"Stelvision\",\"description\":\"conseils, livres et mat\u00e9riel d&#039;observation du ciel\",\"publisher\":{\"@id\":\"https:\/\/www.stelvision.com\/astro\/#organization\"},\"potentialAction\":[{\"@type\":\"SearchAction\",\"target\":{\"@type\":\"EntryPoint\",\"urlTemplate\":\"https:\/\/www.stelvision.com\/astro\/?s={search_term_string}\"},\"query-input\":{\"@type\":\"PropertyValueSpecification\",\"valueRequired\":true,\"valueName\":\"search_term_string\"}}],\"inLanguage\":\"fr-FR\"},{\"@type\":\"Organization\",\"@id\":\"https:\/\/www.stelvision.com\/astro\/#organization\",\"name\":\"Stelvision\",\"url\":\"https:\/\/www.stelvision.com\/astro\/\",\"logo\":{\"@type\":\"ImageObject\",\"inLanguage\":\"fr-FR\",\"@id\":\"https:\/\/www.stelvision.com\/astro\/#\/schema\/logo\/image\/\",\"url\":\"https:\/\/www.stelvision.com\/astro\/wp-content\/uploads\/2019\/03\/logo_lisse_bleu_Stelvision_600.png\",\"contentUrl\":\"https:\/\/www.stelvision.com\/astro\/wp-content\/uploads\/2019\/03\/logo_lisse_bleu_Stelvision_600.png\",\"width\":600,\"height\":277,\"caption\":\"Stelvision\"},\"image\":{\"@id\":\"https:\/\/www.stelvision.com\/astro\/#\/schema\/logo\/image\/\"},\"sameAs\":[\"https:\/\/www.facebook.com\/people\/Stelvision\/100063368192331\/\"]},{\"@type\":\"Person\",\"@id\":\"https:\/\/www.stelvision.com\/astro\/#\/schema\/person\/2bd39a1758d0f80250c83297259fc36b\",\"name\":\"Fleur Olagnier\",\"url\":\"https:\/\/www.stelvision.com\/astro\/author\/fo-stel3\/\"}]}<\/script>\n<!-- \/ Yoast SEO plugin. -->","yoast_head_json":{"title":"Qu'est-ce qu'une com\u00e8te ? Notre dossier pour comprendre","description":"Le point sur la composition et l'origine des com\u00e8tes, ainsi que sur la mission Rosetta, la seule \u00e0 avoir jamais atterri sur une com\u00e8te.","robots":{"index":"index","follow":"follow","max-snippet":"max-snippet:-1","max-image-preview":"max-image-preview:large","max-video-preview":"max-video-preview:-1"},"canonical":"https:\/\/www.stelvision.com\/astro\/comprendre-les-cometes\/","og_locale":"fr_FR","og_type":"article","og_title":"Qu'est-ce qu'une com\u00e8te ? Notre dossier pour comprendre","og_description":"Le point sur la composition et l'origine des com\u00e8tes, ainsi que sur la mission Rosetta, la seule \u00e0 avoir jamais atterri sur une com\u00e8te.","og_url":"https:\/\/www.stelvision.com\/astro\/comprendre-les-cometes\/","og_site_name":"Stelvision","article_publisher":"https:\/\/www.facebook.com\/people\/Stelvision\/100063368192331\/","article_published_time":"2018-10-04T07:15:57+00:00","article_modified_time":"2025-09-30T14:45:05+00:00","og_image":[{"width":610,"height":408,"url":"https:\/\/www.stelvision.com\/astro\/wp-content\/uploads\/2018\/09\/Panstarrs_comet_jan2018_credit_Gerald_Rhemann.jpg","type":"image\/jpeg"}],"author":"Fleur Olagnier","twitter_card":"summary_large_image","twitter_misc":{"\u00c9crit par":"Fleur Olagnier","Dur\u00e9e de lecture estim\u00e9e":"11 minutes"},"schema":{"@context":"https:\/\/schema.org","@graph":[{"@type":"Article","@id":"https:\/\/www.stelvision.com\/astro\/comprendre-les-cometes\/#article","isPartOf":{"@id":"https:\/\/www.stelvision.com\/astro\/comprendre-les-cometes\/"},"author":{"name":"Fleur Olagnier","@id":"https:\/\/www.stelvision.com\/astro\/#\/schema\/person\/2bd39a1758d0f80250c83297259fc36b"},"headline":"Qu&rsquo;est-ce qu&rsquo;une com\u00e8te&nbsp;?","datePublished":"2018-10-04T07:15:57+00:00","dateModified":"2025-09-30T14:45:05+00:00","mainEntityOfPage":{"@id":"https:\/\/www.stelvision.com\/astro\/comprendre-les-cometes\/"},"wordCount":2123,"publisher":{"@id":"https:\/\/www.stelvision.com\/astro\/#organization"},"image":{"@id":"https:\/\/www.stelvision.com\/astro\/comprendre-les-cometes\/#primaryimage"},"thumbnailUrl":"https:\/\/www.stelvision.com\/astro\/wp-content\/uploads\/2018\/09\/Panstarrs_comet_jan2018_credit_Gerald_Rhemann.jpg","articleSection":["Science &amp; Espace"],"inLanguage":"fr-FR"},{"@type":"WebPage","@id":"https:\/\/www.stelvision.com\/astro\/comprendre-les-cometes\/","url":"https:\/\/www.stelvision.com\/astro\/comprendre-les-cometes\/","name":"Qu'est-ce qu'une com\u00e8te ? Notre dossier pour comprendre","isPartOf":{"@id":"https:\/\/www.stelvision.com\/astro\/#website"},"primaryImageOfPage":{"@id":"https:\/\/www.stelvision.com\/astro\/comprendre-les-cometes\/#primaryimage"},"image":{"@id":"https:\/\/www.stelvision.com\/astro\/comprendre-les-cometes\/#primaryimage"},"thumbnailUrl":"https:\/\/www.stelvision.com\/astro\/wp-content\/uploads\/2018\/09\/Panstarrs_comet_jan2018_credit_Gerald_Rhemann.jpg","datePublished":"2018-10-04T07:15:57+00:00","dateModified":"2025-09-30T14:45:05+00:00","description":"Le point sur la composition et l'origine des com\u00e8tes, ainsi que sur la mission Rosetta, la seule \u00e0 avoir jamais atterri sur une com\u00e8te.","breadcrumb":{"@id":"https:\/\/www.stelvision.com\/astro\/comprendre-les-cometes\/#breadcrumb"},"inLanguage":"fr-FR","potentialAction":[{"@type":"ReadAction","target":["https:\/\/www.stelvision.com\/astro\/comprendre-les-cometes\/"]}]},{"@type":"ImageObject","inLanguage":"fr-FR","@id":"https:\/\/www.stelvision.com\/astro\/comprendre-les-cometes\/#primaryimage","url":"https:\/\/www.stelvision.com\/astro\/wp-content\/uploads\/2018\/09\/Panstarrs_comet_jan2018_credit_Gerald_Rhemann.jpg","contentUrl":"https:\/\/www.stelvision.com\/astro\/wp-content\/uploads\/2018\/09\/Panstarrs_comet_jan2018_credit_Gerald_Rhemann.jpg","width":610,"height":408,"caption":"Com\u00e8te PanSTARRS d\u00e9couverte en 2016 et observ\u00e9e en janvier 2018 \u00e0 3 UA du Soleil. Cr\u00e9dit : Gerald Rhemann"},{"@type":"BreadcrumbList","@id":"https:\/\/www.stelvision.com\/astro\/comprendre-les-cometes\/#breadcrumb","itemListElement":[{"@type":"ListItem","position":1,"name":"Accueil","item":"https:\/\/www.stelvision.com\/astro\/"},{"@type":"ListItem","position":2,"name":"Qu&#8217;est-ce qu&#8217;une com\u00e8te&nbsp;?"}]},{"@type":"WebSite","@id":"https:\/\/www.stelvision.com\/astro\/#website","url":"https:\/\/www.stelvision.com\/astro\/","name":"Stelvision","description":"conseils, livres et mat\u00e9riel d&#039;observation du ciel","publisher":{"@id":"https:\/\/www.stelvision.com\/astro\/#organization"},"potentialAction":[{"@type":"SearchAction","target":{"@type":"EntryPoint","urlTemplate":"https:\/\/www.stelvision.com\/astro\/?s={search_term_string}"},"query-input":{"@type":"PropertyValueSpecification","valueRequired":true,"valueName":"search_term_string"}}],"inLanguage":"fr-FR"},{"@type":"Organization","@id":"https:\/\/www.stelvision.com\/astro\/#organization","name":"Stelvision","url":"https:\/\/www.stelvision.com\/astro\/","logo":{"@type":"ImageObject","inLanguage":"fr-FR","@id":"https:\/\/www.stelvision.com\/astro\/#\/schema\/logo\/image\/","url":"https:\/\/www.stelvision.com\/astro\/wp-content\/uploads\/2019\/03\/logo_lisse_bleu_Stelvision_600.png","contentUrl":"https:\/\/www.stelvision.com\/astro\/wp-content\/uploads\/2019\/03\/logo_lisse_bleu_Stelvision_600.png","width":600,"height":277,"caption":"Stelvision"},"image":{"@id":"https:\/\/www.stelvision.com\/astro\/#\/schema\/logo\/image\/"},"sameAs":["https:\/\/www.facebook.com\/people\/Stelvision\/100063368192331\/"]},{"@type":"Person","@id":"https:\/\/www.stelvision.com\/astro\/#\/schema\/person\/2bd39a1758d0f80250c83297259fc36b","name":"Fleur Olagnier","url":"https:\/\/www.stelvision.com\/astro\/author\/fo-stel3\/"}]}},"_links":{"self":[{"href":"https:\/\/www.stelvision.com\/astro\/wp-json\/wp\/v2\/posts\/2280","targetHints":{"allow":["GET"]}}],"collection":[{"href":"https:\/\/www.stelvision.com\/astro\/wp-json\/wp\/v2\/posts"}],"about":[{"href":"https:\/\/www.stelvision.com\/astro\/wp-json\/wp\/v2\/types\/post"}],"author":[{"embeddable":true,"href":"https:\/\/www.stelvision.com\/astro\/wp-json\/wp\/v2\/users\/4"}],"replies":[{"embeddable":true,"href":"https:\/\/www.stelvision.com\/astro\/wp-json\/wp\/v2\/comments?post=2280"}],"version-history":[{"count":78,"href":"https:\/\/www.stelvision.com\/astro\/wp-json\/wp\/v2\/posts\/2280\/revisions"}],"predecessor-version":[{"id":71526,"href":"https:\/\/www.stelvision.com\/astro\/wp-json\/wp\/v2\/posts\/2280\/revisions\/71526"}],"wp:featuredmedia":[{"embeddable":true,"href":"https:\/\/www.stelvision.com\/astro\/wp-json\/wp\/v2\/media\/2300"}],"wp:attachment":[{"href":"https:\/\/www.stelvision.com\/astro\/wp-json\/wp\/v2\/media?parent=2280"}],"wp:term":[{"taxonomy":"category","embeddable":true,"href":"https:\/\/www.stelvision.com\/astro\/wp-json\/wp\/v2\/categories?post=2280"},{"taxonomy":"post_tag","embeddable":true,"href":"https:\/\/www.stelvision.com\/astro\/wp-json\/wp\/v2\/tags?post=2280"}],"curies":[{"name":"wp","href":"https:\/\/api.w.org\/{rel}","templated":true}]}}