{"id":33149,"date":"2021-04-23T14:28:52","date_gmt":"2021-04-23T12:28:52","guid":{"rendered":"https:\/\/www.stelvision.com\/astro\/?p=33149"},"modified":"2021-11-03T16:00:24","modified_gmt":"2021-11-03T15:00:24","slug":"oumuamua-ce-voyageur-interstellaire-qui-a-cree-la-polemique","status":"publish","type":"post","link":"https:\/\/www.stelvision.com\/astro\/oumuamua-ce-voyageur-interstellaire-qui-a-cree-la-polemique\/","title":{"rendered":"Oumuamua, ce voyageur interstellaire qui a cr\u00e9\u00e9 la pol\u00e9mique"},"content":{"rendered":"\n<p class=\"chapo\">D\u00e9tect\u00e9 pour la premi\u00e8re fois en octobre\u00a02017, Oumuamua est le tout premier objet interstellaire jamais rep\u00e9r\u00e9 par l\u2019Homme. En 2021, il a suscit\u00e9 beaucoup de discussions, notamment suite aux propos d&rsquo;un professeur d\u2019Harvard qui soutient que ce corps serait le vestige d\u2019une civilisation extraterrestre \u00ab\u00a0\u00e9volu\u00e9e\u00a0\u00bb&#8230; D\u00e9cryptage.<\/p>\n\n\n\n<div class=\"wp-block-image\"><figure class=\"aligncenter size-large\"><img decoding=\"async\" width=\"616\" height=\"323\" src=\"https:\/\/www.stelvision.com\/astro\/wp-content\/uploads\/2021\/04\/Oumuamua_William_Kenneth_Hartmann_jpg.jpg\" alt=\"Vue d'artiste du petit corps d'origine interstellaire Oumuamua. On voit sur un fond noir \u00e9toil\u00e9, un disque de couleur rouge\u00e2tre, irr\u00e9gulier, avec au milieu vers la droite un crat\u00e8re assez important.  \" class=\"wp-image-33363\" srcset=\"https:\/\/www.stelvision.com\/astro\/wp-content\/uploads\/2021\/04\/Oumuamua_William_Kenneth_Hartmann_jpg.jpg 616w, https:\/\/www.stelvision.com\/astro\/wp-content\/uploads\/2021\/04\/Oumuamua_William_Kenneth_Hartmann_jpg-300x157.jpg 300w, https:\/\/www.stelvision.com\/astro\/wp-content\/uploads\/2021\/04\/Oumuamua_William_Kenneth_Hartmann_jpg-570x299.jpg 570w, https:\/\/www.stelvision.com\/astro\/wp-content\/uploads\/2021\/04\/Oumuamua_William_Kenneth_Hartmann_jpg-368x193.jpg 368w, https:\/\/www.stelvision.com\/astro\/wp-content\/uploads\/2021\/04\/Oumuamua_William_Kenneth_Hartmann_jpg-270x142.jpg 270w\" sizes=\"(max-width: 616px) 100vw, 616px\" \/><figcaption><strong>Oumuamua pourrait avoir la forme d&rsquo;un \u00ab\u00a0pancake\u00a0\u00bb g\u00e9ant.<\/strong><small> Cr\u00e9dit&nbsp;: William Kenneth Hartmann<\/small><\/figcaption><\/figure><\/div>\n\n\n\n<p>A la suite de notre <a href=\"https:\/\/www.stelvision.com\/astro\/les-asteroides\/\">dossier sur les ast\u00e9ro\u00efdes<\/a>, nous vous avions parl\u00e9 d&rsquo;un zoom sur l&rsquo;\u00e9tonnant voyageur extrasolaire Oumuamua. Chose promise, chose due. <\/p>\n\n\n\n<p><em>\u00ab\u00a0Oumuamua pourrait \u00eatre une sonde pleinement op\u00e9rationnelle envoy\u00e9e intentionnellement \u00e0 proximit\u00e9 de la Terre par une civilisation extraterrestre\u00a0\u00bb, <\/em>affirme Avi Loeb, directeur du d\u00e9partement d\u2019astronomie de l&rsquo;universit\u00e9 de Harvard de 2011 \u00e0 2020, actuellement \u00e0 la t\u00eate de l\u2019<em>Institute for Theory and Computation<\/em> du prestigieux \u00e9tablissement am\u00e9ricain. <\/p>\n\n\n\n<div class=\"wp-block-image\"><figure class=\"aligncenter size-large\"><img decoding=\"async\" width=\"370\" height=\"683\" src=\"https:\/\/www.stelvision.com\/astro\/wp-content\/uploads\/2021\/04\/Avi_Loeb_expo_Fascination_of_Science_by_Herlinde_Koelbl_portraits_of_sixty__natural_scientists_Berlin-Brandenburg_Academy_of_Science_and_Humanities_2020-1.jpeg\" alt=\"Photo d'une grande photo en noir et blanc d'Avi Loeb (tableau) dans laquelle il montre la paume de sa main gauche avec \u00e9crit le message : &quot;Are we alone ?&quot;\" class=\"wp-image-33360\" srcset=\"https:\/\/www.stelvision.com\/astro\/wp-content\/uploads\/2021\/04\/Avi_Loeb_expo_Fascination_of_Science_by_Herlinde_Koelbl_portraits_of_sixty__natural_scientists_Berlin-Brandenburg_Academy_of_Science_and_Humanities_2020-1.jpeg 370w, https:\/\/www.stelvision.com\/astro\/wp-content\/uploads\/2021\/04\/Avi_Loeb_expo_Fascination_of_Science_by_Herlinde_Koelbl_portraits_of_sixty__natural_scientists_Berlin-Brandenburg_Academy_of_Science_and_Humanities_2020-1-163x300.jpeg 163w, https:\/\/www.stelvision.com\/astro\/wp-content\/uploads\/2021\/04\/Avi_Loeb_expo_Fascination_of_Science_by_Herlinde_Koelbl_portraits_of_sixty__natural_scientists_Berlin-Brandenburg_Academy_of_Science_and_Humanities_2020-1-368x679.jpeg 368w, https:\/\/www.stelvision.com\/astro\/wp-content\/uploads\/2021\/04\/Avi_Loeb_expo_Fascination_of_Science_by_Herlinde_Koelbl_portraits_of_sixty__natural_scientists_Berlin-Brandenburg_Academy_of_Science_and_Humanities_2020-1-270x498.jpeg 270w\" sizes=\"(max-width: 370px) 100vw, 370px\" \/><figcaption><strong>Portrait d&rsquo;Avi Loeb dans l&rsquo;exposition photo \u00ab\u00a0Fascination of Science\u00a0\u00bb (2020). <\/strong><small>Cr\u00e9dit&nbsp;: Herlinde Koelbl<\/small><\/figcaption><\/figure><\/div>\n\n\n\n<p>Physicien de formation, Avi Loeb d\u00e9fend l\u2019hypoth\u00e8se qu\u2019Oumuamua a \u00e9t\u00e9 con\u00e7u, construit et lanc\u00e9 par une intelligence venue d\u2019ailleurs. Une th\u00e9orie qui interpelle. Comment un professeur de sciences dures peut-il avancer une telle id\u00e9e&nbsp;? Que sait-on <em>vraiment <\/em>d\u2019Oumuamua&nbsp;?<\/p>\n\n\n\n<h2 class=\"wp-block-heading\">Trajectoire ouverte<\/h2>\n\n\n\n<p>Notre visiteur est d\u00e9tect\u00e9 pour la premi\u00e8re fois par le programme de relev\u00e9 astronomique de l&rsquo;universit\u00e9 de Hawa\u00ef Pan-STARRS, le 19&nbsp;octobre&nbsp;2017. Apr\u00e8s avoir fr\u00f4l\u00e9 le Soleil en septembre, il passe au plus proche de la Terre et entame le voyage de retour vers de lointaines contr\u00e9es. <em>\u00ab\u00a0Les calculs montrent que ce corps a une trajectoire ouverte, ou hyperbolique, c\u2019est-\u00e0-dire non gravitationnellement li\u00e9e au <a href=\"https:\/\/www.stelvision.com\/astro\/le-soleil-notre-bonne-etoile\/\">Soleil<\/a><\/em>\u00ab\u00a0, explique Ya\u00ebl Naz\u00e9, ma\u00eetre de recherches FNRS \u00e0 l\u2019universit\u00e9 de Li\u00e8ge (Belgique) et sp\u00e9cialiste des <a href=\"https:\/\/www.stelvision.com\/astro\/les-etoiles-naissance-vie-et-mort\/\">\u00e9toiles massives<\/a><em>.<\/em> <\/p>\n\n\n\n<div class=\"wp-block-image\"><figure class=\"aligncenter size-large\"><img decoding=\"async\" width=\"768\" height=\"432\" src=\"https:\/\/www.stelvision.com\/astro\/wp-content\/uploads\/2021\/04\/path_of_Oumuamua_credit_Nasa_JPL_Caltech-1.jpg\" alt=\"Sch\u00e9ma sur fond noir de la trajectoire d'Oumuamua : on voit le Soleil point jaune au centre, entour\u00e9 de quatre ellipses blanches en perspective : les orbites de Mercure, Venus, la Terre et Mars. Au milieu de tout cela, passe Oumuamua, trajectoire hyperbolique qui s'approche du Soleil puis de la Terre et repart, dessin\u00e9 en couleur jaune-marron. \" class=\"wp-image-33369\" srcset=\"https:\/\/www.stelvision.com\/astro\/wp-content\/uploads\/2021\/04\/path_of_Oumuamua_credit_Nasa_JPL_Caltech-1.jpg 768w, https:\/\/www.stelvision.com\/astro\/wp-content\/uploads\/2021\/04\/path_of_Oumuamua_credit_Nasa_JPL_Caltech-1-300x169.jpg 300w, https:\/\/www.stelvision.com\/astro\/wp-content\/uploads\/2021\/04\/path_of_Oumuamua_credit_Nasa_JPL_Caltech-1-750x422.jpg 750w, https:\/\/www.stelvision.com\/astro\/wp-content\/uploads\/2021\/04\/path_of_Oumuamua_credit_Nasa_JPL_Caltech-1-570x321.jpg 570w, https:\/\/www.stelvision.com\/astro\/wp-content\/uploads\/2021\/04\/path_of_Oumuamua_credit_Nasa_JPL_Caltech-1-368x207.jpg 368w, https:\/\/www.stelvision.com\/astro\/wp-content\/uploads\/2021\/04\/path_of_Oumuamua_credit_Nasa_JPL_Caltech-1-270x152.jpg 270w\" sizes=\"(max-width: 768px) 100vw, 768px\" \/><figcaption><strong>La trajectoire d&rsquo;Oumuamua. <\/strong><small>Cr\u00e9dit&nbsp;: JPL-Caltech<\/small><\/figcaption><\/figure><\/div>\n\n\n\n<p>\u00ab\u00a0<em>Oumuamua ne provient pas des r\u00e9servoirs classiques de notre Syst\u00e8me solaire, comme le nuage d\u2019Oort et la ceinture de Kuiper d&rsquo;o\u00f9 arrivent les com\u00e8tes, ou la ceinture d\u2019ast\u00e9ro\u00efdes entre Mars et Jupiter<\/em>\u00ab\u00a0, compl\u00e8te Emmanuel Jehin, ma\u00eetre de conf\u00e9rence FNRS \u00e0 l\u2019universit\u00e9 de Li\u00e8ge et sp\u00e9cialiste des petits corps du <a href=\"https:\/\/www.stelvision.com\/astro\/formation-du-systeme-solaire\/\">Syst\u00e8me solaire<\/a>.<em> \u00ab\u00a0Il arrive n\u00e9cessairement du milieu interstellaire, l\u2019espace entre les \u00e9toiles&nbsp;!\u00a0\u00bb.<\/em>&nbsp;<\/p>\n\n\n\n<p>Oumuamua est donc le tout premier corps extrasolaire \u00e0 \u00eatre d\u00e9tect\u00e9 par l\u2019Homme. Une nomenclature est d&rsquo;ailleurs cr\u00e9\u00e9e sp\u00e9cialement pour lui&nbsp;: 1I\/Oumuamua, avec le \u00ab\u00a0I\u00a0\u00bb pour \u00ab\u00a0Interstellar\u00a0\u00bb. Pendant deux mois et demi, avant qu\u2019il ne soit trop \u00e9loign\u00e9, les t\u00e9lescopes du monde entier l&rsquo;observent. Et de ses variations de luminosit\u00e9, les astrophysiciens d\u00e9duisent que l\u2019astre poss\u00e8de une dimension beaucoup plus grande que l\u2019autre, c&rsquo;est-\u00e0-dire soit une forme de \u00ab\u00a0pancake\u00a0\u00bb, soit une forme de \u00ab\u00a0cigare\u00a0\u00bb. <\/p>\n\n\n\n<div class=\"wp-block-image\"><figure class=\"aligncenter size-large\"><img decoding=\"async\" width=\"640\" height=\"400\" src=\"https:\/\/www.stelvision.com\/astro\/wp-content\/uploads\/2021\/04\/Oumuamua_artist_view_credit_ESO_M_Kornmesser-1.jpg\" alt=\"Vue d'artiste d'Oumuamua : sur un fond noir \u00e9toil\u00e9, on voit un corps oblong, ovo\u00efdal allong\u00e9, de couleur gris anthracite et \u00e9clair\u00e9 par le Soleil depuis la droite de l'image. C'est l'\u00e9ventualit\u00e9 &quot;cigare&quot;. \" class=\"wp-image-33366\" srcset=\"https:\/\/www.stelvision.com\/astro\/wp-content\/uploads\/2021\/04\/Oumuamua_artist_view_credit_ESO_M_Kornmesser-1.jpg 640w, https:\/\/www.stelvision.com\/astro\/wp-content\/uploads\/2021\/04\/Oumuamua_artist_view_credit_ESO_M_Kornmesser-1-300x188.jpg 300w, https:\/\/www.stelvision.com\/astro\/wp-content\/uploads\/2021\/04\/Oumuamua_artist_view_credit_ESO_M_Kornmesser-1-570x356.jpg 570w, https:\/\/www.stelvision.com\/astro\/wp-content\/uploads\/2021\/04\/Oumuamua_artist_view_credit_ESO_M_Kornmesser-1-368x230.jpg 368w, https:\/\/www.stelvision.com\/astro\/wp-content\/uploads\/2021\/04\/Oumuamua_artist_view_credit_ESO_M_Kornmesser-1-270x169.jpg 270w\" sizes=\"(max-width: 640px) 100vw, 640px\" \/><figcaption><strong>Oumuamua pourrait avoir la forme d&rsquo;un \u00ab\u00a0cigare\u00a0\u00bb g\u00e9ant.<\/strong><small> Cr\u00e9dit&nbsp;: ESO\/M. Kornmesser<\/small><\/figcaption><\/figure><\/div>\n\n\n\n<p>\u00ab\u00a0<em>On sait aussi que le t\u00e9lescope spatial Spitzer de la Nasa n\u2019a pas pu d\u00e9tecter Oumuamua dans l&rsquo;infrarouge, ce qui veut dire que le corps ne radie que tr\u00e8s peu de chaleur. Cela implique notamment une taille tr\u00e8s petite, inf\u00e9rieure \u00e0 300&nbsp;m\u00e8tres de diam\u00e8tre<\/em>\u00ab\u00a0, d\u00e9taille Emmanuel Jehin.<\/p>\n\n\n\n<h2 class=\"wp-block-heading\">Une acc\u00e9l\u00e9ration \u00ab\u00a0anormale\u00a0\u00bb<\/h2>\n\n\n\n<p>Toutefois, ce n\u2019est ni la forme ni la brillance de l&rsquo;objet qui ont orient\u00e9 Avi Loeb vers une th\u00e9orie \u00ab\u00a0extraterrestre\u00a0\u00bb. C&rsquo;est son acc\u00e9l\u00e9ration. La reconstitution de la trajectoire montre en effet que la vitesse du \u00ab\u00a0cigare-pancake\u00a0\u00bb continuait d\u2019augmenter m\u00eame lorsqu\u2019il s\u2019\u00e9loignait du Soleil. <em>\u00ab\u00a0D\u2019apr\u00e8s la gravitation classique de Newton, <a href=\"https:\/\/www.stelvision.com\/astro\/histoire-de-lastronomie-le-soleil-au-centre-de-lunivers\/\">nous aurions d\u00fb voir l\u2019objet ralentir et non pas acc\u00e9l\u00e9rer<\/a> en s\u2019\u00e9loignant du Soleil, la masse cens\u00e9e l\u2019attirer<\/em>\u00ab\u00a0, appuie Ya\u00ebl Naz\u00e9. <\/p>\n\n\n\n<p>En revanche, pour le professeur d\u2019Harvard qui se confiait \u00e0 <em>T\u00e9l\u00e9rama<\/em>&nbsp;: \u00ab\u00a0<em>Lorsqu\u2019il a rencontr\u00e9 notre Soleil, Oumuamua est pass\u00e9 d\u2019une immobilit\u00e9 relative \u00e0 un mouvement de fuite. Cela m\u2019a conduit \u00e0 l\u2019hypoth\u00e8se que non seulement Oumuamua \u00e9tait un objet artificiel, mais qu\u2019il avait \u00e9t\u00e9 con\u00e7u sp\u00e9cialement pour se trouver au repos dans notre galaxie. Peut-\u00eatre s\u2019agissait-il d\u2019une sorte de balise, comme une station relais pos\u00e9e l\u00e0 pour transmettre des informations de station en station, ou un panneau de signalisation plac\u00e9 \u00e0 cet endroit pour aider les vaisseaux spatiaux dans leur navigation.<\/em>\u00ab\u00a0<\/p>\n\n\n\n<h2 class=\"wp-block-heading\">La pression de la lumi\u00e8re<\/h2>\n\n\n\n<p>Farfelu&nbsp;? De mani\u00e8re plus scientifique, il existe deux causes possibles au comportement d\u2019Oumuamua. D\u2019un c\u00f4t\u00e9, l\u2019astre se comporte comme une voile solaire. <em>\u00ab\u00a0La lumi\u00e8re exerce une pression. M\u00eame si quand on allume sa lampe, on n\u2019est pas \u00e9ject\u00e9 bien s\u00fbr&nbsp;!<\/em>\u00a0\u00bb ironise Ya\u00ebl Naz\u00e9. \u00ab\u00a0<em>Quand les photons du rayonnement solaire touchent un corps, celui-ci accumule de l\u2019\u00e9nergie sous forme de pression de radiation, une pression qui peut faire augmenter la vitesse<\/em>\u00ab\u00a0. Dans cette hypoth\u00e8se, l&rsquo;astre doit \u00eatre tr\u00e8s l\u00e9ger et tr\u00e8s grand. Pancake g\u00e9ant&nbsp;?&nbsp;<\/p>\n\n\n\n<div class=\"wp-block-image\"><figure class=\"aligncenter size-large\"><img decoding=\"async\" width=\"751\" height=\"423\" src=\"https:\/\/www.stelvision.com\/astro\/wp-content\/uploads\/2021\/04\/Solar_Sail_credit_Nasa.jpg\" alt=\"Vue d'artiste d'une voile solaire construite par l'homme : au dessus de l'atmosph\u00e8re terrestre, on voit un losange g\u00e9ant, de couleur gris m\u00e9tallis\u00e9, dans lequel se r\u00e9fl\u00e9chit la lumi\u00e8re du Soleil.\" class=\"wp-image-33404\" srcset=\"https:\/\/www.stelvision.com\/astro\/wp-content\/uploads\/2021\/04\/Solar_Sail_credit_Nasa.jpg 751w, https:\/\/www.stelvision.com\/astro\/wp-content\/uploads\/2021\/04\/Solar_Sail_credit_Nasa-300x169.jpg 300w, https:\/\/www.stelvision.com\/astro\/wp-content\/uploads\/2021\/04\/Solar_Sail_credit_Nasa-570x321.jpg 570w, https:\/\/www.stelvision.com\/astro\/wp-content\/uploads\/2021\/04\/Solar_Sail_credit_Nasa-368x207.jpg 368w, https:\/\/www.stelvision.com\/astro\/wp-content\/uploads\/2021\/04\/Solar_Sail_credit_Nasa-270x152.jpg 270w\" sizes=\"(max-width: 751px) 100vw, 751px\" \/><figcaption><strong>Vue d&rsquo;artiste d&rsquo;une voile solaire artificielle.<\/strong><small> Cr\u00e9dit&nbsp;: Nasa<\/small><\/figcaption><\/figure><\/div>\n\n\n\n<p>D\u2019un autre c\u00f4t\u00e9, la modification de trajectoire d\u2019Oumuama peut \u00eatre due \u00e0 un d\u00e9gazage. Tout comme une com\u00e8te, si le corps contient de la glace, \u00e0 l\u2019approche du Soleil la glace se sublime ce qui \u00e9jecte du gaz et cr\u00e9e une pouss\u00e9e, comme pour une fus\u00e9e. Or, aucune \u00ab\u00a0chevelure\u00a0\u00bb de gaz n\u2019a \u00e9t\u00e9 observ\u00e9e autour de 1I\/Oumuamua. \u00ab\u00a0<em>Le d\u00e9gazage \u00e0 l\u2019origine de l\u2019acc\u00e9l\u00e9ration d\u2019Oumuamua aurait pu avoir lieu lorsqu\u2019il est pass\u00e9 au plus pr\u00e8s du Soleil avant qu&rsquo;on ne le d\u00e9couvre, ou alors \u00e9tait trop faible pour \u00eatre observ\u00e9<\/em>\u00ab\u00a0, pr\u00e9cise Emmanuel Jehin.&nbsp;&nbsp;<\/p>\n\n\n\n<h2 class=\"wp-block-heading\">Un \u00ab\u00a0pancake\u00a0\u00bb rouge\u00e2tre <\/h2>\n\n\n\n<p>En outre, le sp\u00e9cialiste des petits corps ajoute que le visiteur est de couleur plut\u00f4t rouge\u00e2tre&nbsp;: <em>\u00ab\u00a0Nous ne connaissons presque rien de sa composition chimique. Certains ont imagin\u00e9 qu\u2019il contient de la glace de dihydrog\u00e8ne mais cela n\u2019a jamais \u00e9t\u00e9 observ\u00e9 dans le Syst\u00e8me solaire. La couleur rouge peut aussi bien indiquer la pr\u00e9sence d\u2019oxyde de fer <\/em>\u2013<em>&nbsp;rouille comme sur Mars&nbsp;<\/em>\u2013<em>, de tholins <\/em>\u2013<em>&nbsp;substance organique comme sur Pluton&nbsp;<\/em>\u2013<em> ou de glaces transform\u00e9es par une exposition prolong\u00e9e au milieu interstellaire\u00a0\u00bb.<\/em>&nbsp;<\/p>\n\n\n\n<p>H\u00e9las, vraisemblablement, le myst\u00e8re d\u2019Oumuamua ne sera pas \u00e9lucid\u00e9. Car seules de nouvelles observations, qui n\u2019auront pas lieu puisque l\u2019astre est d\u00e9j\u00e0 bien loin, pourraient d\u00e9bloquer la situation.<\/p>\n\n\n\n<h2 class=\"wp-block-heading\"><strong>Un deuxi\u00e8me corps extrasolaire <\/strong><\/h2>\n\n\n\n<p>Cependant, tout espoir pour l\u2019\u00e9tude des objets interstellaires n\u2019est pas perdu. En ao\u00fbt&nbsp;2019, un deuxi\u00e8me astre de ce type a \u00e9t\u00e9 d\u00e9tect\u00e9&nbsp;: 2I\/Borisov. \u00c9galement sur une trajectoire hyperbolique, sa chevelure indique qu\u2019il s\u2019agit cette fois clairement d\u2019une com\u00e8te de 2&nbsp;\u00e0 3&nbsp;kilom\u00e8tres d\u2019envergure. <\/p>\n\n\n\n<div class=\"wp-block-image\"><figure class=\"aligncenter size-large\"><img decoding=\"async\" width=\"515\" height=\"386\" src=\"https:\/\/www.stelvision.com\/astro\/wp-content\/uploads\/2021\/04\/Comet_2I_Borisov_jpg_Nasa_Hubble_ST.jpg\" alt=\"Photo par Hubble de la com\u00e8te 2I\/Borisov, deuxi\u00e8me objet interstellaire d\u00e9tect\u00e9 par l'homme. On voit sur fond noir, un point bleu brillant en bas \u00e0 gauche, et un halo de lumi\u00e8re tout autour, de plus en plus diffus. \" class=\"wp-image-33407\" srcset=\"https:\/\/www.stelvision.com\/astro\/wp-content\/uploads\/2021\/04\/Comet_2I_Borisov_jpg_Nasa_Hubble_ST.jpg 515w, https:\/\/www.stelvision.com\/astro\/wp-content\/uploads\/2021\/04\/Comet_2I_Borisov_jpg_Nasa_Hubble_ST-300x225.jpg 300w, https:\/\/www.stelvision.com\/astro\/wp-content\/uploads\/2021\/04\/Comet_2I_Borisov_jpg_Nasa_Hubble_ST-368x276.jpg 368w, https:\/\/www.stelvision.com\/astro\/wp-content\/uploads\/2021\/04\/Comet_2I_Borisov_jpg_Nasa_Hubble_ST-270x202.jpg 270w\" sizes=\"(max-width: 515px) 100vw, 515px\" \/><figcaption><strong>La com\u00e8te 2I\/Borisov.<\/strong> <small>Cr\u00e9dit&nbsp;: Nasa\/Hubble Space Telescope<\/small><\/figcaption><\/figure><\/div>\n\n\n\n<p>Un deuxi\u00e8me astre. Cela faisait pourtant des ann\u00e9es que l\u2019on s\u2019attendait \u00e0 observer des corps extrasolaires. Le processus de <a href=\"https:\/\/www.stelvision.com\/astro\/formation-du-systeme-solaire\/\">formation des syst\u00e8mes plan\u00e9taires<\/a> inclut en effet une phase de migration de certaines plan\u00e8tes vers leur \u00e9toile, plan\u00e8tes qui \u00e9jectent sur leur passage une quantit\u00e9 incroyable de corps hors du syst\u00e8me. Tous ces astres se retrouvent alors dans l\u2019espace interstellaire, o\u00f9 leur voyage continue jusqu\u2019\u00e0 croiser, peut-\u00eatre, des millions d\u2019ann\u00e9es plus tard, la route d\u2019autres syst\u00e8mes stellaires comme le n\u00f4tre.&nbsp;<\/p>\n\n\n\n<h2 class=\"wp-block-heading\">Bient\u00f4t une d\u00e9tection tous les deux ans&nbsp;?<\/h2>\n\n\n\n<p>Alors pourquoi n\u2019a-t-on \u00e0 ce jour observ\u00e9 que deux de ces objets et seulement r\u00e9cemment en provenance du cosmos&nbsp;? Tout simplement parce que les projets de surveillance du ciel sont toujours plus nombreux et plus performants, notamment dans le but de pr\u00e9venir d\u2019\u00e9ventuelles <a href=\"https:\/\/www.stelvision.com\/astro\/les-meteorites\/\">collisions d\u2019ast\u00e9ro\u00efdes avec la Terre<\/a>. <\/p>\n\n\n\n<div class=\"wp-block-image\"><figure class=\"aligncenter size-large\"><img decoding=\"async\" width=\"640\" height=\"311\" src=\"https:\/\/www.stelvision.com\/astro\/wp-content\/uploads\/2021\/04\/Vera_Rubin_credit_LSST.jpg\" alt=\"Vue d'artiste du LSST, au sommet du Cerro Pachon au Chili : on voit l'observatoire terrestre, grand b\u00e2timent blanc \u00e0 flanc de montagne, des montagnes de couleur marron fonc\u00e9 \u00e0 perte de vue, avec en fond un ciel bleu. \" class=\"wp-image-33411\" srcset=\"https:\/\/www.stelvision.com\/astro\/wp-content\/uploads\/2021\/04\/Vera_Rubin_credit_LSST.jpg 640w, https:\/\/www.stelvision.com\/astro\/wp-content\/uploads\/2021\/04\/Vera_Rubin_credit_LSST-300x146.jpg 300w, https:\/\/www.stelvision.com\/astro\/wp-content\/uploads\/2021\/04\/Vera_Rubin_credit_LSST-570x277.jpg 570w, https:\/\/www.stelvision.com\/astro\/wp-content\/uploads\/2021\/04\/Vera_Rubin_credit_LSST-368x179.jpg 368w, https:\/\/www.stelvision.com\/astro\/wp-content\/uploads\/2021\/04\/Vera_Rubin_credit_LSST-270x131.jpg 270w\" sizes=\"(max-width: 640px) 100vw, 640px\" \/><figcaption><strong>Vue d&rsquo;artiste du LSST, au sommet du Cerro Pachon (2&nbsp;715&nbsp;m\u00e8tres) au Chili. <\/strong><small>Cr\u00e9dit&nbsp;: LSST<\/small><\/figcaption><\/figure><\/div>\n\n\n\n<p>Et comme on n\u2019arr\u00eate pas le progr\u00e8s, un observatoire spatial de toute derni\u00e8re g\u00e9n\u00e9ration d\u00e9di\u00e9 \u00e0 la surveillance du ciel, le Vera C. Rubin Observatory (LSST), doit \u00eatre mis en service en 2022. \u00ab\u00a0<em>Ce t\u00e9lescope r\u00e9volutionnaire de 8&nbsp;m\u00e8tres de diam\u00e8tre sera capable de faire une image de tout le ciel de l\u2019h\u00e9misph\u00e8re sud&#8230; tous les trois jours avec une pr\u00e9cision in\u00e9gal\u00e9e&nbsp;!<\/em>\u00a0\u00bb s&rsquo;enthousiasme Emmanuel Jehin.<em> \u00ab\u00a0Cela devrait permettre de d\u00e9tecter bien plus d\u2019objets interstellaires qui pour la plupart sont petits et faiblement lumineux\u00a0\u00bb. <\/em>La probabilit\u00e9 de d\u00e9tection sera alors d&rsquo;un objet tous les deux ans&nbsp;!<\/p>\n\n\n\t\t\t\t\t\t<div style=\"margin-bottom: 18px;\">\t\t\t\t<a rel=\"nofollow\" href=\"https:\/\/www.stelvision.com\/astro\/boutique\/le-ciel-au-telescope\/?ref=bottom\">\r\n\t\t\t\t\t<img decoding=\"async\" src=\"https:\/\/www.stelvision.com\/astro\/wp-content\/uploads\/2025\/10\/Ciel-au-telescope-1200x900-1.webp\" alt=\"visuel publicitaire livre le Ciel au t\u00e9lescope\" class=\"img-responsive\">\r\n\t\t\t\t<\/a>\r\n\t\t\t\t<p style=\"text-align: center; margin-bottom: 0em; margin-top: 0.25em;\"><strong><a rel=\"nofollow\" href=\"https:\/\/www.stelvision.com\/astro\/boutique\/le-ciel-au-telescope\/?ref=bottom\">Le Ciel au t\u00e9lescope, le guide indispensable pour r\u00e9ussir vos observations<\/a><\/strong><\/p>\r\n\t\t\t<\/div>\n","protected":false},"excerpt":{"rendered":"<p>D\u00e9tect\u00e9 pour la premi\u00e8re fois en octobre\u00a02017, Oumuamua est le tout premier objet interstellaire jamais rep\u00e9r\u00e9 par l\u2019Homme. En 2021, il a suscit\u00e9 beaucoup de <a href=\"https:\/\/www.stelvision.com\/astro\/oumuamua-ce-voyageur-interstellaire-qui-a-cree-la-polemique\/\" class=\"more-link\">&#8230;<span class=\"screen-reader-text\">  Oumuamua, ce voyageur interstellaire qui a cr\u00e9\u00e9 la pol\u00e9mique<\/span><\/a><\/p>\n","protected":false},"author":4,"featured_media":33363,"comment_status":"closed","ping_status":"closed","sticky":false,"template":"","format":"standard","meta":{"_acf_changed":false,"footnotes":""},"categories":[3],"tags":[],"class_list":["post-33149","post","type-post","status-publish","format-standard","has-post-thumbnail","hentry","category-science-espace"],"acf":[],"yoast_head":"<!-- This site is optimized with the Yoast SEO plugin v27.1.1 - https:\/\/yoast.com\/product\/yoast-seo-wordpress\/ -->\n<title>Oumuamua, ce voyageur interstellaire qui a cr\u00e9\u00e9 la pol\u00e9mique<\/title>\n<meta name=\"description\" content=\"Le voyageur interstellaire Oumuamua a suscit\u00e9 beaucoup de discussions au sujet de sa potentielle origine extraterrestre... D\u00e9cryptage.\" \/>\n<meta name=\"robots\" content=\"index, follow, max-snippet:-1, max-image-preview:large, max-video-preview:-1\" \/>\n<link rel=\"canonical\" href=\"https:\/\/www.stelvision.com\/astro\/oumuamua-ce-voyageur-interstellaire-qui-a-cree-la-polemique\/\" \/>\n<meta property=\"og:locale\" content=\"fr_FR\" \/>\n<meta property=\"og:type\" content=\"article\" \/>\n<meta property=\"og:title\" content=\"Oumuamua, t\u00e9moin d\u2019une civilisation extraterrestre ?\" \/>\n<meta property=\"og:description\" content=\"Le voyageur interstellaire Oumuamua a suscit\u00e9 beaucoup de discussions ce d\u00e9but d&#039;ann\u00e9e, au sujet de sa potentielle origine extraterrestre... D\u00e9cryptage.\" \/>\n<meta property=\"og:url\" content=\"https:\/\/www.stelvision.com\/astro\/oumuamua-ce-voyageur-interstellaire-qui-a-cree-la-polemique\/\" \/>\n<meta property=\"og:site_name\" content=\"Stelvision\" \/>\n<meta property=\"article:publisher\" content=\"https:\/\/www.facebook.com\/people\/Stelvision\/100063368192331\/\" \/>\n<meta property=\"article:published_time\" content=\"2021-04-23T12:28:52+00:00\" \/>\n<meta property=\"article:modified_time\" content=\"2021-11-03T15:00:24+00:00\" \/>\n<meta property=\"og:image\" content=\"https:\/\/www.stelvision.com\/astro\/wp-content\/uploads\/2021\/04\/Oumuamua_William_Kenneth_Hartmann_jpg.jpg\" \/>\n\t<meta property=\"og:image:width\" content=\"616\" \/>\n\t<meta property=\"og:image:height\" content=\"323\" \/>\n\t<meta property=\"og:image:type\" content=\"image\/jpeg\" \/>\n<meta name=\"author\" content=\"Fleur Olagnier\" \/>\n<meta name=\"twitter:card\" content=\"summary_large_image\" \/>\n<meta name=\"twitter:title\" content=\"Oumuamua, t\u00e9moin d\u2019une civilisation extraterrestre ?\" \/>\n<meta name=\"twitter:description\" content=\"Le voyageur interstellaire Oumuamua a suscit\u00e9 beaucoup de discussions ce d\u00e9but d&#039;ann\u00e9e, au sujet de sa potentielle origine extraterrestre... D\u00e9cryptage.\" \/>\n<meta name=\"twitter:image\" content=\"https:\/\/www.stelvision.com\/astro\/wp-content\/uploads\/2021\/04\/Oumuamua_William_Kenneth_Hartmann_jpg.jpg\" \/>\n<meta name=\"twitter:label1\" content=\"\u00c9crit par\" \/>\n\t<meta name=\"twitter:data1\" content=\"Fleur Olagnier\" \/>\n\t<meta name=\"twitter:label2\" content=\"Dur\u00e9e de lecture estim\u00e9e\" \/>\n\t<meta name=\"twitter:data2\" content=\"7 minutes\" \/>\n<script type=\"application\/ld+json\" class=\"yoast-schema-graph\">{\"@context\":\"https:\/\/schema.org\",\"@graph\":[{\"@type\":\"Article\",\"@id\":\"https:\/\/www.stelvision.com\/astro\/oumuamua-ce-voyageur-interstellaire-qui-a-cree-la-polemique\/#article\",\"isPartOf\":{\"@id\":\"https:\/\/www.stelvision.com\/astro\/oumuamua-ce-voyageur-interstellaire-qui-a-cree-la-polemique\/\"},\"author\":{\"name\":\"Fleur Olagnier\",\"@id\":\"https:\/\/www.stelvision.com\/astro\/#\/schema\/person\/2bd39a1758d0f80250c83297259fc36b\"},\"headline\":\"Oumuamua, ce voyageur interstellaire qui a cr\u00e9\u00e9 la pol\u00e9mique\",\"datePublished\":\"2021-04-23T12:28:52+00:00\",\"dateModified\":\"2021-11-03T15:00:24+00:00\",\"mainEntityOfPage\":{\"@id\":\"https:\/\/www.stelvision.com\/astro\/oumuamua-ce-voyageur-interstellaire-qui-a-cree-la-polemique\/\"},\"wordCount\":1516,\"publisher\":{\"@id\":\"https:\/\/www.stelvision.com\/astro\/#organization\"},\"image\":{\"@id\":\"https:\/\/www.stelvision.com\/astro\/oumuamua-ce-voyageur-interstellaire-qui-a-cree-la-polemique\/#primaryimage\"},\"thumbnailUrl\":\"https:\/\/www.stelvision.com\/astro\/wp-content\/uploads\/2021\/04\/Oumuamua_William_Kenneth_Hartmann_jpg.jpg\",\"articleSection\":[\"Science &amp; Espace\"],\"inLanguage\":\"fr-FR\"},{\"@type\":\"WebPage\",\"@id\":\"https:\/\/www.stelvision.com\/astro\/oumuamua-ce-voyageur-interstellaire-qui-a-cree-la-polemique\/\",\"url\":\"https:\/\/www.stelvision.com\/astro\/oumuamua-ce-voyageur-interstellaire-qui-a-cree-la-polemique\/\",\"name\":\"Oumuamua, ce voyageur interstellaire qui a cr\u00e9\u00e9 la pol\u00e9mique\",\"isPartOf\":{\"@id\":\"https:\/\/www.stelvision.com\/astro\/#website\"},\"primaryImageOfPage\":{\"@id\":\"https:\/\/www.stelvision.com\/astro\/oumuamua-ce-voyageur-interstellaire-qui-a-cree-la-polemique\/#primaryimage\"},\"image\":{\"@id\":\"https:\/\/www.stelvision.com\/astro\/oumuamua-ce-voyageur-interstellaire-qui-a-cree-la-polemique\/#primaryimage\"},\"thumbnailUrl\":\"https:\/\/www.stelvision.com\/astro\/wp-content\/uploads\/2021\/04\/Oumuamua_William_Kenneth_Hartmann_jpg.jpg\",\"datePublished\":\"2021-04-23T12:28:52+00:00\",\"dateModified\":\"2021-11-03T15:00:24+00:00\",\"description\":\"Le voyageur interstellaire Oumuamua a suscit\u00e9 beaucoup de discussions au sujet de sa potentielle origine extraterrestre... D\u00e9cryptage.\",\"breadcrumb\":{\"@id\":\"https:\/\/www.stelvision.com\/astro\/oumuamua-ce-voyageur-interstellaire-qui-a-cree-la-polemique\/#breadcrumb\"},\"inLanguage\":\"fr-FR\",\"potentialAction\":[{\"@type\":\"ReadAction\",\"target\":[\"https:\/\/www.stelvision.com\/astro\/oumuamua-ce-voyageur-interstellaire-qui-a-cree-la-polemique\/\"]}]},{\"@type\":\"ImageObject\",\"inLanguage\":\"fr-FR\",\"@id\":\"https:\/\/www.stelvision.com\/astro\/oumuamua-ce-voyageur-interstellaire-qui-a-cree-la-polemique\/#primaryimage\",\"url\":\"https:\/\/www.stelvision.com\/astro\/wp-content\/uploads\/2021\/04\/Oumuamua_William_Kenneth_Hartmann_jpg.jpg\",\"contentUrl\":\"https:\/\/www.stelvision.com\/astro\/wp-content\/uploads\/2021\/04\/Oumuamua_William_Kenneth_Hartmann_jpg.jpg\",\"width\":616,\"height\":323},{\"@type\":\"BreadcrumbList\",\"@id\":\"https:\/\/www.stelvision.com\/astro\/oumuamua-ce-voyageur-interstellaire-qui-a-cree-la-polemique\/#breadcrumb\",\"itemListElement\":[{\"@type\":\"ListItem\",\"position\":1,\"name\":\"Accueil\",\"item\":\"https:\/\/www.stelvision.com\/astro\/\"},{\"@type\":\"ListItem\",\"position\":2,\"name\":\"Oumuamua, ce voyageur interstellaire qui a cr\u00e9\u00e9 la pol\u00e9mique\"}]},{\"@type\":\"WebSite\",\"@id\":\"https:\/\/www.stelvision.com\/astro\/#website\",\"url\":\"https:\/\/www.stelvision.com\/astro\/\",\"name\":\"Stelvision\",\"description\":\"conseils, livres et mat\u00e9riel d&#039;observation du ciel\",\"publisher\":{\"@id\":\"https:\/\/www.stelvision.com\/astro\/#organization\"},\"potentialAction\":[{\"@type\":\"SearchAction\",\"target\":{\"@type\":\"EntryPoint\",\"urlTemplate\":\"https:\/\/www.stelvision.com\/astro\/?s={search_term_string}\"},\"query-input\":{\"@type\":\"PropertyValueSpecification\",\"valueRequired\":true,\"valueName\":\"search_term_string\"}}],\"inLanguage\":\"fr-FR\"},{\"@type\":\"Organization\",\"@id\":\"https:\/\/www.stelvision.com\/astro\/#organization\",\"name\":\"Stelvision\",\"url\":\"https:\/\/www.stelvision.com\/astro\/\",\"logo\":{\"@type\":\"ImageObject\",\"inLanguage\":\"fr-FR\",\"@id\":\"https:\/\/www.stelvision.com\/astro\/#\/schema\/logo\/image\/\",\"url\":\"https:\/\/www.stelvision.com\/astro\/wp-content\/uploads\/2019\/03\/logo_lisse_bleu_Stelvision_600.png\",\"contentUrl\":\"https:\/\/www.stelvision.com\/astro\/wp-content\/uploads\/2019\/03\/logo_lisse_bleu_Stelvision_600.png\",\"width\":600,\"height\":277,\"caption\":\"Stelvision\"},\"image\":{\"@id\":\"https:\/\/www.stelvision.com\/astro\/#\/schema\/logo\/image\/\"},\"sameAs\":[\"https:\/\/www.facebook.com\/people\/Stelvision\/100063368192331\/\"]},{\"@type\":\"Person\",\"@id\":\"https:\/\/www.stelvision.com\/astro\/#\/schema\/person\/2bd39a1758d0f80250c83297259fc36b\",\"name\":\"Fleur Olagnier\",\"url\":\"https:\/\/www.stelvision.com\/astro\/author\/fo-stel3\/\"}]}<\/script>\n<!-- \/ Yoast SEO plugin. -->","yoast_head_json":{"title":"Oumuamua, ce voyageur interstellaire qui a cr\u00e9\u00e9 la pol\u00e9mique","description":"Le voyageur interstellaire Oumuamua a suscit\u00e9 beaucoup de discussions au sujet de sa potentielle origine extraterrestre... D\u00e9cryptage.","robots":{"index":"index","follow":"follow","max-snippet":"max-snippet:-1","max-image-preview":"max-image-preview:large","max-video-preview":"max-video-preview:-1"},"canonical":"https:\/\/www.stelvision.com\/astro\/oumuamua-ce-voyageur-interstellaire-qui-a-cree-la-polemique\/","og_locale":"fr_FR","og_type":"article","og_title":"Oumuamua, t\u00e9moin d\u2019une civilisation extraterrestre ?","og_description":"Le voyageur interstellaire Oumuamua a suscit\u00e9 beaucoup de discussions ce d\u00e9but d'ann\u00e9e, au sujet de sa potentielle origine extraterrestre... D\u00e9cryptage.","og_url":"https:\/\/www.stelvision.com\/astro\/oumuamua-ce-voyageur-interstellaire-qui-a-cree-la-polemique\/","og_site_name":"Stelvision","article_publisher":"https:\/\/www.facebook.com\/people\/Stelvision\/100063368192331\/","article_published_time":"2021-04-23T12:28:52+00:00","article_modified_time":"2021-11-03T15:00:24+00:00","og_image":[{"width":616,"height":323,"url":"https:\/\/www.stelvision.com\/astro\/wp-content\/uploads\/2021\/04\/Oumuamua_William_Kenneth_Hartmann_jpg.jpg","type":"image\/jpeg"}],"author":"Fleur Olagnier","twitter_card":"summary_large_image","twitter_title":"Oumuamua, t\u00e9moin d\u2019une civilisation extraterrestre ?","twitter_description":"Le voyageur interstellaire Oumuamua a suscit\u00e9 beaucoup de discussions ce d\u00e9but d'ann\u00e9e, au sujet de sa potentielle origine extraterrestre... D\u00e9cryptage.","twitter_image":"https:\/\/www.stelvision.com\/astro\/wp-content\/uploads\/2021\/04\/Oumuamua_William_Kenneth_Hartmann_jpg.jpg","twitter_misc":{"\u00c9crit par":"Fleur Olagnier","Dur\u00e9e de lecture estim\u00e9e":"7 minutes"},"schema":{"@context":"https:\/\/schema.org","@graph":[{"@type":"Article","@id":"https:\/\/www.stelvision.com\/astro\/oumuamua-ce-voyageur-interstellaire-qui-a-cree-la-polemique\/#article","isPartOf":{"@id":"https:\/\/www.stelvision.com\/astro\/oumuamua-ce-voyageur-interstellaire-qui-a-cree-la-polemique\/"},"author":{"name":"Fleur Olagnier","@id":"https:\/\/www.stelvision.com\/astro\/#\/schema\/person\/2bd39a1758d0f80250c83297259fc36b"},"headline":"Oumuamua, ce voyageur interstellaire qui a cr\u00e9\u00e9 la pol\u00e9mique","datePublished":"2021-04-23T12:28:52+00:00","dateModified":"2021-11-03T15:00:24+00:00","mainEntityOfPage":{"@id":"https:\/\/www.stelvision.com\/astro\/oumuamua-ce-voyageur-interstellaire-qui-a-cree-la-polemique\/"},"wordCount":1516,"publisher":{"@id":"https:\/\/www.stelvision.com\/astro\/#organization"},"image":{"@id":"https:\/\/www.stelvision.com\/astro\/oumuamua-ce-voyageur-interstellaire-qui-a-cree-la-polemique\/#primaryimage"},"thumbnailUrl":"https:\/\/www.stelvision.com\/astro\/wp-content\/uploads\/2021\/04\/Oumuamua_William_Kenneth_Hartmann_jpg.jpg","articleSection":["Science &amp; Espace"],"inLanguage":"fr-FR"},{"@type":"WebPage","@id":"https:\/\/www.stelvision.com\/astro\/oumuamua-ce-voyageur-interstellaire-qui-a-cree-la-polemique\/","url":"https:\/\/www.stelvision.com\/astro\/oumuamua-ce-voyageur-interstellaire-qui-a-cree-la-polemique\/","name":"Oumuamua, ce voyageur interstellaire qui a cr\u00e9\u00e9 la pol\u00e9mique","isPartOf":{"@id":"https:\/\/www.stelvision.com\/astro\/#website"},"primaryImageOfPage":{"@id":"https:\/\/www.stelvision.com\/astro\/oumuamua-ce-voyageur-interstellaire-qui-a-cree-la-polemique\/#primaryimage"},"image":{"@id":"https:\/\/www.stelvision.com\/astro\/oumuamua-ce-voyageur-interstellaire-qui-a-cree-la-polemique\/#primaryimage"},"thumbnailUrl":"https:\/\/www.stelvision.com\/astro\/wp-content\/uploads\/2021\/04\/Oumuamua_William_Kenneth_Hartmann_jpg.jpg","datePublished":"2021-04-23T12:28:52+00:00","dateModified":"2021-11-03T15:00:24+00:00","description":"Le voyageur interstellaire Oumuamua a suscit\u00e9 beaucoup de discussions au sujet de sa potentielle origine extraterrestre... D\u00e9cryptage.","breadcrumb":{"@id":"https:\/\/www.stelvision.com\/astro\/oumuamua-ce-voyageur-interstellaire-qui-a-cree-la-polemique\/#breadcrumb"},"inLanguage":"fr-FR","potentialAction":[{"@type":"ReadAction","target":["https:\/\/www.stelvision.com\/astro\/oumuamua-ce-voyageur-interstellaire-qui-a-cree-la-polemique\/"]}]},{"@type":"ImageObject","inLanguage":"fr-FR","@id":"https:\/\/www.stelvision.com\/astro\/oumuamua-ce-voyageur-interstellaire-qui-a-cree-la-polemique\/#primaryimage","url":"https:\/\/www.stelvision.com\/astro\/wp-content\/uploads\/2021\/04\/Oumuamua_William_Kenneth_Hartmann_jpg.jpg","contentUrl":"https:\/\/www.stelvision.com\/astro\/wp-content\/uploads\/2021\/04\/Oumuamua_William_Kenneth_Hartmann_jpg.jpg","width":616,"height":323},{"@type":"BreadcrumbList","@id":"https:\/\/www.stelvision.com\/astro\/oumuamua-ce-voyageur-interstellaire-qui-a-cree-la-polemique\/#breadcrumb","itemListElement":[{"@type":"ListItem","position":1,"name":"Accueil","item":"https:\/\/www.stelvision.com\/astro\/"},{"@type":"ListItem","position":2,"name":"Oumuamua, ce voyageur interstellaire qui a cr\u00e9\u00e9 la pol\u00e9mique"}]},{"@type":"WebSite","@id":"https:\/\/www.stelvision.com\/astro\/#website","url":"https:\/\/www.stelvision.com\/astro\/","name":"Stelvision","description":"conseils, livres et mat\u00e9riel d&#039;observation du ciel","publisher":{"@id":"https:\/\/www.stelvision.com\/astro\/#organization"},"potentialAction":[{"@type":"SearchAction","target":{"@type":"EntryPoint","urlTemplate":"https:\/\/www.stelvision.com\/astro\/?s={search_term_string}"},"query-input":{"@type":"PropertyValueSpecification","valueRequired":true,"valueName":"search_term_string"}}],"inLanguage":"fr-FR"},{"@type":"Organization","@id":"https:\/\/www.stelvision.com\/astro\/#organization","name":"Stelvision","url":"https:\/\/www.stelvision.com\/astro\/","logo":{"@type":"ImageObject","inLanguage":"fr-FR","@id":"https:\/\/www.stelvision.com\/astro\/#\/schema\/logo\/image\/","url":"https:\/\/www.stelvision.com\/astro\/wp-content\/uploads\/2019\/03\/logo_lisse_bleu_Stelvision_600.png","contentUrl":"https:\/\/www.stelvision.com\/astro\/wp-content\/uploads\/2019\/03\/logo_lisse_bleu_Stelvision_600.png","width":600,"height":277,"caption":"Stelvision"},"image":{"@id":"https:\/\/www.stelvision.com\/astro\/#\/schema\/logo\/image\/"},"sameAs":["https:\/\/www.facebook.com\/people\/Stelvision\/100063368192331\/"]},{"@type":"Person","@id":"https:\/\/www.stelvision.com\/astro\/#\/schema\/person\/2bd39a1758d0f80250c83297259fc36b","name":"Fleur Olagnier","url":"https:\/\/www.stelvision.com\/astro\/author\/fo-stel3\/"}]}},"_links":{"self":[{"href":"https:\/\/www.stelvision.com\/astro\/wp-json\/wp\/v2\/posts\/33149","targetHints":{"allow":["GET"]}}],"collection":[{"href":"https:\/\/www.stelvision.com\/astro\/wp-json\/wp\/v2\/posts"}],"about":[{"href":"https:\/\/www.stelvision.com\/astro\/wp-json\/wp\/v2\/types\/post"}],"author":[{"embeddable":true,"href":"https:\/\/www.stelvision.com\/astro\/wp-json\/wp\/v2\/users\/4"}],"replies":[{"embeddable":true,"href":"https:\/\/www.stelvision.com\/astro\/wp-json\/wp\/v2\/comments?post=33149"}],"version-history":[{"count":50,"href":"https:\/\/www.stelvision.com\/astro\/wp-json\/wp\/v2\/posts\/33149\/revisions"}],"predecessor-version":[{"id":39454,"href":"https:\/\/www.stelvision.com\/astro\/wp-json\/wp\/v2\/posts\/33149\/revisions\/39454"}],"wp:featuredmedia":[{"embeddable":true,"href":"https:\/\/www.stelvision.com\/astro\/wp-json\/wp\/v2\/media\/33363"}],"wp:attachment":[{"href":"https:\/\/www.stelvision.com\/astro\/wp-json\/wp\/v2\/media?parent=33149"}],"wp:term":[{"taxonomy":"category","embeddable":true,"href":"https:\/\/www.stelvision.com\/astro\/wp-json\/wp\/v2\/categories?post=33149"},{"taxonomy":"post_tag","embeddable":true,"href":"https:\/\/www.stelvision.com\/astro\/wp-json\/wp\/v2\/tags?post=33149"}],"curies":[{"name":"wp","href":"https:\/\/api.w.org\/{rel}","templated":true}]}}