{"id":53645,"date":"2023-04-17T15:50:07","date_gmt":"2023-04-17T13:50:07","guid":{"rendered":"https:\/\/www.stelvision.com\/astro\/?p=53645"},"modified":"2025-10-09T12:01:32","modified_gmt":"2025-10-09T10:01:32","slug":"les-livres-stelvision-au-festival-sciences-pour-tous-a-paris","status":"publish","type":"post","link":"https:\/\/www.stelvision.com\/astro\/les-livres-stelvision-au-festival-sciences-pour-tous-a-paris\/","title":{"rendered":"Les livres Stelvision au Festival Sciences pour tous \u00e0 Paris"},"content":{"rendered":"\n<p class=\"chapo\">Les ouvrages \u00e9dit\u00e9s par Stelvision seront pr\u00e9sents au Festival Sciences pour tous les 22&nbsp;et 23&nbsp;avril&nbsp;2023 au Mus\u00e9e des Arts et M\u00e9tiers \u00e0 Paris. Un lieu unique et \u00e9ph\u00e9m\u00e8re pour d\u00e9couvrir la science avec les livres&nbsp;!<\/p>\n\n\n<div class=\"wp-block-image\">\n<figure class=\"aligncenter size-full\"><img decoding=\"async\" width=\"600\" height=\"548\" src=\"https:\/\/www.stelvision.com\/astro\/wp-content\/uploads\/2023\/04\/visu_festival_sciences_2023.jpg\" alt=\"L'affiche pr\u00e9sente en haut des textes avec toutes les informations pratiques au sujet du festival. En arri\u00e8re plan, une illustration avec un grand ciel bleu et un couple qui roule \u00e0 Scooter, avec \u00e0 l'horizon la ville.\" class=\"wp-image-53646\" srcset=\"https:\/\/www.stelvision.com\/astro\/wp-content\/uploads\/2023\/04\/visu_festival_sciences_2023.jpg 600w, https:\/\/www.stelvision.com\/astro\/wp-content\/uploads\/2023\/04\/visu_festival_sciences_2023-300x274.jpg 300w, https:\/\/www.stelvision.com\/astro\/wp-content\/uploads\/2023\/04\/visu_festival_sciences_2023-570x521.jpg 570w, https:\/\/www.stelvision.com\/astro\/wp-content\/uploads\/2023\/04\/visu_festival_sciences_2023-368x336.jpg 368w, https:\/\/www.stelvision.com\/astro\/wp-content\/uploads\/2023\/04\/visu_festival_sciences_2023-270x247.jpg 270w\" sizes=\"(max-width: 600px) 100vw, 600px\" \/><figcaption class=\"wp-element-caption\"><strong>L&rsquo;affiche du Festival Sciences pour tous 2023.<\/strong><\/figcaption><\/figure>\n<\/div>\n\n\n<h2 class=\"wp-block-heading\">Un festival sp\u00e9cial sciences dans le Festival du Livre de Paris<\/h2>\n\n\n\n<p>Dans le cadre de la seconde \u00e9dition du Festival du Livre de Paris qui a lieu du&nbsp;21 au 23&nbsp;avril&nbsp;2023 au Grand Palais \u00c9ph\u00e9m\u00e8re, <strong>les \u00e9diteurs du collectif Sciences pour tous proposent un festival d\u00e9di\u00e9 uniquement aux livres scientifiques les 22&nbsp;et 23&nbsp;avril aux Mus\u00e9e des Arts et M\u00e9tiers<\/strong>. Ce lieu embl\u00e9matique de la connaissance est un magnifique \u00e9crin pour d\u00e9couvrir les nombreuses publications qui rendent la science accessible \u00e0 tous les publics.<\/p>\n\n\n\n<p><strong>Les ouvrages \u00e9dit\u00e9s par Stelvision seront pr\u00e9sents durant ce Festival Sciences pour tous<\/strong>. Nous vous invitons \u00e0 venir les (re)d\u00e9couvrir ainsi que tous les autres livres pr\u00e9sent\u00e9s&nbsp;! Des conf\u00e9rences, des rencontres et des d\u00e9dicaces avec de nombreux auteurs sont aussi pr\u00e9vues.<\/p>\n\n\n\n<p>D\u00e9couvrez le <a href=\"https:\/\/www.festivaldulivredeparis.fr\/fr\/festival-sciences-pour-tous\">programme complet<\/a> de la premi\u00e8re \u00e9dition du Festival Sciences pour tous.<\/p>\n\n\n\n<p><em>Le Festival Sciences pour tous se d\u00e9roule le samedi\u00a022 et le dimanche 23\u00a0avril de\u00a010h \u00e0\u00a018h.<br>L\u2019acc\u00e8s est gratuit mais la r\u00e9servation en ligne obligatoire.<\/em><\/p>\n","protected":false},"excerpt":{"rendered":"<p>Les ouvrages \u00e9dit\u00e9s par Stelvision seront pr\u00e9sents au Festival Sciences pour tous les 22 et 23 avril 2023 au Mus\u00e9e des Arts et M\u00e9tiers \u00e0 Paris. <\/p>\n","protected":false},"author":5,"featured_media":53646,"comment_status":"closed","ping_status":"closed","sticky":false,"template":"","format":"standard","meta":{"_acf_changed":false,"footnotes":""},"categories":[239],"tags":[],"class_list":["post-53645","post","type-post","status-publish","format-standard","has-post-thumbnail","hentry","category-notre-actu"],"acf":[],"yoast_head":"<!-- This site is optimized with the Yoast SEO plugin v27.1.1 - https:\/\/yoast.com\/product\/yoast-seo-wordpress\/ -->\n<title>Les livres Stelvision au Festival Sciences pour tous \u00e0 Paris<\/title>\n<meta name=\"description\" content=\"Les ouvrages Stelvision seront pr\u00e9sents au Festival Sciences pour tous les 22 et 23 avril 2023 au Mus\u00e9e des Arts et M\u00e9tiers \u00e0 Paris.\" \/>\n<meta name=\"robots\" content=\"index, follow, max-snippet:-1, max-image-preview:large, max-video-preview:-1\" \/>\n<link rel=\"canonical\" href=\"https:\/\/www.stelvision.com\/astro\/les-livres-stelvision-au-festival-sciences-pour-tous-a-paris\/\" \/>\n<meta property=\"og:locale\" content=\"fr_FR\" \/>\n<meta property=\"og:type\" content=\"article\" \/>\n<meta property=\"og:title\" content=\"Les livres Stelvision au Festival Sciences pour tous \u00e0 Paris\" \/>\n<meta property=\"og:description\" content=\"D\u00e9couvrez cet \u00e9v\u00e9nement \u00e9ph\u00e9m\u00e8re enti\u00e8rement d\u00e9di\u00e9 aux livres de sciences !\" \/>\n<meta property=\"og:url\" content=\"https:\/\/www.stelvision.com\/astro\/les-livres-stelvision-au-festival-sciences-pour-tous-a-paris\/\" \/>\n<meta property=\"og:site_name\" content=\"Stelvision\" \/>\n<meta property=\"article:publisher\" content=\"https:\/\/www.facebook.com\/people\/Stelvision\/100063368192331\/\" \/>\n<meta property=\"article:published_time\" content=\"2023-04-17T13:50:07+00:00\" \/>\n<meta property=\"article:modified_time\" content=\"2025-10-09T10:01:32+00:00\" \/>\n<meta property=\"og:image\" content=\"https:\/\/www.stelvision.com\/astro\/wp-content\/uploads\/2023\/04\/visu_festival_sciences_2023FBTW.jpg\" \/>\n\t<meta property=\"og:image:width\" content=\"1024\" \/>\n\t<meta property=\"og:image:height\" content=\"536\" \/>\n\t<meta property=\"og:image:type\" content=\"image\/jpeg\" \/>\n<meta name=\"author\" content=\"Carine Souplet\" \/>\n<meta name=\"twitter:card\" content=\"summary_large_image\" \/>\n<meta name=\"twitter:title\" content=\"Les livres Stelvision au Festival Sciences pour tous \u00e0 Paris\" \/>\n<meta name=\"twitter:description\" content=\"D\u00e9couvrez cet \u00e9v\u00e9nement \u00e9ph\u00e9m\u00e8re enti\u00e8rement d\u00e9di\u00e9 aux livres de sciences !\" \/>\n<meta name=\"twitter:image\" content=\"https:\/\/www.stelvision.com\/astro\/wp-content\/uploads\/2023\/04\/visu_festival_sciences_2023FBTW.jpg\" \/>\n<meta name=\"twitter:label1\" content=\"\u00c9crit par\" \/>\n\t<meta name=\"twitter:data1\" content=\"Carine Souplet\" \/>\n\t<meta name=\"twitter:label2\" content=\"Dur\u00e9e de lecture estim\u00e9e\" \/>\n\t<meta name=\"twitter:data2\" content=\"2 minutes\" \/>\n<script type=\"application\/ld+json\" class=\"yoast-schema-graph\">{\"@context\":\"https:\/\/schema.org\",\"@graph\":[{\"@type\":\"Article\",\"@id\":\"https:\/\/www.stelvision.com\/astro\/les-livres-stelvision-au-festival-sciences-pour-tous-a-paris\/#article\",\"isPartOf\":{\"@id\":\"https:\/\/www.stelvision.com\/astro\/les-livres-stelvision-au-festival-sciences-pour-tous-a-paris\/\"},\"author\":{\"name\":\"Carine Souplet\",\"@id\":\"https:\/\/www.stelvision.com\/astro\/#\/schema\/person\/493624a999745495b124a6f971a7271e\"},\"headline\":\"Les livres Stelvision au Festival Sciences pour tous \u00e0 Paris\",\"datePublished\":\"2023-04-17T13:50:07+00:00\",\"dateModified\":\"2025-10-09T10:01:32+00:00\",\"mainEntityOfPage\":{\"@id\":\"https:\/\/www.stelvision.com\/astro\/les-livres-stelvision-au-festival-sciences-pour-tous-a-paris\/\"},\"wordCount\":249,\"publisher\":{\"@id\":\"https:\/\/www.stelvision.com\/astro\/#organization\"},\"image\":{\"@id\":\"https:\/\/www.stelvision.com\/astro\/les-livres-stelvision-au-festival-sciences-pour-tous-a-paris\/#primaryimage\"},\"thumbnailUrl\":\"https:\/\/www.stelvision.com\/astro\/wp-content\/uploads\/2023\/04\/visu_festival_sciences_2023.jpg\",\"articleSection\":[\"Notre actu\"],\"inLanguage\":\"fr-FR\"},{\"@type\":\"WebPage\",\"@id\":\"https:\/\/www.stelvision.com\/astro\/les-livres-stelvision-au-festival-sciences-pour-tous-a-paris\/\",\"url\":\"https:\/\/www.stelvision.com\/astro\/les-livres-stelvision-au-festival-sciences-pour-tous-a-paris\/\",\"name\":\"Les livres Stelvision au Festival Sciences pour tous \u00e0 Paris\",\"isPartOf\":{\"@id\":\"https:\/\/www.stelvision.com\/astro\/#website\"},\"primaryImageOfPage\":{\"@id\":\"https:\/\/www.stelvision.com\/astro\/les-livres-stelvision-au-festival-sciences-pour-tous-a-paris\/#primaryimage\"},\"image\":{\"@id\":\"https:\/\/www.stelvision.com\/astro\/les-livres-stelvision-au-festival-sciences-pour-tous-a-paris\/#primaryimage\"},\"thumbnailUrl\":\"https:\/\/www.stelvision.com\/astro\/wp-content\/uploads\/2023\/04\/visu_festival_sciences_2023.jpg\",\"datePublished\":\"2023-04-17T13:50:07+00:00\",\"dateModified\":\"2025-10-09T10:01:32+00:00\",\"description\":\"Les ouvrages Stelvision seront pr\u00e9sents au Festival Sciences pour tous les 22 et 23 avril 2023 au Mus\u00e9e des Arts et M\u00e9tiers \u00e0 Paris.\",\"breadcrumb\":{\"@id\":\"https:\/\/www.stelvision.com\/astro\/les-livres-stelvision-au-festival-sciences-pour-tous-a-paris\/#breadcrumb\"},\"inLanguage\":\"fr-FR\",\"potentialAction\":[{\"@type\":\"ReadAction\",\"target\":[\"https:\/\/www.stelvision.com\/astro\/les-livres-stelvision-au-festival-sciences-pour-tous-a-paris\/\"]}]},{\"@type\":\"ImageObject\",\"inLanguage\":\"fr-FR\",\"@id\":\"https:\/\/www.stelvision.com\/astro\/les-livres-stelvision-au-festival-sciences-pour-tous-a-paris\/#primaryimage\",\"url\":\"https:\/\/www.stelvision.com\/astro\/wp-content\/uploads\/2023\/04\/visu_festival_sciences_2023.jpg\",\"contentUrl\":\"https:\/\/www.stelvision.com\/astro\/wp-content\/uploads\/2023\/04\/visu_festival_sciences_2023.jpg\",\"width\":600,\"height\":548},{\"@type\":\"BreadcrumbList\",\"@id\":\"https:\/\/www.stelvision.com\/astro\/les-livres-stelvision-au-festival-sciences-pour-tous-a-paris\/#breadcrumb\",\"itemListElement\":[{\"@type\":\"ListItem\",\"position\":1,\"name\":\"Accueil\",\"item\":\"https:\/\/www.stelvision.com\/astro\/\"},{\"@type\":\"ListItem\",\"position\":2,\"name\":\"Les livres Stelvision au Festival Sciences pour tous \u00e0 Paris\"}]},{\"@type\":\"WebSite\",\"@id\":\"https:\/\/www.stelvision.com\/astro\/#website\",\"url\":\"https:\/\/www.stelvision.com\/astro\/\",\"name\":\"Stelvision\",\"description\":\"conseils, livres et mat\u00e9riel d&#039;observation du ciel\",\"publisher\":{\"@id\":\"https:\/\/www.stelvision.com\/astro\/#organization\"},\"potentialAction\":[{\"@type\":\"SearchAction\",\"target\":{\"@type\":\"EntryPoint\",\"urlTemplate\":\"https:\/\/www.stelvision.com\/astro\/?s={search_term_string}\"},\"query-input\":{\"@type\":\"PropertyValueSpecification\",\"valueRequired\":true,\"valueName\":\"search_term_string\"}}],\"inLanguage\":\"fr-FR\"},{\"@type\":\"Organization\",\"@id\":\"https:\/\/www.stelvision.com\/astro\/#organization\",\"name\":\"Stelvision\",\"url\":\"https:\/\/www.stelvision.com\/astro\/\",\"logo\":{\"@type\":\"ImageObject\",\"inLanguage\":\"fr-FR\",\"@id\":\"https:\/\/www.stelvision.com\/astro\/#\/schema\/logo\/image\/\",\"url\":\"https:\/\/www.stelvision.com\/astro\/wp-content\/uploads\/2019\/03\/logo_lisse_bleu_Stelvision_600.png\",\"contentUrl\":\"https:\/\/www.stelvision.com\/astro\/wp-content\/uploads\/2019\/03\/logo_lisse_bleu_Stelvision_600.png\",\"width\":600,\"height\":277,\"caption\":\"Stelvision\"},\"image\":{\"@id\":\"https:\/\/www.stelvision.com\/astro\/#\/schema\/logo\/image\/\"},\"sameAs\":[\"https:\/\/www.facebook.com\/people\/Stelvision\/100063368192331\/\"]},{\"@type\":\"Person\",\"@id\":\"https:\/\/www.stelvision.com\/astro\/#\/schema\/person\/493624a999745495b124a6f971a7271e\",\"name\":\"Carine Souplet\",\"url\":\"https:\/\/www.stelvision.com\/astro\/author\/cs-stel2\/\"}]}<\/script>\n<!-- \/ Yoast SEO plugin. -->","yoast_head_json":{"title":"Les livres Stelvision au Festival Sciences pour tous \u00e0 Paris","description":"Les ouvrages Stelvision seront pr\u00e9sents au Festival Sciences pour tous les 22 et 23 avril 2023 au Mus\u00e9e des Arts et M\u00e9tiers \u00e0 Paris.","robots":{"index":"index","follow":"follow","max-snippet":"max-snippet:-1","max-image-preview":"max-image-preview:large","max-video-preview":"max-video-preview:-1"},"canonical":"https:\/\/www.stelvision.com\/astro\/les-livres-stelvision-au-festival-sciences-pour-tous-a-paris\/","og_locale":"fr_FR","og_type":"article","og_title":"Les livres Stelvision au Festival Sciences pour tous \u00e0 Paris","og_description":"D\u00e9couvrez cet \u00e9v\u00e9nement \u00e9ph\u00e9m\u00e8re enti\u00e8rement d\u00e9di\u00e9 aux livres de sciences !","og_url":"https:\/\/www.stelvision.com\/astro\/les-livres-stelvision-au-festival-sciences-pour-tous-a-paris\/","og_site_name":"Stelvision","article_publisher":"https:\/\/www.facebook.com\/people\/Stelvision\/100063368192331\/","article_published_time":"2023-04-17T13:50:07+00:00","article_modified_time":"2025-10-09T10:01:32+00:00","og_image":[{"width":1024,"height":536,"url":"https:\/\/www.stelvision.com\/astro\/wp-content\/uploads\/2023\/04\/visu_festival_sciences_2023FBTW.jpg","type":"image\/jpeg"}],"author":"Carine Souplet","twitter_card":"summary_large_image","twitter_title":"Les livres Stelvision au Festival Sciences pour tous \u00e0 Paris","twitter_description":"D\u00e9couvrez cet \u00e9v\u00e9nement \u00e9ph\u00e9m\u00e8re enti\u00e8rement d\u00e9di\u00e9 aux livres de sciences !","twitter_image":"https:\/\/www.stelvision.com\/astro\/wp-content\/uploads\/2023\/04\/visu_festival_sciences_2023FBTW.jpg","twitter_misc":{"\u00c9crit par":"Carine Souplet","Dur\u00e9e de lecture estim\u00e9e":"2 minutes"},"schema":{"@context":"https:\/\/schema.org","@graph":[{"@type":"Article","@id":"https:\/\/www.stelvision.com\/astro\/les-livres-stelvision-au-festival-sciences-pour-tous-a-paris\/#article","isPartOf":{"@id":"https:\/\/www.stelvision.com\/astro\/les-livres-stelvision-au-festival-sciences-pour-tous-a-paris\/"},"author":{"name":"Carine Souplet","@id":"https:\/\/www.stelvision.com\/astro\/#\/schema\/person\/493624a999745495b124a6f971a7271e"},"headline":"Les livres Stelvision au Festival Sciences pour tous \u00e0 Paris","datePublished":"2023-04-17T13:50:07+00:00","dateModified":"2025-10-09T10:01:32+00:00","mainEntityOfPage":{"@id":"https:\/\/www.stelvision.com\/astro\/les-livres-stelvision-au-festival-sciences-pour-tous-a-paris\/"},"wordCount":249,"publisher":{"@id":"https:\/\/www.stelvision.com\/astro\/#organization"},"image":{"@id":"https:\/\/www.stelvision.com\/astro\/les-livres-stelvision-au-festival-sciences-pour-tous-a-paris\/#primaryimage"},"thumbnailUrl":"https:\/\/www.stelvision.com\/astro\/wp-content\/uploads\/2023\/04\/visu_festival_sciences_2023.jpg","articleSection":["Notre actu"],"inLanguage":"fr-FR"},{"@type":"WebPage","@id":"https:\/\/www.stelvision.com\/astro\/les-livres-stelvision-au-festival-sciences-pour-tous-a-paris\/","url":"https:\/\/www.stelvision.com\/astro\/les-livres-stelvision-au-festival-sciences-pour-tous-a-paris\/","name":"Les livres Stelvision au Festival Sciences pour tous \u00e0 Paris","isPartOf":{"@id":"https:\/\/www.stelvision.com\/astro\/#website"},"primaryImageOfPage":{"@id":"https:\/\/www.stelvision.com\/astro\/les-livres-stelvision-au-festival-sciences-pour-tous-a-paris\/#primaryimage"},"image":{"@id":"https:\/\/www.stelvision.com\/astro\/les-livres-stelvision-au-festival-sciences-pour-tous-a-paris\/#primaryimage"},"thumbnailUrl":"https:\/\/www.stelvision.com\/astro\/wp-content\/uploads\/2023\/04\/visu_festival_sciences_2023.jpg","datePublished":"2023-04-17T13:50:07+00:00","dateModified":"2025-10-09T10:01:32+00:00","description":"Les ouvrages Stelvision seront pr\u00e9sents au Festival Sciences pour tous les 22 et 23 avril 2023 au Mus\u00e9e des Arts et M\u00e9tiers \u00e0 Paris.","breadcrumb":{"@id":"https:\/\/www.stelvision.com\/astro\/les-livres-stelvision-au-festival-sciences-pour-tous-a-paris\/#breadcrumb"},"inLanguage":"fr-FR","potentialAction":[{"@type":"ReadAction","target":["https:\/\/www.stelvision.com\/astro\/les-livres-stelvision-au-festival-sciences-pour-tous-a-paris\/"]}]},{"@type":"ImageObject","inLanguage":"fr-FR","@id":"https:\/\/www.stelvision.com\/astro\/les-livres-stelvision-au-festival-sciences-pour-tous-a-paris\/#primaryimage","url":"https:\/\/www.stelvision.com\/astro\/wp-content\/uploads\/2023\/04\/visu_festival_sciences_2023.jpg","contentUrl":"https:\/\/www.stelvision.com\/astro\/wp-content\/uploads\/2023\/04\/visu_festival_sciences_2023.jpg","width":600,"height":548},{"@type":"BreadcrumbList","@id":"https:\/\/www.stelvision.com\/astro\/les-livres-stelvision-au-festival-sciences-pour-tous-a-paris\/#breadcrumb","itemListElement":[{"@type":"ListItem","position":1,"name":"Accueil","item":"https:\/\/www.stelvision.com\/astro\/"},{"@type":"ListItem","position":2,"name":"Les livres Stelvision au Festival Sciences pour tous \u00e0 Paris"}]},{"@type":"WebSite","@id":"https:\/\/www.stelvision.com\/astro\/#website","url":"https:\/\/www.stelvision.com\/astro\/","name":"Stelvision","description":"conseils, livres et mat\u00e9riel d&#039;observation du ciel","publisher":{"@id":"https:\/\/www.stelvision.com\/astro\/#organization"},"potentialAction":[{"@type":"SearchAction","target":{"@type":"EntryPoint","urlTemplate":"https:\/\/www.stelvision.com\/astro\/?s={search_term_string}"},"query-input":{"@type":"PropertyValueSpecification","valueRequired":true,"valueName":"search_term_string"}}],"inLanguage":"fr-FR"},{"@type":"Organization","@id":"https:\/\/www.stelvision.com\/astro\/#organization","name":"Stelvision","url":"https:\/\/www.stelvision.com\/astro\/","logo":{"@type":"ImageObject","inLanguage":"fr-FR","@id":"https:\/\/www.stelvision.com\/astro\/#\/schema\/logo\/image\/","url":"https:\/\/www.stelvision.com\/astro\/wp-content\/uploads\/2019\/03\/logo_lisse_bleu_Stelvision_600.png","contentUrl":"https:\/\/www.stelvision.com\/astro\/wp-content\/uploads\/2019\/03\/logo_lisse_bleu_Stelvision_600.png","width":600,"height":277,"caption":"Stelvision"},"image":{"@id":"https:\/\/www.stelvision.com\/astro\/#\/schema\/logo\/image\/"},"sameAs":["https:\/\/www.facebook.com\/people\/Stelvision\/100063368192331\/"]},{"@type":"Person","@id":"https:\/\/www.stelvision.com\/astro\/#\/schema\/person\/493624a999745495b124a6f971a7271e","name":"Carine Souplet","url":"https:\/\/www.stelvision.com\/astro\/author\/cs-stel2\/"}]}},"_links":{"self":[{"href":"https:\/\/www.stelvision.com\/astro\/wp-json\/wp\/v2\/posts\/53645","targetHints":{"allow":["GET"]}}],"collection":[{"href":"https:\/\/www.stelvision.com\/astro\/wp-json\/wp\/v2\/posts"}],"about":[{"href":"https:\/\/www.stelvision.com\/astro\/wp-json\/wp\/v2\/types\/post"}],"author":[{"embeddable":true,"href":"https:\/\/www.stelvision.com\/astro\/wp-json\/wp\/v2\/users\/5"}],"replies":[{"embeddable":true,"href":"https:\/\/www.stelvision.com\/astro\/wp-json\/wp\/v2\/comments?post=53645"}],"version-history":[{"count":4,"href":"https:\/\/www.stelvision.com\/astro\/wp-json\/wp\/v2\/posts\/53645\/revisions"}],"predecessor-version":[{"id":71694,"href":"https:\/\/www.stelvision.com\/astro\/wp-json\/wp\/v2\/posts\/53645\/revisions\/71694"}],"wp:featuredmedia":[{"embeddable":true,"href":"https:\/\/www.stelvision.com\/astro\/wp-json\/wp\/v2\/media\/53646"}],"wp:attachment":[{"href":"https:\/\/www.stelvision.com\/astro\/wp-json\/wp\/v2\/media?parent=53645"}],"wp:term":[{"taxonomy":"category","embeddable":true,"href":"https:\/\/www.stelvision.com\/astro\/wp-json\/wp\/v2\/categories?post=53645"},{"taxonomy":"post_tag","embeddable":true,"href":"https:\/\/www.stelvision.com\/astro\/wp-json\/wp\/v2\/tags?post=53645"}],"curies":[{"name":"wp","href":"https:\/\/api.w.org\/{rel}","templated":true}]}}