{"id":54055,"date":"2023-05-09T10:56:20","date_gmt":"2023-05-09T08:56:20","guid":{"rendered":"https:\/\/www.stelvision.com\/astro\/?p=54055"},"modified":"2024-09-24T14:35:05","modified_gmt":"2024-09-24T12:35:05","slug":"balade-celeste-printaniere-oeil-nu","status":"publish","type":"post","link":"https:\/\/www.stelvision.com\/astro\/balade-celeste-printaniere-oeil-nu\/","title":{"rendered":"Balade c\u00e9leste printani\u00e8re \u00e0 l\u2019\u0153il nu"},"content":{"rendered":"\n<p class=\"chapo\">Au printemps, les temp\u00e9ratures nocturnes s\u2019adoucissent : l\u2019envie est forte de lever le nez vers les \u00e9toiles&nbsp;! Voici un parcours de d\u00e9couverte \u00e0 faire \u00e0 l\u2019\u0153il nu, seul ou \u00e0 plusieurs, \u00e0 partir de la grande Ourse.<\/p>\n\n\n<div class=\"wp-block-image\">\n<figure class=\"aligncenter size-full\"><img decoding=\"async\" width=\"800\" height=\"419\" src=\"https:\/\/www.stelvision.com\/astro\/wp-content\/uploads\/2023\/05\/GrandeOurse2.gif\" alt=\"Image anim\u00e9e montrant les principales \u00e9toiles de la Grande Ourse seules, puis la m\u00eame image avec les traits de constellation en blanc qui forment la figure de la casserole.\" class=\"wp-image-54139\"\/><figcaption class=\"wp-element-caption\"><strong>Les principales \u00e9toiles de la constellation de la Grande Ourse forment une figure que beaucoup connaissent d\u00e9j\u00e0&nbsp;: une casserole&nbsp;!<\/strong><small> Illustration&nbsp;: Carine&nbsp;Souplet<\/small><\/figcaption><\/figure>\n<\/div>\n\n\n<p><strong>Le point de d\u00e9part de cette randonn\u00e9e c\u00e9leste printani\u00e8re est l\u2019incontournable <a href=\"https:\/\/www.stelvision.com\/astro\/qu-est-ce-qu-une-constellation\/\">constellation<\/a> de la Grande Ourse<\/strong>. Parfaitement reconnaissable avec sa partie principale en forme de casserole, elle est aussi un jalon tr\u00e8s utile pour identifier d\u2019autres curiosit\u00e9s du ciel. En cette saison, elle se trouve proche du z\u00e9nith en d\u00e9but de nuit. Vous pouvez v\u00e9rifier sa position en utilisant notre <a href=\"https:\/\/www.stelvision.com\/astro\/carte-ciel\/\">carte du ciel du jour en ligne<\/a>.<\/p>\n\n\n\n<h2 class=\"wp-block-heading\">La constellation du Lion<\/h2>\n\n\n\n<p>En prolongeant la courbe du manche de la casserole en direction de l\u2019ouest, la Grande Ourse vous permet de rep\u00e9rer <strong>l\u2019une des constellations les plus embl\u00e9matiques du printemps&nbsp;: le Lion<\/strong>. Son \u00e9toile la plus brillante s\u2019appelle R\u00e9gulus et marque le c\u0153ur du fauve. Il est ais\u00e9 de reconna\u00eetre la forme caract\u00e9ristique de cette constellation, avec un corps allong\u00e9, puis le cou et la t\u00eate du roi de la savane. Selon son imagination, on peut voir un lion couch\u00e9, ou bien debout. \u00c0 vous de choisir&nbsp;!<\/p>\n\n\n\n<figure class=\"wp-block-image size-full\"><a href=\"https:\/\/www.stelvision.com\/astro\/wp-content\/uploads\/2023\/05\/general_debut_droite.jpg\" data-rel=\"lightbox-gallery-I2dktCWX\" data-rl_title=\"Carte montrant comment trouver la constellation du Lion \u00e0 partir de la Grande Ourse.\" data-rl_caption=\"\" title=\"Carte montrant comment trouver la constellation du Lion \u00e0 partir de la Grande Ourse.\"><img decoding=\"async\" width=\"1024\" height=\"788\" src=\"https:\/\/www.stelvision.com\/astro\/wp-content\/uploads\/2023\/05\/general_debut_droite.jpg\" alt=\"Carte montrant les principales constellations du printemps. Avec l'aide de la constellation de la Grande Ourse, on peut trouver vers l'ouest la constellation du Lion et son \u00e9toile R\u00e9gulus (trajet de la fl\u00e8che bleue) et celle du Cancer.\" class=\"wp-image-54087\" srcset=\"https:\/\/www.stelvision.com\/astro\/wp-content\/uploads\/2023\/05\/general_debut_droite.jpg 1024w, https:\/\/www.stelvision.com\/astro\/wp-content\/uploads\/2023\/05\/general_debut_droite-300x231.jpg 300w, https:\/\/www.stelvision.com\/astro\/wp-content\/uploads\/2023\/05\/general_debut_droite-780x600.jpg 780w, https:\/\/www.stelvision.com\/astro\/wp-content\/uploads\/2023\/05\/general_debut_droite-750x577.jpg 750w, https:\/\/www.stelvision.com\/astro\/wp-content\/uploads\/2023\/05\/general_debut_droite-570x439.jpg 570w, https:\/\/www.stelvision.com\/astro\/wp-content\/uploads\/2023\/05\/general_debut_droite-368x283.jpg 368w, https:\/\/www.stelvision.com\/astro\/wp-content\/uploads\/2023\/05\/general_debut_droite-270x208.jpg 270w, https:\/\/www.stelvision.com\/astro\/wp-content\/uploads\/2023\/05\/general_debut_droite-1000x770.jpg 1000w\" sizes=\"(max-width: 1024px) 100vw, 1024px\" \/><\/a><figcaption class=\"wp-element-caption\"><strong>Carte montrant les principales constellations au printemps entre le z\u00e9nith et l&rsquo;horizon sud, en soir\u00e9e. En prolongeant la queue de la Grande Ourse en direction de l&rsquo;ouest, on trouve les constellations du Lion et du Cancer.<\/strong><\/figcaption><\/figure>\n\n\n\n<h2 class=\"wp-block-heading\">La constellation du Cancer et sa Ruche <\/h2>\n\n\n\n<p>Regardez maintenant \u00e0 droite (\u00e0 l\u2019ouest) du Lion, \u00e0 mi-chemin entre R\u00e9gulus et l\u2019\u00e9toile principale de la constellation du Petit Chien, Procyon. C\u2019est l\u00e0 que se trouve <strong>la discr\u00e8te constellation du Cancer, en forme de Y \u00e0 l\u2019envers<\/strong>. Elle est constitu\u00e9e d\u2019\u00e9toiles \u00e0 l\u2019\u00e9clat modeste. Peut-\u00eatre n\u2019arriverez-vous-m\u00eame pas \u00e0 la voir si vous observez en pr\u00e9sence de pollution lumineuse&nbsp;! En cas de difficult\u00e9 pour la d\u00e9busquer, <strong>vous pouvez vous aider de jumelles de type \u00ab&nbsp;yeux de hibou&nbsp;\u00bb comme nos <a href=\"https:\/\/www.stelvision.com\/astro\/boutique\/jumelles-noctua-2x40\/\">jumelles Noctua<\/a><\/strong>. Cet astucieux outil d&rsquo;observation grossit tr\u00e8s peu tout en permettant de faire arriver davantage de lumi\u00e8re \u00e0 vos yeux. R\u00e9sultat, les constellations peu visibles deviennent plus \u00e9videntes et en ville, nombre d&rsquo;entre elles apparaissent alors qu&rsquo;elles sont ind\u00e9celables sans instrument.<\/p>\n\n\n\n<p>Le Cancer abrite<strong> une curiosit\u00e9 tr\u00e8s int\u00e9ressante pour le promeneur \u00e0 l\u2019\u0153il nu&nbsp;: Messier&nbsp;44<\/strong> (M44).<\/p>\n\n\n<div class=\"wp-block-image\">\n<figure class=\"aligncenter size-full is-resized\"><img decoding=\"async\" width=\"1024\" height=\"978\" src=\"https:\/\/www.stelvision.com\/astro\/wp-content\/uploads\/2023\/05\/cancer-1.jpg\" alt=\"Carte montrant la constellation du Cancer en forme de Y \u00e0 l'envers, dessin\u00e9 avec des traits orange. Pr\u00e8s de l'intersection des trois branches se trouve l'amas ouvert M44, mat\u00e9rialis\u00e9 par un cercle jaune.\" class=\"wp-image-54083\" style=\"width:512px;height:489px\" srcset=\"https:\/\/www.stelvision.com\/astro\/wp-content\/uploads\/2023\/05\/cancer-1.jpg 1024w, https:\/\/www.stelvision.com\/astro\/wp-content\/uploads\/2023\/05\/cancer-1-300x287.jpg 300w, https:\/\/www.stelvision.com\/astro\/wp-content\/uploads\/2023\/05\/cancer-1-628x600.jpg 628w, https:\/\/www.stelvision.com\/astro\/wp-content\/uploads\/2023\/05\/cancer-1-750x716.jpg 750w, https:\/\/www.stelvision.com\/astro\/wp-content\/uploads\/2023\/05\/cancer-1-570x544.jpg 570w, https:\/\/www.stelvision.com\/astro\/wp-content\/uploads\/2023\/05\/cancer-1-368x351.jpg 368w, https:\/\/www.stelvision.com\/astro\/wp-content\/uploads\/2023\/05\/cancer-1-270x258.jpg 270w, https:\/\/www.stelvision.com\/astro\/wp-content\/uploads\/2023\/05\/cancer-1-1000x955.jpg 1000w\" sizes=\"(max-width: 1024px) 100vw, 1024px\" \/><figcaption class=\"wp-element-caption\"><strong>Position de l&rsquo;amas ouvert Messier&nbsp;44 (M44) dans la constellation du Cancer.<\/strong><\/figcaption><\/figure>\n<\/div>\n\n\n<p>Ce matricule identifie un amas d\u2019\u00e9toiles appel\u00e9 aussi l\u2019amas de la Ruche ou amas de la Cr\u00e8che. Vaste et brillant, il est assez simple de rep\u00e9rer \u00e0 l\u2019\u0153il nu pourvu que le ciel soit noir et peu pollu\u00e9 par les lumi\u00e8res artificielles. <strong>M44 se situe \u00e0 droite du Y renvers\u00e9, juste au-dessus de l\u2019intersection des trois branches. <\/strong>Sous un ciel noir, les yeux seuls distinguent une masse ronde, diffuse et faiblement lumineuse. En vous aidant de jumelles \u00ab\u00a0yeux de hibou\u00a0\u00bb, cette masse devient \u00e9vidente (en ville, ces jumelles vous permettront de rep\u00e9rer M44 qui est souvent invisible \u00e0 l&rsquo;\u0153il nu). Si vous disposez de jumelles classiques comme des <a href=\"https:\/\/www.stelvision.com\/astro\/boutique\/coffret-ciel-aux-jumelles\/\">10\u00d750<\/a>, l\u2019observation est <a href=\"https:\/\/www.stelvision.com\/astro\/fiche-observation\/creche-ou-ruche-amas-m44-aux-jumelles\/\">plus d\u00e9taill\u00e9e<\/a> et quelques dizaines d\u2019\u00e9toiles apparaissent. Sachez qu\u2019en fait, M44 est constitu\u00e9 d\u2019environ 1\u00a0000\u00a0\u00e9toiles\u00a0! Il est donc int\u00e9ressant de recourir \u00e0 un <a href=\"https:\/\/www.stelvision.com\/astro\/produits\/telescopes-lunettes\/\">t\u00e9lescope <\/a>pour <a href=\"https:\/\/www.stelvision.com\/astro\/fiche-observation\/m44-un-amas-bourdonnant-detoiles\/\">le d\u00e9tailler encore mieux<\/a>.<\/p>\n\n\n<div class=\"wp-block-image\">\n<figure class=\"aligncenter size-large\"><img decoding=\"async\" width=\"1024\" height=\"681\" src=\"https:\/\/www.stelvision.com\/astro\/wp-content\/uploads\/2019\/10\/M44-1024x681.jpg\" alt=\"Photo montrant l'amas ouvert M44. On y voit une vingtaine d'\u00e9toiles brillantes dont certaines sont bleut\u00e9es et d'autres orang\u00e9es. Il y a aussi beaucoup d'\u00e9toiles plus faibles.\" class=\"wp-image-9479\" srcset=\"https:\/\/www.stelvision.com\/astro\/wp-content\/uploads\/2019\/10\/M44.jpg 1024w, https:\/\/www.stelvision.com\/astro\/wp-content\/uploads\/2019\/10\/M44-300x200.jpg 300w, https:\/\/www.stelvision.com\/astro\/wp-content\/uploads\/2019\/10\/M44-768x511.jpg 768w, https:\/\/www.stelvision.com\/astro\/wp-content\/uploads\/2019\/10\/M44-750x499.jpg 750w, https:\/\/www.stelvision.com\/astro\/wp-content\/uploads\/2019\/10\/M44-570x379.jpg 570w, https:\/\/www.stelvision.com\/astro\/wp-content\/uploads\/2019\/10\/M44-368x245.jpg 368w, https:\/\/www.stelvision.com\/astro\/wp-content\/uploads\/2019\/10\/M44-270x180.jpg 270w, https:\/\/www.stelvision.com\/astro\/wp-content\/uploads\/2019\/10\/M44-1000x665.jpg 1000w\" sizes=\"(max-width: 1024px) 100vw, 1024px\" \/><figcaption class=\"wp-element-caption\"><strong>L\u2019amas M44 photographi\u00e9 avec un petit t\u00e9lescope.<\/strong><small> Image&nbsp;: Camille&nbsp;Colomb<\/small><\/figcaption><\/figure>\n<\/div>\n\n\n<h2 class=\"wp-block-heading\">Les constellations du Bouvier et de la Vierge<\/h2>\n\n\n\n<p>Maintenant, retournez \u00e0 la Grande Ourse et tracez la deuxi\u00e8me courbe qui prolonge le manche de la casserole, c\u00f4t\u00e9 est. Un astre lumineux et discr\u00e8tement orang\u00e9 se trouve rapidement sur cette courbe&nbsp;: <strong>c\u2019est Arcturus, principale \u00e9toile de la constellation du Bouvier<\/strong>. Le Bouvier est, suivant les l\u00e9gendes, le gardien de la Grande Ourse, un laboureur ou encore un vigneron. En r\u00e9alit\u00e9, la forme que ses \u00e9toiles esquissent \u00e9voque plut\u00f4t un cerf-volant ou un parachute&nbsp;!<\/p>\n\n\n\n<p>En continuant la courbe d\u00e9marr\u00e9e de la queue de la Grande Ourse et passant par Arcturus, un deuxi\u00e8me arr\u00eat s\u2019impose imm\u00e9diatement&nbsp;: <strong>Spica est le seul astre remarquable de ce secteur du ciel.<\/strong> Cette \u00e9clatante \u00e9toile blanche marque le bas d\u2019une autre constellation faisant penser \u00e0 un cerf-volant avec sa forme en losange&nbsp;: la Vierge. Comme les autres \u00e9toiles constituant le cerf-volant sont assez faibles, les jumelles \u00ab&nbsp;yeux de hibou&nbsp;\u00bb sont l\u00e0 encore bien utiles pour mieux identifier cette constellation.<\/p>\n\n\n\n<figure class=\"wp-block-image size-full\"><a href=\"https:\/\/www.stelvision.com\/astro\/wp-content\/uploads\/2023\/05\/general_debut_gauche.jpg\" data-rel=\"lightbox-gallery-I2dktCWX\" data-rl_title=\"Carte montrant comment trouver les constellations du Bouvier, de la Vierge et du Corbeau \u00e0 partir de la Grande Ourse.\" data-rl_caption=\"\" title=\"Carte montrant comment trouver les constellations du Bouvier, de la Vierge et du Corbeau \u00e0 partir de la Grande Ourse.\"><img decoding=\"async\" width=\"1024\" height=\"788\" src=\"https:\/\/www.stelvision.com\/astro\/wp-content\/uploads\/2023\/05\/general_debut_gauche.jpg\" alt=\"Carte montrant les principales constellations du printemps. Avec l'aide de la constellation de la Grande Ourse, on peut trouver vers l'est la constellation du Bouvier et son \u00e9toile Arcturus (trajet de la fl\u00e8che bleue), puis la Vierge et son \u00e9toile Spica, et enfin la constellation du Corbeau.\" class=\"wp-image-54088\" srcset=\"https:\/\/www.stelvision.com\/astro\/wp-content\/uploads\/2023\/05\/general_debut_gauche.jpg 1024w, https:\/\/www.stelvision.com\/astro\/wp-content\/uploads\/2023\/05\/general_debut_gauche-300x231.jpg 300w, https:\/\/www.stelvision.com\/astro\/wp-content\/uploads\/2023\/05\/general_debut_gauche-780x600.jpg 780w, https:\/\/www.stelvision.com\/astro\/wp-content\/uploads\/2023\/05\/general_debut_gauche-750x577.jpg 750w, https:\/\/www.stelvision.com\/astro\/wp-content\/uploads\/2023\/05\/general_debut_gauche-570x439.jpg 570w, https:\/\/www.stelvision.com\/astro\/wp-content\/uploads\/2023\/05\/general_debut_gauche-368x283.jpg 368w, https:\/\/www.stelvision.com\/astro\/wp-content\/uploads\/2023\/05\/general_debut_gauche-270x208.jpg 270w, https:\/\/www.stelvision.com\/astro\/wp-content\/uploads\/2023\/05\/general_debut_gauche-1000x770.jpg 1000w\" sizes=\"(max-width: 1024px) 100vw, 1024px\" \/><\/a><figcaption class=\"wp-element-caption\"><strong>Carte montrant les principales constellations au printemps entre le z\u00e9nith et l&rsquo;horizon sud, en soir\u00e9e. En prolongeant la queue de la Grande Ourse vers l&rsquo;est, on trouve les constellations du Bouvier, de la Vierge et du Corbeau.<\/strong><\/figcaption><\/figure>\n\n\n\n<h2 class=\"wp-block-heading\">La constellation du Corbeau<\/h2>\n\n\n\n<p>En prolongeant encore un peu la courbe, recherchez enfin <strong>une petite constellation aux \u00e9toiles un peu plus lumineuses que les autres dans ce secteur assez pauvre&nbsp;: le Corbeau<\/strong>. \u00c0 nouveau, c\u2019est un losange, mais un peu trop d\u00e9form\u00e9 pour \u00e9voquer encore un cerf-volant. Bien que toujours basse sur l\u2019horizon aux latitudes moyennes de la France m\u00e9tropolitaine, cette constellation un peu m\u00e9connue m\u00e9rite qu\u2019on l\u2019identifie. La mythologie grecque raconte que le Corbeau \u00e9tait l\u2019oiseau proph\u00e9tique d\u2019Apollon. Initialement pourvu de plumes d\u2019argent, il fut maudit pour avoir annonc\u00e9 une mauvaise nouvelle et ses plumes devinrent noires pour toujours.<\/p>\n\n\n<div class=\"wp-block-image\">\n<figure class=\"aligncenter size-full is-resized\"><img decoding=\"async\" width=\"800\" height=\"568\" src=\"https:\/\/www.stelvision.com\/astro\/wp-content\/uploads\/2023\/05\/corvus.png\" alt=\"Dessin en noir et blanc de type gravure repr\u00e9sentant un corbeau.\" class=\"wp-image-54057\" style=\"width:600px;height:426px\" srcset=\"https:\/\/www.stelvision.com\/astro\/wp-content\/uploads\/2023\/05\/corvus.png 800w, https:\/\/www.stelvision.com\/astro\/wp-content\/uploads\/2023\/05\/corvus-300x213.png 300w, https:\/\/www.stelvision.com\/astro\/wp-content\/uploads\/2023\/05\/corvus-750x533.png 750w, https:\/\/www.stelvision.com\/astro\/wp-content\/uploads\/2023\/05\/corvus-570x405.png 570w, https:\/\/www.stelvision.com\/astro\/wp-content\/uploads\/2023\/05\/corvus-368x261.png 368w, https:\/\/www.stelvision.com\/astro\/wp-content\/uploads\/2023\/05\/corvus-270x192.png 270w\" sizes=\"(max-width: 800px) 100vw, 800px\" \/><figcaption class=\"wp-element-caption\"><strong>La figure mythologique du Corbeau telle que l&rsquo;avait dessin\u00e9 Johannes Hevelius dans son atlas <em>Uranographia<\/em>.<\/strong><\/figcaption><\/figure>\n<\/div>\n\n\n<h2 class=\"wp-block-heading\">La constellation de la Chevelure de B\u00e9r\u00e9nice<\/h2>\n\n\n\n<p>Ramenez enfin votre regard entre le grand espace plut\u00f4t vide situ\u00e9 entre Arcturus et l\u2019arri\u00e8re du Lion. Sous un ciel peu ou pas pollu\u00e9 par les lumi\u00e8res artificielles, peut-\u00eatre aurez-vous la sensation de voir une autre tache floue plus vaste que M44&nbsp;? Eh bien vos yeux ne vous trompent pas&nbsp;: <strong>vous avez affaire \u00e0 un autre amas d\u2019\u00e9toiles appel\u00e9 Melotte&nbsp;111<\/strong>. Celui-ci se trouve dans la Chevelure de B\u00e9r\u00e9nice, une constellation encore plus discr\u00e8te que le Cancer, dont la figure en \u00e9querre est constitu\u00e9e de seulement trois \u00e9toiles.<\/p>\n\n\n<div class=\"wp-block-image\">\n<figure class=\"aligncenter size-full is-resized\"><img decoding=\"async\" width=\"1024\" height=\"841\" src=\"https:\/\/www.stelvision.com\/astro\/wp-content\/uploads\/2023\/05\/chevelure-berenice2.jpg\" alt=\"Carte montrant la constellation de la Chevelure de B\u00e9r\u00e9nice en forme d'\u00e9querre, dessin\u00e9e avec des traits orange. A l'extr\u00e9mit\u00e9 du trait horizontal se trouve l'amas ouvert Melotte 111, mat\u00e9rialis\u00e9 par un cercle jaune.\" class=\"wp-image-54081\" style=\"width:512px;height:421px\" srcset=\"https:\/\/www.stelvision.com\/astro\/wp-content\/uploads\/2023\/05\/chevelure-berenice2.jpg 1024w, https:\/\/www.stelvision.com\/astro\/wp-content\/uploads\/2023\/05\/chevelure-berenice2-300x246.jpg 300w, https:\/\/www.stelvision.com\/astro\/wp-content\/uploads\/2023\/05\/chevelure-berenice2-731x600.jpg 731w, https:\/\/www.stelvision.com\/astro\/wp-content\/uploads\/2023\/05\/chevelure-berenice2-750x616.jpg 750w, https:\/\/www.stelvision.com\/astro\/wp-content\/uploads\/2023\/05\/chevelure-berenice2-570x468.jpg 570w, https:\/\/www.stelvision.com\/astro\/wp-content\/uploads\/2023\/05\/chevelure-berenice2-368x302.jpg 368w, https:\/\/www.stelvision.com\/astro\/wp-content\/uploads\/2023\/05\/chevelure-berenice2-270x222.jpg 270w, https:\/\/www.stelvision.com\/astro\/wp-content\/uploads\/2023\/05\/chevelure-berenice2-1000x821.jpg 1000w\" sizes=\"(max-width: 1024px) 100vw, 1024px\" \/><figcaption class=\"wp-element-caption\"><strong>Position de l&rsquo;amas ouvert Melotte&nbsp;111 dans la constellation de la Chevelure de B\u00e9r\u00e9nice.<\/strong><\/figcaption><\/figure>\n<\/div>\n\n\n<p><strong>Melotte&nbsp;111 a des dimensions remarquables&nbsp;: 4,6&nbsp;degr\u00e9s, soit neuf fois la taille de la pleine lune&nbsp;!<\/strong> Mais il est bien difficile de voir \u00e0 l\u2019\u0153il nu ce qui le compose, et en fonction de la qualit\u00e9 du ciel sa visibilit\u00e9 m\u00eame n&rsquo;est pas toujours assur\u00e9e. Le myst\u00e8re commence \u00e0 se lever avec des jumelles \u00ab&nbsp;yeux de hibou&nbsp;\u00bb&nbsp;: le gain en luminosit\u00e9 qu\u2019elles g\u00e9n\u00e8rent permet de confirmer qu&rsquo;il y a bien l\u00e0 quelque chose de particulier\u2026 et m\u00eame d\u2019y distinguer quelques \u00e9toiles&nbsp;! Et si vous disposez d\u2019une paire de jumelles classiques, la nature de Melotte&nbsp;111 se r\u00e9v\u00e8le vraiment, avec <a href=\"https:\/\/www.stelvision.com\/astro\/fiche-observation\/poudre-d-etoiles-cheveux-berenice-melotte-111-aux-jumelles\/\">20&nbsp;\u00e0 30&nbsp;\u00e9toiles visibles<\/a> dont les principales forment un V \u00e0 l\u2019envers.<\/p>\n\n\n\n<p><em>Retrouvez <a href=\"https:\/\/www.stelvision.com\/astro\/observer-le-ciel\/randonnees-celestes\/\">d&rsquo;autres randonn\u00e9es c\u00e9lestes<\/a> \u00e0 l&rsquo;\u0153il nu ou aux instruments.<\/em><\/p>\n\n\n<div class=\"rwwp-featured-content-wrapper rwwp-featured-content-wrapper-ad-mode\"><div class=\"rwwp-featured-content-ad-title\">La suite apr\u00e8s cette annonce<\/div><div class=\"rwwp-featured-content-ad-content\"><div class=\"stel-auto-swiffy-slider rwwp-featured-content rwwp-featured-content-slides rwwp-featured-content-slides-alignment-top rwwp-featured-content-slides-carousel-yes\"><div class=\"swiffy-slider slider-item-show2   slider-nav-visible slider-nav-outside slider-nav-autoplay  slider-nav-dark slider-nav-autohide slider-item-first-visible slider-nav-autopause\" data-slider-nav-autoplay-interval=\"4000\" data-rwstelwp-uid=\"1777693458\"><ul class=\"slider-container\"><li data-stel-auto-swiffy-slider-offset=\"18\"><div class=\"rwwp-featured-content-item rwwp-featured-content-item-product rwwp-featured-content-item-small\"><div class=\"woocommerce columns-1 stel-product-no-add_to_cart\"><ul class=\"products columns-1\">\n<li class=\"product type-product post-60692 status-publish first instock product_cat-edition product_tag--notre-selection-pour-lete has-post-thumbnail taxable shipping-taxable purchasable product-type-simple\">\n\t<div class=\"stel-wc-product\"><a href=\"https:\/\/www.stelvision.com\/astro\/boutique\/decouvrir-le-ciel-a-loeil-nu\/\" title=\"D&eacute;couvrir le ciel &agrave; l&rsquo;&oelig;il nu - Un guide pour observer les &eacute;toiles depuis chez soi\" class=\"woocommerce-LoopProduct-link woocommerce-loop-product__link\"><img decoding=\"async\" width=\"300\" height=\"300\" src=\"https:\/\/www.stelvision.com\/astro\/wp-content\/uploads\/2024\/09\/Decouvrir-le-ciel-a-loeil-nu-en-volume-fond-blanc_1024-300x300.jpg\" class=\"attachment-woocommerce_thumbnail size-woocommerce_thumbnail\" alt=\"Visuel livre D\u00e9couvrir le ciel \u00e0 l&#039;\u0153il nu de Bertrand d&#039;Armagnac et Carine Souplet aux \u00e9ditions Stelvision\" srcset=\"https:\/\/www.stelvision.com\/astro\/wp-content\/uploads\/2024\/09\/Decouvrir-le-ciel-a-loeil-nu-en-volume-fond-blanc_1024-300x300.jpg 300w, https:\/\/www.stelvision.com\/astro\/wp-content\/uploads\/2024\/09\/Decouvrir-le-ciel-a-loeil-nu-en-volume-fond-blanc_1024-150x150.jpg 150w, https:\/\/www.stelvision.com\/astro\/wp-content\/uploads\/2024\/09\/Decouvrir-le-ciel-a-loeil-nu-en-volume-fond-blanc_1024-600x600.jpg 600w, https:\/\/www.stelvision.com\/astro\/wp-content\/uploads\/2024\/09\/Decouvrir-le-ciel-a-loeil-nu-en-volume-fond-blanc_1024-750x750.jpg 750w, https:\/\/www.stelvision.com\/astro\/wp-content\/uploads\/2024\/09\/Decouvrir-le-ciel-a-loeil-nu-en-volume-fond-blanc_1024-570x570.jpg 570w, https:\/\/www.stelvision.com\/astro\/wp-content\/uploads\/2024\/09\/Decouvrir-le-ciel-a-loeil-nu-en-volume-fond-blanc_1024-368x368.jpg 368w, https:\/\/www.stelvision.com\/astro\/wp-content\/uploads\/2024\/09\/Decouvrir-le-ciel-a-loeil-nu-en-volume-fond-blanc_1024-270x270.jpg 270w, https:\/\/www.stelvision.com\/astro\/wp-content\/uploads\/2024\/09\/Decouvrir-le-ciel-a-loeil-nu-en-volume-fond-blanc_1024-62x62.jpg 62w, https:\/\/www.stelvision.com\/astro\/wp-content\/uploads\/2024\/09\/Decouvrir-le-ciel-a-loeil-nu-en-volume-fond-blanc_1024-100x100.jpg 100w, https:\/\/www.stelvision.com\/astro\/wp-content\/uploads\/2024\/09\/Decouvrir-le-ciel-a-loeil-nu-en-volume-fond-blanc_1024-1000x1000.jpg 1000w, https:\/\/www.stelvision.com\/astro\/wp-content\/uploads\/2024\/09\/Decouvrir-le-ciel-a-loeil-nu-en-volume-fond-blanc_1024.jpg 1024w\" sizes=\"(max-width: 300px) 100vw, 300px\" \/><h2 class=\"woocommerce-loop-product__title\">D\u00e9couvrir le ciel \u00e0 l\u2019\u0153il nu &#8211; Un guide pour observer les \u00e9toiles depuis chez soi<div class=\"stel-product-item-review-wrapper\"><div class=\"skeepers_product__stars\" data-product-id=\"60692\"><\/div><script type=\"text\/javascript\">\/*!rw_stel_js*\/window.$ = jQuery;<\/script><script async charset=\"utf-8\" src=\"https:\/\/widgets.rr.skeepers.io\/product\/29f32d37-16d4-4b94-e954-a24712bd5a0f\/49f1f3bb-3583-4096-a330-61b13d46555d.js\"><\/script><\/div><\/h2>\r\n\t<span class=\"price\"><span class=\"woocommerce-Price-amount amount\"><bdi>22.90<span class=\"woocommerce-Price-currencySymbol\">&euro;<\/span><\/bdi><\/span> <span class=\"rwwc-vat-price-hint\" onclick=\"rwStelvisionWooTaxesInfos.showTaxHintModal(event)\">TVA incluse (FR) <i class=\"neko-icon-info-circled\"><\/i><\/span><\/span>\r\n<div class=\"netreviews_bg_stars_big listStars\" title=\"4.811\/5\"><div><span class=\"nr-icon nr-star grey\"><\/span><span class=\"nr-icon nr-star grey\"><\/span><span class=\"nr-icon nr-star grey\"><\/span><span class=\"nr-icon nr-star grey\"><\/span><span class=\"nr-icon nr-star grey\"><\/span><\/div><div style=\"color: #4FB8D7 !important\"><span class=\"nr-icon nr-star\" style=\"width:20%;\"><\/span><span class=\"nr-icon nr-star\" style=\"width:20%;\"><\/span><span class=\"nr-icon nr-star\" style=\"width:20%;\"><\/span><span class=\"nr-icon nr-star\" style=\"width:20%;\"><\/span><span class=\"nr-icon nr-star\" style=\"width:16%;\"><\/span><\/div> <span class=\"reviewCount\">53 avis<\/span><\/div><\/a><span class=\" rw_stelvision_product_in_stock \"><span class=\"rw_stelvision_product_stock_msg\">En stock<\/span><\/span><a href=\"\/astro\/wp-json\/wp\/v2\/posts\/54055?add-to-cart=60692\" aria-describedby=\"woocommerce_loop_add_to_cart_link_describedby_606920\" data-quantity=\"1\" data-product_id=\"60692\" data-product-title=\"D\u00e9couvrir le ciel \u00e0 l\u2019\u0153il nu &#8211; Un guide pour observer les \u00e9toiles depuis chez soi&lt;div class=&quot;stel-product-item-review-wrapper&quot;&gt;&lt;div class=&quot;skeepers_product__stars&quot; data-product-id=&quot;60692&quot;&gt;&lt;\/div&gt;&lt;\/div&gt;\" class=\"button product_type_simple add_to_cart_button ajax_add_to_cart\" data-product_id=\"60692\" data-product_sku=\"9782958661915\" aria-label=\"Ajouter au panier\u00a0: &ldquo;D\u00e9couvrir le ciel \u00e0 l\u2019\u0153il nu - Un guide pour observer les \u00e9toiles depuis chez soi&rdquo;\" rel=\"nofollow\" data-success_message=\"\u00ab\u00a0D\u00e9couvrir le ciel \u00e0 l\u2019\u0153il nu - Un guide pour observer les \u00e9toiles depuis chez soi\u00a0\u00bb a \u00e9t\u00e9 ajout\u00e9 \u00e0 votre panier\" role=\"button\">Ajouter au panier<\/a><span id=\"woocommerce_loop_add_to_cart_link_describedby_606920\" class=\"screen-reader-text\"><\/span><\/div><\/li>\n<\/ul>\n<\/div><\/div><\/li><li data-stel-auto-swiffy-slider-offset=\"18\"><div class=\"rwwp-featured-content-item rwwp-featured-content-item-product rwwp-featured-content-item-small\"><div class=\"woocommerce columns-1 stel-product-no-add_to_cart\"><ul class=\"products columns-1\">\n<li class=\"product type-product post-54136 status-publish first instock product_cat-jumelles product_tag--notre-selection-pour-lete has-post-thumbnail taxable shipping-taxable purchasable product-type-simple\">\n\t<div class=\"stel-wc-product\"><a href=\"https:\/\/www.stelvision.com\/astro\/boutique\/jumelles-noctua-2x40\/\" title=\"Jumelles Noctua &laquo;&amp;nbsp;yeux de hibou&amp;nbsp;&raquo;\" class=\"woocommerce-LoopProduct-link woocommerce-loop-product__link\"><img decoding=\"async\" width=\"300\" height=\"300\" src=\"https:\/\/www.stelvision.com\/astro\/wp-content\/uploads\/2023\/05\/noctua_03-300x300.jpg\" class=\"attachment-woocommerce_thumbnail size-woocommerce_thumbnail\" alt=\"photo Jumelles Noctua 2x40\" srcset=\"https:\/\/www.stelvision.com\/astro\/wp-content\/uploads\/2023\/05\/noctua_03-300x300.jpg 300w, https:\/\/www.stelvision.com\/astro\/wp-content\/uploads\/2023\/05\/noctua_03-150x150.jpg 150w, https:\/\/www.stelvision.com\/astro\/wp-content\/uploads\/2023\/05\/noctua_03-600x600.jpg 600w, https:\/\/www.stelvision.com\/astro\/wp-content\/uploads\/2023\/05\/noctua_03-750x750.jpg 750w, https:\/\/www.stelvision.com\/astro\/wp-content\/uploads\/2023\/05\/noctua_03-570x570.jpg 570w, https:\/\/www.stelvision.com\/astro\/wp-content\/uploads\/2023\/05\/noctua_03-368x368.jpg 368w, https:\/\/www.stelvision.com\/astro\/wp-content\/uploads\/2023\/05\/noctua_03-270x270.jpg 270w, https:\/\/www.stelvision.com\/astro\/wp-content\/uploads\/2023\/05\/noctua_03-62x62.jpg 62w, https:\/\/www.stelvision.com\/astro\/wp-content\/uploads\/2023\/05\/noctua_03-100x100.jpg 100w, https:\/\/www.stelvision.com\/astro\/wp-content\/uploads\/2023\/05\/noctua_03.jpg 1000w\" sizes=\"(max-width: 300px) 100vw, 300px\" \/><h2 class=\"woocommerce-loop-product__title\">Jumelles Noctua \u00ab&nbsp;yeux de hibou&nbsp;\u00bb<div class=\"stel-product-item-review-wrapper\"><div class=\"skeepers_product__stars\" data-product-id=\"54136\"><\/div><\/div><\/h2>\r\n\t<span class=\"price\"><span class=\"woocommerce-Price-amount amount\"><bdi>89.90<span class=\"woocommerce-Price-currencySymbol\">&euro;<\/span><\/bdi><\/span> <span class=\"rwwc-vat-price-hint\" onclick=\"rwStelvisionWooTaxesInfos.showTaxHintModal(event)\">TVA incluse (FR) <i class=\"neko-icon-info-circled\"><\/i><\/span><\/span>\r\n<div class=\"netreviews_bg_stars_big listStars\" title=\"4.724\/5\"><div><span class=\"nr-icon nr-star grey\"><\/span><span class=\"nr-icon nr-star grey\"><\/span><span class=\"nr-icon nr-star grey\"><\/span><span class=\"nr-icon nr-star grey\"><\/span><span class=\"nr-icon nr-star grey\"><\/span><\/div><div style=\"color: #4FB8D7 !important\"><span class=\"nr-icon nr-star\" style=\"width:20%;\"><\/span><span class=\"nr-icon nr-star\" style=\"width:20%;\"><\/span><span class=\"nr-icon nr-star\" style=\"width:20%;\"><\/span><span class=\"nr-icon nr-star\" style=\"width:20%;\"><\/span><span class=\"nr-icon nr-star\" style=\"width:14%;\"><\/span><\/div> <span class=\"reviewCount\">58 avis<\/span><\/div><\/a><span class=\" rw_stelvision_product_in_stock \"><span class=\"rw_stelvision_product_stock_msg\">En stock<\/span><\/span><a href=\"\/astro\/wp-json\/wp\/v2\/posts\/54055?add-to-cart=54136\" aria-describedby=\"woocommerce_loop_add_to_cart_link_describedby_54136_1\" data-quantity=\"1\" data-product_id=\"54136\" data-product-title=\"Jumelles Noctua \u00ab&nbsp;yeux de hibou&nbsp;\u00bb&lt;div class=&quot;stel-product-item-review-wrapper&quot;&gt;&lt;div class=&quot;skeepers_product__stars&quot; data-product-id=&quot;54136&quot;&gt;&lt;\/div&gt;&lt;\/div&gt;\" class=\"button product_type_simple add_to_cart_button ajax_add_to_cart\" data-product_id=\"54136\" data-product_sku=\"3770011947386\" aria-label=\"Ajouter au panier\u00a0: &ldquo;Jumelles Noctua \u00ab&nbsp;yeux de hibou&nbsp;\u00bb&rdquo;\" rel=\"nofollow\" data-success_message=\"\u00ab\u00a0Jumelles Noctua \u00ab&nbsp;yeux de hibou&nbsp;\u00bb\u00a0\u00bb a \u00e9t\u00e9 ajout\u00e9 \u00e0 votre panier\" role=\"button\">Ajouter au panier<\/a><span id=\"woocommerce_loop_add_to_cart_link_describedby_54136_1\" class=\"screen-reader-text\"><\/span><\/div><\/li>\n<\/ul>\n<\/div><\/div><\/li><li data-stel-auto-swiffy-slider-offset=\"18\"><div class=\"rwwp-featured-content-item rwwp-featured-content-item-product rwwp-featured-content-item-small\"><div class=\"woocommerce columns-1 stel-product-no-add_to_cart\"><ul class=\"products columns-1\">\n<li class=\"product type-product post-1449 status-publish first instock product_cat-edition has-post-thumbnail taxable shipping-taxable purchasable product-type-simple\">\n\t<div class=\"stel-wc-product\"><a href=\"https:\/\/www.stelvision.com\/astro\/boutique\/carte-guide-du-ciel-stelvision-365\/\" title=\"Carte du ciel Stelvision 365 (16&egrave;me &eacute;dition)\" class=\"woocommerce-LoopProduct-link woocommerce-loop-product__link\"><img decoding=\"async\" width=\"300\" height=\"300\" src=\"https:\/\/www.stelvision.com\/astro\/wp-content\/uploads\/2026\/04\/stelvision-365-ed16-1-couverture-1200-carre-300x300.webp\" class=\"attachment-woocommerce_thumbnail size-woocommerce_thumbnail\" alt=\"Visuel de couverture de la Carte du ciel Stelvision 365 \u00e9dition 16 de Bertrand d&#039;Armagnac. Copyright Stelvision.\" srcset=\"https:\/\/www.stelvision.com\/astro\/wp-content\/uploads\/2026\/04\/stelvision-365-ed16-1-couverture-1200-carre-300x300.webp 300w, https:\/\/www.stelvision.com\/astro\/wp-content\/uploads\/2026\/04\/stelvision-365-ed16-1-couverture-1200-carre-1024x1024.webp 1024w, https:\/\/www.stelvision.com\/astro\/wp-content\/uploads\/2026\/04\/stelvision-365-ed16-1-couverture-1200-carre-150x150.webp 150w, https:\/\/www.stelvision.com\/astro\/wp-content\/uploads\/2026\/04\/stelvision-365-ed16-1-couverture-1200-carre-600x600.webp 600w, https:\/\/www.stelvision.com\/astro\/wp-content\/uploads\/2026\/04\/stelvision-365-ed16-1-couverture-1200-carre-1140x1140.webp 1140w, https:\/\/www.stelvision.com\/astro\/wp-content\/uploads\/2026\/04\/stelvision-365-ed16-1-couverture-1200-carre-750x750.webp 750w, https:\/\/www.stelvision.com\/astro\/wp-content\/uploads\/2026\/04\/stelvision-365-ed16-1-couverture-1200-carre-570x570.webp 570w, https:\/\/www.stelvision.com\/astro\/wp-content\/uploads\/2026\/04\/stelvision-365-ed16-1-couverture-1200-carre-368x368.webp 368w, https:\/\/www.stelvision.com\/astro\/wp-content\/uploads\/2026\/04\/stelvision-365-ed16-1-couverture-1200-carre-270x270.webp 270w, https:\/\/www.stelvision.com\/astro\/wp-content\/uploads\/2026\/04\/stelvision-365-ed16-1-couverture-1200-carre-62x62.webp 62w, https:\/\/www.stelvision.com\/astro\/wp-content\/uploads\/2026\/04\/stelvision-365-ed16-1-couverture-1200-carre-100x100.webp 100w, https:\/\/www.stelvision.com\/astro\/wp-content\/uploads\/2026\/04\/stelvision-365-ed16-1-couverture-1200-carre-1000x1000.webp 1000w, https:\/\/www.stelvision.com\/astro\/wp-content\/uploads\/2026\/04\/stelvision-365-ed16-1-couverture-1200-carre.webp 1200w\" sizes=\"(max-width: 300px) 100vw, 300px\" \/><h2 class=\"woocommerce-loop-product__title\">Carte du ciel Stelvision 365 (16\u00e8me \u00e9dition)<div class=\"stel-product-item-review-wrapper\"><div class=\"skeepers_product__stars\" data-product-id=\"1449\"><\/div><\/div><\/h2>\r\n\t<span class=\"price\"><span class=\"woocommerce-Price-amount amount\"><bdi>19.90<span class=\"woocommerce-Price-currencySymbol\">&euro;<\/span><\/bdi><\/span> <span class=\"rwwc-vat-price-hint\" onclick=\"rwStelvisionWooTaxesInfos.showTaxHintModal(event)\">TVA incluse (FR) <i class=\"neko-icon-info-circled\"><\/i><\/span><\/span>\r\n<div class=\"netreviews_bg_stars_big listStars\" title=\"4.843\/5\"><div><span class=\"nr-icon nr-star grey\"><\/span><span class=\"nr-icon nr-star grey\"><\/span><span class=\"nr-icon nr-star grey\"><\/span><span class=\"nr-icon nr-star grey\"><\/span><span class=\"nr-icon nr-star grey\"><\/span><\/div><div style=\"color: #4FB8D7 !important\"><span class=\"nr-icon nr-star\" style=\"width:20%;\"><\/span><span class=\"nr-icon nr-star\" style=\"width:20%;\"><\/span><span class=\"nr-icon nr-star\" style=\"width:20%;\"><\/span><span class=\"nr-icon nr-star\" style=\"width:20%;\"><\/span><span class=\"nr-icon nr-star\" style=\"width:16%;\"><\/span><\/div> <span class=\"reviewCount\">153 avis<\/span><\/div><\/a><span class=\" rw_stelvision_product_in_stock \"><span class=\"rw_stelvision_product_stock_msg\">En stock<\/span><\/span><a href=\"\/astro\/wp-json\/wp\/v2\/posts\/54055?add-to-cart=1449\" aria-describedby=\"woocommerce_loop_add_to_cart_link_describedby_1449_2\" data-quantity=\"1\" data-product_id=\"1449\" data-product-title=\"Carte du ciel Stelvision 365 (16\u00e8me \u00e9dition)&lt;div class=&quot;stel-product-item-review-wrapper&quot;&gt;&lt;div class=&quot;skeepers_product__stars&quot; data-product-id=&quot;1449&quot;&gt;&lt;\/div&gt;&lt;\/div&gt;\" class=\"button product_type_simple add_to_cart_button ajax_add_to_cart\" data-product_id=\"1449\" data-product_sku=\"9782958661977\" aria-label=\"Ajouter au panier\u00a0: &ldquo;Carte du ciel Stelvision 365 (16\u00e8me \u00e9dition)&rdquo;\" rel=\"nofollow\" data-success_message=\"\u00ab\u00a0Carte du ciel Stelvision 365 (16\u00e8me \u00e9dition)\u00a0\u00bb a \u00e9t\u00e9 ajout\u00e9 \u00e0 votre panier\" role=\"button\">Ajouter au panier<\/a><span id=\"woocommerce_loop_add_to_cart_link_describedby_1449_2\" class=\"screen-reader-text\"><\/span><\/div><\/li>\n<\/ul>\n<\/div><\/div><\/li><li data-stel-auto-swiffy-slider-offset=\"18\"><div class=\"rwwp-featured-content-item rwwp-featured-content-item-product rwwp-featured-content-item-small\"><div class=\"woocommerce columns-1 stel-product-no-add_to_cart\"><ul class=\"products columns-1\">\n<li class=\"product type-product post-1465 status-publish first onbackorder product_cat-jumelles product_cat-edition has-post-thumbnail taxable shipping-taxable purchasable product-type-simple\">\n\t<div class=\"stel-wc-product\"><a href=\"https:\/\/www.stelvision.com\/astro\/boutique\/coffret-ciel-aux-jumelles\/\" title=\"Coffret Le Ciel aux jumelles, &eacute;dition 2 originale Stelvision\" class=\"woocommerce-LoopProduct-link woocommerce-loop-product__link\"><img decoding=\"async\" width=\"300\" height=\"300\" src=\"https:\/\/www.stelvision.com\/astro\/wp-content\/uploads\/2026\/03\/IMG_8608-coffret-composition_HD-300x300.webp\" class=\"attachment-woocommerce_thumbnail size-woocommerce_thumbnail\" alt=\"visuel produit Coffret Le Ciel aux jumelles, de Stelvision\" srcset=\"https:\/\/www.stelvision.com\/astro\/wp-content\/uploads\/2026\/03\/IMG_8608-coffret-composition_HD-300x300.webp 300w, https:\/\/www.stelvision.com\/astro\/wp-content\/uploads\/2026\/03\/IMG_8608-coffret-composition_HD-1024x1024.webp 1024w, https:\/\/www.stelvision.com\/astro\/wp-content\/uploads\/2026\/03\/IMG_8608-coffret-composition_HD-150x150.webp 150w, https:\/\/www.stelvision.com\/astro\/wp-content\/uploads\/2026\/03\/IMG_8608-coffret-composition_HD-600x600.webp 600w, https:\/\/www.stelvision.com\/astro\/wp-content\/uploads\/2026\/03\/IMG_8608-coffret-composition_HD-1140x1140.webp 1140w, https:\/\/www.stelvision.com\/astro\/wp-content\/uploads\/2026\/03\/IMG_8608-coffret-composition_HD-750x750.webp 750w, https:\/\/www.stelvision.com\/astro\/wp-content\/uploads\/2026\/03\/IMG_8608-coffret-composition_HD-570x570.webp 570w, https:\/\/www.stelvision.com\/astro\/wp-content\/uploads\/2026\/03\/IMG_8608-coffret-composition_HD-368x368.webp 368w, https:\/\/www.stelvision.com\/astro\/wp-content\/uploads\/2026\/03\/IMG_8608-coffret-composition_HD-270x270.webp 270w, https:\/\/www.stelvision.com\/astro\/wp-content\/uploads\/2026\/03\/IMG_8608-coffret-composition_HD-62x62.webp 62w, https:\/\/www.stelvision.com\/astro\/wp-content\/uploads\/2026\/03\/IMG_8608-coffret-composition_HD-100x100.webp 100w, https:\/\/www.stelvision.com\/astro\/wp-content\/uploads\/2026\/03\/IMG_8608-coffret-composition_HD-1000x1000.webp 1000w, https:\/\/www.stelvision.com\/astro\/wp-content\/uploads\/2026\/03\/IMG_8608-coffret-composition_HD.webp 1200w\" sizes=\"(max-width: 300px) 100vw, 300px\" \/><h2 class=\"woocommerce-loop-product__title\">Coffret Le Ciel aux jumelles, \u00e9dition 2 originale Stelvision<div class=\"stel-product-item-review-wrapper\"><div class=\"skeepers_product__stars\" data-product-id=\"1465\"><\/div><\/div><\/h2>\r\n\t<span class=\"price\"><span class=\"woocommerce-Price-amount amount\"><bdi>135.00<span class=\"woocommerce-Price-currencySymbol\">&euro;<\/span><\/bdi><\/span> <span class=\"rwwc-vat-price-hint\" onclick=\"rwStelvisionWooTaxesInfos.showTaxHintModal(event)\">TVA incluse (FR) <i class=\"neko-icon-info-circled\"><\/i><\/span><\/span>\r\n<div class=\"netreviews_bg_stars_big listStars\" title=\"4.924\/5\"><div><span class=\"nr-icon nr-star grey\"><\/span><span class=\"nr-icon nr-star grey\"><\/span><span class=\"nr-icon nr-star grey\"><\/span><span class=\"nr-icon nr-star grey\"><\/span><span class=\"nr-icon nr-star grey\"><\/span><\/div><div style=\"color: #4FB8D7 !important\"><span class=\"nr-icon nr-star\" style=\"width:20%;\"><\/span><span class=\"nr-icon nr-star\" style=\"width:20%;\"><\/span><span class=\"nr-icon nr-star\" style=\"width:20%;\"><\/span><span class=\"nr-icon nr-star\" style=\"width:20%;\"><\/span><span class=\"nr-icon nr-star\" style=\"width:18%;\"><\/span><\/div> <span class=\"reviewCount\">66 avis<\/span><\/div><\/a><span class=\" rw_stelvision_product_not_in_stock \"><span class=\" rw_stelvision_product_stock_msg \">En r\u00e9approvisionnement. Exp\u00e9di\u00e9 le 18 mai.<\/span><\/span><a href=\"\/astro\/wp-json\/wp\/v2\/posts\/54055?add-to-cart=1465\" aria-describedby=\"woocommerce_loop_add_to_cart_link_describedby_1465_3\" data-quantity=\"1\" data-product_id=\"1465\" data-product-title=\"Coffret Le Ciel aux jumelles, \u00e9dition 2 originale Stelvision&lt;div class=&quot;stel-product-item-review-wrapper&quot;&gt;&lt;div class=&quot;skeepers_product__stars&quot; data-product-id=&quot;1465&quot;&gt;&lt;\/div&gt;&lt;\/div&gt;\" class=\"button product_type_simple add_to_cart_button ajax_add_to_cart\" data-product_id=\"1465\" data-product_sku=\"9782958661953\" aria-label=\"Ajouter au panier\u00a0: &ldquo;Coffret Le Ciel aux jumelles, \u00e9dition 2 originale Stelvision&rdquo;\" rel=\"nofollow\" data-success_message=\"\u00ab\u00a0Coffret Le Ciel aux jumelles, \u00e9dition 2 originale Stelvision\u00a0\u00bb a \u00e9t\u00e9 ajout\u00e9 \u00e0 votre panier\" role=\"button\">Ajouter au panier<\/a><span id=\"woocommerce_loop_add_to_cart_link_describedby_1465_3\" class=\"screen-reader-text\"><\/span><\/div><\/li>\n<\/ul>\n<\/div><\/div><\/li><\/ul><button type=\"button\" class=\"slider-nav\" title=\"Slide pr&eacute;c&eacute;dente\"><\/button><button type=\"button\" class=\"slider-nav slider-nav-next\" title=\"Slide suivante\"><\/button><\/div><script type=\"text\/javascript\">\/*!rw_stel_js*\/rw_stelvision_theme_ready(\"rw_stelvision_theme\",function(){rw_stelvision_theme.swiffySliderAutoSlideSizes();});<\/script><\/div><\/div><\/div>\n","protected":false},"excerpt":{"rendered":"<p>Au printemps, l\u2019envie est forte de passer davantage de temps \u00e0 lever le nez vers les \u00e9toiles. Voici un parcours de d\u00e9couverte \u00e0 faire \u00e0 l\u2019\u0153il nu.<\/p>\n","protected":false},"author":5,"featured_media":54065,"comment_status":"closed","ping_status":"closed","sticky":false,"template":"","format":"standard","meta":{"_acf_changed":false,"footnotes":""},"categories":[235],"tags":[],"class_list":["post-54055","post","type-post","status-publish","format-standard","has-post-thumbnail","hentry","category-randonnees-celestes"],"acf":[],"yoast_head":"<!-- This site is optimized with the Yoast SEO plugin v27.1.1 - https:\/\/yoast.com\/product\/yoast-seo-wordpress\/ -->\n<title>Balade c\u00e9leste printani\u00e8re \u00e0 l\u2019\u0153il nu<\/title>\n<meta name=\"description\" content=\"Au printemps, l\u2019envie est forte de passer davantage de temps \u00e0 regarder les \u00e9toiles. Voici un parcours de d\u00e9couverte \u00e0 faire \u00e0 l\u2019\u0153il nu.\" \/>\n<meta name=\"robots\" content=\"index, follow, max-snippet:-1, max-image-preview:large, max-video-preview:-1\" \/>\n<link rel=\"canonical\" href=\"https:\/\/www.stelvision.com\/astro\/balade-celeste-printaniere-oeil-nu\/\" \/>\n<meta property=\"og:locale\" content=\"fr_FR\" \/>\n<meta property=\"og:type\" content=\"article\" \/>\n<meta property=\"og:title\" content=\"Randonn\u00e9e c\u00e9leste printani\u00e8re \u00e0 l\u2019\u0153il nu\" \/>\n<meta property=\"og:description\" content=\"Voici notre parcours de d\u00e9couverte des constellations \u00e0 faire \u00e0 l\u2019\u0153il nu.\" \/>\n<meta property=\"og:url\" content=\"https:\/\/www.stelvision.com\/astro\/balade-celeste-printaniere-oeil-nu\/\" \/>\n<meta property=\"og:site_name\" content=\"Stelvision\" \/>\n<meta property=\"article:publisher\" content=\"https:\/\/www.facebook.com\/people\/Stelvision\/100063368192331\/\" \/>\n<meta property=\"article:published_time\" content=\"2023-05-09T08:56:20+00:00\" \/>\n<meta property=\"article:modified_time\" content=\"2024-09-24T12:35:05+00:00\" \/>\n<meta property=\"og:image\" content=\"https:\/\/www.stelvision.com\/astro\/wp-content\/uploads\/2023\/05\/carte-illu-FBTW.jpg\" \/>\n\t<meta property=\"og:image:width\" content=\"1024\" \/>\n\t<meta property=\"og:image:height\" content=\"536\" \/>\n\t<meta property=\"og:image:type\" content=\"image\/jpeg\" \/>\n<meta name=\"author\" content=\"Carine Souplet\" \/>\n<meta name=\"twitter:card\" content=\"summary_large_image\" \/>\n<meta name=\"twitter:title\" content=\"Randonn\u00e9e c\u00e9leste printani\u00e8re \u00e0 l\u2019\u0153il nu\" \/>\n<meta name=\"twitter:description\" content=\"Voici notre parcours de d\u00e9couverte des constellations \u00e0 faire \u00e0 l\u2019\u0153il nu.\" \/>\n<meta name=\"twitter:image\" content=\"https:\/\/www.stelvision.com\/astro\/wp-content\/uploads\/2023\/05\/carte-illu-FBTW.jpg\" \/>\n<meta name=\"twitter:label1\" content=\"\u00c9crit par\" \/>\n\t<meta name=\"twitter:data1\" content=\"Carine Souplet\" \/>\n\t<meta name=\"twitter:label2\" content=\"Dur\u00e9e de lecture estim\u00e9e\" \/>\n\t<meta name=\"twitter:data2\" content=\"8 minutes\" \/>\n<script type=\"application\/ld+json\" class=\"yoast-schema-graph\">{\"@context\":\"https:\/\/schema.org\",\"@graph\":[{\"@type\":\"Article\",\"@id\":\"https:\/\/www.stelvision.com\/astro\/balade-celeste-printaniere-oeil-nu\/#article\",\"isPartOf\":{\"@id\":\"https:\/\/www.stelvision.com\/astro\/balade-celeste-printaniere-oeil-nu\/\"},\"author\":{\"name\":\"Carine Souplet\",\"@id\":\"https:\/\/www.stelvision.com\/astro\/#\/schema\/person\/493624a999745495b124a6f971a7271e\"},\"headline\":\"Balade c\u00e9leste printani\u00e8re \u00e0 l\u2019\u0153il nu\",\"datePublished\":\"2023-05-09T08:56:20+00:00\",\"dateModified\":\"2024-09-24T12:35:05+00:00\",\"mainEntityOfPage\":{\"@id\":\"https:\/\/www.stelvision.com\/astro\/balade-celeste-printaniere-oeil-nu\/\"},\"wordCount\":1257,\"publisher\":{\"@id\":\"https:\/\/www.stelvision.com\/astro\/#organization\"},\"image\":{\"@id\":\"https:\/\/www.stelvision.com\/astro\/balade-celeste-printaniere-oeil-nu\/#primaryimage\"},\"thumbnailUrl\":\"https:\/\/www.stelvision.com\/astro\/wp-content\/uploads\/2023\/05\/general3.jpg\",\"articleSection\":[\"Randonn\u00e9es c\u00e9lestes\"],\"inLanguage\":\"fr-FR\"},{\"@type\":\"WebPage\",\"@id\":\"https:\/\/www.stelvision.com\/astro\/balade-celeste-printaniere-oeil-nu\/\",\"url\":\"https:\/\/www.stelvision.com\/astro\/balade-celeste-printaniere-oeil-nu\/\",\"name\":\"Balade c\u00e9leste printani\u00e8re \u00e0 l\u2019\u0153il nu\",\"isPartOf\":{\"@id\":\"https:\/\/www.stelvision.com\/astro\/#website\"},\"primaryImageOfPage\":{\"@id\":\"https:\/\/www.stelvision.com\/astro\/balade-celeste-printaniere-oeil-nu\/#primaryimage\"},\"image\":{\"@id\":\"https:\/\/www.stelvision.com\/astro\/balade-celeste-printaniere-oeil-nu\/#primaryimage\"},\"thumbnailUrl\":\"https:\/\/www.stelvision.com\/astro\/wp-content\/uploads\/2023\/05\/general3.jpg\",\"datePublished\":\"2023-05-09T08:56:20+00:00\",\"dateModified\":\"2024-09-24T12:35:05+00:00\",\"description\":\"Au printemps, l\u2019envie est forte de passer davantage de temps \u00e0 regarder les \u00e9toiles. Voici un parcours de d\u00e9couverte \u00e0 faire \u00e0 l\u2019\u0153il nu.\",\"breadcrumb\":{\"@id\":\"https:\/\/www.stelvision.com\/astro\/balade-celeste-printaniere-oeil-nu\/#breadcrumb\"},\"inLanguage\":\"fr-FR\",\"potentialAction\":[{\"@type\":\"ReadAction\",\"target\":[\"https:\/\/www.stelvision.com\/astro\/balade-celeste-printaniere-oeil-nu\/\"]}]},{\"@type\":\"ImageObject\",\"inLanguage\":\"fr-FR\",\"@id\":\"https:\/\/www.stelvision.com\/astro\/balade-celeste-printaniere-oeil-nu\/#primaryimage\",\"url\":\"https:\/\/www.stelvision.com\/astro\/wp-content\/uploads\/2023\/05\/general3.jpg\",\"contentUrl\":\"https:\/\/www.stelvision.com\/astro\/wp-content\/uploads\/2023\/05\/general3.jpg\",\"width\":1024,\"height\":788},{\"@type\":\"BreadcrumbList\",\"@id\":\"https:\/\/www.stelvision.com\/astro\/balade-celeste-printaniere-oeil-nu\/#breadcrumb\",\"itemListElement\":[{\"@type\":\"ListItem\",\"position\":1,\"name\":\"Accueil\",\"item\":\"https:\/\/www.stelvision.com\/astro\/\"},{\"@type\":\"ListItem\",\"position\":2,\"name\":\"Balade c\u00e9leste printani\u00e8re \u00e0 l\u2019\u0153il nu\"}]},{\"@type\":\"WebSite\",\"@id\":\"https:\/\/www.stelvision.com\/astro\/#website\",\"url\":\"https:\/\/www.stelvision.com\/astro\/\",\"name\":\"Stelvision\",\"description\":\"conseils, livres et mat\u00e9riel d&#039;observation du ciel\",\"publisher\":{\"@id\":\"https:\/\/www.stelvision.com\/astro\/#organization\"},\"potentialAction\":[{\"@type\":\"SearchAction\",\"target\":{\"@type\":\"EntryPoint\",\"urlTemplate\":\"https:\/\/www.stelvision.com\/astro\/?s={search_term_string}\"},\"query-input\":{\"@type\":\"PropertyValueSpecification\",\"valueRequired\":true,\"valueName\":\"search_term_string\"}}],\"inLanguage\":\"fr-FR\"},{\"@type\":\"Organization\",\"@id\":\"https:\/\/www.stelvision.com\/astro\/#organization\",\"name\":\"Stelvision\",\"url\":\"https:\/\/www.stelvision.com\/astro\/\",\"logo\":{\"@type\":\"ImageObject\",\"inLanguage\":\"fr-FR\",\"@id\":\"https:\/\/www.stelvision.com\/astro\/#\/schema\/logo\/image\/\",\"url\":\"https:\/\/www.stelvision.com\/astro\/wp-content\/uploads\/2019\/03\/logo_lisse_bleu_Stelvision_600.png\",\"contentUrl\":\"https:\/\/www.stelvision.com\/astro\/wp-content\/uploads\/2019\/03\/logo_lisse_bleu_Stelvision_600.png\",\"width\":600,\"height\":277,\"caption\":\"Stelvision\"},\"image\":{\"@id\":\"https:\/\/www.stelvision.com\/astro\/#\/schema\/logo\/image\/\"},\"sameAs\":[\"https:\/\/www.facebook.com\/people\/Stelvision\/100063368192331\/\"]},{\"@type\":\"Person\",\"@id\":\"https:\/\/www.stelvision.com\/astro\/#\/schema\/person\/493624a999745495b124a6f971a7271e\",\"name\":\"Carine Souplet\",\"url\":\"https:\/\/www.stelvision.com\/astro\/author\/cs-stel2\/\"}]}<\/script>\n<!-- \/ Yoast SEO plugin. -->","yoast_head_json":{"title":"Balade c\u00e9leste printani\u00e8re \u00e0 l\u2019\u0153il nu","description":"Au printemps, l\u2019envie est forte de passer davantage de temps \u00e0 regarder les \u00e9toiles. Voici un parcours de d\u00e9couverte \u00e0 faire \u00e0 l\u2019\u0153il nu.","robots":{"index":"index","follow":"follow","max-snippet":"max-snippet:-1","max-image-preview":"max-image-preview:large","max-video-preview":"max-video-preview:-1"},"canonical":"https:\/\/www.stelvision.com\/astro\/balade-celeste-printaniere-oeil-nu\/","og_locale":"fr_FR","og_type":"article","og_title":"Randonn\u00e9e c\u00e9leste printani\u00e8re \u00e0 l\u2019\u0153il nu","og_description":"Voici notre parcours de d\u00e9couverte des constellations \u00e0 faire \u00e0 l\u2019\u0153il nu.","og_url":"https:\/\/www.stelvision.com\/astro\/balade-celeste-printaniere-oeil-nu\/","og_site_name":"Stelvision","article_publisher":"https:\/\/www.facebook.com\/people\/Stelvision\/100063368192331\/","article_published_time":"2023-05-09T08:56:20+00:00","article_modified_time":"2024-09-24T12:35:05+00:00","og_image":[{"width":1024,"height":536,"url":"https:\/\/www.stelvision.com\/astro\/wp-content\/uploads\/2023\/05\/carte-illu-FBTW.jpg","type":"image\/jpeg"}],"author":"Carine Souplet","twitter_card":"summary_large_image","twitter_title":"Randonn\u00e9e c\u00e9leste printani\u00e8re \u00e0 l\u2019\u0153il nu","twitter_description":"Voici notre parcours de d\u00e9couverte des constellations \u00e0 faire \u00e0 l\u2019\u0153il nu.","twitter_image":"https:\/\/www.stelvision.com\/astro\/wp-content\/uploads\/2023\/05\/carte-illu-FBTW.jpg","twitter_misc":{"\u00c9crit par":"Carine Souplet","Dur\u00e9e de lecture estim\u00e9e":"8 minutes"},"schema":{"@context":"https:\/\/schema.org","@graph":[{"@type":"Article","@id":"https:\/\/www.stelvision.com\/astro\/balade-celeste-printaniere-oeil-nu\/#article","isPartOf":{"@id":"https:\/\/www.stelvision.com\/astro\/balade-celeste-printaniere-oeil-nu\/"},"author":{"name":"Carine Souplet","@id":"https:\/\/www.stelvision.com\/astro\/#\/schema\/person\/493624a999745495b124a6f971a7271e"},"headline":"Balade c\u00e9leste printani\u00e8re \u00e0 l\u2019\u0153il nu","datePublished":"2023-05-09T08:56:20+00:00","dateModified":"2024-09-24T12:35:05+00:00","mainEntityOfPage":{"@id":"https:\/\/www.stelvision.com\/astro\/balade-celeste-printaniere-oeil-nu\/"},"wordCount":1257,"publisher":{"@id":"https:\/\/www.stelvision.com\/astro\/#organization"},"image":{"@id":"https:\/\/www.stelvision.com\/astro\/balade-celeste-printaniere-oeil-nu\/#primaryimage"},"thumbnailUrl":"https:\/\/www.stelvision.com\/astro\/wp-content\/uploads\/2023\/05\/general3.jpg","articleSection":["Randonn\u00e9es c\u00e9lestes"],"inLanguage":"fr-FR"},{"@type":"WebPage","@id":"https:\/\/www.stelvision.com\/astro\/balade-celeste-printaniere-oeil-nu\/","url":"https:\/\/www.stelvision.com\/astro\/balade-celeste-printaniere-oeil-nu\/","name":"Balade c\u00e9leste printani\u00e8re \u00e0 l\u2019\u0153il nu","isPartOf":{"@id":"https:\/\/www.stelvision.com\/astro\/#website"},"primaryImageOfPage":{"@id":"https:\/\/www.stelvision.com\/astro\/balade-celeste-printaniere-oeil-nu\/#primaryimage"},"image":{"@id":"https:\/\/www.stelvision.com\/astro\/balade-celeste-printaniere-oeil-nu\/#primaryimage"},"thumbnailUrl":"https:\/\/www.stelvision.com\/astro\/wp-content\/uploads\/2023\/05\/general3.jpg","datePublished":"2023-05-09T08:56:20+00:00","dateModified":"2024-09-24T12:35:05+00:00","description":"Au printemps, l\u2019envie est forte de passer davantage de temps \u00e0 regarder les \u00e9toiles. Voici un parcours de d\u00e9couverte \u00e0 faire \u00e0 l\u2019\u0153il nu.","breadcrumb":{"@id":"https:\/\/www.stelvision.com\/astro\/balade-celeste-printaniere-oeil-nu\/#breadcrumb"},"inLanguage":"fr-FR","potentialAction":[{"@type":"ReadAction","target":["https:\/\/www.stelvision.com\/astro\/balade-celeste-printaniere-oeil-nu\/"]}]},{"@type":"ImageObject","inLanguage":"fr-FR","@id":"https:\/\/www.stelvision.com\/astro\/balade-celeste-printaniere-oeil-nu\/#primaryimage","url":"https:\/\/www.stelvision.com\/astro\/wp-content\/uploads\/2023\/05\/general3.jpg","contentUrl":"https:\/\/www.stelvision.com\/astro\/wp-content\/uploads\/2023\/05\/general3.jpg","width":1024,"height":788},{"@type":"BreadcrumbList","@id":"https:\/\/www.stelvision.com\/astro\/balade-celeste-printaniere-oeil-nu\/#breadcrumb","itemListElement":[{"@type":"ListItem","position":1,"name":"Accueil","item":"https:\/\/www.stelvision.com\/astro\/"},{"@type":"ListItem","position":2,"name":"Balade c\u00e9leste printani\u00e8re \u00e0 l\u2019\u0153il nu"}]},{"@type":"WebSite","@id":"https:\/\/www.stelvision.com\/astro\/#website","url":"https:\/\/www.stelvision.com\/astro\/","name":"Stelvision","description":"conseils, livres et mat\u00e9riel d&#039;observation du ciel","publisher":{"@id":"https:\/\/www.stelvision.com\/astro\/#organization"},"potentialAction":[{"@type":"SearchAction","target":{"@type":"EntryPoint","urlTemplate":"https:\/\/www.stelvision.com\/astro\/?s={search_term_string}"},"query-input":{"@type":"PropertyValueSpecification","valueRequired":true,"valueName":"search_term_string"}}],"inLanguage":"fr-FR"},{"@type":"Organization","@id":"https:\/\/www.stelvision.com\/astro\/#organization","name":"Stelvision","url":"https:\/\/www.stelvision.com\/astro\/","logo":{"@type":"ImageObject","inLanguage":"fr-FR","@id":"https:\/\/www.stelvision.com\/astro\/#\/schema\/logo\/image\/","url":"https:\/\/www.stelvision.com\/astro\/wp-content\/uploads\/2019\/03\/logo_lisse_bleu_Stelvision_600.png","contentUrl":"https:\/\/www.stelvision.com\/astro\/wp-content\/uploads\/2019\/03\/logo_lisse_bleu_Stelvision_600.png","width":600,"height":277,"caption":"Stelvision"},"image":{"@id":"https:\/\/www.stelvision.com\/astro\/#\/schema\/logo\/image\/"},"sameAs":["https:\/\/www.facebook.com\/people\/Stelvision\/100063368192331\/"]},{"@type":"Person","@id":"https:\/\/www.stelvision.com\/astro\/#\/schema\/person\/493624a999745495b124a6f971a7271e","name":"Carine Souplet","url":"https:\/\/www.stelvision.com\/astro\/author\/cs-stel2\/"}]}},"_links":{"self":[{"href":"https:\/\/www.stelvision.com\/astro\/wp-json\/wp\/v2\/posts\/54055","targetHints":{"allow":["GET"]}}],"collection":[{"href":"https:\/\/www.stelvision.com\/astro\/wp-json\/wp\/v2\/posts"}],"about":[{"href":"https:\/\/www.stelvision.com\/astro\/wp-json\/wp\/v2\/types\/post"}],"author":[{"embeddable":true,"href":"https:\/\/www.stelvision.com\/astro\/wp-json\/wp\/v2\/users\/5"}],"replies":[{"embeddable":true,"href":"https:\/\/www.stelvision.com\/astro\/wp-json\/wp\/v2\/comments?post=54055"}],"version-history":[{"count":28,"href":"https:\/\/www.stelvision.com\/astro\/wp-json\/wp\/v2\/posts\/54055\/revisions"}],"predecessor-version":[{"id":64557,"href":"https:\/\/www.stelvision.com\/astro\/wp-json\/wp\/v2\/posts\/54055\/revisions\/64557"}],"wp:featuredmedia":[{"embeddable":true,"href":"https:\/\/www.stelvision.com\/astro\/wp-json\/wp\/v2\/media\/54065"}],"wp:attachment":[{"href":"https:\/\/www.stelvision.com\/astro\/wp-json\/wp\/v2\/media?parent=54055"}],"wp:term":[{"taxonomy":"category","embeddable":true,"href":"https:\/\/www.stelvision.com\/astro\/wp-json\/wp\/v2\/categories?post=54055"},{"taxonomy":"post_tag","embeddable":true,"href":"https:\/\/www.stelvision.com\/astro\/wp-json\/wp\/v2\/tags?post=54055"}],"curies":[{"name":"wp","href":"https:\/\/api.w.org\/{rel}","templated":true}]}}