{"id":67837,"date":"2025-02-24T10:14:54","date_gmt":"2025-02-24T09:14:54","guid":{"rendered":"https:\/\/www.stelvision.com\/astro\/?p=67837"},"modified":"2025-03-03T15:32:52","modified_gmt":"2025-03-03T14:32:52","slug":"observez-le-trio-venus-lune-mercure-au-crepuscule","status":"publish","type":"post","link":"https:\/\/www.stelvision.com\/astro\/observez-le-trio-venus-lune-mercure-au-crepuscule\/","title":{"rendered":"Observez le trio V\u00e9nus Lune Mercure au cr\u00e9puscule"},"content":{"rendered":"\n<p class=\"chapo\">Ce rapprochement plan\u00e9taire est \u00e0 voir dans la soir\u00e9e du 1<sup>er<\/sup>&nbsp;mars&nbsp;2025.<\/p>\n\n\n<div class=\"wp-block-image\">\n<figure class=\"aligncenter size-large\"><img decoding=\"async\" width=\"1024\" height=\"768\" src=\"https:\/\/www.stelvision.com\/astro\/wp-content\/uploads\/2025\/02\/lunevenusmercure010325_1200x900-1024x768.webp\" alt=\"Illustration montrant les positions respectives de Mercure, de la Lune et de V\u00e9nus le 1er\u00a0mars\u00a02025 vers 19h15 (heure de Paris).\" class=\"wp-image-67838\" srcset=\"https:\/\/www.stelvision.com\/astro\/wp-content\/uploads\/2025\/02\/lunevenusmercure010325_1200x900-1024x768.webp 1024w, https:\/\/www.stelvision.com\/astro\/wp-content\/uploads\/2025\/02\/lunevenusmercure010325_1200x900-300x225.webp 300w, https:\/\/www.stelvision.com\/astro\/wp-content\/uploads\/2025\/02\/lunevenusmercure010325_1200x900-800x600.webp 800w, https:\/\/www.stelvision.com\/astro\/wp-content\/uploads\/2025\/02\/lunevenusmercure010325_1200x900-1140x855.webp 1140w, https:\/\/www.stelvision.com\/astro\/wp-content\/uploads\/2025\/02\/lunevenusmercure010325_1200x900-750x563.webp 750w, https:\/\/www.stelvision.com\/astro\/wp-content\/uploads\/2025\/02\/lunevenusmercure010325_1200x900-570x428.webp 570w, https:\/\/www.stelvision.com\/astro\/wp-content\/uploads\/2025\/02\/lunevenusmercure010325_1200x900-368x276.webp 368w, https:\/\/www.stelvision.com\/astro\/wp-content\/uploads\/2025\/02\/lunevenusmercure010325_1200x900-270x203.webp 270w, https:\/\/www.stelvision.com\/astro\/wp-content\/uploads\/2025\/02\/lunevenusmercure010325_1200x900-1000x750.webp 1000w, https:\/\/www.stelvision.com\/astro\/wp-content\/uploads\/2025\/02\/lunevenusmercure010325_1200x900.webp 1196w\" sizes=\"(max-width: 1024px) 100vw, 1024px\" \/><figcaption class=\"wp-element-caption\"><strong>Positions respectives de Mercure, de la Lune et de V\u00e9nus le 1<sup>er<\/sup>&nbsp;mars&nbsp;2025 vers 19h15 (heure de Paris).<\/strong><\/figcaption><\/figure>\n<\/div>\n\n\n<p>Avec l&rsquo;arriv\u00e9e du mois de mars, la p\u00e9riode de visibilit\u00e9 de <a href=\"https:\/\/www.stelvision.com\/astro\/observer-venus-etoile-du-berger\/\">V\u00e9nus<\/a> le soir touche \u00e0 sa fin. Mais il reste de belles opportunit\u00e9s d&rsquo;observer l&rsquo;\u00e9toile du Berger, seule ou accompagn\u00e9e. C&rsquo;est le cas au soir du 1<sup>er<\/sup>&nbsp;mars&nbsp;2025 alors que la nuit tombe&nbsp;: vous pourrez alors la voir en compagnie de <a href=\"https:\/\/www.stelvision.com\/astro\/guettez-mercure-la-plus-rapide-des-planetes\/\">Mercure<\/a> et de la <a href=\"https:\/\/www.stelvision.com\/astro\/observer-la-lune-en-toute-simplicite\/\">Lune<\/a>.<\/p>\n\n\n\n<p>Pour \u00eatre certain de voir Mercure, sortez d\u00e8s 19h15 (heure de Paris) et recherchez la plan\u00e8te la plus rapide du Syst\u00e8me solaire pr\u00e8s de l&rsquo;horizon ouest. \u00c0 cette heure, elle ne sera d\u00e9j\u00e0 plus qu&rsquo;\u00e0 cinq&nbsp;<a href=\"https:\/\/www.stelvision.com\/astro\/distances-tailles-dans-ciel-degres-minutes-secondes\/\">degr\u00e9s<\/a> de hauteur, soit <a href=\"https:\/\/www.stelvision.com\/astro\/mesurer-distances-dans-ciel-avec-main\/\">la hauteur du pouce, main tendue<\/a> : un horizon bien d\u00e9gag\u00e9 est donc indispensable. C&rsquo;est la premi\u00e8re du trio \u00e0 passer derri\u00e8re l&rsquo;horizon, vers 20h.<\/p>\n\n\n\n<p>\u00c0 la verticale de Mercure, il vous sera impossible de manquer l&rsquo;\u00e9tincelante V\u00e9nus qui mettra quant \u00e0 elle plus de deux heures avant de passer derri\u00e8re l&rsquo;horizon. Enfin, \u00e0 peu pr\u00e8s \u00e0 mi-chemin entre les deux plan\u00e8tes et un peu plus \u00e0 gauche, admirez le fin croissant de Lune \u00e2g\u00e9 de deux jours qui englobe une magnifique <a href=\"https:\/\/www.stelvision.com\/astro\/quest-ce-que-la-lumiere-cendree-de-la-lune\/\">lumi\u00e8re cendr\u00e9e<\/a>&nbsp;: un spectacle ravissant&nbsp;! Si les couleurs du cr\u00e9puscule s&rsquo;y pr\u00eatent, ce charmant tableau devrait vous faire passer une tr\u00e8s belle soir\u00e9e&nbsp;!<\/p>\n\n\n<div class=\"rwwp-featured-content-wrapper\"><div class=\"stel-auto-swiffy-slider rwwp-featured-content rwwp-featured-content-slides rwwp-featured-content-slides-alignment-top rwwp-featured-content-slides-carousel-yes\"><div class=\"swiffy-slider slider-item-show1   slider-nav-visible slider-nav-outside slider-nav-autoplay  slider-nav-dark slider-nav-autohide slider-item-first-visible slider-nav-autopause\" data-slider-nav-autoplay-interval=\"4000\" data-rwstelwp-uid=\"1777458740\"><ul class=\"slider-container\"><li data-stel-auto-swiffy-slider-offset=\"18\"><div class=\"rwwp-featured-content-item rwwp-featured-content-item-product rwwp-featured-content-item-small\"><div class=\"woocommerce columns-1 stel-product-no-add_to_cart\"><ul class=\"products columns-1\">\n<li class=\"product type-product post-1449 status-publish first instock product_cat-edition has-post-thumbnail taxable shipping-taxable purchasable product-type-simple\">\n\t<div class=\"stel-wc-product\"><a href=\"https:\/\/www.stelvision.com\/astro\/boutique\/carte-guide-du-ciel-stelvision-365\/\" title=\"Carte du ciel Stelvision 365 (16&egrave;me &eacute;dition)\" class=\"woocommerce-LoopProduct-link woocommerce-loop-product__link\"><img decoding=\"async\" width=\"300\" height=\"300\" src=\"https:\/\/www.stelvision.com\/astro\/wp-content\/uploads\/2026\/04\/stelvision-365-ed16-1-couverture-1200-carre-300x300.webp\" class=\"attachment-woocommerce_thumbnail size-woocommerce_thumbnail\" alt=\"Visuel de couverture de la Carte du ciel Stelvision 365 \u00e9dition 16 de Bertrand d&#039;Armagnac. Copyright Stelvision.\" srcset=\"https:\/\/www.stelvision.com\/astro\/wp-content\/uploads\/2026\/04\/stelvision-365-ed16-1-couverture-1200-carre-300x300.webp 300w, https:\/\/www.stelvision.com\/astro\/wp-content\/uploads\/2026\/04\/stelvision-365-ed16-1-couverture-1200-carre-1024x1024.webp 1024w, https:\/\/www.stelvision.com\/astro\/wp-content\/uploads\/2026\/04\/stelvision-365-ed16-1-couverture-1200-carre-150x150.webp 150w, https:\/\/www.stelvision.com\/astro\/wp-content\/uploads\/2026\/04\/stelvision-365-ed16-1-couverture-1200-carre-600x600.webp 600w, https:\/\/www.stelvision.com\/astro\/wp-content\/uploads\/2026\/04\/stelvision-365-ed16-1-couverture-1200-carre-1140x1140.webp 1140w, https:\/\/www.stelvision.com\/astro\/wp-content\/uploads\/2026\/04\/stelvision-365-ed16-1-couverture-1200-carre-750x750.webp 750w, https:\/\/www.stelvision.com\/astro\/wp-content\/uploads\/2026\/04\/stelvision-365-ed16-1-couverture-1200-carre-570x570.webp 570w, https:\/\/www.stelvision.com\/astro\/wp-content\/uploads\/2026\/04\/stelvision-365-ed16-1-couverture-1200-carre-368x368.webp 368w, https:\/\/www.stelvision.com\/astro\/wp-content\/uploads\/2026\/04\/stelvision-365-ed16-1-couverture-1200-carre-270x270.webp 270w, https:\/\/www.stelvision.com\/astro\/wp-content\/uploads\/2026\/04\/stelvision-365-ed16-1-couverture-1200-carre-62x62.webp 62w, https:\/\/www.stelvision.com\/astro\/wp-content\/uploads\/2026\/04\/stelvision-365-ed16-1-couverture-1200-carre-100x100.webp 100w, https:\/\/www.stelvision.com\/astro\/wp-content\/uploads\/2026\/04\/stelvision-365-ed16-1-couverture-1200-carre-1000x1000.webp 1000w, https:\/\/www.stelvision.com\/astro\/wp-content\/uploads\/2026\/04\/stelvision-365-ed16-1-couverture-1200-carre.webp 1200w\" sizes=\"(max-width: 300px) 100vw, 300px\" \/><h2 class=\"woocommerce-loop-product__title\">Carte du ciel Stelvision 365 (16\u00e8me \u00e9dition)<div class=\"stel-product-item-review-wrapper\"><div class=\"skeepers_product__stars\" data-product-id=\"1449\"><\/div><script type=\"text\/javascript\">\/*!rw_stel_js*\/window.$ = jQuery;<\/script><script async charset=\"utf-8\" src=\"https:\/\/widgets.rr.skeepers.io\/product\/29f32d37-16d4-4b94-e954-a24712bd5a0f\/49f1f3bb-3583-4096-a330-61b13d46555d.js\"><\/script><\/div><\/h2>\r\n\t<span class=\"price\"><span class=\"woocommerce-Price-amount amount\"><bdi>19.90<span class=\"woocommerce-Price-currencySymbol\">&euro;<\/span><\/bdi><\/span> <span class=\"rwwc-vat-price-hint\" onclick=\"rwStelvisionWooTaxesInfos.showTaxHintModal(event)\">TVA incluse (FR) <i class=\"neko-icon-info-circled\"><\/i><\/span><\/span>\r\n<div class=\"netreviews_bg_stars_big listStars\" title=\"4.843\/5\"><div><span class=\"nr-icon nr-star grey\"><\/span><span class=\"nr-icon nr-star grey\"><\/span><span class=\"nr-icon nr-star grey\"><\/span><span class=\"nr-icon nr-star grey\"><\/span><span class=\"nr-icon nr-star grey\"><\/span><\/div><div style=\"color: #4FB8D7 !important\"><span class=\"nr-icon nr-star\" style=\"width:20%;\"><\/span><span class=\"nr-icon nr-star\" style=\"width:20%;\"><\/span><span class=\"nr-icon nr-star\" style=\"width:20%;\"><\/span><span class=\"nr-icon nr-star\" style=\"width:20%;\"><\/span><span class=\"nr-icon nr-star\" style=\"width:16%;\"><\/span><\/div> <span class=\"reviewCount\">153 avis<\/span><\/div><\/a><span class=\" rw_stelvision_product_in_stock \"><span class=\"rw_stelvision_product_stock_msg\">En stock<\/span><\/span><a href=\"\/astro\/wp-json\/wp\/v2\/posts\/67837?add-to-cart=1449\" aria-describedby=\"woocommerce_loop_add_to_cart_link_describedby_14490\" data-quantity=\"1\" data-product_id=\"1449\" data-product-title=\"Carte du ciel Stelvision 365 (16\u00e8me \u00e9dition)&lt;div class=&quot;stel-product-item-review-wrapper&quot;&gt;&lt;div class=&quot;skeepers_product__stars&quot; data-product-id=&quot;1449&quot;&gt;&lt;\/div&gt;&lt;\/div&gt;\" class=\"button product_type_simple add_to_cart_button ajax_add_to_cart\" data-product_id=\"1449\" data-product_sku=\"9782958661977\" aria-label=\"Ajouter au panier\u00a0: &ldquo;Carte du ciel Stelvision 365 (16\u00e8me \u00e9dition)&rdquo;\" rel=\"nofollow\" data-success_message=\"\u00ab\u00a0Carte du ciel Stelvision 365 (16\u00e8me \u00e9dition)\u00a0\u00bb a \u00e9t\u00e9 ajout\u00e9 \u00e0 votre panier\" role=\"button\">Ajouter au panier<\/a><span id=\"woocommerce_loop_add_to_cart_link_describedby_14490\" class=\"screen-reader-text\"><\/span><\/div><\/li>\n<\/ul>\n<\/div><\/div><\/li><li data-stel-auto-swiffy-slider-offset=\"18\"><div class=\"rwwp-featured-content-item rwwp-featured-content-item-product rwwp-featured-content-item-small\"><div class=\"woocommerce columns-1 stel-product-no-add_to_cart\"><ul class=\"products columns-1\">\n<li class=\"product type-product post-70853 status-publish first instock product_cat-edition product_cat-special-soleil-eclipse has-post-thumbnail taxable shipping-taxable purchasable product-type-simple\">\n\t<div class=\"stel-wc-product\"><a href=\"https:\/\/www.stelvision.com\/astro\/boutique\/les-soleils-noirs-de-2026-et-2027\/\" title=\"Les Soleils noirs de 2026 et 2027 - Le guide complet des &eacute;clipses des 12 ao&ucirc;t 2026 et 2 ao&ucirc;t 2027\" class=\"woocommerce-LoopProduct-link woocommerce-loop-product__link\"><img decoding=\"async\" width=\"300\" height=\"300\" src=\"https:\/\/www.stelvision.com\/astro\/wp-content\/uploads\/2025\/09\/Soleils-noirs-couverture-1200x1200-1-300x300.webp\" class=\"attachment-woocommerce_thumbnail size-woocommerce_thumbnail\" alt=\"couverture Les Soleils noirs de 2026 et 2027, de Jean-Marc Lecleire, \u00e9ditions Stelvision\" srcset=\"https:\/\/www.stelvision.com\/astro\/wp-content\/uploads\/2025\/09\/Soleils-noirs-couverture-1200x1200-1-300x300.webp 300w, https:\/\/www.stelvision.com\/astro\/wp-content\/uploads\/2025\/09\/Soleils-noirs-couverture-1200x1200-1-1024x1024.webp 1024w, https:\/\/www.stelvision.com\/astro\/wp-content\/uploads\/2025\/09\/Soleils-noirs-couverture-1200x1200-1-150x150.webp 150w, https:\/\/www.stelvision.com\/astro\/wp-content\/uploads\/2025\/09\/Soleils-noirs-couverture-1200x1200-1-600x600.webp 600w, https:\/\/www.stelvision.com\/astro\/wp-content\/uploads\/2025\/09\/Soleils-noirs-couverture-1200x1200-1-1140x1140.webp 1140w, https:\/\/www.stelvision.com\/astro\/wp-content\/uploads\/2025\/09\/Soleils-noirs-couverture-1200x1200-1-750x750.webp 750w, https:\/\/www.stelvision.com\/astro\/wp-content\/uploads\/2025\/09\/Soleils-noirs-couverture-1200x1200-1-570x570.webp 570w, https:\/\/www.stelvision.com\/astro\/wp-content\/uploads\/2025\/09\/Soleils-noirs-couverture-1200x1200-1-368x368.webp 368w, https:\/\/www.stelvision.com\/astro\/wp-content\/uploads\/2025\/09\/Soleils-noirs-couverture-1200x1200-1-270x270.webp 270w, https:\/\/www.stelvision.com\/astro\/wp-content\/uploads\/2025\/09\/Soleils-noirs-couverture-1200x1200-1-62x62.webp 62w, https:\/\/www.stelvision.com\/astro\/wp-content\/uploads\/2025\/09\/Soleils-noirs-couverture-1200x1200-1-100x100.webp 100w, https:\/\/www.stelvision.com\/astro\/wp-content\/uploads\/2025\/09\/Soleils-noirs-couverture-1200x1200-1-1000x1000.webp 1000w, https:\/\/www.stelvision.com\/astro\/wp-content\/uploads\/2025\/09\/Soleils-noirs-couverture-1200x1200-1.webp 1200w\" sizes=\"(max-width: 300px) 100vw, 300px\" \/><h2 class=\"woocommerce-loop-product__title\">Les Soleils noirs de 2026 et 2027 &#8211; Le guide complet des \u00e9clipses des 12 ao\u00fbt 2026 et 2 ao\u00fbt 2027<div class=\"stel-product-item-review-wrapper\"><div class=\"skeepers_product__stars\" data-product-id=\"70853\"><\/div><\/div><\/h2>\r\n\t<span class=\"price\"><span class=\"woocommerce-Price-amount amount\"><bdi>21.00<span class=\"woocommerce-Price-currencySymbol\">&euro;<\/span><\/bdi><\/span> <span class=\"rwwc-vat-price-hint\" onclick=\"rwStelvisionWooTaxesInfos.showTaxHintModal(event)\">TVA incluse (FR) <i class=\"neko-icon-info-circled\"><\/i><\/span><\/span>\r\n<div class=\"netreviews_bg_stars_big listStars\" title=\"4.96\/5\"><div><span class=\"nr-icon nr-star grey\"><\/span><span class=\"nr-icon nr-star grey\"><\/span><span class=\"nr-icon nr-star grey\"><\/span><span class=\"nr-icon nr-star grey\"><\/span><span class=\"nr-icon nr-star grey\"><\/span><\/div><div style=\"color: #4FB8D7 !important\"><span class=\"nr-icon nr-star\" style=\"width:20%;\"><\/span><span class=\"nr-icon nr-star\" style=\"width:20%;\"><\/span><span class=\"nr-icon nr-star\" style=\"width:20%;\"><\/span><span class=\"nr-icon nr-star\" style=\"width:20%;\"><\/span><span class=\"nr-icon nr-star\" style=\"width:20%;\"><\/span><\/div> <span class=\"reviewCount\">25 avis<\/span><\/div><\/a><span class=\" rw_stelvision_product_in_stock \"><span class=\"rw_stelvision_product_stock_msg\">En stock<\/span><\/span><a href=\"\/astro\/wp-json\/wp\/v2\/posts\/67837?add-to-cart=70853\" aria-describedby=\"woocommerce_loop_add_to_cart_link_describedby_70853_1\" data-quantity=\"1\" data-product_id=\"70853\" data-product-title=\"Les Soleils noirs de 2026 et 2027 &#8211; Le guide complet des \u00e9clipses des 12 ao\u00fbt 2026 et 2 ao\u00fbt 2027&lt;div class=&quot;stel-product-item-review-wrapper&quot;&gt;&lt;div class=&quot;skeepers_product__stars&quot; data-product-id=&quot;70853&quot;&gt;&lt;\/div&gt;&lt;\/div&gt;\" class=\"button product_type_simple add_to_cart_button ajax_add_to_cart\" data-product_id=\"70853\" data-product_sku=\"9782958661960\" aria-label=\"Ajouter au panier\u00a0: &ldquo;Les Soleils noirs de 2026 et 2027 - Le guide complet des \u00e9clipses des 12 ao\u00fbt 2026 et 2 ao\u00fbt 2027&rdquo;\" rel=\"nofollow\" data-success_message=\"\u00ab\u00a0Les Soleils noirs de 2026 et 2027 - Le guide complet des \u00e9clipses des 12 ao\u00fbt 2026 et 2 ao\u00fbt 2027\u00a0\u00bb a \u00e9t\u00e9 ajout\u00e9 \u00e0 votre panier\" role=\"button\">Ajouter au panier<\/a><span id=\"woocommerce_loop_add_to_cart_link_describedby_70853_1\" class=\"screen-reader-text\"><\/span><\/div><\/li>\n<\/ul>\n<\/div><\/div><\/li><li data-stel-auto-swiffy-slider-offset=\"18\"><div class=\"rwwp-featured-content-item rwwp-featured-content-item-product rwwp-featured-content-item-small\"><div class=\"woocommerce columns-1 stel-product-no-add_to_cart\"><ul class=\"products columns-1\">\n<li class=\"product type-product post-70777 status-publish first instock product_cat-accessoires product_cat-special-soleil-eclipse has-post-thumbnail taxable shipping-taxable purchasable product-type-simple\">\n\t<div class=\"stel-wc-product\"><a href=\"https:\/\/www.stelvision.com\/astro\/boutique\/lunettes-eclipse\/\" title=\"Lunettes d&#039;&eacute;clipse Soleils noirs\" class=\"woocommerce-LoopProduct-link woocommerce-loop-product__link\"><img decoding=\"async\" width=\"300\" height=\"300\" src=\"https:\/\/www.stelvision.com\/astro\/wp-content\/uploads\/2025\/09\/lunettes-trois-quarts-gauche-carre-1-300x300.webp\" class=\"attachment-woocommerce_thumbnail size-woocommerce_thumbnail\" alt=\"photo Lunettes d&#039;\u00e9clipse Soleils noirs, vue 3\/4 gauche\" srcset=\"https:\/\/www.stelvision.com\/astro\/wp-content\/uploads\/2025\/09\/lunettes-trois-quarts-gauche-carre-1-300x300.webp 300w, https:\/\/www.stelvision.com\/astro\/wp-content\/uploads\/2025\/09\/lunettes-trois-quarts-gauche-carre-1-1024x1024.webp 1024w, https:\/\/www.stelvision.com\/astro\/wp-content\/uploads\/2025\/09\/lunettes-trois-quarts-gauche-carre-1-150x150.webp 150w, https:\/\/www.stelvision.com\/astro\/wp-content\/uploads\/2025\/09\/lunettes-trois-quarts-gauche-carre-1-600x600.webp 600w, https:\/\/www.stelvision.com\/astro\/wp-content\/uploads\/2025\/09\/lunettes-trois-quarts-gauche-carre-1-1140x1140.webp 1140w, https:\/\/www.stelvision.com\/astro\/wp-content\/uploads\/2025\/09\/lunettes-trois-quarts-gauche-carre-1-750x750.webp 750w, https:\/\/www.stelvision.com\/astro\/wp-content\/uploads\/2025\/09\/lunettes-trois-quarts-gauche-carre-1-570x570.webp 570w, https:\/\/www.stelvision.com\/astro\/wp-content\/uploads\/2025\/09\/lunettes-trois-quarts-gauche-carre-1-368x368.webp 368w, https:\/\/www.stelvision.com\/astro\/wp-content\/uploads\/2025\/09\/lunettes-trois-quarts-gauche-carre-1-270x270.webp 270w, https:\/\/www.stelvision.com\/astro\/wp-content\/uploads\/2025\/09\/lunettes-trois-quarts-gauche-carre-1-62x62.webp 62w, https:\/\/www.stelvision.com\/astro\/wp-content\/uploads\/2025\/09\/lunettes-trois-quarts-gauche-carre-1-100x100.webp 100w, https:\/\/www.stelvision.com\/astro\/wp-content\/uploads\/2025\/09\/lunettes-trois-quarts-gauche-carre-1-1000x1000.webp 1000w, https:\/\/www.stelvision.com\/astro\/wp-content\/uploads\/2025\/09\/lunettes-trois-quarts-gauche-carre-1.webp 1400w\" sizes=\"(max-width: 300px) 100vw, 300px\" \/><h2 class=\"woocommerce-loop-product__title\">Lunettes d&rsquo;\u00e9clipse Soleils noirs<div class=\"stel-product-item-review-wrapper\"><div class=\"skeepers_product__stars\" data-product-id=\"70777\"><\/div><\/div><\/h2>\r\n\t<span class=\"price\"><span class=\"woocommerce-Price-amount amount\"><bdi>3.90<span class=\"woocommerce-Price-currencySymbol\">&euro;<\/span><\/bdi><\/span> <span class=\"rwwc-vat-price-hint\" onclick=\"rwStelvisionWooTaxesInfos.showTaxHintModal(event)\">TVA incluse (FR) <i class=\"neko-icon-info-circled\"><\/i><\/span><\/span>\r\n<div class=\"netreviews_bg_stars_big listStars\" title=\"4.611\/5\"><div><span class=\"nr-icon nr-star grey\"><\/span><span class=\"nr-icon nr-star grey\"><\/span><span class=\"nr-icon nr-star grey\"><\/span><span class=\"nr-icon nr-star grey\"><\/span><span class=\"nr-icon nr-star grey\"><\/span><\/div><div style=\"color: #4FB8D7 !important\"><span class=\"nr-icon nr-star\" style=\"width:20%;\"><\/span><span class=\"nr-icon nr-star\" style=\"width:20%;\"><\/span><span class=\"nr-icon nr-star\" style=\"width:20%;\"><\/span><span class=\"nr-icon nr-star\" style=\"width:20%;\"><\/span><span class=\"nr-icon nr-star\" style=\"width:12%;\"><\/span><\/div> <span class=\"reviewCount\">18 avis<\/span><\/div><\/a><span class=\" rw_stelvision_product_in_stock \"><span class=\"rw_stelvision_product_stock_msg\">En stock<\/span><\/span><a href=\"\/astro\/wp-json\/wp\/v2\/posts\/67837?add-to-cart=70777\" aria-describedby=\"woocommerce_loop_add_to_cart_link_describedby_70777_2\" data-quantity=\"1\" data-product_id=\"70777\" data-product-title=\"Lunettes d&rsquo;\u00e9clipse Soleils noirs&lt;div class=&quot;stel-product-item-review-wrapper&quot;&gt;&lt;div class=&quot;skeepers_product__stars&quot; data-product-id=&quot;70777&quot;&gt;&lt;\/div&gt;&lt;\/div&gt;\" class=\"button product_type_simple add_to_cart_button ajax_add_to_cart\" data-product_id=\"70777\" data-product_sku=\"3770011947485\" aria-label=\"Ajouter au panier\u00a0: &ldquo;Lunettes d&#039;\u00e9clipse Soleils noirs&rdquo;\" rel=\"nofollow\" data-success_message=\"\u00ab\u00a0Lunettes d&#039;\u00e9clipse Soleils noirs\u00a0\u00bb a \u00e9t\u00e9 ajout\u00e9 \u00e0 votre panier\" role=\"button\">Ajouter au panier<\/a><span id=\"woocommerce_loop_add_to_cart_link_describedby_70777_2\" class=\"screen-reader-text\"><\/span><\/div><\/li>\n<\/ul>\n<\/div><\/div><\/li><li data-stel-auto-swiffy-slider-offset=\"18\"><div class=\"rwwp-featured-content-item rwwp-featured-content-item-product rwwp-featured-content-item-small\"><div class=\"woocommerce columns-1 stel-product-no-add_to_cart\"><ul class=\"products columns-1\">\n<li class=\"product type-product post-72695 status-publish first instock product_cat-telescopes-lunettes has-post-thumbnail taxable shipping-taxable purchasable product-type-simple\">\n\t<div class=\"stel-wc-product\"><a href=\"https:\/\/www.stelvision.com\/astro\/boutique\/telescope-maksygo-60\/\" title=\"T&eacute;lescope mini-Dobson MaksyGo 60\" class=\"woocommerce-LoopProduct-link woocommerce-loop-product__link\"><img decoding=\"async\" width=\"300\" height=\"300\" src=\"https:\/\/www.stelvision.com\/astro\/wp-content\/uploads\/2026\/03\/Mak60_vue1_IMG_8642_1200-300x300.webp\" class=\"attachment-woocommerce_thumbnail size-woocommerce_thumbnail\" alt=\"visuel produit mini-Dobson MaksyGo 60. Photo : Stelvision\" srcset=\"https:\/\/www.stelvision.com\/astro\/wp-content\/uploads\/2026\/03\/Mak60_vue1_IMG_8642_1200-300x300.webp 300w, https:\/\/www.stelvision.com\/astro\/wp-content\/uploads\/2026\/03\/Mak60_vue1_IMG_8642_1200-1024x1024.webp 1024w, https:\/\/www.stelvision.com\/astro\/wp-content\/uploads\/2026\/03\/Mak60_vue1_IMG_8642_1200-150x150.webp 150w, https:\/\/www.stelvision.com\/astro\/wp-content\/uploads\/2026\/03\/Mak60_vue1_IMG_8642_1200-600x600.webp 600w, https:\/\/www.stelvision.com\/astro\/wp-content\/uploads\/2026\/03\/Mak60_vue1_IMG_8642_1200-1140x1140.webp 1140w, https:\/\/www.stelvision.com\/astro\/wp-content\/uploads\/2026\/03\/Mak60_vue1_IMG_8642_1200-750x750.webp 750w, https:\/\/www.stelvision.com\/astro\/wp-content\/uploads\/2026\/03\/Mak60_vue1_IMG_8642_1200-570x570.webp 570w, https:\/\/www.stelvision.com\/astro\/wp-content\/uploads\/2026\/03\/Mak60_vue1_IMG_8642_1200-368x368.webp 368w, https:\/\/www.stelvision.com\/astro\/wp-content\/uploads\/2026\/03\/Mak60_vue1_IMG_8642_1200-270x270.webp 270w, https:\/\/www.stelvision.com\/astro\/wp-content\/uploads\/2026\/03\/Mak60_vue1_IMG_8642_1200-62x62.webp 62w, https:\/\/www.stelvision.com\/astro\/wp-content\/uploads\/2026\/03\/Mak60_vue1_IMG_8642_1200-100x100.webp 100w, https:\/\/www.stelvision.com\/astro\/wp-content\/uploads\/2026\/03\/Mak60_vue1_IMG_8642_1200-1000x1000.webp 1000w, https:\/\/www.stelvision.com\/astro\/wp-content\/uploads\/2026\/03\/Mak60_vue1_IMG_8642_1200.webp 1200w\" sizes=\"(max-width: 300px) 100vw, 300px\" \/><h2 class=\"woocommerce-loop-product__title\">T\u00e9lescope mini-Dobson MaksyGo 60<div class=\"stel-product-item-review-wrapper\"><div class=\"skeepers_product__stars\" data-product-id=\"72695\"><\/div><\/div><\/h2>\r\n\t<span class=\"price\"><span class=\"woocommerce-Price-amount amount\"><bdi>135.00<span class=\"woocommerce-Price-currencySymbol\">&euro;<\/span><\/bdi><\/span> <span class=\"rwwc-vat-price-hint\" onclick=\"rwStelvisionWooTaxesInfos.showTaxHintModal(event)\">TVA incluse (FR) <i class=\"neko-icon-info-circled\"><\/i><\/span><\/span>\r\n<div class=\"netreviews_bg_stars_big listStars\" title=\"5\/5\"><div><span class=\"nr-icon nr-star grey\"><\/span><span class=\"nr-icon nr-star grey\"><\/span><span class=\"nr-icon nr-star grey\"><\/span><span class=\"nr-icon nr-star grey\"><\/span><span class=\"nr-icon nr-star grey\"><\/span><\/div><div style=\"color: #4FB8D7 !important\"><span class=\"nr-icon nr-star\" style=\"width:20%;\"><\/span><span class=\"nr-icon nr-star\" style=\"width:20%;\"><\/span><span class=\"nr-icon nr-star\" style=\"width:20%;\"><\/span><span class=\"nr-icon nr-star\" style=\"width:20%;\"><\/span><span class=\"nr-icon nr-star\" style=\"width:20%;\"><\/span><\/div> <span class=\"reviewCount\">2 avis<\/span><\/div><\/a><span class=\" rw_stelvision_product_in_stock \"><span class=\"rw_stelvision_product_stock_msg\">En stock<\/span><\/span><a href=\"\/astro\/wp-json\/wp\/v2\/posts\/67837?add-to-cart=72695\" aria-describedby=\"woocommerce_loop_add_to_cart_link_describedby_72695_3\" data-quantity=\"1\" data-product_id=\"72695\" data-product-title=\"T\u00e9lescope mini-Dobson MaksyGo 60&lt;div class=&quot;stel-product-item-review-wrapper&quot;&gt;&lt;div class=&quot;skeepers_product__stars&quot; data-product-id=&quot;72695&quot;&gt;&lt;\/div&gt;&lt;\/div&gt;\" class=\"button product_type_simple add_to_cart_button ajax_add_to_cart\" data-product_id=\"72695\" data-product_sku=\"6975787490075\" aria-label=\"Ajouter au panier\u00a0: &ldquo;T\u00e9lescope mini-Dobson MaksyGo 60&rdquo;\" rel=\"nofollow\" data-success_message=\"\u00ab\u00a0T\u00e9lescope mini-Dobson MaksyGo 60\u00a0\u00bb a \u00e9t\u00e9 ajout\u00e9 \u00e0 votre panier\" role=\"button\">Ajouter au panier<\/a><span id=\"woocommerce_loop_add_to_cart_link_describedby_72695_3\" class=\"screen-reader-text\"><\/span><\/div><\/li>\n<\/ul>\n<\/div><\/div><\/li><\/ul><button type=\"button\" class=\"slider-nav\" title=\"Slide pr&eacute;c&eacute;dente\"><\/button><button type=\"button\" class=\"slider-nav slider-nav-next\" title=\"Slide suivante\"><\/button><\/div><script type=\"text\/javascript\">\/*!rw_stel_js*\/rw_stelvision_theme_ready(\"rw_stelvision_theme\",function(){rw_stelvision_theme.swiffySliderAutoSlideSizes();});<\/script><\/div><\/div>\n","protected":false},"excerpt":{"rendered":"<p>Ce magnifique rapprochement plan\u00e9taire est \u00e0 voir dans la soir\u00e9e du 1er\u00a0mars\u00a02025.<\/p>\n","protected":false},"author":5,"featured_media":67838,"comment_status":"closed","ping_status":"closed","sticky":false,"template":"","format":"standard","meta":{"_acf_changed":false,"footnotes":""},"categories":[2],"tags":[],"class_list":["post-67837","post","type-post","status-publish","format-standard","has-post-thumbnail","hentry","category-observer-le-ciel"],"acf":[],"yoast_head":"<!-- This site is optimized with the Yoast SEO plugin v27.1.1 - https:\/\/yoast.com\/product\/yoast-seo-wordpress\/ -->\n<title>Observez le trio V\u00e9nus Lune Mercure au cr\u00e9puscule<\/title>\n<meta name=\"description\" content=\"Ce rapprochement plan\u00e9taire est \u00e0 voir dans la soir\u00e9e du 1er\u00a0mars\u00a02025 \u00e0 partir de 19h15 au-dessus de l&#039;horizon ouest.\" \/>\n<meta name=\"robots\" content=\"index, follow, max-snippet:-1, max-image-preview:large, max-video-preview:-1\" \/>\n<link rel=\"canonical\" href=\"https:\/\/www.stelvision.com\/astro\/observez-le-trio-venus-lune-mercure-au-crepuscule\/\" \/>\n<meta property=\"og:locale\" content=\"fr_FR\" \/>\n<meta property=\"og:type\" content=\"article\" \/>\n<meta property=\"og:title\" content=\"Observez le trio V\u00e9nus Lune Mercure au cr\u00e9puscule\" \/>\n<meta property=\"og:description\" content=\"Ce rapprochement plan\u00e9taire est \u00e0 voir dans la soir\u00e9e du 1er\u00a0mars\u00a02025.\" \/>\n<meta property=\"og:url\" content=\"https:\/\/www.stelvision.com\/astro\/observez-le-trio-venus-lune-mercure-au-crepuscule\/\" \/>\n<meta property=\"og:site_name\" content=\"Stelvision\" \/>\n<meta property=\"article:publisher\" content=\"https:\/\/www.facebook.com\/people\/Stelvision\/100063368192331\/\" \/>\n<meta property=\"article:published_time\" content=\"2025-02-24T09:14:54+00:00\" \/>\n<meta property=\"article:modified_time\" content=\"2025-03-03T14:32:52+00:00\" \/>\n<meta property=\"og:image\" content=\"https:\/\/www.stelvision.com\/astro\/wp-content\/uploads\/2025\/02\/lunevenusmercure0103258_TW.jpg\" \/>\n\t<meta property=\"og:image:width\" content=\"1200\" \/>\n\t<meta property=\"og:image:height\" content=\"628\" \/>\n\t<meta property=\"og:image:type\" content=\"image\/jpeg\" \/>\n<meta name=\"author\" content=\"Carine Souplet\" \/>\n<meta name=\"twitter:card\" content=\"summary_large_image\" \/>\n<meta name=\"twitter:label1\" content=\"\u00c9crit par\" \/>\n\t<meta name=\"twitter:data1\" content=\"Carine Souplet\" \/>\n\t<meta name=\"twitter:label2\" content=\"Dur\u00e9e de lecture estim\u00e9e\" \/>\n\t<meta name=\"twitter:data2\" content=\"2 minutes\" \/>\n<script type=\"application\/ld+json\" class=\"yoast-schema-graph\">{\"@context\":\"https:\/\/schema.org\",\"@graph\":[{\"@type\":\"Article\",\"@id\":\"https:\/\/www.stelvision.com\/astro\/observez-le-trio-venus-lune-mercure-au-crepuscule\/#article\",\"isPartOf\":{\"@id\":\"https:\/\/www.stelvision.com\/astro\/observez-le-trio-venus-lune-mercure-au-crepuscule\/\"},\"author\":{\"name\":\"Carine Souplet\",\"@id\":\"https:\/\/www.stelvision.com\/astro\/#\/schema\/person\/493624a999745495b124a6f971a7271e\"},\"headline\":\"Observez le trio V\u00e9nus Lune Mercure au cr\u00e9puscule\",\"datePublished\":\"2025-02-24T09:14:54+00:00\",\"dateModified\":\"2025-03-03T14:32:52+00:00\",\"mainEntityOfPage\":{\"@id\":\"https:\/\/www.stelvision.com\/astro\/observez-le-trio-venus-lune-mercure-au-crepuscule\/\"},\"wordCount\":285,\"publisher\":{\"@id\":\"https:\/\/www.stelvision.com\/astro\/#organization\"},\"image\":{\"@id\":\"https:\/\/www.stelvision.com\/astro\/observez-le-trio-venus-lune-mercure-au-crepuscule\/#primaryimage\"},\"thumbnailUrl\":\"https:\/\/www.stelvision.com\/astro\/wp-content\/uploads\/2025\/02\/lunevenusmercure010325_1200x900.webp\",\"articleSection\":[\"Observer le ciel\"],\"inLanguage\":\"fr-FR\"},{\"@type\":\"WebPage\",\"@id\":\"https:\/\/www.stelvision.com\/astro\/observez-le-trio-venus-lune-mercure-au-crepuscule\/\",\"url\":\"https:\/\/www.stelvision.com\/astro\/observez-le-trio-venus-lune-mercure-au-crepuscule\/\",\"name\":\"Observez le trio V\u00e9nus Lune Mercure au cr\u00e9puscule\",\"isPartOf\":{\"@id\":\"https:\/\/www.stelvision.com\/astro\/#website\"},\"primaryImageOfPage\":{\"@id\":\"https:\/\/www.stelvision.com\/astro\/observez-le-trio-venus-lune-mercure-au-crepuscule\/#primaryimage\"},\"image\":{\"@id\":\"https:\/\/www.stelvision.com\/astro\/observez-le-trio-venus-lune-mercure-au-crepuscule\/#primaryimage\"},\"thumbnailUrl\":\"https:\/\/www.stelvision.com\/astro\/wp-content\/uploads\/2025\/02\/lunevenusmercure010325_1200x900.webp\",\"datePublished\":\"2025-02-24T09:14:54+00:00\",\"dateModified\":\"2025-03-03T14:32:52+00:00\",\"description\":\"Ce rapprochement plan\u00e9taire est \u00e0 voir dans la soir\u00e9e du 1er\u00a0mars\u00a02025 \u00e0 partir de 19h15 au-dessus de l'horizon ouest.\",\"breadcrumb\":{\"@id\":\"https:\/\/www.stelvision.com\/astro\/observez-le-trio-venus-lune-mercure-au-crepuscule\/#breadcrumb\"},\"inLanguage\":\"fr-FR\",\"potentialAction\":[{\"@type\":\"ReadAction\",\"target\":[\"https:\/\/www.stelvision.com\/astro\/observez-le-trio-venus-lune-mercure-au-crepuscule\/\"]}]},{\"@type\":\"ImageObject\",\"inLanguage\":\"fr-FR\",\"@id\":\"https:\/\/www.stelvision.com\/astro\/observez-le-trio-venus-lune-mercure-au-crepuscule\/#primaryimage\",\"url\":\"https:\/\/www.stelvision.com\/astro\/wp-content\/uploads\/2025\/02\/lunevenusmercure010325_1200x900.webp\",\"contentUrl\":\"https:\/\/www.stelvision.com\/astro\/wp-content\/uploads\/2025\/02\/lunevenusmercure010325_1200x900.webp\",\"width\":1196,\"height\":897},{\"@type\":\"BreadcrumbList\",\"@id\":\"https:\/\/www.stelvision.com\/astro\/observez-le-trio-venus-lune-mercure-au-crepuscule\/#breadcrumb\",\"itemListElement\":[{\"@type\":\"ListItem\",\"position\":1,\"name\":\"Accueil\",\"item\":\"https:\/\/www.stelvision.com\/astro\/\"},{\"@type\":\"ListItem\",\"position\":2,\"name\":\"Observez le trio V\u00e9nus Lune Mercure au cr\u00e9puscule\"}]},{\"@type\":\"WebSite\",\"@id\":\"https:\/\/www.stelvision.com\/astro\/#website\",\"url\":\"https:\/\/www.stelvision.com\/astro\/\",\"name\":\"Stelvision\",\"description\":\"conseils, livres et mat\u00e9riel d&#039;observation du ciel\",\"publisher\":{\"@id\":\"https:\/\/www.stelvision.com\/astro\/#organization\"},\"potentialAction\":[{\"@type\":\"SearchAction\",\"target\":{\"@type\":\"EntryPoint\",\"urlTemplate\":\"https:\/\/www.stelvision.com\/astro\/?s={search_term_string}\"},\"query-input\":{\"@type\":\"PropertyValueSpecification\",\"valueRequired\":true,\"valueName\":\"search_term_string\"}}],\"inLanguage\":\"fr-FR\"},{\"@type\":\"Organization\",\"@id\":\"https:\/\/www.stelvision.com\/astro\/#organization\",\"name\":\"Stelvision\",\"url\":\"https:\/\/www.stelvision.com\/astro\/\",\"logo\":{\"@type\":\"ImageObject\",\"inLanguage\":\"fr-FR\",\"@id\":\"https:\/\/www.stelvision.com\/astro\/#\/schema\/logo\/image\/\",\"url\":\"https:\/\/www.stelvision.com\/astro\/wp-content\/uploads\/2019\/03\/logo_lisse_bleu_Stelvision_600.png\",\"contentUrl\":\"https:\/\/www.stelvision.com\/astro\/wp-content\/uploads\/2019\/03\/logo_lisse_bleu_Stelvision_600.png\",\"width\":600,\"height\":277,\"caption\":\"Stelvision\"},\"image\":{\"@id\":\"https:\/\/www.stelvision.com\/astro\/#\/schema\/logo\/image\/\"},\"sameAs\":[\"https:\/\/www.facebook.com\/people\/Stelvision\/100063368192331\/\"]},{\"@type\":\"Person\",\"@id\":\"https:\/\/www.stelvision.com\/astro\/#\/schema\/person\/493624a999745495b124a6f971a7271e\",\"name\":\"Carine Souplet\",\"url\":\"https:\/\/www.stelvision.com\/astro\/author\/cs-stel2\/\"}]}<\/script>\n<!-- \/ Yoast SEO plugin. -->","yoast_head_json":{"title":"Observez le trio V\u00e9nus Lune Mercure au cr\u00e9puscule","description":"Ce rapprochement plan\u00e9taire est \u00e0 voir dans la soir\u00e9e du 1er\u00a0mars\u00a02025 \u00e0 partir de 19h15 au-dessus de l'horizon ouest.","robots":{"index":"index","follow":"follow","max-snippet":"max-snippet:-1","max-image-preview":"max-image-preview:large","max-video-preview":"max-video-preview:-1"},"canonical":"https:\/\/www.stelvision.com\/astro\/observez-le-trio-venus-lune-mercure-au-crepuscule\/","og_locale":"fr_FR","og_type":"article","og_title":"Observez le trio V\u00e9nus Lune Mercure au cr\u00e9puscule","og_description":"Ce rapprochement plan\u00e9taire est \u00e0 voir dans la soir\u00e9e du 1er\u00a0mars\u00a02025.","og_url":"https:\/\/www.stelvision.com\/astro\/observez-le-trio-venus-lune-mercure-au-crepuscule\/","og_site_name":"Stelvision","article_publisher":"https:\/\/www.facebook.com\/people\/Stelvision\/100063368192331\/","article_published_time":"2025-02-24T09:14:54+00:00","article_modified_time":"2025-03-03T14:32:52+00:00","og_image":[{"width":1200,"height":628,"url":"https:\/\/www.stelvision.com\/astro\/wp-content\/uploads\/2025\/02\/lunevenusmercure0103258_TW.jpg","type":"image\/jpeg"}],"author":"Carine Souplet","twitter_card":"summary_large_image","twitter_misc":{"\u00c9crit par":"Carine Souplet","Dur\u00e9e de lecture estim\u00e9e":"2 minutes"},"schema":{"@context":"https:\/\/schema.org","@graph":[{"@type":"Article","@id":"https:\/\/www.stelvision.com\/astro\/observez-le-trio-venus-lune-mercure-au-crepuscule\/#article","isPartOf":{"@id":"https:\/\/www.stelvision.com\/astro\/observez-le-trio-venus-lune-mercure-au-crepuscule\/"},"author":{"name":"Carine Souplet","@id":"https:\/\/www.stelvision.com\/astro\/#\/schema\/person\/493624a999745495b124a6f971a7271e"},"headline":"Observez le trio V\u00e9nus Lune Mercure au cr\u00e9puscule","datePublished":"2025-02-24T09:14:54+00:00","dateModified":"2025-03-03T14:32:52+00:00","mainEntityOfPage":{"@id":"https:\/\/www.stelvision.com\/astro\/observez-le-trio-venus-lune-mercure-au-crepuscule\/"},"wordCount":285,"publisher":{"@id":"https:\/\/www.stelvision.com\/astro\/#organization"},"image":{"@id":"https:\/\/www.stelvision.com\/astro\/observez-le-trio-venus-lune-mercure-au-crepuscule\/#primaryimage"},"thumbnailUrl":"https:\/\/www.stelvision.com\/astro\/wp-content\/uploads\/2025\/02\/lunevenusmercure010325_1200x900.webp","articleSection":["Observer le ciel"],"inLanguage":"fr-FR"},{"@type":"WebPage","@id":"https:\/\/www.stelvision.com\/astro\/observez-le-trio-venus-lune-mercure-au-crepuscule\/","url":"https:\/\/www.stelvision.com\/astro\/observez-le-trio-venus-lune-mercure-au-crepuscule\/","name":"Observez le trio V\u00e9nus Lune Mercure au cr\u00e9puscule","isPartOf":{"@id":"https:\/\/www.stelvision.com\/astro\/#website"},"primaryImageOfPage":{"@id":"https:\/\/www.stelvision.com\/astro\/observez-le-trio-venus-lune-mercure-au-crepuscule\/#primaryimage"},"image":{"@id":"https:\/\/www.stelvision.com\/astro\/observez-le-trio-venus-lune-mercure-au-crepuscule\/#primaryimage"},"thumbnailUrl":"https:\/\/www.stelvision.com\/astro\/wp-content\/uploads\/2025\/02\/lunevenusmercure010325_1200x900.webp","datePublished":"2025-02-24T09:14:54+00:00","dateModified":"2025-03-03T14:32:52+00:00","description":"Ce rapprochement plan\u00e9taire est \u00e0 voir dans la soir\u00e9e du 1er\u00a0mars\u00a02025 \u00e0 partir de 19h15 au-dessus de l'horizon ouest.","breadcrumb":{"@id":"https:\/\/www.stelvision.com\/astro\/observez-le-trio-venus-lune-mercure-au-crepuscule\/#breadcrumb"},"inLanguage":"fr-FR","potentialAction":[{"@type":"ReadAction","target":["https:\/\/www.stelvision.com\/astro\/observez-le-trio-venus-lune-mercure-au-crepuscule\/"]}]},{"@type":"ImageObject","inLanguage":"fr-FR","@id":"https:\/\/www.stelvision.com\/astro\/observez-le-trio-venus-lune-mercure-au-crepuscule\/#primaryimage","url":"https:\/\/www.stelvision.com\/astro\/wp-content\/uploads\/2025\/02\/lunevenusmercure010325_1200x900.webp","contentUrl":"https:\/\/www.stelvision.com\/astro\/wp-content\/uploads\/2025\/02\/lunevenusmercure010325_1200x900.webp","width":1196,"height":897},{"@type":"BreadcrumbList","@id":"https:\/\/www.stelvision.com\/astro\/observez-le-trio-venus-lune-mercure-au-crepuscule\/#breadcrumb","itemListElement":[{"@type":"ListItem","position":1,"name":"Accueil","item":"https:\/\/www.stelvision.com\/astro\/"},{"@type":"ListItem","position":2,"name":"Observez le trio V\u00e9nus Lune Mercure au cr\u00e9puscule"}]},{"@type":"WebSite","@id":"https:\/\/www.stelvision.com\/astro\/#website","url":"https:\/\/www.stelvision.com\/astro\/","name":"Stelvision","description":"conseils, livres et mat\u00e9riel d&#039;observation du ciel","publisher":{"@id":"https:\/\/www.stelvision.com\/astro\/#organization"},"potentialAction":[{"@type":"SearchAction","target":{"@type":"EntryPoint","urlTemplate":"https:\/\/www.stelvision.com\/astro\/?s={search_term_string}"},"query-input":{"@type":"PropertyValueSpecification","valueRequired":true,"valueName":"search_term_string"}}],"inLanguage":"fr-FR"},{"@type":"Organization","@id":"https:\/\/www.stelvision.com\/astro\/#organization","name":"Stelvision","url":"https:\/\/www.stelvision.com\/astro\/","logo":{"@type":"ImageObject","inLanguage":"fr-FR","@id":"https:\/\/www.stelvision.com\/astro\/#\/schema\/logo\/image\/","url":"https:\/\/www.stelvision.com\/astro\/wp-content\/uploads\/2019\/03\/logo_lisse_bleu_Stelvision_600.png","contentUrl":"https:\/\/www.stelvision.com\/astro\/wp-content\/uploads\/2019\/03\/logo_lisse_bleu_Stelvision_600.png","width":600,"height":277,"caption":"Stelvision"},"image":{"@id":"https:\/\/www.stelvision.com\/astro\/#\/schema\/logo\/image\/"},"sameAs":["https:\/\/www.facebook.com\/people\/Stelvision\/100063368192331\/"]},{"@type":"Person","@id":"https:\/\/www.stelvision.com\/astro\/#\/schema\/person\/493624a999745495b124a6f971a7271e","name":"Carine Souplet","url":"https:\/\/www.stelvision.com\/astro\/author\/cs-stel2\/"}]}},"_links":{"self":[{"href":"https:\/\/www.stelvision.com\/astro\/wp-json\/wp\/v2\/posts\/67837","targetHints":{"allow":["GET"]}}],"collection":[{"href":"https:\/\/www.stelvision.com\/astro\/wp-json\/wp\/v2\/posts"}],"about":[{"href":"https:\/\/www.stelvision.com\/astro\/wp-json\/wp\/v2\/types\/post"}],"author":[{"embeddable":true,"href":"https:\/\/www.stelvision.com\/astro\/wp-json\/wp\/v2\/users\/5"}],"replies":[{"embeddable":true,"href":"https:\/\/www.stelvision.com\/astro\/wp-json\/wp\/v2\/comments?post=67837"}],"version-history":[{"count":9,"href":"https:\/\/www.stelvision.com\/astro\/wp-json\/wp\/v2\/posts\/67837\/revisions"}],"predecessor-version":[{"id":68067,"href":"https:\/\/www.stelvision.com\/astro\/wp-json\/wp\/v2\/posts\/67837\/revisions\/68067"}],"wp:featuredmedia":[{"embeddable":true,"href":"https:\/\/www.stelvision.com\/astro\/wp-json\/wp\/v2\/media\/67838"}],"wp:attachment":[{"href":"https:\/\/www.stelvision.com\/astro\/wp-json\/wp\/v2\/media?parent=67837"}],"wp:term":[{"taxonomy":"category","embeddable":true,"href":"https:\/\/www.stelvision.com\/astro\/wp-json\/wp\/v2\/categories?post=67837"},{"taxonomy":"post_tag","embeddable":true,"href":"https:\/\/www.stelvision.com\/astro\/wp-json\/wp\/v2\/tags?post=67837"}],"curies":[{"name":"wp","href":"https:\/\/api.w.org\/{rel}","templated":true}]}}