{"id":69034,"date":"2025-05-06T17:13:13","date_gmt":"2025-05-06T15:13:13","guid":{"rendered":"https:\/\/www.stelvision.com\/astro\/?p=69034"},"modified":"2025-07-09T10:39:35","modified_gmt":"2025-07-09T08:39:35","slug":"astronomie-printemps-ete-2025-une-selection-devenements-en-france","status":"publish","type":"post","link":"https:\/\/www.stelvision.com\/astro\/astronomie-printemps-ete-2025-une-selection-devenements-en-france\/","title":{"rendered":"\u00c9t\u00e9 2025 : une s\u00e9lection d&rsquo;\u00e9v\u00e9nements en France"},"content":{"rendered":"\n<p class=\"chapo\">Festivals, <em>star parties<\/em>, animations publiques&#8230; Voici quelques-uns des nombreux \u00e9v\u00e9nements astro \u00e0 vivre cet \u00e9t\u00e9 en France. \u00c0 vos agendas !<\/p>\n\n\n\n<figure class=\"wp-block-image size-large\"><img decoding=\"async\" width=\"1024\" height=\"768\" src=\"https:\/\/www.stelvision.com\/astro\/wp-content\/uploads\/2025\/05\/star-party-Remi_dhml-Shutterstock-1024x768.webp\" alt=\"photo repr\u00e9sentant des Observateurs regardant le ciel au t\u00e9lescope lors d'une star party\" class=\"wp-image-69037\" srcset=\"https:\/\/www.stelvision.com\/astro\/wp-content\/uploads\/2025\/05\/star-party-Remi_dhml-Shutterstock-1024x768.webp 1024w, https:\/\/www.stelvision.com\/astro\/wp-content\/uploads\/2025\/05\/star-party-Remi_dhml-Shutterstock-300x225.webp 300w, https:\/\/www.stelvision.com\/astro\/wp-content\/uploads\/2025\/05\/star-party-Remi_dhml-Shutterstock-800x600.webp 800w, https:\/\/www.stelvision.com\/astro\/wp-content\/uploads\/2025\/05\/star-party-Remi_dhml-Shutterstock-1140x855.webp 1140w, https:\/\/www.stelvision.com\/astro\/wp-content\/uploads\/2025\/05\/star-party-Remi_dhml-Shutterstock-750x563.webp 750w, https:\/\/www.stelvision.com\/astro\/wp-content\/uploads\/2025\/05\/star-party-Remi_dhml-Shutterstock-570x428.webp 570w, https:\/\/www.stelvision.com\/astro\/wp-content\/uploads\/2025\/05\/star-party-Remi_dhml-Shutterstock-368x276.webp 368w, https:\/\/www.stelvision.com\/astro\/wp-content\/uploads\/2025\/05\/star-party-Remi_dhml-Shutterstock-270x203.webp 270w, https:\/\/www.stelvision.com\/astro\/wp-content\/uploads\/2025\/05\/star-party-Remi_dhml-Shutterstock-1000x750.webp 1000w, https:\/\/www.stelvision.com\/astro\/wp-content\/uploads\/2025\/05\/star-party-Remi_dhml-Shutterstock.webp 1200w\" sizes=\"(max-width: 1024px) 100vw, 1024px\" \/><figcaption class=\"wp-element-caption\"><strong>Les <em>star parties<\/em> sont l&rsquo;occasion d&rsquo;observer avec des passionn\u00e9s d&rsquo;astronomie parfois tr\u00e8s bien \u00e9quip\u00e9s.<\/strong> <small>Photo : Remi_dhml\/Shutterstock.<\/small><\/figcaption><\/figure>\n\n\n\n<p>Tout d&rsquo;abord, notez qu&rsquo;il existe diff\u00e9rents types d&rsquo;\u00e9v\u00e9nements :<\/p>\n\n\n\n<ul class=\"wp-block-list\">\n<li>Un <strong>festival <\/strong>est g\u00e9n\u00e9ralement destin\u00e9 \u00e0 un large public et construit autour de conf\u00e9rences, ateliers et animations diverses.  Il peut comporter des observations du ciel en part plus ou moins importante.<\/li>\n\n\n\n<li>Une <em><strong>star party <\/strong><\/em>&#8211; selon le terme am\u00e9ricain largement adopt\u00e9 &#8211; est un rassemblement d&rsquo;astronomes amateurs qui se retrouvent pour partager leur passion et observer le ciel. Dans un esprit de convivialit\u00e9 et d&rsquo;\u00e9changes, on y parle observation et astrophotographie \u00e0 peu pr\u00e8s 24 heures sur 24 ! Il faut en g\u00e9n\u00e9ral s&rsquo;inscrire bien \u00e0 l&rsquo;avance. <\/li>\n\n\n\n<li>Une <strong>animation <\/strong>est un \u00e9v\u00e9nement ponctuel organis\u00e9 pour faire d\u00e9couvrir le ciel \u00e9toil\u00e9 aux n\u00e9ophytes.<\/li>\n\n\n\n<li>Certains \u00e9v\u00e9nements sont un peu <strong>tout cela \u00e0 la fois<\/strong> !<\/li>\n<\/ul>\n\n\n\n<p>Nous pr\u00e9sentons les \u00e9v\u00e8nements dans l&rsquo;ordre chronologique.<\/p>\n\n\n\n<div class=\"wp-block-columns is-layout-flex wp-container-core-columns-is-layout-9d6595d7 wp-block-columns-is-layout-flex\">\n<div class=\"wp-block-column is-layout-flow wp-block-column-is-layout-flow\">\n<figure class=\"wp-block-image size-large\"><img decoding=\"async\" width=\"1024\" height=\"768\" src=\"https:\/\/www.stelvision.com\/astro\/wp-content\/uploads\/2025\/05\/paris-1024x768.webp\" alt=\"visuel Paris sous les \u00e9toiles\" class=\"wp-image-69047\" srcset=\"https:\/\/www.stelvision.com\/astro\/wp-content\/uploads\/2025\/05\/paris-1024x768.webp 1024w, https:\/\/www.stelvision.com\/astro\/wp-content\/uploads\/2025\/05\/paris-300x225.webp 300w, https:\/\/www.stelvision.com\/astro\/wp-content\/uploads\/2025\/05\/paris-800x600.webp 800w, https:\/\/www.stelvision.com\/astro\/wp-content\/uploads\/2025\/05\/paris-1140x855.webp 1140w, https:\/\/www.stelvision.com\/astro\/wp-content\/uploads\/2025\/05\/paris-750x563.webp 750w, https:\/\/www.stelvision.com\/astro\/wp-content\/uploads\/2025\/05\/paris-570x428.webp 570w, https:\/\/www.stelvision.com\/astro\/wp-content\/uploads\/2025\/05\/paris-368x276.webp 368w, https:\/\/www.stelvision.com\/astro\/wp-content\/uploads\/2025\/05\/paris-270x203.webp 270w, https:\/\/www.stelvision.com\/astro\/wp-content\/uploads\/2025\/05\/paris-1000x750.webp 1000w, https:\/\/www.stelvision.com\/astro\/wp-content\/uploads\/2025\/05\/paris.webp 1200w\" sizes=\"(max-width: 1024px) 100vw, 1024px\" \/><\/figure>\n<\/div>\n\n\n\n<div class=\"wp-block-column is-layout-flow wp-block-column-is-layout-flow\">\n<h2 class=\"wp-block-heading\">Paris sous les \u00e9toiles<\/h2>\n\n\n\n<p>28 juin au 13 septembre 2025 &nbsp;|&nbsp; Paris<\/p>\n\n\n\n<p>22 soir\u00e9es sont pr\u00e9vues, r\u00e9parties dans 21 parcs de la capitale. Les montreurs du ciel de l\u2019Association fran\u00e7aise d&rsquo;astronomie (AFA) pointeront lunettes et t\u00e9lescopes vers le ciel \u00e9toil\u00e9 \u00e0 l\u2019abri des lumi\u00e8res dans les parcs pour proposer aux parisiennes, parisiens, petits ou grands, seuls ou en famille, des observations et des ateliers de rep\u00e9rage du ciel. Les soir\u00e9es sont gratuites, ouvertes \u00e0 toutes et \u00e0 tous sans inscription.<\/p>\n\n\n\n<p class=\"has-small-font-size\"><strong>Animations publiques . <a href=\"https:\/\/www.afastronomie.fr\/paris\">Consulter le site<\/a>.<\/strong><\/p>\n<\/div>\n<\/div>\n\n\n\n<div class=\"wp-block-columns is-layout-flex wp-container-core-columns-is-layout-9d6595d7 wp-block-columns-is-layout-flex\">\n<div class=\"wp-block-column is-layout-flow wp-block-column-is-layout-flow\">\n<figure class=\"wp-block-image size-full\"><img decoding=\"async\" width=\"800\" height=\"1132\" src=\"https:\/\/www.stelvision.com\/astro\/wp-content\/uploads\/2025\/05\/Affiche_A4_RVB_centre_astro_saint_michel.webp\" alt=\"Affiche festival Saint-Michel l'observatoire\" class=\"wp-image-69221\" srcset=\"https:\/\/www.stelvision.com\/astro\/wp-content\/uploads\/2025\/05\/Affiche_A4_RVB_centre_astro_saint_michel.webp 800w, https:\/\/www.stelvision.com\/astro\/wp-content\/uploads\/2025\/05\/Affiche_A4_RVB_centre_astro_saint_michel-212x300.webp 212w, https:\/\/www.stelvision.com\/astro\/wp-content\/uploads\/2025\/05\/Affiche_A4_RVB_centre_astro_saint_michel-724x1024.webp 724w, https:\/\/www.stelvision.com\/astro\/wp-content\/uploads\/2025\/05\/Affiche_A4_RVB_centre_astro_saint_michel-424x600.webp 424w, https:\/\/www.stelvision.com\/astro\/wp-content\/uploads\/2025\/05\/Affiche_A4_RVB_centre_astro_saint_michel-750x1061.webp 750w, https:\/\/www.stelvision.com\/astro\/wp-content\/uploads\/2025\/05\/Affiche_A4_RVB_centre_astro_saint_michel-570x807.webp 570w, https:\/\/www.stelvision.com\/astro\/wp-content\/uploads\/2025\/05\/Affiche_A4_RVB_centre_astro_saint_michel-368x521.webp 368w, https:\/\/www.stelvision.com\/astro\/wp-content\/uploads\/2025\/05\/Affiche_A4_RVB_centre_astro_saint_michel-270x382.webp 270w\" sizes=\"(max-width: 800px) 100vw, 800px\" \/><\/figure>\n<\/div>\n\n\n\n<div class=\"wp-block-column is-layout-flow wp-block-column-is-layout-flow\">\n<h2 class=\"wp-block-heading\">L&rsquo;\u00c9t\u00e9 Astro 2025<\/h2>\n\n\n\n<p>1er juillet au 21 septembre &nbsp;|&nbsp; Saint-Michel-l&rsquo;Observatoire (Alpes de Haute Provence)<\/p>\n\n\n\n<p>L\u2019\u00c9t\u00e9 Astro est un programme \u00e9v\u00e9nementiel avec quatre grandes soir\u00e9es pour rythmer l\u2019\u00e9t\u00e9 mais \u00e9galement des s\u00e9ances ouvertes tous les jours pour petits et grands, comportant des activit\u00e9s d\u2019observation du ciel, des s\u00e9ances de plan\u00e9tarium et des manifestations organis\u00e9es en partenariat avec l\u2019Observatoire de Haute-Provence.<br>Cette ann\u00e9e 2025 sera l\u2019occasion de c\u00e9l\u00e9brer le 30\u00e8me anniversaire de la d\u00e9couverte de la premi\u00e8re exoplan\u00e8te.<\/p>\n\n\n\n<p class=\"has-small-font-size\"><strong>Festival . <a href=\"https:\/\/www.centre-astro.com\/festival-ete-astro\/\">Consulter le site<\/a>.<\/strong><\/p>\n<\/div>\n<\/div>\n\n\n\n<div class=\"wp-block-columns is-layout-flex wp-container-core-columns-is-layout-9d6595d7 wp-block-columns-is-layout-flex\">\n<div class=\"wp-block-column is-layout-flow wp-block-column-is-layout-flow\">\n<figure class=\"wp-block-image size-full\"><img decoding=\"async\" width=\"721\" height=\"1020\" src=\"https:\/\/www.stelvision.com\/astro\/wp-content\/uploads\/2025\/05\/ciel-pur-2025.webp\" alt=\"visuel Rencontre en ciel pur 2025\" class=\"wp-image-69048\" srcset=\"https:\/\/www.stelvision.com\/astro\/wp-content\/uploads\/2025\/05\/ciel-pur-2025.webp 721w, https:\/\/www.stelvision.com\/astro\/wp-content\/uploads\/2025\/05\/ciel-pur-2025-212x300.webp 212w, https:\/\/www.stelvision.com\/astro\/wp-content\/uploads\/2025\/05\/ciel-pur-2025-424x600.webp 424w, https:\/\/www.stelvision.com\/astro\/wp-content\/uploads\/2025\/05\/ciel-pur-2025-570x806.webp 570w, https:\/\/www.stelvision.com\/astro\/wp-content\/uploads\/2025\/05\/ciel-pur-2025-368x521.webp 368w, https:\/\/www.stelvision.com\/astro\/wp-content\/uploads\/2025\/05\/ciel-pur-2025-270x382.webp 270w\" sizes=\"(max-width: 721px) 100vw, 721px\" \/><\/figure>\n<\/div>\n\n\n\n<div class=\"wp-block-column is-layout-flow wp-block-column-is-layout-flow\">\n<h2 class=\"wp-block-heading\">Rencontre en ciel pur<\/h2>\n\n\n\n<p>6 juil. au 7 juillet 2025 &nbsp;|&nbsp; Saint-V\u00e9ran (Hautes-Alpes)<\/p>\n\n\n\n<p>Ateliers ludiques et p\u00e9dagogiques, tables rondes \u2013 anim\u00e9es par Mathieu Vidard, animateur et producteur de l\u2019\u00e9mission scientifique \u00ab La Terre au carr\u00e9 \u00bb sur France Inter, s\u00e9ances de plan\u00e9tarium et visites guid\u00e9es de la Maison du Soleil, seront propos\u00e9s d\u00e8s 10h. A la tomb\u00e9e de la nuit, t\u00e9lescopes et lunettes d\u2019observations nous permettront de contempler \u00e9toiles et autres objets c\u00e9lestes.<\/p>\n\n\n\n<p class=\"has-small-font-size\"><strong>Festival . <a href=\"https:\/\/lequeyras.com\/agenda\/festival-astronomie-rencontre-en-ciel-pur\/\">Consulter le site<\/a>.<\/strong><\/p>\n<\/div>\n<\/div>\n\n\n\t\t\t<div style=\"color: grey; font-size: 0.8em; text-align: center;\">La suite apr\u00e8s cette annonce<\/div>\t\t\t<div class=\"boxFocus\" style=\"padding-bottom: 8px; margin-bottom: 12px; border-radius: 0; border: 1px solid #ddd;\">\t\t\t\t<a rel=\"nofollow\" href=\"https:\/\/www.stelvision.com\/astro\/boutique\/le-ciel-au-telescope\/?ref=middle\">\r\n\t\t\t\t\t<img decoding=\"async\" src=\"https:\/\/www.stelvision.com\/astro\/wp-content\/uploads\/2025\/10\/Ciel-au-telescope-1200x900-1.webp\" alt=\"visuel publicitaire livre le Ciel au t\u00e9lescope\" class=\"img-responsive\">\r\n\t\t\t\t<\/a>\r\n\t\t\t\t<p style=\"text-align: center; margin-bottom: 0em; margin-top: 0.25em;\"><strong><a rel=\"nofollow\" href=\"https:\/\/www.stelvision.com\/astro\/boutique\/le-ciel-au-telescope\/?ref=middle\">Le Ciel au t\u00e9lescope, le guide indispensable pour r\u00e9ussir vos observations<\/a><\/strong><\/p>\r\n\t\t\t<\/div>\n\n\n\n<div class=\"wp-block-columns is-layout-flex wp-container-core-columns-is-layout-9d6595d7 wp-block-columns-is-layout-flex\">\n<div class=\"wp-block-column is-layout-flow wp-block-column-is-layout-flow\">\n<figure class=\"wp-block-image size-full\"><img decoding=\"async\" width=\"647\" height=\"534\" src=\"https:\/\/www.stelvision.com\/astro\/wp-content\/uploads\/2025\/05\/DSC05219-rencontres-astro-ciel.webp\" alt=\"photo prise aux Rencontres Astro Ciel\" class=\"wp-image-69049\" srcset=\"https:\/\/www.stelvision.com\/astro\/wp-content\/uploads\/2025\/05\/DSC05219-rencontres-astro-ciel.webp 647w, https:\/\/www.stelvision.com\/astro\/wp-content\/uploads\/2025\/05\/DSC05219-rencontres-astro-ciel-300x248.webp 300w, https:\/\/www.stelvision.com\/astro\/wp-content\/uploads\/2025\/05\/DSC05219-rencontres-astro-ciel-570x470.webp 570w, https:\/\/www.stelvision.com\/astro\/wp-content\/uploads\/2025\/05\/DSC05219-rencontres-astro-ciel-368x304.webp 368w, https:\/\/www.stelvision.com\/astro\/wp-content\/uploads\/2025\/05\/DSC05219-rencontres-astro-ciel-270x223.webp 270w\" sizes=\"(max-width: 647px) 100vw, 647px\" \/><\/figure>\n<\/div>\n\n\n\n<div class=\"wp-block-column is-layout-flow wp-block-column-is-layout-flow\">\n<h2 class=\"wp-block-heading\">Rencontres Astro Ciel<\/h2>\n\n\n\n<p>14 juil. au 31 juillet 2025 &nbsp;|&nbsp; Lanu\u00e9jols (Gard)<\/p>\n\n\n\n<p>Les Rencontres AstroCiel sont organis\u00e9es par la Soci\u00e9t\u00e9 astronomique de France (SAF) pour ses adh\u00e9rents et leurs proches. Elles se d\u00e9roulent dans un cadre propice \u00e0 l\u2019observation astronomique afin de permettre des observations de qualit\u00e9. C\u2019est aussi un moment convivial o\u00f9 les astronomes de tous niveaux, d\u00e9butants comme confirm\u00e9s, peuvent se rencontrer, apprendre les uns des autres, et partager leur passion avec le grand public qui est invit\u00e9 \u00e0 venir d\u00e9couvrir le ciel nocturne.<\/p>\n\n\n\n<p class=\"has-small-font-size\"><strong>Star party . <a href=\"https:\/\/saf-astronomie.fr\/astrociel\/\">Consulter le site<\/a>.<\/strong><\/p>\n<\/div>\n<\/div>\n\n\n\n<div class=\"wp-block-columns is-layout-flex wp-container-core-columns-is-layout-9d6595d7 wp-block-columns-is-layout-flex\">\n<div class=\"wp-block-column is-layout-flow wp-block-column-is-layout-flow\">\n<figure class=\"wp-block-image size-large\"><img decoding=\"async\" width=\"724\" height=\"1024\" src=\"https:\/\/www.stelvision.com\/astro\/wp-content\/uploads\/2025\/05\/astrauvergne-724x1024.webp\" alt=\"visuel Astr\u2019Auvergne\" class=\"wp-image-69050\" srcset=\"https:\/\/www.stelvision.com\/astro\/wp-content\/uploads\/2025\/05\/astrauvergne-724x1024.webp 724w, https:\/\/www.stelvision.com\/astro\/wp-content\/uploads\/2025\/05\/astrauvergne-212x300.webp 212w, https:\/\/www.stelvision.com\/astro\/wp-content\/uploads\/2025\/05\/astrauvergne-424x600.webp 424w, https:\/\/www.stelvision.com\/astro\/wp-content\/uploads\/2025\/05\/astrauvergne-750x1060.webp 750w, https:\/\/www.stelvision.com\/astro\/wp-content\/uploads\/2025\/05\/astrauvergne-570x806.webp 570w, https:\/\/www.stelvision.com\/astro\/wp-content\/uploads\/2025\/05\/astrauvergne-368x520.webp 368w, https:\/\/www.stelvision.com\/astro\/wp-content\/uploads\/2025\/05\/astrauvergne-270x382.webp 270w, https:\/\/www.stelvision.com\/astro\/wp-content\/uploads\/2025\/05\/astrauvergne.webp 800w\" sizes=\"(max-width: 724px) 100vw, 724px\" \/><\/figure>\n<\/div>\n\n\n\n<div class=\"wp-block-column is-layout-flow wp-block-column-is-layout-flow\">\n<h2 class=\"wp-block-heading\">Astr\u2019Auvergne<\/h2>\n\n\n\n<p>17 juil. au 19 juillet 2025 &nbsp;|&nbsp; Chamali\u00e8res (Puy-de-D\u00f4me)<\/p>\n\n\n\n<p>Un festival d&rsquo;astronomie enti\u00e8rement gratuit au pied de la cha\u00eene des Puys !<\/p>\n\n\n\n<p class=\"has-small-font-size\"><strong>Festival . <a href=\"https:\/\/www.astrauvergne.net\/\">Consulter le site<\/a>.<\/strong><\/p>\n<\/div>\n<\/div>\n\n\n\n<div class=\"wp-block-columns is-layout-flex wp-container-core-columns-is-layout-9d6595d7 wp-block-columns-is-layout-flex\">\n<div class=\"wp-block-column is-layout-flow wp-block-column-is-layout-flow\">\n<figure class=\"wp-block-image size-large\"><img decoding=\"async\" width=\"794\" height=\"1024\" src=\"https:\/\/www.stelvision.com\/astro\/wp-content\/uploads\/2025\/05\/NCN2025-794x1024.webp\" alt=\"visuel Nuits du Causse Noir 2025\" class=\"wp-image-69051\" srcset=\"https:\/\/www.stelvision.com\/astro\/wp-content\/uploads\/2025\/05\/NCN2025-794x1024.webp 794w, https:\/\/www.stelvision.com\/astro\/wp-content\/uploads\/2025\/05\/NCN2025-233x300.webp 233w, https:\/\/www.stelvision.com\/astro\/wp-content\/uploads\/2025\/05\/NCN2025-465x600.webp 465w, https:\/\/www.stelvision.com\/astro\/wp-content\/uploads\/2025\/05\/NCN2025-750x968.webp 750w, https:\/\/www.stelvision.com\/astro\/wp-content\/uploads\/2025\/05\/NCN2025-570x735.webp 570w, https:\/\/www.stelvision.com\/astro\/wp-content\/uploads\/2025\/05\/NCN2025-368x475.webp 368w, https:\/\/www.stelvision.com\/astro\/wp-content\/uploads\/2025\/05\/NCN2025-270x348.webp 270w, https:\/\/www.stelvision.com\/astro\/wp-content\/uploads\/2025\/05\/NCN2025.webp 800w\" sizes=\"(max-width: 794px) 100vw, 794px\" \/><\/figure>\n<\/div>\n\n\n\n<div class=\"wp-block-column is-layout-flow wp-block-column-is-layout-flow\">\n<h2 class=\"wp-block-heading\">Nuits du Causse Noir<\/h2>\n\n\n\n<p>21 juil. au 27 juillet 2025 &nbsp;|&nbsp; Lanu\u00e9jols (Gard)<\/p>\n\n\n\n<p>Un grand rendez-vous pour tous les astronomes amateurs au sein du Parc National des C\u00e9vennes dans la plus grande R\u00e9serve Internationale de Ciel Etoil\u00e9 en Europe (RICE) d&rsquo;une dur\u00e9e de 7 jours et 6 nuits pour tous les passionn\u00e9s du ciel dans l&rsquo;un des plus beaux rassemblements du Sud de la France.<\/p>\n\n\n\n<p class=\"has-small-font-size\"><strong>Star party . <a href=\"https:\/\/www.nuits-causse-noir.fr\/\">Consulter le site<\/a>.<\/strong><\/p>\n<\/div>\n<\/div>\n\n\n\n<div class=\"wp-block-columns is-layout-flex wp-container-core-columns-is-layout-9d6595d7 wp-block-columns-is-layout-flex\">\n<div class=\"wp-block-column is-layout-flow wp-block-column-is-layout-flow\">\n<figure class=\"wp-block-image size-large\"><img decoding=\"async\" width=\"683\" height=\"1024\" src=\"https:\/\/www.stelvision.com\/astro\/wp-content\/uploads\/2025\/05\/affiche-tautavel-2025-683x1024.webp\" alt=\"affiche Festival d'astronomie de Tautavel 2025\" class=\"wp-image-69052\" srcset=\"https:\/\/www.stelvision.com\/astro\/wp-content\/uploads\/2025\/05\/affiche-tautavel-2025-683x1024.webp 683w, https:\/\/www.stelvision.com\/astro\/wp-content\/uploads\/2025\/05\/affiche-tautavel-2025-200x300.webp 200w, https:\/\/www.stelvision.com\/astro\/wp-content\/uploads\/2025\/05\/affiche-tautavel-2025-400x600.webp 400w, https:\/\/www.stelvision.com\/astro\/wp-content\/uploads\/2025\/05\/affiche-tautavel-2025-570x855.webp 570w, https:\/\/www.stelvision.com\/astro\/wp-content\/uploads\/2025\/05\/affiche-tautavel-2025-368x552.webp 368w, https:\/\/www.stelvision.com\/astro\/wp-content\/uploads\/2025\/05\/affiche-tautavel-2025-270x405.webp 270w, https:\/\/www.stelvision.com\/astro\/wp-content\/uploads\/2025\/05\/affiche-tautavel-2025.webp 700w\" sizes=\"(max-width: 683px) 100vw, 683px\" \/><\/figure>\n<\/div>\n\n\n\n<div class=\"wp-block-column is-layout-flow wp-block-column-is-layout-flow\">\n<h2 class=\"wp-block-heading\">Festival d&rsquo;astronomie de Tautavel<\/h2>\n\n\n\n<p>24 juil. au 27 juillet 2025 &nbsp;|&nbsp; Tautavel (Pyr\u00e9n\u00e9es Orientales)<\/p>\n\n\n\n<p>Cette manifestation s&rsquo;adresse \u00e0 tous les publics du simple curieux \u00e0 l&rsquo;amateur averti. Durant ces quatre jours, l&rsquo;acc\u00e8s aux conf\u00e9rences, observations diurnes et nocturnes ainsi qu&rsquo;aux ateliers est enti\u00e8rement gratuit. Stelvision est partenaire de l&rsquo;\u00e9v\u00e9nement.<\/p>\n\n\n\n<p class=\"has-small-font-size\"><strong>Festival . <a href=\"https:\/\/www.facebook.com\/astrotavel\/\">Consulter le site<\/a>.<\/strong><\/p>\n<\/div>\n<\/div>\n\n\n\n<div class=\"wp-block-columns is-layout-flex wp-container-core-columns-is-layout-9d6595d7 wp-block-columns-is-layout-flex\">\n<div class=\"wp-block-column is-layout-flow wp-block-column-is-layout-flow\">\n<figure class=\"wp-block-image size-full\"><img decoding=\"async\" width=\"800\" height=\"800\" src=\"https:\/\/www.stelvision.com\/astro\/wp-content\/uploads\/2025\/05\/fleurance2025.webp\" alt=\"affiche Festival d'astronomie de Fleurance 2025\" class=\"wp-image-69053\" srcset=\"https:\/\/www.stelvision.com\/astro\/wp-content\/uploads\/2025\/05\/fleurance2025.webp 800w, https:\/\/www.stelvision.com\/astro\/wp-content\/uploads\/2025\/05\/fleurance2025-300x300.webp 300w, https:\/\/www.stelvision.com\/astro\/wp-content\/uploads\/2025\/05\/fleurance2025-150x150.webp 150w, https:\/\/www.stelvision.com\/astro\/wp-content\/uploads\/2025\/05\/fleurance2025-600x600.webp 600w, https:\/\/www.stelvision.com\/astro\/wp-content\/uploads\/2025\/05\/fleurance2025-750x750.webp 750w, https:\/\/www.stelvision.com\/astro\/wp-content\/uploads\/2025\/05\/fleurance2025-570x570.webp 570w, https:\/\/www.stelvision.com\/astro\/wp-content\/uploads\/2025\/05\/fleurance2025-368x368.webp 368w, https:\/\/www.stelvision.com\/astro\/wp-content\/uploads\/2025\/05\/fleurance2025-270x270.webp 270w, https:\/\/www.stelvision.com\/astro\/wp-content\/uploads\/2025\/05\/fleurance2025-62x62.webp 62w, https:\/\/www.stelvision.com\/astro\/wp-content\/uploads\/2025\/05\/fleurance2025-100x100.webp 100w\" sizes=\"(max-width: 800px) 100vw, 800px\" \/><\/figure>\n<\/div>\n\n\n\n<div class=\"wp-block-column is-layout-flow wp-block-column-is-layout-flow\">\n<h2 class=\"wp-block-heading\">Festival d&rsquo;astronomie de Fleurance&nbsp;<\/h2>\n\n\n\n<p>1er au 8 ao\u00fbt 2025 &nbsp;|&nbsp; Fleurance (Gers)<\/p>\n\n\n\n<p>Ce festival fait partie des plus grands rassemblements autour de la culture scientifique en Europe. Tous les ans, pendant toute une semaine, pr\u00e8s de 50 scientifiques de renom viennent partager avec un large public leurs d\u00e9couvertes et savoirs sur une semaine au programme riche et vari\u00e9 qui c\u00e9l\u00e8bre la science sous toutes ses formes : conf\u00e9rences, cours, activit\u00e9s d&rsquo;exploration, observations, etc. Stelvision est partenaire de l&rsquo;\u00e9v\u00e9nement.<\/p>\n\n\n\n<p class=\"has-small-font-size\"><strong>Festival . <a href=\"https:\/\/www.festival-astronomie.fr\/\">Consulter le site<\/a>.<\/strong><\/p>\n<\/div>\n<\/div>\n\n\n\n<div class=\"wp-block-columns is-layout-flex wp-container-core-columns-is-layout-9d6595d7 wp-block-columns-is-layout-flex\">\n<div class=\"wp-block-column is-layout-flow wp-block-column-is-layout-flow\">\n<figure class=\"wp-block-image size-full\"><img decoding=\"async\" width=\"1200\" height=\"1388\" src=\"https:\/\/www.stelvision.com\/astro\/wp-content\/uploads\/2025\/07\/AFFICHE_NDE2025_40X60-684a.webp\" alt=\"Affiche Nuits des \u00e9toiles AFA 2025\" class=\"wp-image-70089\" srcset=\"https:\/\/www.stelvision.com\/astro\/wp-content\/uploads\/2025\/07\/AFFICHE_NDE2025_40X60-684a.webp 1200w, https:\/\/www.stelvision.com\/astro\/wp-content\/uploads\/2025\/07\/AFFICHE_NDE2025_40X60-684a-259x300.webp 259w, https:\/\/www.stelvision.com\/astro\/wp-content\/uploads\/2025\/07\/AFFICHE_NDE2025_40X60-684a-885x1024.webp 885w, https:\/\/www.stelvision.com\/astro\/wp-content\/uploads\/2025\/07\/AFFICHE_NDE2025_40X60-684a-519x600.webp 519w, https:\/\/www.stelvision.com\/astro\/wp-content\/uploads\/2025\/07\/AFFICHE_NDE2025_40X60-684a-1140x1319.webp 1140w, https:\/\/www.stelvision.com\/astro\/wp-content\/uploads\/2025\/07\/AFFICHE_NDE2025_40X60-684a-750x868.webp 750w, https:\/\/www.stelvision.com\/astro\/wp-content\/uploads\/2025\/07\/AFFICHE_NDE2025_40X60-684a-570x659.webp 570w, https:\/\/www.stelvision.com\/astro\/wp-content\/uploads\/2025\/07\/AFFICHE_NDE2025_40X60-684a-368x426.webp 368w, https:\/\/www.stelvision.com\/astro\/wp-content\/uploads\/2025\/07\/AFFICHE_NDE2025_40X60-684a-270x312.webp 270w, https:\/\/www.stelvision.com\/astro\/wp-content\/uploads\/2025\/07\/AFFICHE_NDE2025_40X60-684a-1000x1157.webp 1000w\" sizes=\"(max-width: 1200px) 100vw, 1200px\" \/><\/figure>\n<\/div>\n\n\n\n<div class=\"wp-block-column is-layout-flow wp-block-column-is-layout-flow\">\n<h2 class=\"wp-block-heading\">Les Nuits des \u00e9toiles<\/h2>\n\n\n\n<p>1er au 3 ao\u00fbt 2025 &nbsp;|&nbsp; partout<\/p>\n\n\n\n<p>Depuis 1991, les Nuits des \u00e9toiles sont anim\u00e9es par des \u00e9quipes d\u2019astronomes b\u00e9n\u00e9voles. Ils sont plus de 300 encore cette ann\u00e9e : clubs d\u2019astronomie, plan\u00e9tariums, associations, offices de tourisme, mairies, &#8230;,&nbsp; \u00e0 participer au dispositif et vous proposent plus de 550 manifestations sur le territoire.<\/p>\n\n\n\n<p class=\"has-small-font-size\"><strong>Multiple . <a href=\"https:\/\/www.afastronomie.fr\/les-nuits-des-etoiles\">Consulter le site<\/a>.<\/strong><\/p>\n<\/div>\n<\/div>\n\n\n\n<div class=\"wp-block-columns is-layout-flex wp-container-core-columns-is-layout-9d6595d7 wp-block-columns-is-layout-flex\">\n<div class=\"wp-block-column is-layout-flow wp-block-column-is-layout-flow\">\n<figure class=\"wp-block-image size-full\"><img decoding=\"async\" width=\"1078\" height=\"1536\" src=\"https:\/\/www.stelvision.com\/astro\/wp-content\/uploads\/2025\/07\/Brochure_2025_helios_affiche.webp\" alt=\"Affiche L'Abbaye aux \u00e9toiles H\u00e9lios\" class=\"wp-image-70090\" srcset=\"https:\/\/www.stelvision.com\/astro\/wp-content\/uploads\/2025\/07\/Brochure_2025_helios_affiche.webp 1078w, https:\/\/www.stelvision.com\/astro\/wp-content\/uploads\/2025\/07\/Brochure_2025_helios_affiche-211x300.webp 211w, https:\/\/www.stelvision.com\/astro\/wp-content\/uploads\/2025\/07\/Brochure_2025_helios_affiche-719x1024.webp 719w, https:\/\/www.stelvision.com\/astro\/wp-content\/uploads\/2025\/07\/Brochure_2025_helios_affiche-421x600.webp 421w, https:\/\/www.stelvision.com\/astro\/wp-content\/uploads\/2025\/07\/Brochure_2025_helios_affiche-750x1069.webp 750w, https:\/\/www.stelvision.com\/astro\/wp-content\/uploads\/2025\/07\/Brochure_2025_helios_affiche-570x812.webp 570w, https:\/\/www.stelvision.com\/astro\/wp-content\/uploads\/2025\/07\/Brochure_2025_helios_affiche-368x524.webp 368w, https:\/\/www.stelvision.com\/astro\/wp-content\/uploads\/2025\/07\/Brochure_2025_helios_affiche-270x385.webp 270w, https:\/\/www.stelvision.com\/astro\/wp-content\/uploads\/2025\/07\/Brochure_2025_helios_affiche-1000x1425.webp 1000w\" sizes=\"(max-width: 1078px) 100vw, 1078px\" \/><\/figure>\n<\/div>\n\n\n\n<div class=\"wp-block-column is-layout-flow wp-block-column-is-layout-flow\">\n<h2 class=\"wp-block-heading\">L&rsquo;Abbaye aux \u00e9toiles<\/h2>\n\n\n\n<p>17 au 19 ao\u00fbt 2025 \u00a0|\u00a0 Caunes-Minervois (Aude)<\/p>\n\n\n\n<p>Cette manifestation se tient autour de l\u2019abbaye b\u00e9n\u00e9dictine Saint Pierre-Saint Paul du XIII\u00e8me si\u00e8cle.  Elle comprend des conf\u00e9rences du soir, des animations, des observations du ciel et une exposition d&rsquo;astrophotographies r\u00e9alis\u00e9e par les  membres de l&rsquo;association H\u00e9lios-Astronomie. L&rsquo;ensemble est gratuit et \u00e0 destination de tous les publics.<\/p>\n\n\n\n<p class=\"has-small-font-size\"><strong>Festival. <a href=\"https:\/\/www.helios-astronomie.com\/copie-de-rencontres\">Consulter le site<\/a>.<\/strong><\/p>\n<\/div>\n<\/div>\n\n\n<div class=\"rwwp-featured-content-wrapper\"><div class=\"stel-auto-swiffy-slider rwwp-featured-content rwwp-featured-content-slides rwwp-featured-content-slides-alignment-top rwwp-featured-content-slides-carousel-yes\"><div class=\"swiffy-slider slider-item-show1   slider-nav-visible slider-nav-outside slider-nav-autoplay  slider-nav-dark slider-nav-autohide slider-item-first-visible slider-nav-autopause\" data-slider-nav-autoplay-interval=\"4000\" data-rwstelwp-uid=\"1777823778\"><ul class=\"slider-container\"><li data-stel-auto-swiffy-slider-offset=\"18\"><div class=\"rwwp-featured-content-item rwwp-featured-content-item-product rwwp-featured-content-item-small\"><div class=\"woocommerce columns-1 stel-product-no-add_to_cart\"><ul class=\"products columns-1\">\n<li class=\"product type-product post-1449 status-publish first instock product_cat-edition has-post-thumbnail taxable shipping-taxable purchasable product-type-simple\">\n\t<div class=\"stel-wc-product\"><a href=\"https:\/\/www.stelvision.com\/astro\/boutique\/carte-guide-du-ciel-stelvision-365\/\" title=\"Carte du ciel Stelvision 365 (16&egrave;me &eacute;dition)\" class=\"woocommerce-LoopProduct-link woocommerce-loop-product__link\"><img decoding=\"async\" width=\"300\" height=\"300\" src=\"https:\/\/www.stelvision.com\/astro\/wp-content\/uploads\/2026\/04\/stelvision-365-ed16-1-couverture-1200-carre-300x300.webp\" class=\"attachment-woocommerce_thumbnail size-woocommerce_thumbnail\" alt=\"Visuel de couverture de la Carte du ciel Stelvision 365 \u00e9dition 16 de Bertrand d&#039;Armagnac. Copyright Stelvision.\" srcset=\"https:\/\/www.stelvision.com\/astro\/wp-content\/uploads\/2026\/04\/stelvision-365-ed16-1-couverture-1200-carre-300x300.webp 300w, https:\/\/www.stelvision.com\/astro\/wp-content\/uploads\/2026\/04\/stelvision-365-ed16-1-couverture-1200-carre-1024x1024.webp 1024w, https:\/\/www.stelvision.com\/astro\/wp-content\/uploads\/2026\/04\/stelvision-365-ed16-1-couverture-1200-carre-150x150.webp 150w, https:\/\/www.stelvision.com\/astro\/wp-content\/uploads\/2026\/04\/stelvision-365-ed16-1-couverture-1200-carre-600x600.webp 600w, https:\/\/www.stelvision.com\/astro\/wp-content\/uploads\/2026\/04\/stelvision-365-ed16-1-couverture-1200-carre-1140x1140.webp 1140w, https:\/\/www.stelvision.com\/astro\/wp-content\/uploads\/2026\/04\/stelvision-365-ed16-1-couverture-1200-carre-750x750.webp 750w, https:\/\/www.stelvision.com\/astro\/wp-content\/uploads\/2026\/04\/stelvision-365-ed16-1-couverture-1200-carre-570x570.webp 570w, https:\/\/www.stelvision.com\/astro\/wp-content\/uploads\/2026\/04\/stelvision-365-ed16-1-couverture-1200-carre-368x368.webp 368w, https:\/\/www.stelvision.com\/astro\/wp-content\/uploads\/2026\/04\/stelvision-365-ed16-1-couverture-1200-carre-270x270.webp 270w, https:\/\/www.stelvision.com\/astro\/wp-content\/uploads\/2026\/04\/stelvision-365-ed16-1-couverture-1200-carre-62x62.webp 62w, https:\/\/www.stelvision.com\/astro\/wp-content\/uploads\/2026\/04\/stelvision-365-ed16-1-couverture-1200-carre-100x100.webp 100w, https:\/\/www.stelvision.com\/astro\/wp-content\/uploads\/2026\/04\/stelvision-365-ed16-1-couverture-1200-carre-1000x1000.webp 1000w, https:\/\/www.stelvision.com\/astro\/wp-content\/uploads\/2026\/04\/stelvision-365-ed16-1-couverture-1200-carre.webp 1200w\" sizes=\"(max-width: 300px) 100vw, 300px\" \/><h2 class=\"woocommerce-loop-product__title\">Carte du ciel Stelvision 365 (16\u00e8me \u00e9dition)<div class=\"stel-product-item-review-wrapper\"><div class=\"skeepers_product__stars\" data-product-id=\"1449\"><\/div><script type=\"text\/javascript\">\/*!rw_stel_js*\/window.$ = jQuery;<\/script><script async charset=\"utf-8\" src=\"https:\/\/widgets.rr.skeepers.io\/product\/29f32d37-16d4-4b94-e954-a24712bd5a0f\/49f1f3bb-3583-4096-a330-61b13d46555d.js\"><\/script><\/div><\/h2>\r\n\t<span class=\"price\"><span class=\"woocommerce-Price-amount amount\"><bdi>19.90<span class=\"woocommerce-Price-currencySymbol\">&euro;<\/span><\/bdi><\/span> <span class=\"rwwc-vat-price-hint\" onclick=\"rwStelvisionWooTaxesInfos.showTaxHintModal(event)\">TVA incluse (FR) <i class=\"neko-icon-info-circled\"><\/i><\/span><\/span>\r\n<div class=\"netreviews_bg_stars_big listStars\" title=\"4.843\/5\"><div><span class=\"nr-icon nr-star grey\"><\/span><span class=\"nr-icon nr-star grey\"><\/span><span class=\"nr-icon nr-star grey\"><\/span><span class=\"nr-icon nr-star grey\"><\/span><span class=\"nr-icon nr-star grey\"><\/span><\/div><div style=\"color: #4FB8D7 !important\"><span class=\"nr-icon nr-star\" style=\"width:20%;\"><\/span><span class=\"nr-icon nr-star\" style=\"width:20%;\"><\/span><span class=\"nr-icon nr-star\" style=\"width:20%;\"><\/span><span class=\"nr-icon nr-star\" style=\"width:20%;\"><\/span><span class=\"nr-icon nr-star\" style=\"width:16%;\"><\/span><\/div> <span class=\"reviewCount\">153 avis<\/span><\/div><\/a><span class=\" rw_stelvision_product_in_stock \"><span class=\"rw_stelvision_product_stock_msg\">En stock<\/span><\/span><a href=\"\/astro\/wp-json\/wp\/v2\/posts\/69034?add-to-cart=1449\" aria-describedby=\"woocommerce_loop_add_to_cart_link_describedby_14490\" data-quantity=\"1\" data-product_id=\"1449\" data-product-title=\"Carte du ciel Stelvision 365 (16\u00e8me \u00e9dition)&lt;div class=&quot;stel-product-item-review-wrapper&quot;&gt;&lt;div class=&quot;skeepers_product__stars&quot; data-product-id=&quot;1449&quot;&gt;&lt;\/div&gt;&lt;\/div&gt;\" class=\"button product_type_simple add_to_cart_button ajax_add_to_cart\" data-product_id=\"1449\" data-product_sku=\"9782958661977\" aria-label=\"Ajouter au panier\u00a0: &ldquo;Carte du ciel Stelvision 365 (16\u00e8me \u00e9dition)&rdquo;\" rel=\"nofollow\" data-success_message=\"\u00ab\u00a0Carte du ciel Stelvision 365 (16\u00e8me \u00e9dition)\u00a0\u00bb a \u00e9t\u00e9 ajout\u00e9 \u00e0 votre panier\" role=\"button\">Ajouter au panier<\/a><span id=\"woocommerce_loop_add_to_cart_link_describedby_14490\" class=\"screen-reader-text\"><\/span><\/div><\/li>\n<\/ul>\n<\/div><\/div><\/li><li data-stel-auto-swiffy-slider-offset=\"18\"><div class=\"rwwp-featured-content-item rwwp-featured-content-item-product rwwp-featured-content-item-small\"><div class=\"woocommerce columns-1 stel-product-no-add_to_cart\"><ul class=\"products columns-1\">\n<li class=\"product type-product post-70853 status-publish first instock product_cat-edition product_cat-special-soleil-eclipse has-post-thumbnail taxable shipping-taxable purchasable product-type-simple\">\n\t<div class=\"stel-wc-product\"><a href=\"https:\/\/www.stelvision.com\/astro\/boutique\/les-soleils-noirs-de-2026-et-2027\/\" title=\"Les Soleils noirs de 2026 et 2027 - Le guide complet des &eacute;clipses des 12 ao&ucirc;t 2026 et 2 ao&ucirc;t 2027\" class=\"woocommerce-LoopProduct-link woocommerce-loop-product__link\"><img decoding=\"async\" width=\"300\" height=\"300\" src=\"https:\/\/www.stelvision.com\/astro\/wp-content\/uploads\/2025\/09\/Soleils-noirs-couverture-1200x1200-1-300x300.webp\" class=\"attachment-woocommerce_thumbnail size-woocommerce_thumbnail\" alt=\"couverture Les Soleils noirs de 2026 et 2027, de Jean-Marc Lecleire, \u00e9ditions Stelvision\" srcset=\"https:\/\/www.stelvision.com\/astro\/wp-content\/uploads\/2025\/09\/Soleils-noirs-couverture-1200x1200-1-300x300.webp 300w, https:\/\/www.stelvision.com\/astro\/wp-content\/uploads\/2025\/09\/Soleils-noirs-couverture-1200x1200-1-1024x1024.webp 1024w, https:\/\/www.stelvision.com\/astro\/wp-content\/uploads\/2025\/09\/Soleils-noirs-couverture-1200x1200-1-150x150.webp 150w, https:\/\/www.stelvision.com\/astro\/wp-content\/uploads\/2025\/09\/Soleils-noirs-couverture-1200x1200-1-600x600.webp 600w, https:\/\/www.stelvision.com\/astro\/wp-content\/uploads\/2025\/09\/Soleils-noirs-couverture-1200x1200-1-1140x1140.webp 1140w, https:\/\/www.stelvision.com\/astro\/wp-content\/uploads\/2025\/09\/Soleils-noirs-couverture-1200x1200-1-750x750.webp 750w, https:\/\/www.stelvision.com\/astro\/wp-content\/uploads\/2025\/09\/Soleils-noirs-couverture-1200x1200-1-570x570.webp 570w, https:\/\/www.stelvision.com\/astro\/wp-content\/uploads\/2025\/09\/Soleils-noirs-couverture-1200x1200-1-368x368.webp 368w, https:\/\/www.stelvision.com\/astro\/wp-content\/uploads\/2025\/09\/Soleils-noirs-couverture-1200x1200-1-270x270.webp 270w, https:\/\/www.stelvision.com\/astro\/wp-content\/uploads\/2025\/09\/Soleils-noirs-couverture-1200x1200-1-62x62.webp 62w, https:\/\/www.stelvision.com\/astro\/wp-content\/uploads\/2025\/09\/Soleils-noirs-couverture-1200x1200-1-100x100.webp 100w, https:\/\/www.stelvision.com\/astro\/wp-content\/uploads\/2025\/09\/Soleils-noirs-couverture-1200x1200-1-1000x1000.webp 1000w, https:\/\/www.stelvision.com\/astro\/wp-content\/uploads\/2025\/09\/Soleils-noirs-couverture-1200x1200-1.webp 1200w\" sizes=\"(max-width: 300px) 100vw, 300px\" \/><h2 class=\"woocommerce-loop-product__title\">Les Soleils noirs de 2026 et 2027 &#8211; Le guide complet des \u00e9clipses des 12 ao\u00fbt 2026 et 2 ao\u00fbt 2027<div class=\"stel-product-item-review-wrapper\"><div class=\"skeepers_product__stars\" data-product-id=\"70853\"><\/div><\/div><\/h2>\r\n\t<span class=\"price\"><span class=\"woocommerce-Price-amount amount\"><bdi>21.00<span class=\"woocommerce-Price-currencySymbol\">&euro;<\/span><\/bdi><\/span> <span class=\"rwwc-vat-price-hint\" onclick=\"rwStelvisionWooTaxesInfos.showTaxHintModal(event)\">TVA incluse (FR) <i class=\"neko-icon-info-circled\"><\/i><\/span><\/span>\r\n<div class=\"netreviews_bg_stars_big listStars\" title=\"4.96\/5\"><div><span class=\"nr-icon nr-star grey\"><\/span><span class=\"nr-icon nr-star grey\"><\/span><span class=\"nr-icon nr-star grey\"><\/span><span class=\"nr-icon nr-star grey\"><\/span><span class=\"nr-icon nr-star grey\"><\/span><\/div><div style=\"color: #4FB8D7 !important\"><span class=\"nr-icon nr-star\" style=\"width:20%;\"><\/span><span class=\"nr-icon nr-star\" style=\"width:20%;\"><\/span><span class=\"nr-icon nr-star\" style=\"width:20%;\"><\/span><span class=\"nr-icon nr-star\" style=\"width:20%;\"><\/span><span class=\"nr-icon nr-star\" style=\"width:20%;\"><\/span><\/div> <span class=\"reviewCount\">25 avis<\/span><\/div><\/a><span class=\" rw_stelvision_product_in_stock \"><span class=\"rw_stelvision_product_stock_msg\">En stock<\/span><\/span><a href=\"\/astro\/wp-json\/wp\/v2\/posts\/69034?add-to-cart=70853\" aria-describedby=\"woocommerce_loop_add_to_cart_link_describedby_70853_1\" data-quantity=\"1\" data-product_id=\"70853\" data-product-title=\"Les Soleils noirs de 2026 et 2027 &#8211; Le guide complet des \u00e9clipses des 12 ao\u00fbt 2026 et 2 ao\u00fbt 2027&lt;div class=&quot;stel-product-item-review-wrapper&quot;&gt;&lt;div class=&quot;skeepers_product__stars&quot; data-product-id=&quot;70853&quot;&gt;&lt;\/div&gt;&lt;\/div&gt;\" class=\"button product_type_simple add_to_cart_button ajax_add_to_cart\" data-product_id=\"70853\" data-product_sku=\"9782958661960\" aria-label=\"Ajouter au panier\u00a0: &ldquo;Les Soleils noirs de 2026 et 2027 - Le guide complet des \u00e9clipses des 12 ao\u00fbt 2026 et 2 ao\u00fbt 2027&rdquo;\" rel=\"nofollow\" data-success_message=\"\u00ab\u00a0Les Soleils noirs de 2026 et 2027 - Le guide complet des \u00e9clipses des 12 ao\u00fbt 2026 et 2 ao\u00fbt 2027\u00a0\u00bb a \u00e9t\u00e9 ajout\u00e9 \u00e0 votre panier\" role=\"button\">Ajouter au panier<\/a><span id=\"woocommerce_loop_add_to_cart_link_describedby_70853_1\" class=\"screen-reader-text\"><\/span><\/div><\/li>\n<\/ul>\n<\/div><\/div><\/li><li data-stel-auto-swiffy-slider-offset=\"18\"><div class=\"rwwp-featured-content-item rwwp-featured-content-item-product rwwp-featured-content-item-small\"><div class=\"woocommerce columns-1 stel-product-no-add_to_cart\"><ul class=\"products columns-1\">\n<li class=\"product type-product post-70777 status-publish first instock product_cat-accessoires product_cat-special-soleil-eclipse has-post-thumbnail taxable shipping-taxable purchasable product-type-simple\">\n\t<div class=\"stel-wc-product\"><a href=\"https:\/\/www.stelvision.com\/astro\/boutique\/lunettes-eclipse\/\" title=\"Lunettes d&#039;&eacute;clipse Soleils noirs\" class=\"woocommerce-LoopProduct-link woocommerce-loop-product__link\"><img decoding=\"async\" width=\"300\" height=\"300\" src=\"https:\/\/www.stelvision.com\/astro\/wp-content\/uploads\/2025\/09\/lunettes-trois-quarts-gauche-carre-1-300x300.webp\" class=\"attachment-woocommerce_thumbnail size-woocommerce_thumbnail\" alt=\"photo Lunettes d&#039;\u00e9clipse Soleils noirs, vue 3\/4 gauche\" srcset=\"https:\/\/www.stelvision.com\/astro\/wp-content\/uploads\/2025\/09\/lunettes-trois-quarts-gauche-carre-1-300x300.webp 300w, https:\/\/www.stelvision.com\/astro\/wp-content\/uploads\/2025\/09\/lunettes-trois-quarts-gauche-carre-1-1024x1024.webp 1024w, https:\/\/www.stelvision.com\/astro\/wp-content\/uploads\/2025\/09\/lunettes-trois-quarts-gauche-carre-1-150x150.webp 150w, https:\/\/www.stelvision.com\/astro\/wp-content\/uploads\/2025\/09\/lunettes-trois-quarts-gauche-carre-1-600x600.webp 600w, https:\/\/www.stelvision.com\/astro\/wp-content\/uploads\/2025\/09\/lunettes-trois-quarts-gauche-carre-1-1140x1140.webp 1140w, https:\/\/www.stelvision.com\/astro\/wp-content\/uploads\/2025\/09\/lunettes-trois-quarts-gauche-carre-1-750x750.webp 750w, https:\/\/www.stelvision.com\/astro\/wp-content\/uploads\/2025\/09\/lunettes-trois-quarts-gauche-carre-1-570x570.webp 570w, https:\/\/www.stelvision.com\/astro\/wp-content\/uploads\/2025\/09\/lunettes-trois-quarts-gauche-carre-1-368x368.webp 368w, https:\/\/www.stelvision.com\/astro\/wp-content\/uploads\/2025\/09\/lunettes-trois-quarts-gauche-carre-1-270x270.webp 270w, https:\/\/www.stelvision.com\/astro\/wp-content\/uploads\/2025\/09\/lunettes-trois-quarts-gauche-carre-1-62x62.webp 62w, https:\/\/www.stelvision.com\/astro\/wp-content\/uploads\/2025\/09\/lunettes-trois-quarts-gauche-carre-1-100x100.webp 100w, https:\/\/www.stelvision.com\/astro\/wp-content\/uploads\/2025\/09\/lunettes-trois-quarts-gauche-carre-1-1000x1000.webp 1000w, https:\/\/www.stelvision.com\/astro\/wp-content\/uploads\/2025\/09\/lunettes-trois-quarts-gauche-carre-1.webp 1400w\" sizes=\"(max-width: 300px) 100vw, 300px\" \/><h2 class=\"woocommerce-loop-product__title\">Lunettes d&rsquo;\u00e9clipse Soleils noirs<div class=\"stel-product-item-review-wrapper\"><div class=\"skeepers_product__stars\" data-product-id=\"70777\"><\/div><\/div><\/h2>\r\n\t<span class=\"price\"><span class=\"woocommerce-Price-amount amount\"><bdi>3.90<span class=\"woocommerce-Price-currencySymbol\">&euro;<\/span><\/bdi><\/span> <span class=\"rwwc-vat-price-hint\" onclick=\"rwStelvisionWooTaxesInfos.showTaxHintModal(event)\">TVA incluse (FR) <i class=\"neko-icon-info-circled\"><\/i><\/span><\/span>\r\n<div class=\"netreviews_bg_stars_big listStars\" title=\"4.611\/5\"><div><span class=\"nr-icon nr-star grey\"><\/span><span class=\"nr-icon nr-star grey\"><\/span><span class=\"nr-icon nr-star grey\"><\/span><span class=\"nr-icon nr-star grey\"><\/span><span class=\"nr-icon nr-star grey\"><\/span><\/div><div style=\"color: #4FB8D7 !important\"><span class=\"nr-icon nr-star\" style=\"width:20%;\"><\/span><span class=\"nr-icon nr-star\" style=\"width:20%;\"><\/span><span class=\"nr-icon nr-star\" style=\"width:20%;\"><\/span><span class=\"nr-icon nr-star\" style=\"width:20%;\"><\/span><span class=\"nr-icon nr-star\" style=\"width:12%;\"><\/span><\/div> <span class=\"reviewCount\">18 avis<\/span><\/div><\/a><span class=\" rw_stelvision_product_in_stock \"><span class=\"rw_stelvision_product_stock_msg\">En stock<\/span><\/span><a href=\"\/astro\/wp-json\/wp\/v2\/posts\/69034?add-to-cart=70777\" aria-describedby=\"woocommerce_loop_add_to_cart_link_describedby_70777_2\" data-quantity=\"1\" data-product_id=\"70777\" data-product-title=\"Lunettes d&rsquo;\u00e9clipse Soleils noirs&lt;div class=&quot;stel-product-item-review-wrapper&quot;&gt;&lt;div class=&quot;skeepers_product__stars&quot; data-product-id=&quot;70777&quot;&gt;&lt;\/div&gt;&lt;\/div&gt;\" class=\"button product_type_simple add_to_cart_button ajax_add_to_cart\" data-product_id=\"70777\" data-product_sku=\"3770011947485\" aria-label=\"Ajouter au panier\u00a0: &ldquo;Lunettes d&#039;\u00e9clipse Soleils noirs&rdquo;\" rel=\"nofollow\" data-success_message=\"\u00ab\u00a0Lunettes d&#039;\u00e9clipse Soleils noirs\u00a0\u00bb a \u00e9t\u00e9 ajout\u00e9 \u00e0 votre panier\" role=\"button\">Ajouter au panier<\/a><span id=\"woocommerce_loop_add_to_cart_link_describedby_70777_2\" class=\"screen-reader-text\"><\/span><\/div><\/li>\n<\/ul>\n<\/div><\/div><\/li><li data-stel-auto-swiffy-slider-offset=\"18\"><div class=\"rwwp-featured-content-item rwwp-featured-content-item-product rwwp-featured-content-item-small\"><div class=\"woocommerce columns-1 stel-product-no-add_to_cart\"><ul class=\"products columns-1\">\n<li class=\"product type-product post-72695 status-publish first instock product_cat-telescopes-lunettes has-post-thumbnail taxable shipping-taxable purchasable product-type-simple\">\n\t<div class=\"stel-wc-product\"><a href=\"https:\/\/www.stelvision.com\/astro\/boutique\/telescope-maksygo-60\/\" title=\"T&eacute;lescope mini-Dobson MaksyGo 60\" class=\"woocommerce-LoopProduct-link woocommerce-loop-product__link\"><img decoding=\"async\" width=\"300\" height=\"300\" src=\"https:\/\/www.stelvision.com\/astro\/wp-content\/uploads\/2026\/03\/Mak60_vue1_IMG_8642_1200-300x300.webp\" class=\"attachment-woocommerce_thumbnail size-woocommerce_thumbnail\" alt=\"visuel produit mini-Dobson MaksyGo 60. Photo : Stelvision\" srcset=\"https:\/\/www.stelvision.com\/astro\/wp-content\/uploads\/2026\/03\/Mak60_vue1_IMG_8642_1200-300x300.webp 300w, https:\/\/www.stelvision.com\/astro\/wp-content\/uploads\/2026\/03\/Mak60_vue1_IMG_8642_1200-1024x1024.webp 1024w, https:\/\/www.stelvision.com\/astro\/wp-content\/uploads\/2026\/03\/Mak60_vue1_IMG_8642_1200-150x150.webp 150w, https:\/\/www.stelvision.com\/astro\/wp-content\/uploads\/2026\/03\/Mak60_vue1_IMG_8642_1200-600x600.webp 600w, https:\/\/www.stelvision.com\/astro\/wp-content\/uploads\/2026\/03\/Mak60_vue1_IMG_8642_1200-1140x1140.webp 1140w, https:\/\/www.stelvision.com\/astro\/wp-content\/uploads\/2026\/03\/Mak60_vue1_IMG_8642_1200-750x750.webp 750w, https:\/\/www.stelvision.com\/astro\/wp-content\/uploads\/2026\/03\/Mak60_vue1_IMG_8642_1200-570x570.webp 570w, https:\/\/www.stelvision.com\/astro\/wp-content\/uploads\/2026\/03\/Mak60_vue1_IMG_8642_1200-368x368.webp 368w, https:\/\/www.stelvision.com\/astro\/wp-content\/uploads\/2026\/03\/Mak60_vue1_IMG_8642_1200-270x270.webp 270w, https:\/\/www.stelvision.com\/astro\/wp-content\/uploads\/2026\/03\/Mak60_vue1_IMG_8642_1200-62x62.webp 62w, https:\/\/www.stelvision.com\/astro\/wp-content\/uploads\/2026\/03\/Mak60_vue1_IMG_8642_1200-100x100.webp 100w, https:\/\/www.stelvision.com\/astro\/wp-content\/uploads\/2026\/03\/Mak60_vue1_IMG_8642_1200-1000x1000.webp 1000w, https:\/\/www.stelvision.com\/astro\/wp-content\/uploads\/2026\/03\/Mak60_vue1_IMG_8642_1200.webp 1200w\" sizes=\"(max-width: 300px) 100vw, 300px\" \/><h2 class=\"woocommerce-loop-product__title\">T\u00e9lescope mini-Dobson MaksyGo 60<div class=\"stel-product-item-review-wrapper\"><div class=\"skeepers_product__stars\" data-product-id=\"72695\"><\/div><\/div><\/h2>\r\n\t<span class=\"price\"><span class=\"woocommerce-Price-amount amount\"><bdi>135.00<span class=\"woocommerce-Price-currencySymbol\">&euro;<\/span><\/bdi><\/span> <span class=\"rwwc-vat-price-hint\" onclick=\"rwStelvisionWooTaxesInfos.showTaxHintModal(event)\">TVA incluse (FR) <i class=\"neko-icon-info-circled\"><\/i><\/span><\/span>\r\n<div class=\"netreviews_bg_stars_big listStars\" title=\"5\/5\"><div><span class=\"nr-icon nr-star grey\"><\/span><span class=\"nr-icon nr-star grey\"><\/span><span class=\"nr-icon nr-star grey\"><\/span><span class=\"nr-icon nr-star grey\"><\/span><span class=\"nr-icon nr-star grey\"><\/span><\/div><div style=\"color: #4FB8D7 !important\"><span class=\"nr-icon nr-star\" style=\"width:20%;\"><\/span><span class=\"nr-icon nr-star\" style=\"width:20%;\"><\/span><span class=\"nr-icon nr-star\" style=\"width:20%;\"><\/span><span class=\"nr-icon nr-star\" style=\"width:20%;\"><\/span><span class=\"nr-icon nr-star\" style=\"width:20%;\"><\/span><\/div> <span class=\"reviewCount\">2 avis<\/span><\/div><\/a><span class=\" rw_stelvision_product_in_stock \"><span class=\"rw_stelvision_product_stock_msg\">En stock<\/span><\/span><a href=\"\/astro\/wp-json\/wp\/v2\/posts\/69034?add-to-cart=72695\" aria-describedby=\"woocommerce_loop_add_to_cart_link_describedby_72695_3\" data-quantity=\"1\" data-product_id=\"72695\" data-product-title=\"T\u00e9lescope mini-Dobson MaksyGo 60&lt;div class=&quot;stel-product-item-review-wrapper&quot;&gt;&lt;div class=&quot;skeepers_product__stars&quot; data-product-id=&quot;72695&quot;&gt;&lt;\/div&gt;&lt;\/div&gt;\" class=\"button product_type_simple add_to_cart_button ajax_add_to_cart\" data-product_id=\"72695\" data-product_sku=\"6975787490075\" aria-label=\"Ajouter au panier\u00a0: &ldquo;T\u00e9lescope mini-Dobson MaksyGo 60&rdquo;\" rel=\"nofollow\" data-success_message=\"\u00ab\u00a0T\u00e9lescope mini-Dobson MaksyGo 60\u00a0\u00bb a \u00e9t\u00e9 ajout\u00e9 \u00e0 votre panier\" role=\"button\">Ajouter au panier<\/a><span id=\"woocommerce_loop_add_to_cart_link_describedby_72695_3\" class=\"screen-reader-text\"><\/span><\/div><\/li>\n<\/ul>\n<\/div><\/div><\/li><\/ul><button type=\"button\" class=\"slider-nav\" title=\"Slide pr&eacute;c&eacute;dente\"><\/button><button type=\"button\" class=\"slider-nav slider-nav-next\" title=\"Slide suivante\"><\/button><\/div><script type=\"text\/javascript\">\/*!rw_stel_js*\/rw_stelvision_theme_ready(\"rw_stelvision_theme\",function(){rw_stelvision_theme.swiffySliderAutoSlideSizes();});<\/script><\/div><\/div>\n","protected":false},"excerpt":{"rendered":"<p>Festivals, star parties, animations publiques&#8230; Voici quelques-uns des nombreux \u00e9v\u00e9nements astro \u00e0 vivre de mai \u00e0 ao\u00fbt en France. \u00c0 vos agendas !<\/p>\n","protected":false},"author":10,"featured_media":69037,"comment_status":"closed","ping_status":"closed","sticky":false,"template":"","format":"standard","meta":{"_acf_changed":false,"footnotes":""},"categories":[2],"tags":[],"class_list":["post-69034","post","type-post","status-publish","format-standard","has-post-thumbnail","hentry","category-observer-le-ciel"],"acf":[],"yoast_head":"<!-- This site is optimized with the Yoast SEO plugin v27.1.1 - https:\/\/yoast.com\/product\/yoast-seo-wordpress\/ -->\n<title>\u00c9t\u00e9 2025 : une s\u00e9lection d&#039;\u00e9v\u00e9nements en France<\/title>\n<meta name=\"description\" content=\"Festivals, star parties, animations publiques... Une s\u00e9lection d&#039;\u00e9v\u00e9nements astro \u00e0 vivre de mai \u00e0 ao\u00fbt 2025 en France. \u00c0 vos agendas !\" \/>\n<meta name=\"robots\" content=\"index, follow, max-snippet:-1, max-image-preview:large, max-video-preview:-1\" \/>\n<link rel=\"canonical\" href=\"https:\/\/www.stelvision.com\/astro\/astronomie-printemps-ete-2025-une-selection-devenements-en-france\/\" \/>\n<meta property=\"og:locale\" content=\"fr_FR\" \/>\n<meta property=\"og:type\" content=\"article\" \/>\n<meta property=\"og:title\" content=\"Astronomie printemps \/ \u00e9t\u00e9 2025 : une s\u00e9lection d&#039;\u00e9v\u00e9nements en France\" \/>\n<meta property=\"og:description\" content=\"Festivals, star parties, animations publiques... Une s\u00e9lection d&#039;\u00e9v\u00e9nements astro \u00e0 vivre de mai \u00e0 ao\u00fbt 2025 en France. \u00c0 vos agendas !\" \/>\n<meta property=\"og:url\" content=\"https:\/\/www.stelvision.com\/astro\/astronomie-printemps-ete-2025-une-selection-devenements-en-france\/\" \/>\n<meta property=\"og:site_name\" content=\"Stelvision\" \/>\n<meta property=\"article:publisher\" content=\"https:\/\/www.facebook.com\/people\/Stelvision\/100063368192331\/\" \/>\n<meta property=\"article:published_time\" content=\"2025-05-06T15:13:13+00:00\" \/>\n<meta property=\"article:modified_time\" content=\"2025-07-09T08:39:35+00:00\" \/>\n<meta property=\"og:image\" content=\"https:\/\/www.stelvision.com\/astro\/wp-content\/uploads\/2025\/05\/shutterstock_2500907637.webp\" \/>\n\t<meta property=\"og:image:width\" content=\"1200\" \/>\n\t<meta property=\"og:image:height\" content=\"630\" \/>\n\t<meta property=\"og:image:type\" content=\"image\/webp\" \/>\n<meta name=\"author\" content=\"Stelvision\" \/>\n<meta name=\"twitter:card\" content=\"summary_large_image\" \/>\n<meta name=\"twitter:label1\" content=\"\u00c9crit par\" \/>\n\t<meta name=\"twitter:data1\" content=\"Stelvision\" \/>\n\t<meta name=\"twitter:label2\" content=\"Dur\u00e9e de lecture estim\u00e9e\" \/>\n\t<meta name=\"twitter:data2\" content=\"7 minutes\" \/>\n<script type=\"application\/ld+json\" class=\"yoast-schema-graph\">{\"@context\":\"https:\/\/schema.org\",\"@graph\":[{\"@type\":\"Article\",\"@id\":\"https:\/\/www.stelvision.com\/astro\/astronomie-printemps-ete-2025-une-selection-devenements-en-france\/#article\",\"isPartOf\":{\"@id\":\"https:\/\/www.stelvision.com\/astro\/astronomie-printemps-ete-2025-une-selection-devenements-en-france\/\"},\"author\":{\"name\":\"Stelvision\",\"@id\":\"https:\/\/www.stelvision.com\/astro\/#\/schema\/person\/f03512e8f4e36844f276400f7c27e655\"},\"headline\":\"\u00c9t\u00e9 2025 : une s\u00e9lection d&rsquo;\u00e9v\u00e9nements en France\",\"datePublished\":\"2025-05-06T15:13:13+00:00\",\"dateModified\":\"2025-07-09T08:39:35+00:00\",\"mainEntityOfPage\":{\"@id\":\"https:\/\/www.stelvision.com\/astro\/astronomie-printemps-ete-2025-une-selection-devenements-en-france\/\"},\"wordCount\":965,\"publisher\":{\"@id\":\"https:\/\/www.stelvision.com\/astro\/#organization\"},\"image\":{\"@id\":\"https:\/\/www.stelvision.com\/astro\/astronomie-printemps-ete-2025-une-selection-devenements-en-france\/#primaryimage\"},\"thumbnailUrl\":\"https:\/\/www.stelvision.com\/astro\/wp-content\/uploads\/2025\/05\/star-party-Remi_dhml-Shutterstock.webp\",\"articleSection\":[\"Observer le ciel\"],\"inLanguage\":\"fr-FR\"},{\"@type\":\"WebPage\",\"@id\":\"https:\/\/www.stelvision.com\/astro\/astronomie-printemps-ete-2025-une-selection-devenements-en-france\/\",\"url\":\"https:\/\/www.stelvision.com\/astro\/astronomie-printemps-ete-2025-une-selection-devenements-en-france\/\",\"name\":\"\u00c9t\u00e9 2025 : une s\u00e9lection d'\u00e9v\u00e9nements en France\",\"isPartOf\":{\"@id\":\"https:\/\/www.stelvision.com\/astro\/#website\"},\"primaryImageOfPage\":{\"@id\":\"https:\/\/www.stelvision.com\/astro\/astronomie-printemps-ete-2025-une-selection-devenements-en-france\/#primaryimage\"},\"image\":{\"@id\":\"https:\/\/www.stelvision.com\/astro\/astronomie-printemps-ete-2025-une-selection-devenements-en-france\/#primaryimage\"},\"thumbnailUrl\":\"https:\/\/www.stelvision.com\/astro\/wp-content\/uploads\/2025\/05\/star-party-Remi_dhml-Shutterstock.webp\",\"datePublished\":\"2025-05-06T15:13:13+00:00\",\"dateModified\":\"2025-07-09T08:39:35+00:00\",\"description\":\"Festivals, star parties, animations publiques... Une s\u00e9lection d'\u00e9v\u00e9nements astro \u00e0 vivre de mai \u00e0 ao\u00fbt 2025 en France. \u00c0 vos agendas !\",\"breadcrumb\":{\"@id\":\"https:\/\/www.stelvision.com\/astro\/astronomie-printemps-ete-2025-une-selection-devenements-en-france\/#breadcrumb\"},\"inLanguage\":\"fr-FR\",\"potentialAction\":[{\"@type\":\"ReadAction\",\"target\":[\"https:\/\/www.stelvision.com\/astro\/astronomie-printemps-ete-2025-une-selection-devenements-en-france\/\"]}]},{\"@type\":\"ImageObject\",\"inLanguage\":\"fr-FR\",\"@id\":\"https:\/\/www.stelvision.com\/astro\/astronomie-printemps-ete-2025-une-selection-devenements-en-france\/#primaryimage\",\"url\":\"https:\/\/www.stelvision.com\/astro\/wp-content\/uploads\/2025\/05\/star-party-Remi_dhml-Shutterstock.webp\",\"contentUrl\":\"https:\/\/www.stelvision.com\/astro\/wp-content\/uploads\/2025\/05\/star-party-Remi_dhml-Shutterstock.webp\",\"width\":1200,\"height\":900,\"caption\":\"Les star parties sont l'occasion d'observer avec d'autres passionn\u00e9s d'astronomie parfois tr\u00e8s bien \u00e9quip\u00e9s. Photo : Remi_dhml\/Shutterstock.\"},{\"@type\":\"BreadcrumbList\",\"@id\":\"https:\/\/www.stelvision.com\/astro\/astronomie-printemps-ete-2025-une-selection-devenements-en-france\/#breadcrumb\",\"itemListElement\":[{\"@type\":\"ListItem\",\"position\":1,\"name\":\"Accueil\",\"item\":\"https:\/\/www.stelvision.com\/astro\/\"},{\"@type\":\"ListItem\",\"position\":2,\"name\":\"\u00c9t\u00e9 2025 : une s\u00e9lection d&#8217;\u00e9v\u00e9nements en France\"}]},{\"@type\":\"WebSite\",\"@id\":\"https:\/\/www.stelvision.com\/astro\/#website\",\"url\":\"https:\/\/www.stelvision.com\/astro\/\",\"name\":\"Stelvision\",\"description\":\"conseils, livres et mat\u00e9riel d&#039;observation du ciel\",\"publisher\":{\"@id\":\"https:\/\/www.stelvision.com\/astro\/#organization\"},\"potentialAction\":[{\"@type\":\"SearchAction\",\"target\":{\"@type\":\"EntryPoint\",\"urlTemplate\":\"https:\/\/www.stelvision.com\/astro\/?s={search_term_string}\"},\"query-input\":{\"@type\":\"PropertyValueSpecification\",\"valueRequired\":true,\"valueName\":\"search_term_string\"}}],\"inLanguage\":\"fr-FR\"},{\"@type\":\"Organization\",\"@id\":\"https:\/\/www.stelvision.com\/astro\/#organization\",\"name\":\"Stelvision\",\"url\":\"https:\/\/www.stelvision.com\/astro\/\",\"logo\":{\"@type\":\"ImageObject\",\"inLanguage\":\"fr-FR\",\"@id\":\"https:\/\/www.stelvision.com\/astro\/#\/schema\/logo\/image\/\",\"url\":\"https:\/\/www.stelvision.com\/astro\/wp-content\/uploads\/2019\/03\/logo_lisse_bleu_Stelvision_600.png\",\"contentUrl\":\"https:\/\/www.stelvision.com\/astro\/wp-content\/uploads\/2019\/03\/logo_lisse_bleu_Stelvision_600.png\",\"width\":600,\"height\":277,\"caption\":\"Stelvision\"},\"image\":{\"@id\":\"https:\/\/www.stelvision.com\/astro\/#\/schema\/logo\/image\/\"},\"sameAs\":[\"https:\/\/www.facebook.com\/people\/Stelvision\/100063368192331\/\"]},{\"@type\":\"Person\",\"@id\":\"https:\/\/www.stelvision.com\/astro\/#\/schema\/person\/f03512e8f4e36844f276400f7c27e655\",\"name\":\"Stelvision\",\"url\":\"https:\/\/www.stelvision.com\/astro\/author\/stelvision\/\"}]}<\/script>\n<!-- \/ Yoast SEO plugin. -->","yoast_head_json":{"title":"\u00c9t\u00e9 2025 : une s\u00e9lection d'\u00e9v\u00e9nements en France","description":"Festivals, star parties, animations publiques... Une s\u00e9lection d'\u00e9v\u00e9nements astro \u00e0 vivre de mai \u00e0 ao\u00fbt 2025 en France. \u00c0 vos agendas !","robots":{"index":"index","follow":"follow","max-snippet":"max-snippet:-1","max-image-preview":"max-image-preview:large","max-video-preview":"max-video-preview:-1"},"canonical":"https:\/\/www.stelvision.com\/astro\/astronomie-printemps-ete-2025-une-selection-devenements-en-france\/","og_locale":"fr_FR","og_type":"article","og_title":"Astronomie printemps \/ \u00e9t\u00e9 2025 : une s\u00e9lection d'\u00e9v\u00e9nements en France","og_description":"Festivals, star parties, animations publiques... Une s\u00e9lection d'\u00e9v\u00e9nements astro \u00e0 vivre de mai \u00e0 ao\u00fbt 2025 en France. \u00c0 vos agendas !","og_url":"https:\/\/www.stelvision.com\/astro\/astronomie-printemps-ete-2025-une-selection-devenements-en-france\/","og_site_name":"Stelvision","article_publisher":"https:\/\/www.facebook.com\/people\/Stelvision\/100063368192331\/","article_published_time":"2025-05-06T15:13:13+00:00","article_modified_time":"2025-07-09T08:39:35+00:00","og_image":[{"width":1200,"height":630,"url":"https:\/\/www.stelvision.com\/astro\/wp-content\/uploads\/2025\/05\/shutterstock_2500907637.webp","type":"image\/webp"}],"author":"Stelvision","twitter_card":"summary_large_image","twitter_misc":{"\u00c9crit par":"Stelvision","Dur\u00e9e de lecture estim\u00e9e":"7 minutes"},"schema":{"@context":"https:\/\/schema.org","@graph":[{"@type":"Article","@id":"https:\/\/www.stelvision.com\/astro\/astronomie-printemps-ete-2025-une-selection-devenements-en-france\/#article","isPartOf":{"@id":"https:\/\/www.stelvision.com\/astro\/astronomie-printemps-ete-2025-une-selection-devenements-en-france\/"},"author":{"name":"Stelvision","@id":"https:\/\/www.stelvision.com\/astro\/#\/schema\/person\/f03512e8f4e36844f276400f7c27e655"},"headline":"\u00c9t\u00e9 2025 : une s\u00e9lection d&rsquo;\u00e9v\u00e9nements en France","datePublished":"2025-05-06T15:13:13+00:00","dateModified":"2025-07-09T08:39:35+00:00","mainEntityOfPage":{"@id":"https:\/\/www.stelvision.com\/astro\/astronomie-printemps-ete-2025-une-selection-devenements-en-france\/"},"wordCount":965,"publisher":{"@id":"https:\/\/www.stelvision.com\/astro\/#organization"},"image":{"@id":"https:\/\/www.stelvision.com\/astro\/astronomie-printemps-ete-2025-une-selection-devenements-en-france\/#primaryimage"},"thumbnailUrl":"https:\/\/www.stelvision.com\/astro\/wp-content\/uploads\/2025\/05\/star-party-Remi_dhml-Shutterstock.webp","articleSection":["Observer le ciel"],"inLanguage":"fr-FR"},{"@type":"WebPage","@id":"https:\/\/www.stelvision.com\/astro\/astronomie-printemps-ete-2025-une-selection-devenements-en-france\/","url":"https:\/\/www.stelvision.com\/astro\/astronomie-printemps-ete-2025-une-selection-devenements-en-france\/","name":"\u00c9t\u00e9 2025 : une s\u00e9lection d'\u00e9v\u00e9nements en France","isPartOf":{"@id":"https:\/\/www.stelvision.com\/astro\/#website"},"primaryImageOfPage":{"@id":"https:\/\/www.stelvision.com\/astro\/astronomie-printemps-ete-2025-une-selection-devenements-en-france\/#primaryimage"},"image":{"@id":"https:\/\/www.stelvision.com\/astro\/astronomie-printemps-ete-2025-une-selection-devenements-en-france\/#primaryimage"},"thumbnailUrl":"https:\/\/www.stelvision.com\/astro\/wp-content\/uploads\/2025\/05\/star-party-Remi_dhml-Shutterstock.webp","datePublished":"2025-05-06T15:13:13+00:00","dateModified":"2025-07-09T08:39:35+00:00","description":"Festivals, star parties, animations publiques... Une s\u00e9lection d'\u00e9v\u00e9nements astro \u00e0 vivre de mai \u00e0 ao\u00fbt 2025 en France. \u00c0 vos agendas !","breadcrumb":{"@id":"https:\/\/www.stelvision.com\/astro\/astronomie-printemps-ete-2025-une-selection-devenements-en-france\/#breadcrumb"},"inLanguage":"fr-FR","potentialAction":[{"@type":"ReadAction","target":["https:\/\/www.stelvision.com\/astro\/astronomie-printemps-ete-2025-une-selection-devenements-en-france\/"]}]},{"@type":"ImageObject","inLanguage":"fr-FR","@id":"https:\/\/www.stelvision.com\/astro\/astronomie-printemps-ete-2025-une-selection-devenements-en-france\/#primaryimage","url":"https:\/\/www.stelvision.com\/astro\/wp-content\/uploads\/2025\/05\/star-party-Remi_dhml-Shutterstock.webp","contentUrl":"https:\/\/www.stelvision.com\/astro\/wp-content\/uploads\/2025\/05\/star-party-Remi_dhml-Shutterstock.webp","width":1200,"height":900,"caption":"Les star parties sont l'occasion d'observer avec d'autres passionn\u00e9s d'astronomie parfois tr\u00e8s bien \u00e9quip\u00e9s. Photo : Remi_dhml\/Shutterstock."},{"@type":"BreadcrumbList","@id":"https:\/\/www.stelvision.com\/astro\/astronomie-printemps-ete-2025-une-selection-devenements-en-france\/#breadcrumb","itemListElement":[{"@type":"ListItem","position":1,"name":"Accueil","item":"https:\/\/www.stelvision.com\/astro\/"},{"@type":"ListItem","position":2,"name":"\u00c9t\u00e9 2025 : une s\u00e9lection d&#8217;\u00e9v\u00e9nements en France"}]},{"@type":"WebSite","@id":"https:\/\/www.stelvision.com\/astro\/#website","url":"https:\/\/www.stelvision.com\/astro\/","name":"Stelvision","description":"conseils, livres et mat\u00e9riel d&#039;observation du ciel","publisher":{"@id":"https:\/\/www.stelvision.com\/astro\/#organization"},"potentialAction":[{"@type":"SearchAction","target":{"@type":"EntryPoint","urlTemplate":"https:\/\/www.stelvision.com\/astro\/?s={search_term_string}"},"query-input":{"@type":"PropertyValueSpecification","valueRequired":true,"valueName":"search_term_string"}}],"inLanguage":"fr-FR"},{"@type":"Organization","@id":"https:\/\/www.stelvision.com\/astro\/#organization","name":"Stelvision","url":"https:\/\/www.stelvision.com\/astro\/","logo":{"@type":"ImageObject","inLanguage":"fr-FR","@id":"https:\/\/www.stelvision.com\/astro\/#\/schema\/logo\/image\/","url":"https:\/\/www.stelvision.com\/astro\/wp-content\/uploads\/2019\/03\/logo_lisse_bleu_Stelvision_600.png","contentUrl":"https:\/\/www.stelvision.com\/astro\/wp-content\/uploads\/2019\/03\/logo_lisse_bleu_Stelvision_600.png","width":600,"height":277,"caption":"Stelvision"},"image":{"@id":"https:\/\/www.stelvision.com\/astro\/#\/schema\/logo\/image\/"},"sameAs":["https:\/\/www.facebook.com\/people\/Stelvision\/100063368192331\/"]},{"@type":"Person","@id":"https:\/\/www.stelvision.com\/astro\/#\/schema\/person\/f03512e8f4e36844f276400f7c27e655","name":"Stelvision","url":"https:\/\/www.stelvision.com\/astro\/author\/stelvision\/"}]}},"_links":{"self":[{"href":"https:\/\/www.stelvision.com\/astro\/wp-json\/wp\/v2\/posts\/69034","targetHints":{"allow":["GET"]}}],"collection":[{"href":"https:\/\/www.stelvision.com\/astro\/wp-json\/wp\/v2\/posts"}],"about":[{"href":"https:\/\/www.stelvision.com\/astro\/wp-json\/wp\/v2\/types\/post"}],"author":[{"embeddable":true,"href":"https:\/\/www.stelvision.com\/astro\/wp-json\/wp\/v2\/users\/10"}],"replies":[{"embeddable":true,"href":"https:\/\/www.stelvision.com\/astro\/wp-json\/wp\/v2\/comments?post=69034"}],"version-history":[{"count":15,"href":"https:\/\/www.stelvision.com\/astro\/wp-json\/wp\/v2\/posts\/69034\/revisions"}],"predecessor-version":[{"id":70091,"href":"https:\/\/www.stelvision.com\/astro\/wp-json\/wp\/v2\/posts\/69034\/revisions\/70091"}],"wp:featuredmedia":[{"embeddable":true,"href":"https:\/\/www.stelvision.com\/astro\/wp-json\/wp\/v2\/media\/69037"}],"wp:attachment":[{"href":"https:\/\/www.stelvision.com\/astro\/wp-json\/wp\/v2\/media?parent=69034"}],"wp:term":[{"taxonomy":"category","embeddable":true,"href":"https:\/\/www.stelvision.com\/astro\/wp-json\/wp\/v2\/categories?post=69034"},{"taxonomy":"post_tag","embeddable":true,"href":"https:\/\/www.stelvision.com\/astro\/wp-json\/wp\/v2\/tags?post=69034"}],"curies":[{"name":"wp","href":"https:\/\/api.w.org\/{rel}","templated":true}]}}