{"id":70240,"date":"2025-07-23T09:57:26","date_gmt":"2025-07-23T07:57:26","guid":{"rendered":"https:\/\/www.stelvision.com\/astro\/?p=70240"},"modified":"2025-09-03T17:52:38","modified_gmt":"2025-09-03T15:52:38","slug":"un-superbe-duo-venus-jupiter-a-laube","status":"publish","type":"post","link":"https:\/\/www.stelvision.com\/astro\/un-superbe-duo-venus-jupiter-a-laube\/","title":{"rendered":"Un superbe duo V\u00e9nus-Jupiter \u00e0 l&rsquo;aube"},"content":{"rendered":"\n<p class=\"chapo\">Le 12 ao\u00fbt 2025 et autour de cette date, deux plan\u00e8tes tr\u00e8s brillantes forment un duo serr\u00e9 dans le ciel de l&rsquo;aube. Un spectacle \u00e0 appr\u00e9cier \u00e0 l&rsquo;\u0153il nu, aux jumelles ou au t\u00e9lescope.<\/p>\n\n\n\n<figure class=\"wp-block-image size-large\"><img decoding=\"async\" width=\"1024\" height=\"1024\" src=\"https:\/\/www.stelvision.com\/astro\/wp-content\/uploads\/2025\/07\/12_aout_2025_aube_rapprochement_Venus_Jupiter_1200x-1024x1024.webp\" alt=\"illustration montrant le rapprochement V\u00e9nus-Jupiter \u00e0 l'aube du 12 ao\u00fbt 2025 - cr\u00e9dit Stelvision\" class=\"wp-image-70243\" srcset=\"https:\/\/www.stelvision.com\/astro\/wp-content\/uploads\/2025\/07\/12_aout_2025_aube_rapprochement_Venus_Jupiter_1200x-1024x1024.webp 1024w, https:\/\/www.stelvision.com\/astro\/wp-content\/uploads\/2025\/07\/12_aout_2025_aube_rapprochement_Venus_Jupiter_1200x-300x300.webp 300w, https:\/\/www.stelvision.com\/astro\/wp-content\/uploads\/2025\/07\/12_aout_2025_aube_rapprochement_Venus_Jupiter_1200x-150x150.webp 150w, https:\/\/www.stelvision.com\/astro\/wp-content\/uploads\/2025\/07\/12_aout_2025_aube_rapprochement_Venus_Jupiter_1200x-600x600.webp 600w, https:\/\/www.stelvision.com\/astro\/wp-content\/uploads\/2025\/07\/12_aout_2025_aube_rapprochement_Venus_Jupiter_1200x-1140x1140.webp 1140w, https:\/\/www.stelvision.com\/astro\/wp-content\/uploads\/2025\/07\/12_aout_2025_aube_rapprochement_Venus_Jupiter_1200x-750x750.webp 750w, https:\/\/www.stelvision.com\/astro\/wp-content\/uploads\/2025\/07\/12_aout_2025_aube_rapprochement_Venus_Jupiter_1200x-570x570.webp 570w, https:\/\/www.stelvision.com\/astro\/wp-content\/uploads\/2025\/07\/12_aout_2025_aube_rapprochement_Venus_Jupiter_1200x-368x368.webp 368w, https:\/\/www.stelvision.com\/astro\/wp-content\/uploads\/2025\/07\/12_aout_2025_aube_rapprochement_Venus_Jupiter_1200x-270x270.webp 270w, https:\/\/www.stelvision.com\/astro\/wp-content\/uploads\/2025\/07\/12_aout_2025_aube_rapprochement_Venus_Jupiter_1200x-62x62.webp 62w, https:\/\/www.stelvision.com\/astro\/wp-content\/uploads\/2025\/07\/12_aout_2025_aube_rapprochement_Venus_Jupiter_1200x-100x100.webp 100w, https:\/\/www.stelvision.com\/astro\/wp-content\/uploads\/2025\/07\/12_aout_2025_aube_rapprochement_Venus_Jupiter_1200x-1000x1000.webp 1000w, https:\/\/www.stelvision.com\/astro\/wp-content\/uploads\/2025\/07\/12_aout_2025_aube_rapprochement_Venus_Jupiter_1200x.webp 1200w\" sizes=\"(max-width: 1024px) 100vw, 1024px\" \/><figcaption class=\"wp-element-caption\">Le rapprochement V\u00e9nus-Jupiter \u00e0 l&rsquo;aube du 12 ao\u00fbt 2025. Simulation pour le centre de la France m\u00e9tropolitaine \u00e0 6h, heure l\u00e9gale. <small>Illustration : Stelvision.<\/small><\/figcaption><\/figure>\n\n\n\n<p>Les apparitions de <a href=\"https:\/\/www.stelvision.com\/astro\/observer-venus-etoile-du-berger\/\">V\u00e9nus<\/a> sont toujours remarquables. Cette plan\u00e8te qu&rsquo;on appelle aussi l&rsquo;\u00e9toile du Berger brille actuellement d&rsquo;un \u00e9clat spectaculaire dans le ciel de l&rsquo;aube. Distante en ce moment d&rsquo;environ 185 millions de kilom\u00e8tres, elle est relativement proche de la Terre. Son d\u00e9placement peut donc \u00eatre constat\u00e9 de jour en jour dans le ciel. Ainsi durant le mois d&rsquo;ao\u00fbt 2025, elle traverse la <a href=\"https:\/\/www.stelvision.com\/astro\/qu-est-ce-qu-une-constellation\/\">constellation<\/a> des G\u00e9meaux et se dirige vers le Cancer. Sur sa route c\u00e9leste, le long de <a href=\"https:\/\/www.stelvision.com\/astro\/ecliptique\/\">l&rsquo;\u00e9cliptique<\/a>, elle rencontre la plan\u00e8te Jupiter. Celle-ci se d\u00e9place \u00e9galement dans les G\u00e9meaux cet \u00e9t\u00e9, mais beaucoup plus lentement.<\/p>\n\n\n\n<p><strong>D\u00e8s le 7 ao\u00fbt<\/strong>, les deux plan\u00e8tes seront assez proches pour \u00eatre vues ensemble aux <a href=\"https:\/\/www.stelvision.com\/astro\/comment-choisir-ses-jumelles-pour-lastronomie\/\">jumelles<\/a>, avec seulement 5 <a href=\"https:\/\/www.stelvision.com\/astro\/mesurer-distances-dans-ciel-avec-main\/\">degr\u00e9s<\/a> d&rsquo;\u00e9cart soit la longueur d&rsquo;un pouce vu \u00e0 bout de bras. V\u00e9nus se trouve au-dessus de Jupiter, un peu \u00e0 droite de celle-ci.<\/p>\n\n\n\n<p><strong>Les deux plan\u00e8tes se rapprocheront jusqu&rsquo;\u00e0 se fr\u00f4ler le 12 ao\u00fbt \u00e0 l&rsquo;aube<\/strong>, avec un \u00e9cart inf\u00e9rieur \u00e0 1 degr\u00e9 (52 minutes d&rsquo;arc pr\u00e9cis\u00e9ment). C&rsquo;est environ la largeur de votre index vu \u00e0 bout de bras. Ces deux astres particuli\u00e8rement brillants, si proches l&rsquo;un de l&rsquo;autre, auront de quoi intriguer les personnes non averties ! V\u00e9nus brille d&rsquo;un \u00e9clat incomparable avec une <a href=\"https:\/\/www.stelvision.com\/astro\/eclairage-sur-la-magnitude\/\">magnitude<\/a> de -4. Jupiter, la plus grosse plan\u00e8te du Syst\u00e8me solaire, est bien brillante aussi, m\u00eame si elle ne peut pas rivaliser : nettement plus lointaine, \u00e0 890 millions de kilom\u00e8tres, elle affiche une magnitude de -2 environ.<\/p>\n\n\n\n<p>Les possesseurs de <a href=\"https:\/\/www.stelvision.com\/astro\/telescopes-lunettes-astronomiques-comprendre-choisir\/\">t\u00e9lescopes<\/a> pourront appr\u00e9cier la vision \u00e9tonnante des deux plan\u00e8tes vues dans le m\u00eame champ de vision : la majestueuse Jupiter entour\u00e9e de ses principaux satellites, et V\u00e9nus toute blanche \u00e0 la forme gibbeuse.<\/p>\n\n\n\n<p><strong>Vous avez manqu\u00e9 le 12 ao\u00fbt ? Tentez le 13<\/strong> : les deux plan\u00e8tes seront encore tr\u00e8s serr\u00e9es, seulement 1 degr\u00e9 et 13 minutes les s\u00e9pareront. Vous pouvez bien s\u00fbr continuer de les admirer dans les jours suivants et v\u00e9rifier qu&rsquo;elles s&rsquo;\u00e9cartent l&rsquo;une de l&rsquo;autre assez rapidement.<\/p>\n\n\n<div class=\"rwwp-featured-content-wrapper\"><div class=\"stel-auto-swiffy-slider rwwp-featured-content rwwp-featured-content-slides rwwp-featured-content-slides-alignment-top rwwp-featured-content-slides-carousel-yes\"><div class=\"swiffy-slider slider-item-show1   slider-nav-visible slider-nav-outside slider-nav-autoplay  slider-nav-dark slider-nav-autohide slider-item-first-visible slider-nav-autopause\" data-slider-nav-autoplay-interval=\"4000\" data-rwstelwp-uid=\"1777391608\"><ul class=\"slider-container\"><li data-stel-auto-swiffy-slider-offset=\"18\"><div class=\"rwwp-featured-content-item rwwp-featured-content-item-product rwwp-featured-content-item-small\"><div class=\"woocommerce columns-1 stel-product-no-add_to_cart\"><ul class=\"products columns-1\">\n<li class=\"product type-product post-1449 status-publish first instock product_cat-edition has-post-thumbnail taxable shipping-taxable purchasable product-type-simple\">\n\t<div class=\"stel-wc-product\"><a href=\"https:\/\/www.stelvision.com\/astro\/boutique\/carte-guide-du-ciel-stelvision-365\/\" title=\"Carte du ciel Stelvision 365 (16&egrave;me &eacute;dition)\" class=\"woocommerce-LoopProduct-link woocommerce-loop-product__link\"><img decoding=\"async\" width=\"300\" height=\"300\" src=\"https:\/\/www.stelvision.com\/astro\/wp-content\/uploads\/2026\/04\/stelvision-365-ed16-1-couverture-1200-carre-300x300.webp\" class=\"attachment-woocommerce_thumbnail size-woocommerce_thumbnail\" alt=\"Visuel de couverture de la Carte du ciel Stelvision 365 \u00e9dition 16 de Bertrand d&#039;Armagnac. Copyright Stelvision.\" srcset=\"https:\/\/www.stelvision.com\/astro\/wp-content\/uploads\/2026\/04\/stelvision-365-ed16-1-couverture-1200-carre-300x300.webp 300w, https:\/\/www.stelvision.com\/astro\/wp-content\/uploads\/2026\/04\/stelvision-365-ed16-1-couverture-1200-carre-1024x1024.webp 1024w, https:\/\/www.stelvision.com\/astro\/wp-content\/uploads\/2026\/04\/stelvision-365-ed16-1-couverture-1200-carre-150x150.webp 150w, https:\/\/www.stelvision.com\/astro\/wp-content\/uploads\/2026\/04\/stelvision-365-ed16-1-couverture-1200-carre-600x600.webp 600w, https:\/\/www.stelvision.com\/astro\/wp-content\/uploads\/2026\/04\/stelvision-365-ed16-1-couverture-1200-carre-1140x1140.webp 1140w, https:\/\/www.stelvision.com\/astro\/wp-content\/uploads\/2026\/04\/stelvision-365-ed16-1-couverture-1200-carre-750x750.webp 750w, https:\/\/www.stelvision.com\/astro\/wp-content\/uploads\/2026\/04\/stelvision-365-ed16-1-couverture-1200-carre-570x570.webp 570w, https:\/\/www.stelvision.com\/astro\/wp-content\/uploads\/2026\/04\/stelvision-365-ed16-1-couverture-1200-carre-368x368.webp 368w, https:\/\/www.stelvision.com\/astro\/wp-content\/uploads\/2026\/04\/stelvision-365-ed16-1-couverture-1200-carre-270x270.webp 270w, https:\/\/www.stelvision.com\/astro\/wp-content\/uploads\/2026\/04\/stelvision-365-ed16-1-couverture-1200-carre-62x62.webp 62w, https:\/\/www.stelvision.com\/astro\/wp-content\/uploads\/2026\/04\/stelvision-365-ed16-1-couverture-1200-carre-100x100.webp 100w, https:\/\/www.stelvision.com\/astro\/wp-content\/uploads\/2026\/04\/stelvision-365-ed16-1-couverture-1200-carre-1000x1000.webp 1000w, https:\/\/www.stelvision.com\/astro\/wp-content\/uploads\/2026\/04\/stelvision-365-ed16-1-couverture-1200-carre.webp 1200w\" sizes=\"(max-width: 300px) 100vw, 300px\" \/><h2 class=\"woocommerce-loop-product__title\">Carte du ciel Stelvision 365 (16\u00e8me \u00e9dition)<div class=\"stel-product-item-review-wrapper\"><div class=\"skeepers_product__stars\" data-product-id=\"1449\"><\/div><script type=\"text\/javascript\">\/*!rw_stel_js*\/window.$ = jQuery;<\/script><script async charset=\"utf-8\" src=\"https:\/\/widgets.rr.skeepers.io\/product\/29f32d37-16d4-4b94-e954-a24712bd5a0f\/49f1f3bb-3583-4096-a330-61b13d46555d.js\"><\/script><\/div><\/h2>\r\n\t<span class=\"price\"><span class=\"woocommerce-Price-amount amount\"><bdi>19.90<span class=\"woocommerce-Price-currencySymbol\">&euro;<\/span><\/bdi><\/span> <span class=\"rwwc-vat-price-hint\" onclick=\"rwStelvisionWooTaxesInfos.showTaxHintModal(event)\">TVA incluse (FR) <i class=\"neko-icon-info-circled\"><\/i><\/span><\/span>\r\n<div class=\"netreviews_bg_stars_big listStars\" title=\"4.843\/5\"><div><span class=\"nr-icon nr-star grey\"><\/span><span class=\"nr-icon nr-star grey\"><\/span><span class=\"nr-icon nr-star grey\"><\/span><span class=\"nr-icon nr-star grey\"><\/span><span class=\"nr-icon nr-star grey\"><\/span><\/div><div style=\"color: #4FB8D7 !important\"><span class=\"nr-icon nr-star\" style=\"width:20%;\"><\/span><span class=\"nr-icon nr-star\" style=\"width:20%;\"><\/span><span class=\"nr-icon nr-star\" style=\"width:20%;\"><\/span><span class=\"nr-icon nr-star\" style=\"width:20%;\"><\/span><span class=\"nr-icon nr-star\" style=\"width:16%;\"><\/span><\/div> <span class=\"reviewCount\">153 avis<\/span><\/div><\/a><span class=\" rw_stelvision_product_in_stock \"><span class=\"rw_stelvision_product_stock_msg\">En stock<\/span><\/span><a href=\"\/astro\/wp-json\/wp\/v2\/posts\/70240?add-to-cart=1449\" aria-describedby=\"woocommerce_loop_add_to_cart_link_describedby_14490\" data-quantity=\"1\" data-product_id=\"1449\" data-product-title=\"Carte du ciel Stelvision 365 (16\u00e8me \u00e9dition)&lt;div class=&quot;stel-product-item-review-wrapper&quot;&gt;&lt;div class=&quot;skeepers_product__stars&quot; data-product-id=&quot;1449&quot;&gt;&lt;\/div&gt;&lt;\/div&gt;\" class=\"button product_type_simple add_to_cart_button ajax_add_to_cart\" data-product_id=\"1449\" data-product_sku=\"9782958661977\" aria-label=\"Ajouter au panier\u00a0: &ldquo;Carte du ciel Stelvision 365 (16\u00e8me \u00e9dition)&rdquo;\" rel=\"nofollow\" data-success_message=\"\u00ab\u00a0Carte du ciel Stelvision 365 (16\u00e8me \u00e9dition)\u00a0\u00bb a \u00e9t\u00e9 ajout\u00e9 \u00e0 votre panier\" role=\"button\">Ajouter au panier<\/a><span id=\"woocommerce_loop_add_to_cart_link_describedby_14490\" class=\"screen-reader-text\"><\/span><\/div><\/li>\n<\/ul>\n<\/div><\/div><\/li><li data-stel-auto-swiffy-slider-offset=\"18\"><div class=\"rwwp-featured-content-item rwwp-featured-content-item-product rwwp-featured-content-item-small\"><div class=\"woocommerce columns-1 stel-product-no-add_to_cart\"><ul class=\"products columns-1\">\n<li class=\"product type-product post-70853 status-publish first instock product_cat-edition product_cat-special-soleil-eclipse has-post-thumbnail taxable shipping-taxable purchasable product-type-simple\">\n\t<div class=\"stel-wc-product\"><a href=\"https:\/\/www.stelvision.com\/astro\/boutique\/les-soleils-noirs-de-2026-et-2027\/\" title=\"Les Soleils noirs de 2026 et 2027 - Le guide complet des &eacute;clipses des 12 ao&ucirc;t 2026 et 2 ao&ucirc;t 2027\" class=\"woocommerce-LoopProduct-link woocommerce-loop-product__link\"><img decoding=\"async\" width=\"300\" height=\"300\" src=\"https:\/\/www.stelvision.com\/astro\/wp-content\/uploads\/2025\/09\/Soleils-noirs-couverture-1200x1200-1-300x300.webp\" class=\"attachment-woocommerce_thumbnail size-woocommerce_thumbnail\" alt=\"couverture Les Soleils noirs de 2026 et 2027, de Jean-Marc Lecleire, \u00e9ditions Stelvision\" srcset=\"https:\/\/www.stelvision.com\/astro\/wp-content\/uploads\/2025\/09\/Soleils-noirs-couverture-1200x1200-1-300x300.webp 300w, https:\/\/www.stelvision.com\/astro\/wp-content\/uploads\/2025\/09\/Soleils-noirs-couverture-1200x1200-1-1024x1024.webp 1024w, https:\/\/www.stelvision.com\/astro\/wp-content\/uploads\/2025\/09\/Soleils-noirs-couverture-1200x1200-1-150x150.webp 150w, https:\/\/www.stelvision.com\/astro\/wp-content\/uploads\/2025\/09\/Soleils-noirs-couverture-1200x1200-1-600x600.webp 600w, https:\/\/www.stelvision.com\/astro\/wp-content\/uploads\/2025\/09\/Soleils-noirs-couverture-1200x1200-1-1140x1140.webp 1140w, https:\/\/www.stelvision.com\/astro\/wp-content\/uploads\/2025\/09\/Soleils-noirs-couverture-1200x1200-1-750x750.webp 750w, https:\/\/www.stelvision.com\/astro\/wp-content\/uploads\/2025\/09\/Soleils-noirs-couverture-1200x1200-1-570x570.webp 570w, https:\/\/www.stelvision.com\/astro\/wp-content\/uploads\/2025\/09\/Soleils-noirs-couverture-1200x1200-1-368x368.webp 368w, https:\/\/www.stelvision.com\/astro\/wp-content\/uploads\/2025\/09\/Soleils-noirs-couverture-1200x1200-1-270x270.webp 270w, https:\/\/www.stelvision.com\/astro\/wp-content\/uploads\/2025\/09\/Soleils-noirs-couverture-1200x1200-1-62x62.webp 62w, https:\/\/www.stelvision.com\/astro\/wp-content\/uploads\/2025\/09\/Soleils-noirs-couverture-1200x1200-1-100x100.webp 100w, https:\/\/www.stelvision.com\/astro\/wp-content\/uploads\/2025\/09\/Soleils-noirs-couverture-1200x1200-1-1000x1000.webp 1000w, https:\/\/www.stelvision.com\/astro\/wp-content\/uploads\/2025\/09\/Soleils-noirs-couverture-1200x1200-1.webp 1200w\" sizes=\"(max-width: 300px) 100vw, 300px\" \/><h2 class=\"woocommerce-loop-product__title\">Les Soleils noirs de 2026 et 2027 &#8211; Le guide complet des \u00e9clipses des 12 ao\u00fbt 2026 et 2 ao\u00fbt 2027<div class=\"stel-product-item-review-wrapper\"><div class=\"skeepers_product__stars\" data-product-id=\"70853\"><\/div><\/div><\/h2>\r\n\t<span class=\"price\"><span class=\"woocommerce-Price-amount amount\"><bdi>21.00<span class=\"woocommerce-Price-currencySymbol\">&euro;<\/span><\/bdi><\/span> <span class=\"rwwc-vat-price-hint\" onclick=\"rwStelvisionWooTaxesInfos.showTaxHintModal(event)\">TVA incluse (FR) <i class=\"neko-icon-info-circled\"><\/i><\/span><\/span>\r\n<div class=\"netreviews_bg_stars_big listStars\" title=\"4.96\/5\"><div><span class=\"nr-icon nr-star grey\"><\/span><span class=\"nr-icon nr-star grey\"><\/span><span class=\"nr-icon nr-star grey\"><\/span><span class=\"nr-icon nr-star grey\"><\/span><span class=\"nr-icon nr-star grey\"><\/span><\/div><div style=\"color: #4FB8D7 !important\"><span class=\"nr-icon nr-star\" style=\"width:20%;\"><\/span><span class=\"nr-icon nr-star\" style=\"width:20%;\"><\/span><span class=\"nr-icon nr-star\" style=\"width:20%;\"><\/span><span class=\"nr-icon nr-star\" style=\"width:20%;\"><\/span><span class=\"nr-icon nr-star\" style=\"width:20%;\"><\/span><\/div> <span class=\"reviewCount\">25 avis<\/span><\/div><\/a><span class=\" rw_stelvision_product_in_stock \"><span class=\"rw_stelvision_product_stock_msg\">En stock<\/span><\/span><a href=\"\/astro\/wp-json\/wp\/v2\/posts\/70240?add-to-cart=70853\" aria-describedby=\"woocommerce_loop_add_to_cart_link_describedby_70853_1\" data-quantity=\"1\" data-product_id=\"70853\" data-product-title=\"Les Soleils noirs de 2026 et 2027 &#8211; Le guide complet des \u00e9clipses des 12 ao\u00fbt 2026 et 2 ao\u00fbt 2027&lt;div class=&quot;stel-product-item-review-wrapper&quot;&gt;&lt;div class=&quot;skeepers_product__stars&quot; data-product-id=&quot;70853&quot;&gt;&lt;\/div&gt;&lt;\/div&gt;\" class=\"button product_type_simple add_to_cart_button ajax_add_to_cart\" data-product_id=\"70853\" data-product_sku=\"9782958661960\" aria-label=\"Ajouter au panier\u00a0: &ldquo;Les Soleils noirs de 2026 et 2027 - Le guide complet des \u00e9clipses des 12 ao\u00fbt 2026 et 2 ao\u00fbt 2027&rdquo;\" rel=\"nofollow\" data-success_message=\"\u00ab\u00a0Les Soleils noirs de 2026 et 2027 - Le guide complet des \u00e9clipses des 12 ao\u00fbt 2026 et 2 ao\u00fbt 2027\u00a0\u00bb a \u00e9t\u00e9 ajout\u00e9 \u00e0 votre panier\" role=\"button\">Ajouter au panier<\/a><span id=\"woocommerce_loop_add_to_cart_link_describedby_70853_1\" class=\"screen-reader-text\"><\/span><\/div><\/li>\n<\/ul>\n<\/div><\/div><\/li><li data-stel-auto-swiffy-slider-offset=\"18\"><div class=\"rwwp-featured-content-item rwwp-featured-content-item-product rwwp-featured-content-item-small\"><div class=\"woocommerce columns-1 stel-product-no-add_to_cart\"><ul class=\"products columns-1\">\n<li class=\"product type-product post-70777 status-publish first instock product_cat-accessoires product_cat-special-soleil-eclipse has-post-thumbnail taxable shipping-taxable purchasable product-type-simple\">\n\t<div class=\"stel-wc-product\"><a href=\"https:\/\/www.stelvision.com\/astro\/boutique\/lunettes-eclipse\/\" title=\"Lunettes d&#039;&eacute;clipse Soleils noirs\" class=\"woocommerce-LoopProduct-link woocommerce-loop-product__link\"><img decoding=\"async\" width=\"300\" height=\"300\" src=\"https:\/\/www.stelvision.com\/astro\/wp-content\/uploads\/2025\/09\/lunettes-trois-quarts-gauche-carre-1-300x300.webp\" class=\"attachment-woocommerce_thumbnail size-woocommerce_thumbnail\" alt=\"photo Lunettes d&#039;\u00e9clipse Soleils noirs, vue 3\/4 gauche\" srcset=\"https:\/\/www.stelvision.com\/astro\/wp-content\/uploads\/2025\/09\/lunettes-trois-quarts-gauche-carre-1-300x300.webp 300w, https:\/\/www.stelvision.com\/astro\/wp-content\/uploads\/2025\/09\/lunettes-trois-quarts-gauche-carre-1-1024x1024.webp 1024w, https:\/\/www.stelvision.com\/astro\/wp-content\/uploads\/2025\/09\/lunettes-trois-quarts-gauche-carre-1-150x150.webp 150w, https:\/\/www.stelvision.com\/astro\/wp-content\/uploads\/2025\/09\/lunettes-trois-quarts-gauche-carre-1-600x600.webp 600w, https:\/\/www.stelvision.com\/astro\/wp-content\/uploads\/2025\/09\/lunettes-trois-quarts-gauche-carre-1-1140x1140.webp 1140w, https:\/\/www.stelvision.com\/astro\/wp-content\/uploads\/2025\/09\/lunettes-trois-quarts-gauche-carre-1-750x750.webp 750w, https:\/\/www.stelvision.com\/astro\/wp-content\/uploads\/2025\/09\/lunettes-trois-quarts-gauche-carre-1-570x570.webp 570w, https:\/\/www.stelvision.com\/astro\/wp-content\/uploads\/2025\/09\/lunettes-trois-quarts-gauche-carre-1-368x368.webp 368w, https:\/\/www.stelvision.com\/astro\/wp-content\/uploads\/2025\/09\/lunettes-trois-quarts-gauche-carre-1-270x270.webp 270w, https:\/\/www.stelvision.com\/astro\/wp-content\/uploads\/2025\/09\/lunettes-trois-quarts-gauche-carre-1-62x62.webp 62w, https:\/\/www.stelvision.com\/astro\/wp-content\/uploads\/2025\/09\/lunettes-trois-quarts-gauche-carre-1-100x100.webp 100w, https:\/\/www.stelvision.com\/astro\/wp-content\/uploads\/2025\/09\/lunettes-trois-quarts-gauche-carre-1-1000x1000.webp 1000w, https:\/\/www.stelvision.com\/astro\/wp-content\/uploads\/2025\/09\/lunettes-trois-quarts-gauche-carre-1.webp 1400w\" sizes=\"(max-width: 300px) 100vw, 300px\" \/><h2 class=\"woocommerce-loop-product__title\">Lunettes d&rsquo;\u00e9clipse Soleils noirs<div class=\"stel-product-item-review-wrapper\"><div class=\"skeepers_product__stars\" data-product-id=\"70777\"><\/div><\/div><\/h2>\r\n\t<span class=\"price\"><span class=\"woocommerce-Price-amount amount\"><bdi>3.90<span class=\"woocommerce-Price-currencySymbol\">&euro;<\/span><\/bdi><\/span> <span class=\"rwwc-vat-price-hint\" onclick=\"rwStelvisionWooTaxesInfos.showTaxHintModal(event)\">TVA incluse (FR) <i class=\"neko-icon-info-circled\"><\/i><\/span><\/span>\r\n<div class=\"netreviews_bg_stars_big listStars\" title=\"4.611\/5\"><div><span class=\"nr-icon nr-star grey\"><\/span><span class=\"nr-icon nr-star grey\"><\/span><span class=\"nr-icon nr-star grey\"><\/span><span class=\"nr-icon nr-star grey\"><\/span><span class=\"nr-icon nr-star grey\"><\/span><\/div><div style=\"color: #4FB8D7 !important\"><span class=\"nr-icon nr-star\" style=\"width:20%;\"><\/span><span class=\"nr-icon nr-star\" style=\"width:20%;\"><\/span><span class=\"nr-icon nr-star\" style=\"width:20%;\"><\/span><span class=\"nr-icon nr-star\" style=\"width:20%;\"><\/span><span class=\"nr-icon nr-star\" style=\"width:12%;\"><\/span><\/div> <span class=\"reviewCount\">18 avis<\/span><\/div><\/a><span class=\" rw_stelvision_product_in_stock \"><span class=\"rw_stelvision_product_stock_msg\">En stock<\/span><\/span><a href=\"\/astro\/wp-json\/wp\/v2\/posts\/70240?add-to-cart=70777\" aria-describedby=\"woocommerce_loop_add_to_cart_link_describedby_70777_2\" data-quantity=\"1\" data-product_id=\"70777\" data-product-title=\"Lunettes d&rsquo;\u00e9clipse Soleils noirs&lt;div class=&quot;stel-product-item-review-wrapper&quot;&gt;&lt;div class=&quot;skeepers_product__stars&quot; data-product-id=&quot;70777&quot;&gt;&lt;\/div&gt;&lt;\/div&gt;\" class=\"button product_type_simple add_to_cart_button ajax_add_to_cart\" data-product_id=\"70777\" data-product_sku=\"3770011947485\" aria-label=\"Ajouter au panier\u00a0: &ldquo;Lunettes d&#039;\u00e9clipse Soleils noirs&rdquo;\" rel=\"nofollow\" data-success_message=\"\u00ab\u00a0Lunettes d&#039;\u00e9clipse Soleils noirs\u00a0\u00bb a \u00e9t\u00e9 ajout\u00e9 \u00e0 votre panier\" role=\"button\">Ajouter au panier<\/a><span id=\"woocommerce_loop_add_to_cart_link_describedby_70777_2\" class=\"screen-reader-text\"><\/span><\/div><\/li>\n<\/ul>\n<\/div><\/div><\/li><li data-stel-auto-swiffy-slider-offset=\"18\"><div class=\"rwwp-featured-content-item rwwp-featured-content-item-product rwwp-featured-content-item-small\"><div class=\"woocommerce columns-1 stel-product-no-add_to_cart\"><ul class=\"products columns-1\">\n<li class=\"product type-product post-72695 status-publish first instock product_cat-telescopes-lunettes has-post-thumbnail taxable shipping-taxable purchasable product-type-simple\">\n\t<div class=\"stel-wc-product\"><a href=\"https:\/\/www.stelvision.com\/astro\/boutique\/telescope-maksygo-60\/\" title=\"T&eacute;lescope mini-Dobson MaksyGo 60\" class=\"woocommerce-LoopProduct-link woocommerce-loop-product__link\"><img decoding=\"async\" width=\"300\" height=\"300\" src=\"https:\/\/www.stelvision.com\/astro\/wp-content\/uploads\/2026\/03\/Mak60_vue1_IMG_8642_1200-300x300.webp\" class=\"attachment-woocommerce_thumbnail size-woocommerce_thumbnail\" alt=\"visuel produit mini-Dobson MaksyGo 60. Photo : Stelvision\" srcset=\"https:\/\/www.stelvision.com\/astro\/wp-content\/uploads\/2026\/03\/Mak60_vue1_IMG_8642_1200-300x300.webp 300w, https:\/\/www.stelvision.com\/astro\/wp-content\/uploads\/2026\/03\/Mak60_vue1_IMG_8642_1200-1024x1024.webp 1024w, https:\/\/www.stelvision.com\/astro\/wp-content\/uploads\/2026\/03\/Mak60_vue1_IMG_8642_1200-150x150.webp 150w, https:\/\/www.stelvision.com\/astro\/wp-content\/uploads\/2026\/03\/Mak60_vue1_IMG_8642_1200-600x600.webp 600w, https:\/\/www.stelvision.com\/astro\/wp-content\/uploads\/2026\/03\/Mak60_vue1_IMG_8642_1200-1140x1140.webp 1140w, https:\/\/www.stelvision.com\/astro\/wp-content\/uploads\/2026\/03\/Mak60_vue1_IMG_8642_1200-750x750.webp 750w, https:\/\/www.stelvision.com\/astro\/wp-content\/uploads\/2026\/03\/Mak60_vue1_IMG_8642_1200-570x570.webp 570w, https:\/\/www.stelvision.com\/astro\/wp-content\/uploads\/2026\/03\/Mak60_vue1_IMG_8642_1200-368x368.webp 368w, https:\/\/www.stelvision.com\/astro\/wp-content\/uploads\/2026\/03\/Mak60_vue1_IMG_8642_1200-270x270.webp 270w, https:\/\/www.stelvision.com\/astro\/wp-content\/uploads\/2026\/03\/Mak60_vue1_IMG_8642_1200-62x62.webp 62w, https:\/\/www.stelvision.com\/astro\/wp-content\/uploads\/2026\/03\/Mak60_vue1_IMG_8642_1200-100x100.webp 100w, https:\/\/www.stelvision.com\/astro\/wp-content\/uploads\/2026\/03\/Mak60_vue1_IMG_8642_1200-1000x1000.webp 1000w, https:\/\/www.stelvision.com\/astro\/wp-content\/uploads\/2026\/03\/Mak60_vue1_IMG_8642_1200.webp 1200w\" sizes=\"(max-width: 300px) 100vw, 300px\" \/><h2 class=\"woocommerce-loop-product__title\">T\u00e9lescope mini-Dobson MaksyGo 60<div class=\"stel-product-item-review-wrapper\"><div class=\"skeepers_product__stars\" data-product-id=\"72695\"><\/div><\/div><\/h2>\r\n\t<span class=\"price\"><span class=\"woocommerce-Price-amount amount\"><bdi>135.00<span class=\"woocommerce-Price-currencySymbol\">&euro;<\/span><\/bdi><\/span> <span class=\"rwwc-vat-price-hint\" onclick=\"rwStelvisionWooTaxesInfos.showTaxHintModal(event)\">TVA incluse (FR) <i class=\"neko-icon-info-circled\"><\/i><\/span><\/span>\r\n<div class=\"netreviews_bg_stars_big listStars\" title=\"5\/5\"><div><span class=\"nr-icon nr-star grey\"><\/span><span class=\"nr-icon nr-star grey\"><\/span><span class=\"nr-icon nr-star grey\"><\/span><span class=\"nr-icon nr-star grey\"><\/span><span class=\"nr-icon nr-star grey\"><\/span><\/div><div style=\"color: #4FB8D7 !important\"><span class=\"nr-icon nr-star\" style=\"width:20%;\"><\/span><span class=\"nr-icon nr-star\" style=\"width:20%;\"><\/span><span class=\"nr-icon nr-star\" style=\"width:20%;\"><\/span><span class=\"nr-icon nr-star\" style=\"width:20%;\"><\/span><span class=\"nr-icon nr-star\" style=\"width:20%;\"><\/span><\/div> <span class=\"reviewCount\">2 avis<\/span><\/div><\/a><span class=\" rw_stelvision_product_in_stock \"><span class=\"rw_stelvision_product_stock_msg\">En stock<\/span><\/span><a href=\"\/astro\/wp-json\/wp\/v2\/posts\/70240?add-to-cart=72695\" aria-describedby=\"woocommerce_loop_add_to_cart_link_describedby_72695_3\" data-quantity=\"1\" data-product_id=\"72695\" data-product-title=\"T\u00e9lescope mini-Dobson MaksyGo 60&lt;div class=&quot;stel-product-item-review-wrapper&quot;&gt;&lt;div class=&quot;skeepers_product__stars&quot; data-product-id=&quot;72695&quot;&gt;&lt;\/div&gt;&lt;\/div&gt;\" class=\"button product_type_simple add_to_cart_button ajax_add_to_cart\" data-product_id=\"72695\" data-product_sku=\"6975787490075\" aria-label=\"Ajouter au panier\u00a0: &ldquo;T\u00e9lescope mini-Dobson MaksyGo 60&rdquo;\" rel=\"nofollow\" data-success_message=\"\u00ab\u00a0T\u00e9lescope mini-Dobson MaksyGo 60\u00a0\u00bb a \u00e9t\u00e9 ajout\u00e9 \u00e0 votre panier\" role=\"button\">Ajouter au panier<\/a><span id=\"woocommerce_loop_add_to_cart_link_describedby_72695_3\" class=\"screen-reader-text\"><\/span><\/div><\/li>\n<\/ul>\n<\/div><\/div><\/li><\/ul><button type=\"button\" class=\"slider-nav\" title=\"Slide pr&eacute;c&eacute;dente\"><\/button><button type=\"button\" class=\"slider-nav slider-nav-next\" title=\"Slide suivante\"><\/button><\/div><script type=\"text\/javascript\">\/*!rw_stel_js*\/rw_stelvision_theme_ready(\"rw_stelvision_theme\",function(){rw_stelvision_theme.swiffySliderAutoSlideSizes();});<\/script><\/div><\/div>\n","protected":false},"excerpt":{"rendered":"<p>Le 12 ao\u00fbt 2025 et autour de cette date, deux plan\u00e8tes tr\u00e8s brillantes forment un duo serr\u00e9 dans le ciel de l&rsquo;aube. Un spectacle \u00e0 appr\u00e9cier \u00e0 l&rsquo;\u0153il nu, aux jumelles ou au t\u00e9lescope.<\/p>\n","protected":false},"author":1,"featured_media":70244,"comment_status":"closed","ping_status":"closed","sticky":false,"template":"","format":"standard","meta":{"_acf_changed":false,"footnotes":""},"categories":[2],"tags":[],"class_list":["post-70240","post","type-post","status-publish","format-standard","has-post-thumbnail","hentry","category-observer-le-ciel"],"acf":[],"yoast_head":"<!-- This site is optimized with the Yoast SEO plugin v27.1.1 - https:\/\/yoast.com\/product\/yoast-seo-wordpress\/ -->\n<title>Un superbe duo V\u00e9nus-Jupiter \u00e0 l&#039;aube<\/title>\n<meta name=\"description\" content=\"Le 12 ao\u00fbt 2025, deux plan\u00e8tes tr\u00e8s brillantes forment un duo serr\u00e9 dans le ciel. Un spectacle \u00e0 appr\u00e9cier \u00e0 l&#039;\u0153il nu ou au t\u00e9lescope.\" \/>\n<meta name=\"robots\" content=\"index, follow, max-snippet:-1, max-image-preview:large, max-video-preview:-1\" \/>\n<link rel=\"canonical\" href=\"https:\/\/www.stelvision.com\/astro\/un-superbe-duo-venus-jupiter-a-laube\/\" \/>\n<meta property=\"og:locale\" content=\"fr_FR\" \/>\n<meta property=\"og:type\" content=\"article\" \/>\n<meta property=\"og:title\" content=\"Un superbe duo V\u00e9nus-Jupiter \u00e0 l&#039;aube\" \/>\n<meta property=\"og:description\" content=\"Le 12 ao\u00fbt 2025, deux plan\u00e8tes tr\u00e8s brillantes forment un duo serr\u00e9 dans le ciel. Un spectacle \u00e0 appr\u00e9cier \u00e0 l&#039;\u0153il nu ou au t\u00e9lescope.\" \/>\n<meta property=\"og:url\" content=\"https:\/\/www.stelvision.com\/astro\/un-superbe-duo-venus-jupiter-a-laube\/\" \/>\n<meta property=\"og:site_name\" content=\"Stelvision\" \/>\n<meta property=\"article:publisher\" content=\"https:\/\/www.facebook.com\/people\/Stelvision\/100063368192331\/\" \/>\n<meta property=\"article:published_time\" content=\"2025-07-23T07:57:26+00:00\" \/>\n<meta property=\"article:modified_time\" content=\"2025-09-03T15:52:38+00:00\" \/>\n<meta property=\"og:image\" content=\"https:\/\/www.stelvision.com\/astro\/wp-content\/uploads\/2025\/07\/12_aout_2025_aube_rapprochement_Venus_Jupiter_1200x900.webp\" \/>\n\t<meta property=\"og:image:width\" content=\"1200\" \/>\n\t<meta property=\"og:image:height\" content=\"900\" \/>\n\t<meta property=\"og:image:type\" content=\"image\/webp\" \/>\n<meta name=\"author\" content=\"Bertrand d&#039;Armagnac\" \/>\n<meta name=\"twitter:card\" content=\"summary_large_image\" \/>\n<meta name=\"twitter:label1\" content=\"\u00c9crit par\" \/>\n\t<meta name=\"twitter:data1\" content=\"Bertrand d&#039;Armagnac\" \/>\n\t<meta name=\"twitter:label2\" content=\"Dur\u00e9e de lecture estim\u00e9e\" \/>\n\t<meta name=\"twitter:data2\" content=\"3 minutes\" \/>\n<script type=\"application\/ld+json\" class=\"yoast-schema-graph\">{\"@context\":\"https:\/\/schema.org\",\"@graph\":[{\"@type\":\"Article\",\"@id\":\"https:\/\/www.stelvision.com\/astro\/un-superbe-duo-venus-jupiter-a-laube\/#article\",\"isPartOf\":{\"@id\":\"https:\/\/www.stelvision.com\/astro\/un-superbe-duo-venus-jupiter-a-laube\/\"},\"author\":{\"name\":\"Bertrand d'Armagnac\",\"@id\":\"https:\/\/www.stelvision.com\/astro\/#\/schema\/person\/46766957349a30f84232506532ab805d\"},\"headline\":\"Un superbe duo V\u00e9nus-Jupiter \u00e0 l&rsquo;aube\",\"datePublished\":\"2025-07-23T07:57:26+00:00\",\"dateModified\":\"2025-09-03T15:52:38+00:00\",\"mainEntityOfPage\":{\"@id\":\"https:\/\/www.stelvision.com\/astro\/un-superbe-duo-venus-jupiter-a-laube\/\"},\"wordCount\":432,\"publisher\":{\"@id\":\"https:\/\/www.stelvision.com\/astro\/#organization\"},\"image\":{\"@id\":\"https:\/\/www.stelvision.com\/astro\/un-superbe-duo-venus-jupiter-a-laube\/#primaryimage\"},\"thumbnailUrl\":\"https:\/\/www.stelvision.com\/astro\/wp-content\/uploads\/2025\/07\/12_aout_2025_aube_rapprochement_Venus_Jupiter_1200x900.webp\",\"articleSection\":[\"Observer le ciel\"],\"inLanguage\":\"fr-FR\"},{\"@type\":\"WebPage\",\"@id\":\"https:\/\/www.stelvision.com\/astro\/un-superbe-duo-venus-jupiter-a-laube\/\",\"url\":\"https:\/\/www.stelvision.com\/astro\/un-superbe-duo-venus-jupiter-a-laube\/\",\"name\":\"Un superbe duo V\u00e9nus-Jupiter \u00e0 l'aube\",\"isPartOf\":{\"@id\":\"https:\/\/www.stelvision.com\/astro\/#website\"},\"primaryImageOfPage\":{\"@id\":\"https:\/\/www.stelvision.com\/astro\/un-superbe-duo-venus-jupiter-a-laube\/#primaryimage\"},\"image\":{\"@id\":\"https:\/\/www.stelvision.com\/astro\/un-superbe-duo-venus-jupiter-a-laube\/#primaryimage\"},\"thumbnailUrl\":\"https:\/\/www.stelvision.com\/astro\/wp-content\/uploads\/2025\/07\/12_aout_2025_aube_rapprochement_Venus_Jupiter_1200x900.webp\",\"datePublished\":\"2025-07-23T07:57:26+00:00\",\"dateModified\":\"2025-09-03T15:52:38+00:00\",\"description\":\"Le 12 ao\u00fbt 2025, deux plan\u00e8tes tr\u00e8s brillantes forment un duo serr\u00e9 dans le ciel. Un spectacle \u00e0 appr\u00e9cier \u00e0 l'\u0153il nu ou au t\u00e9lescope.\",\"breadcrumb\":{\"@id\":\"https:\/\/www.stelvision.com\/astro\/un-superbe-duo-venus-jupiter-a-laube\/#breadcrumb\"},\"inLanguage\":\"fr-FR\",\"potentialAction\":[{\"@type\":\"ReadAction\",\"target\":[\"https:\/\/www.stelvision.com\/astro\/un-superbe-duo-venus-jupiter-a-laube\/\"]}]},{\"@type\":\"ImageObject\",\"inLanguage\":\"fr-FR\",\"@id\":\"https:\/\/www.stelvision.com\/astro\/un-superbe-duo-venus-jupiter-a-laube\/#primaryimage\",\"url\":\"https:\/\/www.stelvision.com\/astro\/wp-content\/uploads\/2025\/07\/12_aout_2025_aube_rapprochement_Venus_Jupiter_1200x900.webp\",\"contentUrl\":\"https:\/\/www.stelvision.com\/astro\/wp-content\/uploads\/2025\/07\/12_aout_2025_aube_rapprochement_Venus_Jupiter_1200x900.webp\",\"width\":1200,\"height\":900,\"caption\":\"illustration montrant le rapprochement V\u00e9nus-Jupiter \u00e0 l'aube du 12 ao\u00fbt 2025 - cr\u00e9dit Stelvision\"},{\"@type\":\"BreadcrumbList\",\"@id\":\"https:\/\/www.stelvision.com\/astro\/un-superbe-duo-venus-jupiter-a-laube\/#breadcrumb\",\"itemListElement\":[{\"@type\":\"ListItem\",\"position\":1,\"name\":\"Accueil\",\"item\":\"https:\/\/www.stelvision.com\/astro\/\"},{\"@type\":\"ListItem\",\"position\":2,\"name\":\"Un superbe duo V\u00e9nus-Jupiter \u00e0 l&#8217;aube\"}]},{\"@type\":\"WebSite\",\"@id\":\"https:\/\/www.stelvision.com\/astro\/#website\",\"url\":\"https:\/\/www.stelvision.com\/astro\/\",\"name\":\"Stelvision\",\"description\":\"conseils, livres et mat\u00e9riel d&#039;observation du ciel\",\"publisher\":{\"@id\":\"https:\/\/www.stelvision.com\/astro\/#organization\"},\"potentialAction\":[{\"@type\":\"SearchAction\",\"target\":{\"@type\":\"EntryPoint\",\"urlTemplate\":\"https:\/\/www.stelvision.com\/astro\/?s={search_term_string}\"},\"query-input\":{\"@type\":\"PropertyValueSpecification\",\"valueRequired\":true,\"valueName\":\"search_term_string\"}}],\"inLanguage\":\"fr-FR\"},{\"@type\":\"Organization\",\"@id\":\"https:\/\/www.stelvision.com\/astro\/#organization\",\"name\":\"Stelvision\",\"url\":\"https:\/\/www.stelvision.com\/astro\/\",\"logo\":{\"@type\":\"ImageObject\",\"inLanguage\":\"fr-FR\",\"@id\":\"https:\/\/www.stelvision.com\/astro\/#\/schema\/logo\/image\/\",\"url\":\"https:\/\/www.stelvision.com\/astro\/wp-content\/uploads\/2019\/03\/logo_lisse_bleu_Stelvision_600.png\",\"contentUrl\":\"https:\/\/www.stelvision.com\/astro\/wp-content\/uploads\/2019\/03\/logo_lisse_bleu_Stelvision_600.png\",\"width\":600,\"height\":277,\"caption\":\"Stelvision\"},\"image\":{\"@id\":\"https:\/\/www.stelvision.com\/astro\/#\/schema\/logo\/image\/\"},\"sameAs\":[\"https:\/\/www.facebook.com\/people\/Stelvision\/100063368192331\/\"]},{\"@type\":\"Person\",\"@id\":\"https:\/\/www.stelvision.com\/astro\/#\/schema\/person\/46766957349a30f84232506532ab805d\",\"name\":\"Bertrand d'Armagnac\",\"url\":\"https:\/\/www.stelvision.com\/astro\/author\/administel\/\"}]}<\/script>\n<!-- \/ Yoast SEO plugin. -->","yoast_head_json":{"title":"Un superbe duo V\u00e9nus-Jupiter \u00e0 l'aube","description":"Le 12 ao\u00fbt 2025, deux plan\u00e8tes tr\u00e8s brillantes forment un duo serr\u00e9 dans le ciel. Un spectacle \u00e0 appr\u00e9cier \u00e0 l'\u0153il nu ou au t\u00e9lescope.","robots":{"index":"index","follow":"follow","max-snippet":"max-snippet:-1","max-image-preview":"max-image-preview:large","max-video-preview":"max-video-preview:-1"},"canonical":"https:\/\/www.stelvision.com\/astro\/un-superbe-duo-venus-jupiter-a-laube\/","og_locale":"fr_FR","og_type":"article","og_title":"Un superbe duo V\u00e9nus-Jupiter \u00e0 l'aube","og_description":"Le 12 ao\u00fbt 2025, deux plan\u00e8tes tr\u00e8s brillantes forment un duo serr\u00e9 dans le ciel. Un spectacle \u00e0 appr\u00e9cier \u00e0 l'\u0153il nu ou au t\u00e9lescope.","og_url":"https:\/\/www.stelvision.com\/astro\/un-superbe-duo-venus-jupiter-a-laube\/","og_site_name":"Stelvision","article_publisher":"https:\/\/www.facebook.com\/people\/Stelvision\/100063368192331\/","article_published_time":"2025-07-23T07:57:26+00:00","article_modified_time":"2025-09-03T15:52:38+00:00","og_image":[{"width":1200,"height":900,"url":"https:\/\/www.stelvision.com\/astro\/wp-content\/uploads\/2025\/07\/12_aout_2025_aube_rapprochement_Venus_Jupiter_1200x900.webp","type":"image\/webp"}],"author":"Bertrand d'Armagnac","twitter_card":"summary_large_image","twitter_misc":{"\u00c9crit par":"Bertrand d'Armagnac","Dur\u00e9e de lecture estim\u00e9e":"3 minutes"},"schema":{"@context":"https:\/\/schema.org","@graph":[{"@type":"Article","@id":"https:\/\/www.stelvision.com\/astro\/un-superbe-duo-venus-jupiter-a-laube\/#article","isPartOf":{"@id":"https:\/\/www.stelvision.com\/astro\/un-superbe-duo-venus-jupiter-a-laube\/"},"author":{"name":"Bertrand d'Armagnac","@id":"https:\/\/www.stelvision.com\/astro\/#\/schema\/person\/46766957349a30f84232506532ab805d"},"headline":"Un superbe duo V\u00e9nus-Jupiter \u00e0 l&rsquo;aube","datePublished":"2025-07-23T07:57:26+00:00","dateModified":"2025-09-03T15:52:38+00:00","mainEntityOfPage":{"@id":"https:\/\/www.stelvision.com\/astro\/un-superbe-duo-venus-jupiter-a-laube\/"},"wordCount":432,"publisher":{"@id":"https:\/\/www.stelvision.com\/astro\/#organization"},"image":{"@id":"https:\/\/www.stelvision.com\/astro\/un-superbe-duo-venus-jupiter-a-laube\/#primaryimage"},"thumbnailUrl":"https:\/\/www.stelvision.com\/astro\/wp-content\/uploads\/2025\/07\/12_aout_2025_aube_rapprochement_Venus_Jupiter_1200x900.webp","articleSection":["Observer le ciel"],"inLanguage":"fr-FR"},{"@type":"WebPage","@id":"https:\/\/www.stelvision.com\/astro\/un-superbe-duo-venus-jupiter-a-laube\/","url":"https:\/\/www.stelvision.com\/astro\/un-superbe-duo-venus-jupiter-a-laube\/","name":"Un superbe duo V\u00e9nus-Jupiter \u00e0 l'aube","isPartOf":{"@id":"https:\/\/www.stelvision.com\/astro\/#website"},"primaryImageOfPage":{"@id":"https:\/\/www.stelvision.com\/astro\/un-superbe-duo-venus-jupiter-a-laube\/#primaryimage"},"image":{"@id":"https:\/\/www.stelvision.com\/astro\/un-superbe-duo-venus-jupiter-a-laube\/#primaryimage"},"thumbnailUrl":"https:\/\/www.stelvision.com\/astro\/wp-content\/uploads\/2025\/07\/12_aout_2025_aube_rapprochement_Venus_Jupiter_1200x900.webp","datePublished":"2025-07-23T07:57:26+00:00","dateModified":"2025-09-03T15:52:38+00:00","description":"Le 12 ao\u00fbt 2025, deux plan\u00e8tes tr\u00e8s brillantes forment un duo serr\u00e9 dans le ciel. Un spectacle \u00e0 appr\u00e9cier \u00e0 l'\u0153il nu ou au t\u00e9lescope.","breadcrumb":{"@id":"https:\/\/www.stelvision.com\/astro\/un-superbe-duo-venus-jupiter-a-laube\/#breadcrumb"},"inLanguage":"fr-FR","potentialAction":[{"@type":"ReadAction","target":["https:\/\/www.stelvision.com\/astro\/un-superbe-duo-venus-jupiter-a-laube\/"]}]},{"@type":"ImageObject","inLanguage":"fr-FR","@id":"https:\/\/www.stelvision.com\/astro\/un-superbe-duo-venus-jupiter-a-laube\/#primaryimage","url":"https:\/\/www.stelvision.com\/astro\/wp-content\/uploads\/2025\/07\/12_aout_2025_aube_rapprochement_Venus_Jupiter_1200x900.webp","contentUrl":"https:\/\/www.stelvision.com\/astro\/wp-content\/uploads\/2025\/07\/12_aout_2025_aube_rapprochement_Venus_Jupiter_1200x900.webp","width":1200,"height":900,"caption":"illustration montrant le rapprochement V\u00e9nus-Jupiter \u00e0 l'aube du 12 ao\u00fbt 2025 - cr\u00e9dit Stelvision"},{"@type":"BreadcrumbList","@id":"https:\/\/www.stelvision.com\/astro\/un-superbe-duo-venus-jupiter-a-laube\/#breadcrumb","itemListElement":[{"@type":"ListItem","position":1,"name":"Accueil","item":"https:\/\/www.stelvision.com\/astro\/"},{"@type":"ListItem","position":2,"name":"Un superbe duo V\u00e9nus-Jupiter \u00e0 l&#8217;aube"}]},{"@type":"WebSite","@id":"https:\/\/www.stelvision.com\/astro\/#website","url":"https:\/\/www.stelvision.com\/astro\/","name":"Stelvision","description":"conseils, livres et mat\u00e9riel d&#039;observation du ciel","publisher":{"@id":"https:\/\/www.stelvision.com\/astro\/#organization"},"potentialAction":[{"@type":"SearchAction","target":{"@type":"EntryPoint","urlTemplate":"https:\/\/www.stelvision.com\/astro\/?s={search_term_string}"},"query-input":{"@type":"PropertyValueSpecification","valueRequired":true,"valueName":"search_term_string"}}],"inLanguage":"fr-FR"},{"@type":"Organization","@id":"https:\/\/www.stelvision.com\/astro\/#organization","name":"Stelvision","url":"https:\/\/www.stelvision.com\/astro\/","logo":{"@type":"ImageObject","inLanguage":"fr-FR","@id":"https:\/\/www.stelvision.com\/astro\/#\/schema\/logo\/image\/","url":"https:\/\/www.stelvision.com\/astro\/wp-content\/uploads\/2019\/03\/logo_lisse_bleu_Stelvision_600.png","contentUrl":"https:\/\/www.stelvision.com\/astro\/wp-content\/uploads\/2019\/03\/logo_lisse_bleu_Stelvision_600.png","width":600,"height":277,"caption":"Stelvision"},"image":{"@id":"https:\/\/www.stelvision.com\/astro\/#\/schema\/logo\/image\/"},"sameAs":["https:\/\/www.facebook.com\/people\/Stelvision\/100063368192331\/"]},{"@type":"Person","@id":"https:\/\/www.stelvision.com\/astro\/#\/schema\/person\/46766957349a30f84232506532ab805d","name":"Bertrand d'Armagnac","url":"https:\/\/www.stelvision.com\/astro\/author\/administel\/"}]}},"_links":{"self":[{"href":"https:\/\/www.stelvision.com\/astro\/wp-json\/wp\/v2\/posts\/70240","targetHints":{"allow":["GET"]}}],"collection":[{"href":"https:\/\/www.stelvision.com\/astro\/wp-json\/wp\/v2\/posts"}],"about":[{"href":"https:\/\/www.stelvision.com\/astro\/wp-json\/wp\/v2\/types\/post"}],"author":[{"embeddable":true,"href":"https:\/\/www.stelvision.com\/astro\/wp-json\/wp\/v2\/users\/1"}],"replies":[{"embeddable":true,"href":"https:\/\/www.stelvision.com\/astro\/wp-json\/wp\/v2\/comments?post=70240"}],"version-history":[{"count":6,"href":"https:\/\/www.stelvision.com\/astro\/wp-json\/wp\/v2\/posts\/70240\/revisions"}],"predecessor-version":[{"id":70288,"href":"https:\/\/www.stelvision.com\/astro\/wp-json\/wp\/v2\/posts\/70240\/revisions\/70288"}],"wp:featuredmedia":[{"embeddable":true,"href":"https:\/\/www.stelvision.com\/astro\/wp-json\/wp\/v2\/media\/70244"}],"wp:attachment":[{"href":"https:\/\/www.stelvision.com\/astro\/wp-json\/wp\/v2\/media?parent=70240"}],"wp:term":[{"taxonomy":"category","embeddable":true,"href":"https:\/\/www.stelvision.com\/astro\/wp-json\/wp\/v2\/categories?post=70240"},{"taxonomy":"post_tag","embeddable":true,"href":"https:\/\/www.stelvision.com\/astro\/wp-json\/wp\/v2\/tags?post=70240"}],"curies":[{"name":"wp","href":"https:\/\/api.w.org\/{rel}","templated":true}]}}