{"id":70770,"date":"2025-08-25T11:48:39","date_gmt":"2025-08-25T09:48:39","guid":{"rendered":"https:\/\/www.stelvision.com\/astro\/?p=70770"},"modified":"2026-01-15T15:17:22","modified_gmt":"2026-01-15T14:17:22","slug":"photo-eclipses-hdr","status":"publish","type":"post","link":"https:\/\/www.stelvision.com\/astro\/photo-eclipses-hdr\/","title":{"rendered":"Conseils pour r\u00e9ussir ses photos d&rsquo;\u00e9clipse de Soleil en HDR"},"content":{"rendered":"\n<p>Par Jean-Marc Lecleire, auteur du livre <em><a href=\"https:\/\/www.stelvision.com\/astro\/boutique\/les-soleils-noirs-de-2026-et-2027\/\">Les Soleils noirs de 2026 et 2027<\/a><\/em> (\u00e9ditions Stelvision).<\/p>\n\n\n\n<figure class=\"wp-block-image size-large\"><img decoding=\"async\" width=\"1024\" height=\"767\" src=\"https:\/\/www.stelvision.com\/astro\/wp-content\/uploads\/2025\/10\/eclipse-1024x767.webp\" alt=\"Photographie HDR de la couronne solaire r\u00e9alis\u00e9e le 11 juillet 2010 \u00e0 l'\u00eele de P\u00e2ques. Photo : Jean-Marc Lecleire.\" class=\"wp-image-71728\" srcset=\"https:\/\/www.stelvision.com\/astro\/wp-content\/uploads\/2025\/10\/eclipse-1024x767.webp 1024w, https:\/\/www.stelvision.com\/astro\/wp-content\/uploads\/2025\/10\/eclipse-300x225.webp 300w, https:\/\/www.stelvision.com\/astro\/wp-content\/uploads\/2025\/10\/eclipse-800x600.webp 800w, https:\/\/www.stelvision.com\/astro\/wp-content\/uploads\/2025\/10\/eclipse-1140x854.webp 1140w, https:\/\/www.stelvision.com\/astro\/wp-content\/uploads\/2025\/10\/eclipse-750x562.webp 750w, https:\/\/www.stelvision.com\/astro\/wp-content\/uploads\/2025\/10\/eclipse-570x427.webp 570w, https:\/\/www.stelvision.com\/astro\/wp-content\/uploads\/2025\/10\/eclipse-368x276.webp 368w, https:\/\/www.stelvision.com\/astro\/wp-content\/uploads\/2025\/10\/eclipse-270x202.webp 270w, https:\/\/www.stelvision.com\/astro\/wp-content\/uploads\/2025\/10\/eclipse-1000x749.webp 1000w, https:\/\/www.stelvision.com\/astro\/wp-content\/uploads\/2025\/10\/eclipse.webp 1200w\" sizes=\"(max-width: 1024px) 100vw, 1024px\" \/><figcaption class=\"wp-element-caption\"><strong>Photographie HDR de la couronne solaire r\u00e9alis\u00e9e le 11 juillet 2010 \u00e0 l&rsquo;\u00eele de P\u00e2ques. La tr\u00e8s grande dynamique de la couronne est ici comprim\u00e9e afin de visualiser \u00e0 la fois les parties les plus lumineuses de la basse couronne et la lumi\u00e8re cendr\u00e9e de la Lune, environ 1000 fois plus faible.<\/strong> <small>Photo : Jean-Marc Lecleire.<\/small><\/figcaption><\/figure>\n\n\n\n<h2 class=\"wp-block-heading\">Qu&rsquo;est-ce qu&rsquo;une photo HDR ?<\/h2>\n\n\n\n<p>Une photo HDR (de l&rsquo;anglais <em>High Dynamic Range <\/em>ou <em>image \u00e0 dynamique \u00e9tendue <\/em>en fran\u00e7ais) est une image \u00e0 grande dynamique qui contient toutes les informations lumineuses pr\u00e9sentes dans une sc\u00e8ne comportant \u00e0 la fois des sujets tr\u00e8s lumineux et d&rsquo;autres tr\u00e8s sombres. Ce proc\u00e9d\u00e9 permet de photographier des sujets pr\u00e9sentant de tr\u00e8s grands \u00e9carts de luminosit\u00e9, impossibles \u00e0 restituer avec des moyens photographiques conventionnels. Cette technique, tr\u00e8s r\u00e9pandue chez les photographes d&rsquo;int\u00e9rieur (notamment en photo immobili\u00e8re), peut \u00eatre appliqu\u00e9e avec succ\u00e8s aux objets c\u00e9lestes, et en particulier aux \u00e9clipses.<\/p>\n\n\n\n<p>Pour en savoir plus sur la photographie \u00e0 grande gamme dynamique, n&rsquo;h\u00e9sitez pas \u00e0 consulter l&rsquo;article de <strong><a href=\"https:\/\/fr.wikipedia.org\/wiki\/Imagerie_%C3%A0_grande_gamme_dynamique\">Wikipedia<\/a>.<\/strong><\/p>\n\n\n\n<p>En raison de leur tr\u00e8s grande dynamique, les images HDR (32 bits par couche de couleur) ne peuvent \u00eatre affich\u00e9es en l&rsquo;\u00e9tat sur un moniteur ou sur du papier photographique. Il convient donc de comprimer la dynamique de l&rsquo;image afin de pouvoir la visualiser correctement. Cette op\u00e9ration s&rsquo;appelle le \u00ab<strong>Tone mapping <\/strong>\u00bb.<\/p>\n\n\n\n<p>Pour information, la dynamique d&rsquo;une image HDR peut d\u00e9passer 100 000:1 alors que celle des supports habituels est typiquement de 100 \u00e0 200:1.<\/p>\n\n\n\n<p>En r\u00e9sum\u00e9, que ce soit en photographie classique ou astronomique, la r\u00e9alisation d&rsquo;images \u00e0 dynamique \u00e9tendue s&rsquo;effectue en deux \u00e9tapes :<\/p>\n\n\n\n<ol class=\"wp-block-list\">\n<li>R\u00e9alisation de plusieurs prises de vues du m\u00eame sujet avec des temps d&rsquo;exposition diff\u00e9rents qui seront ensuite combin\u00e9es pour cr\u00e9er une image HDR.<\/li>\n\n\n\n<li>Traitement de l&rsquo;image HDR par un proc\u00e9d\u00e9 de tone-mapping en vue de l&rsquo;enregistrement et de l&rsquo;affichage du r\u00e9sultat final.<\/li>\n<\/ol>\n\n\n\n<figure class=\"wp-block-image size-large\"><img decoding=\"async\" width=\"1024\" height=\"340\" src=\"https:\/\/www.stelvision.com\/astro\/wp-content\/uploads\/2025\/10\/hdr1-1024x340.webp\" alt=\"Exemple de photo r\u00e9alis\u00e9e \u00e0 contre-jour au lever du jour. A gauche une image conventionnelle (onparle aussi d'image LDR, ou Low Dynamic Range) montrant le premier plan correctement expos\u00e9 alors que le ciel est beaucoup trop clair. A droite, l'image HDR correspondante montre \u00e0 la fois le premier plan et le ciel correctement expos\u00e9s.\" class=\"wp-image-71729\" srcset=\"https:\/\/www.stelvision.com\/astro\/wp-content\/uploads\/2025\/10\/hdr1-1024x340.webp 1024w, https:\/\/www.stelvision.com\/astro\/wp-content\/uploads\/2025\/10\/hdr1-300x99.webp 300w, https:\/\/www.stelvision.com\/astro\/wp-content\/uploads\/2025\/10\/hdr1-800x265.webp 800w, https:\/\/www.stelvision.com\/astro\/wp-content\/uploads\/2025\/10\/hdr1-1140x378.webp 1140w, https:\/\/www.stelvision.com\/astro\/wp-content\/uploads\/2025\/10\/hdr1-750x249.webp 750w, https:\/\/www.stelvision.com\/astro\/wp-content\/uploads\/2025\/10\/hdr1-570x189.webp 570w, https:\/\/www.stelvision.com\/astro\/wp-content\/uploads\/2025\/10\/hdr1-368x122.webp 368w, https:\/\/www.stelvision.com\/astro\/wp-content\/uploads\/2025\/10\/hdr1-270x90.webp 270w, https:\/\/www.stelvision.com\/astro\/wp-content\/uploads\/2025\/10\/hdr1-1000x332.webp 1000w, https:\/\/www.stelvision.com\/astro\/wp-content\/uploads\/2025\/10\/hdr1.webp 1954w\" sizes=\"(max-width: 1024px) 100vw, 1024px\" \/><figcaption class=\"wp-element-caption\"><strong>Exemple de photo r\u00e9alis\u00e9e \u00e0 contre-jour au lever du jour. A gauche une image conventionnelle (on parle aussi d&rsquo;image LDR, ou Low Dynamic Range) montrant le premier plan correctement expos\u00e9 alors que le ciel est beaucoup trop clair. A droite, l&rsquo;image HDR correspondante montre \u00e0 la fois le premier plan et le ciel correctement expos\u00e9s.<\/strong> <\/figcaption><\/figure>\n\n\n\n<figure class=\"wp-block-image size-large\"><img decoding=\"async\" width=\"1024\" height=\"591\" src=\"https:\/\/www.stelvision.com\/astro\/wp-content\/uploads\/2025\/10\/principe_hdr-1024x591.webp\" alt=\"Sch\u00e9ma expliquant la capture de la dynamique d'une sc\u00e8ne \u00e0 partir de prises de vues classiques. A gauche, l'image la plus claire montre les zones sombres de la sc\u00e8ne. Au centre, l'image est &quot;correctement&quot; expos\u00e9e d'apr\u00e8s la cellule de l'appareil photo. A droite, l'image est plus sombre mais montre les parties les plus lumineuses, correctement expos\u00e9es. La fusion de ces trois clich\u00e9s bracket\u00e9s constitue une image HDR.\" class=\"wp-image-71730\" srcset=\"https:\/\/www.stelvision.com\/astro\/wp-content\/uploads\/2025\/10\/principe_hdr-1024x591.webp 1024w, https:\/\/www.stelvision.com\/astro\/wp-content\/uploads\/2025\/10\/principe_hdr-300x173.webp 300w, https:\/\/www.stelvision.com\/astro\/wp-content\/uploads\/2025\/10\/principe_hdr-800x462.webp 800w, https:\/\/www.stelvision.com\/astro\/wp-content\/uploads\/2025\/10\/principe_hdr-750x433.webp 750w, https:\/\/www.stelvision.com\/astro\/wp-content\/uploads\/2025\/10\/principe_hdr-570x329.webp 570w, https:\/\/www.stelvision.com\/astro\/wp-content\/uploads\/2025\/10\/principe_hdr-368x212.webp 368w, https:\/\/www.stelvision.com\/astro\/wp-content\/uploads\/2025\/10\/principe_hdr-270x156.webp 270w, https:\/\/www.stelvision.com\/astro\/wp-content\/uploads\/2025\/10\/principe_hdr-1000x577.webp 1000w, https:\/\/www.stelvision.com\/astro\/wp-content\/uploads\/2025\/10\/principe_hdr.webp 1118w\" sizes=\"(max-width: 1024px) 100vw, 1024px\" \/><figcaption class=\"wp-element-caption\"><strong>Sch\u00e9ma expliquant la capture de la dynamique d&rsquo;une sc\u00e8ne \u00e0 partir de prises de vues classiques. A gauche, l&rsquo;image la plus claire montre les zones sombres de la sc\u00e8ne. Au centre, l&rsquo;image est \u00ab\u00a0correctement\u00a0\u00bb expos\u00e9e d&rsquo;apr\u00e8s la cellule de l&rsquo;appareil photo. A droite, l&rsquo;image est plus sombre mais montre les parties les plus lumineuses, correctement expos\u00e9es. La fusion de ces trois clich\u00e9s bracket\u00e9s constitue une image HDR.<\/strong><\/figcaption><\/figure>\n\n\n\n<p>Dans la plupart des cas, en photographie de paysage, trois clich\u00e9s bracket\u00e9s (un clich\u00e9 correctement expos\u00e9, un sous-expos\u00e9 et un sur-expos\u00e9 comme dans l&rsquo;exemple ci-dessus) suffisent pour r\u00e9aliser de magnifiques images HDR. Avec des sujets astronomiques comme les \u00e9clipses de Soleil ou la lumi\u00e8re cendr\u00e9e de la Lune, il est parfois n\u00e9cessaire de prendre dix images bracket\u00e9es pour couvrir toute la dynamique de la sc\u00e8ne (on le verra plus bas) !<\/p>\n\n\n\n<p>Le principal int\u00e9r\u00eat du HDR en astronomie est d&rsquo;obtenir une image aussi proche que possible de l&rsquo;aspect visuel per\u00e7u \u00e0 l&rsquo;\u0153il nu ou \u00e0 l&rsquo;oculaire d&rsquo;un instrument (jumelles, lunette astronomique ou t\u00e9lescope).<\/p>\n\n\n\n<figure class=\"wp-block-image size-full\"><img decoding=\"async\" width=\"693\" height=\"325\" src=\"https:\/\/www.stelvision.com\/astro\/wp-content\/uploads\/2025\/10\/earthshine160809_1.webp\" alt=\"Deux exemples de photos HDR de la Lune : \u00e0 gauche la lumi\u00e8re cendr\u00e9e ; \u00e0 droite une \u00e9clipse partielle de Lune. Le rendu est tr\u00e8s proche de ce qu'on observe \u00e0 l'oculaire d'un t\u00e9lescope.\" class=\"wp-image-71731\" srcset=\"https:\/\/www.stelvision.com\/astro\/wp-content\/uploads\/2025\/10\/earthshine160809_1.webp 693w, https:\/\/www.stelvision.com\/astro\/wp-content\/uploads\/2025\/10\/earthshine160809_1-300x141.webp 300w, https:\/\/www.stelvision.com\/astro\/wp-content\/uploads\/2025\/10\/earthshine160809_1-570x267.webp 570w, https:\/\/www.stelvision.com\/astro\/wp-content\/uploads\/2025\/10\/earthshine160809_1-368x173.webp 368w, https:\/\/www.stelvision.com\/astro\/wp-content\/uploads\/2025\/10\/earthshine160809_1-270x127.webp 270w\" sizes=\"(max-width: 693px) 100vw, 693px\" \/><figcaption class=\"wp-element-caption\"><strong>Deux exemples de photos HDR de la Lune : \u00e0 gauche la lumi\u00e8re cendr\u00e9e ; \u00e0 droite une \u00e9clipse partielle de Lune. Le rendu est tr\u00e8s proche de ce qu&rsquo;on observe \u00e0 l&rsquo;oculaire d&rsquo;un t\u00e9lescope.<\/strong><\/figcaption><\/figure>\n\n\n\n<h2 class=\"wp-block-heading\">Recommandations pour la prise de vues des photos d&rsquo;\u00e9clipses de Soleil<\/h2>\n\n\n\n<p>Je recommande l&rsquo;utilisation d&rsquo;une monture \u00e9quatoriale motoris\u00e9e pour suivre le mouvement du Soleil pendant l&rsquo;\u00e9clipse. En 2026, l&rsquo;\u00e9clipse durera moins de 2 minutes, et chaque seconde compte.<\/p>\n\n\n\n<p>Une monture \u00e9quatoriale motoris\u00e9e permet de garder le Soleil au centre des photos pendant la totalit\u00e9. Pour une pr\u00e9cision optimale, la monture doit \u00eatre align\u00e9e avec l&rsquo;axe polaire de la Terre. Il est donc conseill\u00e9 de l&rsquo;installer et de la tester si possible de nuit la veille de l&rsquo;\u00e9clipse, en r\u00e9glant l&rsquo;axe polaire de la monture sur l&rsquo;\u00e9toile Polaire.<\/p>\n\n\n\n<p>Avec une lunette ou un t\u00e9l\u00e9objectif ayant une ouverture de f\/8, je recommande des expositions variant de 1\/2 \u00e0 1\/500 seconde, avec une sensibilit\u00e9 de 400 ISO. Cela revient \u00e0 prendre une s\u00e9rie de9 photos espac\u00e9es de 1 IL. Vitesses d&rsquo;obturation suivantes :1\/500 s, 1\/250 s, 1\/125 s, 1\/60 s, 1\/30 s, 1\/15 s, 1\/8 s, 1\/4 s, 1\/2 s.<\/p>\n\n\n\n<p>Ces vitesses d&rsquo;obturation sont donn\u00e9es pour une ouverture de f\/8. Si vous travaillez \u00e0 f\/5,6, conservez les m\u00eames vitesses d&rsquo;obturation, mais r\u00e9glez la sensibilit\u00e9 de votre appareil photo sur 200ISO au lieu de 400. Si vous travaillez \u00e0 f\/4, r\u00e9glez la sensibilit\u00e9 \u00e0 100 ISO. L&rsquo;id\u00e9al est de travailler avec le rapport d&rsquo;ouverture le plus petit possible (et donc avoir la plus grande luminosit\u00e9) pour utiliser des temps d&rsquo;exposition les plus courts possibles et g\u00e9n\u00e9rer le plus grand nombre de s\u00e9ries d&rsquo;images bracket\u00e9es.<\/p>\n\n\n\n<p>Les expositions courtes sont utiles pour mettre en \u00e9vidence les protub\u00e9rances solaires au tout d\u00e9but et \u00e0 la toute fin de la totalit\u00e9 (les protub\u00e9rances deviennent plus visibles environ 15 secondes apr\u00e8s le d\u00e9but et 15 secondes avant la fin de la totalit\u00e9). Les expositions plus longues permettent de mettre en \u00e9vidence la couronne externe et les \u00e9toiles les plus brillantes situ\u00e9es dans le champ du Soleil. En r\u00e9sum\u00e9, mes deux principales recommandations sont :<\/p>\n\n\n\n<ul class=\"wp-block-list\">\n<li>Utiliser une monture \u00e9quatoriale qui suit le Soleil.<\/li>\n\n\n\n<li>Prendre les photos bracket\u00e9es le plus rapidement possible pour minimiser le d\u00e9calage de l&rsquo;image.<\/li>\n<\/ul>\n\n\n\n<p>Notez que vous devrez aligner manuellement les photos bracket\u00e9es avant de les fusionner en HDR, m\u00eame avec une monture \u00e9quatoriale.<\/p>\n\n\n\n<p>Si vous ne poss\u00e9dez pas de monture \u00e9quatoriale, je vous recommande de planifier le cadrage et la focale afin de capturer la disparition compl\u00e8te du Soleil sans avoir \u00e0 recentrer l&rsquo;appareil photo ni d\u00e9placer le tr\u00e9pied pendant la phase de totalit\u00e9. En 2026, en 1 minute et demie, le Soleil se d\u00e9placera d&rsquo;une distance \u00e9quivalente \u00e0 la moiti\u00e9 de son diam\u00e8tre apparent et il pourra rester dans le champ de votre appareil photo. En 2027, la totalit\u00e9 sera beaucoup plus longue et le cadrage du Soleil ne sera correct que pendant une partie de la totalit\u00e9.<\/p>\n\n\n\n<p>Si vous utilisez une monture azimutale, vous ne pourrez pas superposer correctement les images \u00e0 cause de la rotation de champ. M\u00eame si le Soleil reste centr\u00e9 dans le viseur de votre appareil, il semblera pivoter l\u00e9g\u00e8rement sur lui m\u00eame pendant la dur\u00e9e de l&rsquo;\u00e9clipse.<\/p>\n\n\n\n<p>Si vous utilisez un t\u00e9l\u00e9objectif, effectuez la mise au point en mode manuel (M), car l&rsquo;autofocus ne fonctionne pas bien dans l&rsquo;obscurit\u00e9 et vous risquez de prendre des images floues, surtout \u00e0 l&rsquo;approche de la totalit\u00e9.<\/p>\n\n\n\n<p>Une \u00e9clipse solaire totale est une situation stressante et il est pr\u00e9f\u00e9rable de s&rsquo;y pr\u00e9parer \u00e0 l&rsquo;avance. En effet, beaucoup de choses se passent un peu avant et pendant la totalit\u00e9. Durant les derni\u00e8res minutes avant la totalit\u00e9, assurez-vous d&rsquo;avoir tout pr\u00e9par\u00e9 : mise au point, vitesses d&rsquo;obturation et cadrage. Vous pourrez alors profiter du spectacle sans rester derri\u00e8re votre appareil photo !<\/p>\n\n\n\n<p>Pour r\u00e9ussir, il vous faudra rester tr\u00e8s concentr\u00e9, car la lumi\u00e8re ambiante baisse de fa\u00e7on spectaculaire, les couleurs et les ombres changent, les gens crient et applaudissent partout autour de vous, votre c\u0153ur bat tr\u00e8s fort ; certains pourraient m\u00eame se mettre \u00e0 pleurer. C&rsquo;est une exp\u00e9rience forte et unique \u00e0 la fois.<\/p>\n\n\n\n<h2 class=\"wp-block-heading\">Comment aligner les photos bracket\u00e9es d&rsquo;une \u00e9clipse solaire<\/h2>\n\n\n\n<p>Quel que soit le logiciel HDR que vous utiliserez pour traiter vos images bracket\u00e9es d&rsquo;\u00e9clipse, vous devrez aligner manuellement vos photos de l&rsquo;\u00e9clipse avant de les importer dans le logiciel. La Lune se d\u00e9pla\u00e7ant dans le ciel de \u00bd seconde d&rsquo;arc chaque 2 secondes de temps, il ne faut pas aligner les images sur le disque de la Lune, mais soit sur les protub\u00e9rances quand elles sont visibles, soit sur les d\u00e9tails de la couronne solaire, malheureusement tr\u00e8s peu contrast\u00e9s.<\/p>\n\n\n\n<p>Si vous avez d\u00e9j\u00e0 utilis\u00e9 le logiciel Photomatix Pro, vous avez remarqu\u00e9 qu&rsquo;il existe une fonction d&rsquo;alignement automatique des photos et qui fonctionne tr\u00e8s bien avec les images de paysages, d&rsquo;immobilier ou de personnages. Cette fonction compense les d\u00e9placements et la distorsion introduite par les mouvements de l&rsquo;appareil photo lorsque la prise de vue est faite \u00e0 main lev\u00e9e. En revanche, Photomatix n&rsquo;aligne pas correctement les images d&rsquo;une \u00e9clipse solaire, car le programme est perturb\u00e9 par la pr\u00e9sence du disque noir de la Lune en plein milieu des images.<\/p>\n\n\n\n<p>Si vous utilisez Photoshop, vous pouvez aligner les photos manuellement \u00e0 l&rsquo;aide des calques, comme indiqu\u00e9 ci-dessous :<\/p>\n\n\n\n<ul class=\"wp-block-list\">\n<li>Commencez par charger l&rsquo;image la plus sombre de l&rsquo;ensemble bracket\u00e9 (appelons-la image n\u00b0 1 ; elle montrera les protub\u00e9rances et la basse couronne).<\/li>\n\n\n\n<li>Ajoutez un nouveau calque et chargez-y la deuxi\u00e8me image la plus sombre (image n\u00b0 2).<\/li>\n\n\n\n<li>Alignez les deux calques en utilisant le mode de fusion \u00ab Diff\u00e9rence \u00bb (ce mode met en valeur le contraste des bords pour guider le processus d&rsquo;alignement manuel). Utilisez l&rsquo;image n\u00b0 1 comme r\u00e9f\u00e9rence et d\u00e9calez l&rsquo;image n\u00b0 2 (en utilisant les fl\u00e8ches du clavier pour plus de pr\u00e9cision) jusqu&rsquo;\u00e0 ce qu&rsquo;elle soit parfaitement align\u00e9e avec l&rsquo;image n\u00b0 1.<\/li>\n\n\n\n<li>Une fois les deux premiers calques align\u00e9s, enregistrez l&rsquo;image n\u00b0 2 et fermez l&rsquo;image n\u00b0 1(sans l&rsquo;enregistrer).<\/li>\n\n\n\n<li>Rouvrez l&rsquo;image n\u00b0 2 et chargez la troisi\u00e8me image la plus sombre de l&rsquo;ensemble bracket\u00e9 (image n\u00b0 3) dans un nouveau calque. Utilisez l&rsquo;image n\u00b0 2 comme r\u00e9f\u00e9rence et alignez l&rsquo;image n\u00b0 3 sur elle.<\/li>\n\n\n\n<li>Une fois ces deux calques align\u00e9s, enregistrez l&rsquo;image n\u00b0 3 et fermez l&rsquo;image n\u00b0 2 (sans l&rsquo;enregistrer).<\/li>\n\n\n\n<li>R\u00e9p\u00e9tez ces \u00e9tapes jusqu&rsquo;\u00e0 ce que vous ayez align\u00e9 la derni\u00e8re image (la plus claire de l&rsquo;ensemble bracket\u00e9).<\/li>\n<\/ul>\n\n\n\n<p>Nous vous recommandons d&rsquo;enregistrer les images align\u00e9es au format TIFF 16-bit, mais vous pouvez \u00e9galement les enregistrer au format JPEG avec le taux de compression le moins destructif possible. <\/p>\n\n\n\n<p>Une fois les images pr\u00e9-align\u00e9es manuellement, vous pouvez les charger dans Photomatix Pro. Dans la fen\u00eatre \u00ab Options de fusion vers HDR \u00bb, d\u00e9cochez l&rsquo;option \u00ab Aligner les images \u00bb.Si vous vous pr\u00e9parez pour l&rsquo;\u00e9clipse solaire du 2 ao\u00fbt 2027, notez qu&rsquo;une \u00e9toile brillante appel\u00e9e delta du Cancer sera visible \u00e0 environ \u00bd degr\u00e9 du Soleil. Avec un t\u00e9l\u00e9objectif de 200 mm \u00e0 400mmde focale, vous la retrouverez certainement sur vos photos, m\u00eame les plus courtes. Si cette \u00e9toile est visible sur vos photos bracket\u00e9es, vous pouvez l&rsquo;utiliser pour pr\u00e9-aligner les images avec une plus grande pr\u00e9cision que le disque lunaire.<\/p>\n\n\n\n<h2 class=\"wp-block-heading\">Entra\u00eenez-vous \u00e0 traiter les images donn\u00e9es en exemple<\/h2>\n\n\n\n<p>Vous trouverez sur cette page des exemples d&rsquo;images bracket\u00e9es pr\u00e9-align\u00e9es de la couronne solaire, pour vous entra\u00eener \u00e0 traiter des images avant l&rsquo;\u00e9clipse de 2026 ou de 2027. Elles ont \u00e9t\u00e9 prises \u00e0 l&rsquo;aide d&rsquo;une lunette de 66 mm de diam\u00e8tre et 400 mm de focale et un bo\u00eetier Canon 1000D plac\u00e9 au foyer.<\/p>\n\n\n\n<p>Les temps d&rsquo;exposition des diff\u00e9rentes images sont les suivantes : 1\/125s, 1\/60s, 1\/30s, 1\/15s, 1\/8s,1\/4s, 1\/2s, 1s et 2s (dans l&rsquo;ordre de pr\u00e9sentation).<\/p>\n\n\n\n<p>Cliquez sur les vignettes pour t\u00e9l\u00e9charger les images sur votre ordinateur. Les images sont pr\u00e9-align\u00e9es, vous pouvez donc tester le traitement HDR \u00e0 l&rsquo;aide d&rsquo;un logiciel adapt\u00e9 comme Photomatix Pro.<\/p>\n\n\n\n<figure class=\"wp-block-image size-large\"><a href=\"https:\/\/www.stelvision.com\/astro\/wp-content\/uploads\/2025\/10\/images-eclipse-JML-pour-hdr.zip\"><img decoding=\"async\" width=\"1024\" height=\"717\" src=\"https:\/\/www.stelvision.com\/astro\/wp-content\/uploads\/2025\/10\/Capture-d_ecran-2024-03-03-233839-1024x717.webp\" alt=\"Photographies d'une \u00e9clipse r\u00e9alis\u00e9es au foyer d'une lunette Astro-Professional de 66 mm de diam\u00e8tre et 400 mm de focale avec un appareil num\u00e9rique Canon 1000D. Photos : Jean-Marc Lecleire.\" class=\"wp-image-71733\" srcset=\"https:\/\/www.stelvision.com\/astro\/wp-content\/uploads\/2025\/10\/Capture-d_ecran-2024-03-03-233839-1024x717.webp 1024w, https:\/\/www.stelvision.com\/astro\/wp-content\/uploads\/2025\/10\/Capture-d_ecran-2024-03-03-233839-300x210.webp 300w, https:\/\/www.stelvision.com\/astro\/wp-content\/uploads\/2025\/10\/Capture-d_ecran-2024-03-03-233839-800x560.webp 800w, https:\/\/www.stelvision.com\/astro\/wp-content\/uploads\/2025\/10\/Capture-d_ecran-2024-03-03-233839-750x526.webp 750w, https:\/\/www.stelvision.com\/astro\/wp-content\/uploads\/2025\/10\/Capture-d_ecran-2024-03-03-233839-570x399.webp 570w, https:\/\/www.stelvision.com\/astro\/wp-content\/uploads\/2025\/10\/Capture-d_ecran-2024-03-03-233839-368x258.webp 368w, https:\/\/www.stelvision.com\/astro\/wp-content\/uploads\/2025\/10\/Capture-d_ecran-2024-03-03-233839-270x189.webp 270w, https:\/\/www.stelvision.com\/astro\/wp-content\/uploads\/2025\/10\/Capture-d_ecran-2024-03-03-233839-1000x701.webp 1000w, https:\/\/www.stelvision.com\/astro\/wp-content\/uploads\/2025\/10\/Capture-d_ecran-2024-03-03-233839.webp 1052w\" sizes=\"(max-width: 1024px) 100vw, 1024px\" \/><\/a><figcaption class=\"wp-element-caption\">Ces photographies ont \u00e9t\u00e9 r\u00e9alis\u00e9es au foyer d&rsquo;une lunette Astro-Professional de 66 mm de diam\u00e8tre et 400 mm de focale avec un appareil num\u00e9rique Canon 1000D. Les images pr\u00e9sent\u00e9es ci-dessus ne sont pas des images brutes mais sont composit\u00e9es \u00e0 partir de plusieurs clich\u00e9s pris au cours de la totalit\u00e9. Cela explique pourquoi la Lune est d\u00e9doubl\u00e9e sur certaines images, cette derni\u00e8re ayant boug\u00e9 au cours de l&rsquo;\u00e9clipse (dur\u00e9e de la phase de totalit\u00e9 : 4 minutes et 40secondes). Les d\u00e9tails de la couronne, quant \u00e0 eux, sont parfaitement superpos\u00e9s. <a href=\"https:\/\/www.stelvision.com\/astro\/wp-content\/uploads\/2025\/10\/images-eclipse-JML-pour-hdr.zip\">Cliquez pour t\u00e9l\u00e9charger les images<\/a>.<\/figcaption><\/figure>\n\n\n\n<p>Voici le traitement propos\u00e9 :<\/p>\n\n\n\n<ul class=\"wp-block-list\">\n<li>Alignement manuel des photos dans Photoshop (comme indiqu\u00e9 ci-dessus).<\/li>\n\n\n\n<li>Chargement des images align\u00e9es dans Photomatix Pro (vous pouvez <a href=\"https:\/\/www.hdrsoft.com\/fr\/download.html\">t\u00e9l\u00e9charger une version d&rsquo;essai<\/a>).<\/li>\n\n\n\n<li>Dans la fen\u00eatre \u00ab Options de fusion HDR \u00bb :\n<ul class=\"wp-block-list\">\n<li>Laisser l\u2019option Aligner les images d\u00e9coch\u00e9e.<\/li>\n\n\n\n<li>Cocher l\u2019option \u00ab R\u00e9duire le bruit sur toutes les images \u00bb.<\/li>\n<\/ul>\n<\/li>\n\n\n\n<li>Dans la fen\u00eatre \u00ab Ajustement et pr\u00e9visualisation \u00bb, choisir soit le pr\u00e9-r\u00e9glage \u00ab Naturel \u00bb, soit le pr\u00e9-r\u00e9glage \u00ab Int\u00e9rieur \u00bb, et jouer avec les param\u00e8tres.<\/li>\n<\/ul>\n\n\n\n<figure class=\"wp-block-image size-large\"><img decoding=\"async\" width=\"1024\" height=\"573\" src=\"https:\/\/www.stelvision.com\/astro\/wp-content\/uploads\/2025\/10\/Capture-decran-2025-10-06-a-17.16.42-1024x573.webp\" alt=\"Exemple de capture d'\u00e9cran du logiciel Photomatix Pro.\" class=\"wp-image-71736\" srcset=\"https:\/\/www.stelvision.com\/astro\/wp-content\/uploads\/2025\/10\/Capture-decran-2025-10-06-a-17.16.42-1024x573.webp 1024w, https:\/\/www.stelvision.com\/astro\/wp-content\/uploads\/2025\/10\/Capture-decran-2025-10-06-a-17.16.42-300x168.webp 300w, https:\/\/www.stelvision.com\/astro\/wp-content\/uploads\/2025\/10\/Capture-decran-2025-10-06-a-17.16.42-800x448.webp 800w, https:\/\/www.stelvision.com\/astro\/wp-content\/uploads\/2025\/10\/Capture-decran-2025-10-06-a-17.16.42-1140x638.webp 1140w, https:\/\/www.stelvision.com\/astro\/wp-content\/uploads\/2025\/10\/Capture-decran-2025-10-06-a-17.16.42-750x420.webp 750w, https:\/\/www.stelvision.com\/astro\/wp-content\/uploads\/2025\/10\/Capture-decran-2025-10-06-a-17.16.42-570x319.webp 570w, https:\/\/www.stelvision.com\/astro\/wp-content\/uploads\/2025\/10\/Capture-decran-2025-10-06-a-17.16.42-368x206.webp 368w, https:\/\/www.stelvision.com\/astro\/wp-content\/uploads\/2025\/10\/Capture-decran-2025-10-06-a-17.16.42-270x151.webp 270w, https:\/\/www.stelvision.com\/astro\/wp-content\/uploads\/2025\/10\/Capture-decran-2025-10-06-a-17.16.42-1000x560.webp 1000w, https:\/\/www.stelvision.com\/astro\/wp-content\/uploads\/2025\/10\/Capture-decran-2025-10-06-a-17.16.42.webp 1326w\" sizes=\"(max-width: 1024px) 100vw, 1024px\" \/><figcaption class=\"wp-element-caption\"><strong>Exemple de capture d&rsquo;\u00e9cran du logiciel Photomatix Pro. Ici c&rsquo;est le pr\u00e9-r\u00e9glage \u00ab Int\u00e9rieur \u00bb qui est s\u00e9lectionn\u00e9. Le curseur \u00ab Contraste local \u00bb est pouss\u00e9 au maximum (valeur : 100). Vous pouvez bien entendu essayer d&rsquo;autres m\u00e9thodes de traitement et d&rsquo;autres r\u00e9glages.<\/strong><\/figcaption><\/figure>\n\n\n\n<ul class=\"wp-block-list\">\n<li>N&rsquo;h\u00e9sitez pas \u00e0 utiliser le menu \u00ab M\u00e9lange \u00bb, dans la colonne de gauche. Choisir une image sombre de la couronne et ajuster le m\u00e9lange \u00e0 30 ou 40% pour obtenir un effet encore plus naturel.<\/li>\n\n\n\n<li>Apr\u00e8s avoir enregistr\u00e9 l&rsquo;image, vous pouvez effectuer un renforcement de la nettet\u00e9 dans Photoshop pour renforcer le contraste des structures visibles dans la couronne solaire.<\/li>\n<\/ul>\n\n\n\n<figure class=\"wp-block-image size-large\"><img decoding=\"async\" width=\"1024\" height=\"601\" src=\"https:\/\/www.stelvision.com\/astro\/wp-content\/uploads\/2025\/10\/eclipse_l66-400-1024x601.webp\" alt=\"Image HDR de l'\u00e9clipse de Soleil du 11 juillet 2010. Photo : Jean-Marc Lecleire.\" class=\"wp-image-71737\" srcset=\"https:\/\/www.stelvision.com\/astro\/wp-content\/uploads\/2025\/10\/eclipse_l66-400-1024x601.webp 1024w, https:\/\/www.stelvision.com\/astro\/wp-content\/uploads\/2025\/10\/eclipse_l66-400-300x176.webp 300w, https:\/\/www.stelvision.com\/astro\/wp-content\/uploads\/2025\/10\/eclipse_l66-400-800x469.webp 800w, https:\/\/www.stelvision.com\/astro\/wp-content\/uploads\/2025\/10\/eclipse_l66-400-1140x669.webp 1140w, https:\/\/www.stelvision.com\/astro\/wp-content\/uploads\/2025\/10\/eclipse_l66-400-750x440.webp 750w, https:\/\/www.stelvision.com\/astro\/wp-content\/uploads\/2025\/10\/eclipse_l66-400-570x334.webp 570w, https:\/\/www.stelvision.com\/astro\/wp-content\/uploads\/2025\/10\/eclipse_l66-400-368x216.webp 368w, https:\/\/www.stelvision.com\/astro\/wp-content\/uploads\/2025\/10\/eclipse_l66-400-270x158.webp 270w, https:\/\/www.stelvision.com\/astro\/wp-content\/uploads\/2025\/10\/eclipse_l66-400-1000x587.webp 1000w, https:\/\/www.stelvision.com\/astro\/wp-content\/uploads\/2025\/10\/eclipse_l66-400.webp 1200w\" sizes=\"(max-width: 1024px) 100vw, 1024px\" \/><figcaption class=\"wp-element-caption\"><strong>Image finale trait\u00e9e HDR de la couronne solaire du 11 juillet 2010.<\/strong> <small>Photo : Jean-Marc Lecleire.<\/small><\/figcaption><\/figure>\n\n\n<div id=\"stel_newsletter_1\" class=\"stel_newsletter-wrapper stel_newsletter-style-normal\"><div class=\"stel_newsletter\"><div class=\"stel_newsletter-title\">Recevez notre Newsletter astro<\/div><div class=\"stel_newsletter-block\"><ul>\n    <li>L'actualit\u00e9 du ciel et nos nouveaut\u00e9s<\/li>\n    <li>Une \u00e0 deux fois par mois environ<\/li>\n    <li>D\u00e9sinscription possible \u00e0 tout moment<\/li>\n<\/ul><\/div><div class=\"rwwp_newsletter\"><div class=\"rwwp_newsletter-input-wrapper\"><input type=\"email\" class=\"rwwp_newsletter-input\" placeholder=\"Votre adresse e-mail\"><\/div><button type=\"button\" class=\"rwwp_newsletter-button\"><svg class=\"rwwp_newsletter-loader\" viewBox=\"0 0 512 512\"><path d=\"M460.116 373.846l-20.823-12.022c-5.541-3.199-7.54-10.159-4.663-15.874 30.137-59.886 28.343-131.652-5.386-189.946-33.641-58.394-94.896-95.833-161.827-99.676C261.028 55.961 256 50.751 256 44.352V20.309c0-6.904 5.808-12.337 12.703-11.982 83.556 4.306 160.163 50.864 202.11 123.677 42.063 72.696 44.079 162.316 6.031 236.832-3.14 6.148-10.75 8.461-16.728 5.01z\"><\/path><\/svg>Je m'inscris<\/button><div class=\"rwwp_newsletter-alert rwwp_newsletter-alert-ko-email\">Veuillez saisir une addresse e-mail valide.<\/div><div class=\"rwwp_newsletter-alert rwwp_newsletter-alert-ko\">Nous n'avons pas pu confirmer votre inscription.<\/div><div class=\"rwwp_newsletter-alert rwwp_newsletter-alert-ok\">Nous venons de vous envoyer un e-mail pour confirmer votre inscription. Merci de consulter votre messagerie et de cliquer sur le bouton de confirmation pr\u00e9sent dans cet e-mail.<\/div><\/div><\/div><\/div><script type=\"text\/javascript\">\/*!rw_stel_js*\/rw_stelvision_theme_ready(\"rw_newsletter\", function(){rw_newsletter.initialize(\"stel_newsletter_1\",\"formulaire-newsletter\");});<\/script>\n","protected":false},"excerpt":{"rendered":"<p>Jean-Marc Lecleire, auteur du livre Les Soleils noirs de 2026 et 2027, d\u00e9taille sa m\u00e9thode pour photographier une \u00e9clipse de Soleil en HDR.<\/p>\n","protected":false},"author":10,"featured_media":71728,"comment_status":"closed","ping_status":"closed","sticky":false,"template":"","format":"standard","meta":{"_acf_changed":false,"footnotes":""},"categories":[2],"tags":[],"class_list":["post-70770","post","type-post","status-publish","format-standard","has-post-thumbnail","hentry","category-observer-le-ciel"],"acf":[],"yoast_head":"<!-- This site is optimized with the Yoast SEO plugin v27.1.1 - https:\/\/yoast.com\/product\/yoast-seo-wordpress\/ -->\n<title>Conseils pour r\u00e9ussir ses photos d&#039;\u00e9clipse de Soleil en HDR<\/title>\n<meta name=\"description\" content=\"Jean-Marc Lecleire, auteur du livre Les Soleils noirs de 2026 et 2027, d\u00e9taille sa m\u00e9thode pour photographier une \u00e9clipse de Soleil en HDR.\" \/>\n<meta name=\"robots\" content=\"index, follow, max-snippet:-1, max-image-preview:large, max-video-preview:-1\" \/>\n<link rel=\"canonical\" href=\"https:\/\/www.stelvision.com\/astro\/photo-eclipses-hdr\/\" \/>\n<meta property=\"og:locale\" content=\"fr_FR\" \/>\n<meta property=\"og:type\" content=\"article\" \/>\n<meta property=\"og:title\" content=\"Conseils pour r\u00e9ussir ses photos d&#039;\u00e9clipse de Soleil en HDR\" \/>\n<meta property=\"og:description\" content=\"Jean-Marc Lecleire, auteur du livre Les Soleils noirs de 2026 et 2027, d\u00e9taille sa m\u00e9thode pour photographier une \u00e9clipse de Soleil en HDR.\" \/>\n<meta property=\"og:url\" content=\"https:\/\/www.stelvision.com\/astro\/photo-eclipses-hdr\/\" \/>\n<meta property=\"og:site_name\" content=\"Stelvision\" \/>\n<meta property=\"article:publisher\" content=\"https:\/\/www.facebook.com\/people\/Stelvision\/100063368192331\/\" \/>\n<meta property=\"article:published_time\" content=\"2025-08-25T09:48:39+00:00\" \/>\n<meta property=\"article:modified_time\" content=\"2026-01-15T14:17:22+00:00\" \/>\n<meta property=\"og:image\" content=\"https:\/\/www.stelvision.com\/astro\/wp-content\/uploads\/2025\/10\/eclipse.webp\" \/>\n\t<meta property=\"og:image:width\" content=\"1200\" \/>\n\t<meta property=\"og:image:height\" content=\"899\" \/>\n\t<meta property=\"og:image:type\" content=\"image\/webp\" \/>\n<meta name=\"author\" content=\"Stelvision\" \/>\n<meta name=\"twitter:card\" content=\"summary_large_image\" \/>\n<meta name=\"twitter:label1\" content=\"\u00c9crit par\" \/>\n\t<meta name=\"twitter:data1\" content=\"Stelvision\" \/>\n\t<meta name=\"twitter:label2\" content=\"Dur\u00e9e de lecture estim\u00e9e\" \/>\n\t<meta name=\"twitter:data2\" content=\"13 minutes\" \/>\n<script type=\"application\/ld+json\" class=\"yoast-schema-graph\">{\"@context\":\"https:\/\/schema.org\",\"@graph\":[{\"@type\":\"Article\",\"@id\":\"https:\/\/www.stelvision.com\/astro\/photo-eclipses-hdr\/#article\",\"isPartOf\":{\"@id\":\"https:\/\/www.stelvision.com\/astro\/photo-eclipses-hdr\/\"},\"author\":{\"name\":\"Stelvision\",\"@id\":\"https:\/\/www.stelvision.com\/astro\/#\/schema\/person\/f03512e8f4e36844f276400f7c27e655\"},\"headline\":\"Conseils pour r\u00e9ussir ses photos d&rsquo;\u00e9clipse de Soleil en HDR\",\"datePublished\":\"2025-08-25T09:48:39+00:00\",\"dateModified\":\"2026-01-15T14:17:22+00:00\",\"mainEntityOfPage\":{\"@id\":\"https:\/\/www.stelvision.com\/astro\/photo-eclipses-hdr\/\"},\"wordCount\":2360,\"publisher\":{\"@id\":\"https:\/\/www.stelvision.com\/astro\/#organization\"},\"image\":{\"@id\":\"https:\/\/www.stelvision.com\/astro\/photo-eclipses-hdr\/#primaryimage\"},\"thumbnailUrl\":\"https:\/\/www.stelvision.com\/astro\/wp-content\/uploads\/2025\/10\/eclipse.webp\",\"articleSection\":[\"Observer le ciel\"],\"inLanguage\":\"fr-FR\"},{\"@type\":\"WebPage\",\"@id\":\"https:\/\/www.stelvision.com\/astro\/photo-eclipses-hdr\/\",\"url\":\"https:\/\/www.stelvision.com\/astro\/photo-eclipses-hdr\/\",\"name\":\"Conseils pour r\u00e9ussir ses photos d'\u00e9clipse de Soleil en HDR\",\"isPartOf\":{\"@id\":\"https:\/\/www.stelvision.com\/astro\/#website\"},\"primaryImageOfPage\":{\"@id\":\"https:\/\/www.stelvision.com\/astro\/photo-eclipses-hdr\/#primaryimage\"},\"image\":{\"@id\":\"https:\/\/www.stelvision.com\/astro\/photo-eclipses-hdr\/#primaryimage\"},\"thumbnailUrl\":\"https:\/\/www.stelvision.com\/astro\/wp-content\/uploads\/2025\/10\/eclipse.webp\",\"datePublished\":\"2025-08-25T09:48:39+00:00\",\"dateModified\":\"2026-01-15T14:17:22+00:00\",\"description\":\"Jean-Marc Lecleire, auteur du livre Les Soleils noirs de 2026 et 2027, d\u00e9taille sa m\u00e9thode pour photographier une \u00e9clipse de Soleil en HDR.\",\"breadcrumb\":{\"@id\":\"https:\/\/www.stelvision.com\/astro\/photo-eclipses-hdr\/#breadcrumb\"},\"inLanguage\":\"fr-FR\",\"potentialAction\":[{\"@type\":\"ReadAction\",\"target\":[\"https:\/\/www.stelvision.com\/astro\/photo-eclipses-hdr\/\"]}]},{\"@type\":\"ImageObject\",\"inLanguage\":\"fr-FR\",\"@id\":\"https:\/\/www.stelvision.com\/astro\/photo-eclipses-hdr\/#primaryimage\",\"url\":\"https:\/\/www.stelvision.com\/astro\/wp-content\/uploads\/2025\/10\/eclipse.webp\",\"contentUrl\":\"https:\/\/www.stelvision.com\/astro\/wp-content\/uploads\/2025\/10\/eclipse.webp\",\"width\":1200,\"height\":899,\"caption\":\"Photographie HDR de la couronne solaire r\u00e9alis\u00e9e le 11 juillet 2010 \u00e0 l'\u00eele de P\u00e2ques. La tr\u00e8s grande dynamique de la couronne est ici comprim\u00e9e afin de visualiser \u00e0 la fois les parties les plus lumineuses de la basse couronne et la lumi\u00e8re cendr\u00e9e de la Lune, environ 1000 fois plus faible. Photo : Jean-Marc Lecleire.\"},{\"@type\":\"BreadcrumbList\",\"@id\":\"https:\/\/www.stelvision.com\/astro\/photo-eclipses-hdr\/#breadcrumb\",\"itemListElement\":[{\"@type\":\"ListItem\",\"position\":1,\"name\":\"Accueil\",\"item\":\"https:\/\/www.stelvision.com\/astro\/\"},{\"@type\":\"ListItem\",\"position\":2,\"name\":\"Conseils pour r\u00e9ussir ses photos d&#8217;\u00e9clipse de Soleil en HDR\"}]},{\"@type\":\"WebSite\",\"@id\":\"https:\/\/www.stelvision.com\/astro\/#website\",\"url\":\"https:\/\/www.stelvision.com\/astro\/\",\"name\":\"Stelvision\",\"description\":\"conseils, livres et mat\u00e9riel d&#039;observation du ciel\",\"publisher\":{\"@id\":\"https:\/\/www.stelvision.com\/astro\/#organization\"},\"potentialAction\":[{\"@type\":\"SearchAction\",\"target\":{\"@type\":\"EntryPoint\",\"urlTemplate\":\"https:\/\/www.stelvision.com\/astro\/?s={search_term_string}\"},\"query-input\":{\"@type\":\"PropertyValueSpecification\",\"valueRequired\":true,\"valueName\":\"search_term_string\"}}],\"inLanguage\":\"fr-FR\"},{\"@type\":\"Organization\",\"@id\":\"https:\/\/www.stelvision.com\/astro\/#organization\",\"name\":\"Stelvision\",\"url\":\"https:\/\/www.stelvision.com\/astro\/\",\"logo\":{\"@type\":\"ImageObject\",\"inLanguage\":\"fr-FR\",\"@id\":\"https:\/\/www.stelvision.com\/astro\/#\/schema\/logo\/image\/\",\"url\":\"https:\/\/www.stelvision.com\/astro\/wp-content\/uploads\/2019\/03\/logo_lisse_bleu_Stelvision_600.png\",\"contentUrl\":\"https:\/\/www.stelvision.com\/astro\/wp-content\/uploads\/2019\/03\/logo_lisse_bleu_Stelvision_600.png\",\"width\":600,\"height\":277,\"caption\":\"Stelvision\"},\"image\":{\"@id\":\"https:\/\/www.stelvision.com\/astro\/#\/schema\/logo\/image\/\"},\"sameAs\":[\"https:\/\/www.facebook.com\/people\/Stelvision\/100063368192331\/\"]},{\"@type\":\"Person\",\"@id\":\"https:\/\/www.stelvision.com\/astro\/#\/schema\/person\/f03512e8f4e36844f276400f7c27e655\",\"name\":\"Stelvision\",\"url\":\"https:\/\/www.stelvision.com\/astro\/author\/stelvision\/\"}]}<\/script>\n<!-- \/ Yoast SEO plugin. -->","yoast_head_json":{"title":"Conseils pour r\u00e9ussir ses photos d'\u00e9clipse de Soleil en HDR","description":"Jean-Marc Lecleire, auteur du livre Les Soleils noirs de 2026 et 2027, d\u00e9taille sa m\u00e9thode pour photographier une \u00e9clipse de Soleil en HDR.","robots":{"index":"index","follow":"follow","max-snippet":"max-snippet:-1","max-image-preview":"max-image-preview:large","max-video-preview":"max-video-preview:-1"},"canonical":"https:\/\/www.stelvision.com\/astro\/photo-eclipses-hdr\/","og_locale":"fr_FR","og_type":"article","og_title":"Conseils pour r\u00e9ussir ses photos d'\u00e9clipse de Soleil en HDR","og_description":"Jean-Marc Lecleire, auteur du livre Les Soleils noirs de 2026 et 2027, d\u00e9taille sa m\u00e9thode pour photographier une \u00e9clipse de Soleil en HDR.","og_url":"https:\/\/www.stelvision.com\/astro\/photo-eclipses-hdr\/","og_site_name":"Stelvision","article_publisher":"https:\/\/www.facebook.com\/people\/Stelvision\/100063368192331\/","article_published_time":"2025-08-25T09:48:39+00:00","article_modified_time":"2026-01-15T14:17:22+00:00","og_image":[{"width":1200,"height":899,"url":"https:\/\/www.stelvision.com\/astro\/wp-content\/uploads\/2025\/10\/eclipse.webp","type":"image\/webp"}],"author":"Stelvision","twitter_card":"summary_large_image","twitter_misc":{"\u00c9crit par":"Stelvision","Dur\u00e9e de lecture estim\u00e9e":"13 minutes"},"schema":{"@context":"https:\/\/schema.org","@graph":[{"@type":"Article","@id":"https:\/\/www.stelvision.com\/astro\/photo-eclipses-hdr\/#article","isPartOf":{"@id":"https:\/\/www.stelvision.com\/astro\/photo-eclipses-hdr\/"},"author":{"name":"Stelvision","@id":"https:\/\/www.stelvision.com\/astro\/#\/schema\/person\/f03512e8f4e36844f276400f7c27e655"},"headline":"Conseils pour r\u00e9ussir ses photos d&rsquo;\u00e9clipse de Soleil en HDR","datePublished":"2025-08-25T09:48:39+00:00","dateModified":"2026-01-15T14:17:22+00:00","mainEntityOfPage":{"@id":"https:\/\/www.stelvision.com\/astro\/photo-eclipses-hdr\/"},"wordCount":2360,"publisher":{"@id":"https:\/\/www.stelvision.com\/astro\/#organization"},"image":{"@id":"https:\/\/www.stelvision.com\/astro\/photo-eclipses-hdr\/#primaryimage"},"thumbnailUrl":"https:\/\/www.stelvision.com\/astro\/wp-content\/uploads\/2025\/10\/eclipse.webp","articleSection":["Observer le ciel"],"inLanguage":"fr-FR"},{"@type":"WebPage","@id":"https:\/\/www.stelvision.com\/astro\/photo-eclipses-hdr\/","url":"https:\/\/www.stelvision.com\/astro\/photo-eclipses-hdr\/","name":"Conseils pour r\u00e9ussir ses photos d'\u00e9clipse de Soleil en HDR","isPartOf":{"@id":"https:\/\/www.stelvision.com\/astro\/#website"},"primaryImageOfPage":{"@id":"https:\/\/www.stelvision.com\/astro\/photo-eclipses-hdr\/#primaryimage"},"image":{"@id":"https:\/\/www.stelvision.com\/astro\/photo-eclipses-hdr\/#primaryimage"},"thumbnailUrl":"https:\/\/www.stelvision.com\/astro\/wp-content\/uploads\/2025\/10\/eclipse.webp","datePublished":"2025-08-25T09:48:39+00:00","dateModified":"2026-01-15T14:17:22+00:00","description":"Jean-Marc Lecleire, auteur du livre Les Soleils noirs de 2026 et 2027, d\u00e9taille sa m\u00e9thode pour photographier une \u00e9clipse de Soleil en HDR.","breadcrumb":{"@id":"https:\/\/www.stelvision.com\/astro\/photo-eclipses-hdr\/#breadcrumb"},"inLanguage":"fr-FR","potentialAction":[{"@type":"ReadAction","target":["https:\/\/www.stelvision.com\/astro\/photo-eclipses-hdr\/"]}]},{"@type":"ImageObject","inLanguage":"fr-FR","@id":"https:\/\/www.stelvision.com\/astro\/photo-eclipses-hdr\/#primaryimage","url":"https:\/\/www.stelvision.com\/astro\/wp-content\/uploads\/2025\/10\/eclipse.webp","contentUrl":"https:\/\/www.stelvision.com\/astro\/wp-content\/uploads\/2025\/10\/eclipse.webp","width":1200,"height":899,"caption":"Photographie HDR de la couronne solaire r\u00e9alis\u00e9e le 11 juillet 2010 \u00e0 l'\u00eele de P\u00e2ques. La tr\u00e8s grande dynamique de la couronne est ici comprim\u00e9e afin de visualiser \u00e0 la fois les parties les plus lumineuses de la basse couronne et la lumi\u00e8re cendr\u00e9e de la Lune, environ 1000 fois plus faible. Photo : Jean-Marc Lecleire."},{"@type":"BreadcrumbList","@id":"https:\/\/www.stelvision.com\/astro\/photo-eclipses-hdr\/#breadcrumb","itemListElement":[{"@type":"ListItem","position":1,"name":"Accueil","item":"https:\/\/www.stelvision.com\/astro\/"},{"@type":"ListItem","position":2,"name":"Conseils pour r\u00e9ussir ses photos d&#8217;\u00e9clipse de Soleil en HDR"}]},{"@type":"WebSite","@id":"https:\/\/www.stelvision.com\/astro\/#website","url":"https:\/\/www.stelvision.com\/astro\/","name":"Stelvision","description":"conseils, livres et mat\u00e9riel d&#039;observation du ciel","publisher":{"@id":"https:\/\/www.stelvision.com\/astro\/#organization"},"potentialAction":[{"@type":"SearchAction","target":{"@type":"EntryPoint","urlTemplate":"https:\/\/www.stelvision.com\/astro\/?s={search_term_string}"},"query-input":{"@type":"PropertyValueSpecification","valueRequired":true,"valueName":"search_term_string"}}],"inLanguage":"fr-FR"},{"@type":"Organization","@id":"https:\/\/www.stelvision.com\/astro\/#organization","name":"Stelvision","url":"https:\/\/www.stelvision.com\/astro\/","logo":{"@type":"ImageObject","inLanguage":"fr-FR","@id":"https:\/\/www.stelvision.com\/astro\/#\/schema\/logo\/image\/","url":"https:\/\/www.stelvision.com\/astro\/wp-content\/uploads\/2019\/03\/logo_lisse_bleu_Stelvision_600.png","contentUrl":"https:\/\/www.stelvision.com\/astro\/wp-content\/uploads\/2019\/03\/logo_lisse_bleu_Stelvision_600.png","width":600,"height":277,"caption":"Stelvision"},"image":{"@id":"https:\/\/www.stelvision.com\/astro\/#\/schema\/logo\/image\/"},"sameAs":["https:\/\/www.facebook.com\/people\/Stelvision\/100063368192331\/"]},{"@type":"Person","@id":"https:\/\/www.stelvision.com\/astro\/#\/schema\/person\/f03512e8f4e36844f276400f7c27e655","name":"Stelvision","url":"https:\/\/www.stelvision.com\/astro\/author\/stelvision\/"}]}},"_links":{"self":[{"href":"https:\/\/www.stelvision.com\/astro\/wp-json\/wp\/v2\/posts\/70770","targetHints":{"allow":["GET"]}}],"collection":[{"href":"https:\/\/www.stelvision.com\/astro\/wp-json\/wp\/v2\/posts"}],"about":[{"href":"https:\/\/www.stelvision.com\/astro\/wp-json\/wp\/v2\/types\/post"}],"author":[{"embeddable":true,"href":"https:\/\/www.stelvision.com\/astro\/wp-json\/wp\/v2\/users\/10"}],"replies":[{"embeddable":true,"href":"https:\/\/www.stelvision.com\/astro\/wp-json\/wp\/v2\/comments?post=70770"}],"version-history":[{"count":6,"href":"https:\/\/www.stelvision.com\/astro\/wp-json\/wp\/v2\/posts\/70770\/revisions"}],"predecessor-version":[{"id":71751,"href":"https:\/\/www.stelvision.com\/astro\/wp-json\/wp\/v2\/posts\/70770\/revisions\/71751"}],"wp:featuredmedia":[{"embeddable":true,"href":"https:\/\/www.stelvision.com\/astro\/wp-json\/wp\/v2\/media\/71728"}],"wp:attachment":[{"href":"https:\/\/www.stelvision.com\/astro\/wp-json\/wp\/v2\/media?parent=70770"}],"wp:term":[{"taxonomy":"category","embeddable":true,"href":"https:\/\/www.stelvision.com\/astro\/wp-json\/wp\/v2\/categories?post=70770"},{"taxonomy":"post_tag","embeddable":true,"href":"https:\/\/www.stelvision.com\/astro\/wp-json\/wp\/v2\/tags?post=70770"}],"curies":[{"name":"wp","href":"https:\/\/api.w.org\/{rel}","templated":true}]}}