{"id":71517,"date":"2025-10-01T18:50:20","date_gmt":"2025-10-01T16:50:20","guid":{"rendered":"https:\/\/www.stelvision.com\/astro\/?p=71517"},"modified":"2025-11-06T18:23:31","modified_gmt":"2025-11-06T17:23:31","slug":"2-belles-cometes-en-octobre-2025-lemmon-et-swan","status":"publish","type":"post","link":"https:\/\/www.stelvision.com\/astro\/2-belles-cometes-en-octobre-2025-lemmon-et-swan\/","title":{"rendered":"2 belles com\u00e8tes en octobre 2025 : Lemmon et SWAN"},"content":{"rendered":"\n<p class=\"chapo\">C&rsquo;est une double bonne surprise pour les adeptes du ciel : les com\u00e8tes C\/2025 R2 (SWAN) et C\/2025 A6 (Lemmon) pourront \u00eatre observ\u00e9es en octobre avec de simples jumelles&#8230; et peut-\u00eatre \u00e0 l&rsquo;oeil nu pour la seconde !<\/p>\n\n\n\n<p class=\"color1\"><em><strong>Derni\u00e8re mise \u00e0 jour : 17 octobre 2025<\/strong><\/em><\/p>\n\n\n\n<figure class=\"wp-block-image size-large\"><img decoding=\"async\" width=\"1024\" height=\"768\" src=\"https:\/\/www.stelvision.com\/astro\/wp-content\/uploads\/2025\/10\/Michael-Lemmon-b2bdbb53-3d6d-4be0-85a4-0203c89db460_1200x900-1024x768.webp\" alt=\"photo de la com\u00e8te C2025\/A6 (Lemmon) par Michael Gehrisch\" class=\"wp-image-71549\" srcset=\"https:\/\/www.stelvision.com\/astro\/wp-content\/uploads\/2025\/10\/Michael-Lemmon-b2bdbb53-3d6d-4be0-85a4-0203c89db460_1200x900-1024x768.webp 1024w, https:\/\/www.stelvision.com\/astro\/wp-content\/uploads\/2025\/10\/Michael-Lemmon-b2bdbb53-3d6d-4be0-85a4-0203c89db460_1200x900-300x225.webp 300w, https:\/\/www.stelvision.com\/astro\/wp-content\/uploads\/2025\/10\/Michael-Lemmon-b2bdbb53-3d6d-4be0-85a4-0203c89db460_1200x900-800x600.webp 800w, https:\/\/www.stelvision.com\/astro\/wp-content\/uploads\/2025\/10\/Michael-Lemmon-b2bdbb53-3d6d-4be0-85a4-0203c89db460_1200x900-1140x855.webp 1140w, https:\/\/www.stelvision.com\/astro\/wp-content\/uploads\/2025\/10\/Michael-Lemmon-b2bdbb53-3d6d-4be0-85a4-0203c89db460_1200x900-750x563.webp 750w, https:\/\/www.stelvision.com\/astro\/wp-content\/uploads\/2025\/10\/Michael-Lemmon-b2bdbb53-3d6d-4be0-85a4-0203c89db460_1200x900-570x428.webp 570w, https:\/\/www.stelvision.com\/astro\/wp-content\/uploads\/2025\/10\/Michael-Lemmon-b2bdbb53-3d6d-4be0-85a4-0203c89db460_1200x900-368x276.webp 368w, https:\/\/www.stelvision.com\/astro\/wp-content\/uploads\/2025\/10\/Michael-Lemmon-b2bdbb53-3d6d-4be0-85a4-0203c89db460_1200x900-270x203.webp 270w, https:\/\/www.stelvision.com\/astro\/wp-content\/uploads\/2025\/10\/Michael-Lemmon-b2bdbb53-3d6d-4be0-85a4-0203c89db460_1200x900-1000x750.webp 1000w, https:\/\/www.stelvision.com\/astro\/wp-content\/uploads\/2025\/10\/Michael-Lemmon-b2bdbb53-3d6d-4be0-85a4-0203c89db460_1200x900.webp 1200w\" sizes=\"(max-width: 1024px) 100vw, 1024px\" \/><figcaption class=\"wp-element-caption\"><strong>La com\u00e8te C2025\/A6 (Lemmon) photographi\u00e9e le 27 septembre 2025 par l&rsquo;astronome amateur su\u00e9dois Michael Gehrisch, avec un t\u00e9lescope de 200 mm (temps de pose total : 1h50).<\/strong><\/figcaption><\/figure>\n\n\n\n<h2 class=\"wp-block-heading\">Que sont ces com\u00e8tes Lemmon et SWAN ?<\/h2>\n\n\n\n<p>Ces deux com\u00e8tes ont pour point commun d&rsquo;avoir \u00e9t\u00e9 d\u00e9couvertes en 2025&#8230; et de s&rsquo;annoncer toutes deux bien visibles en deuxi\u00e8me quinzaine d&rsquo;octobre, dans des r\u00e9gions du ciel assez proches. Rappelons qu&rsquo;une com\u00e8te est <a href=\"https:\/\/www.stelvision.com\/astro\/comprendre-les-cometes\/\">un petit corps glac\u00e9 venant des confins du Syst\u00e8me solaire<\/a> et suivant une orbite tr\u00e8s excentr\u00e9e autour du Soleil.<\/p>\n\n\n\n<h3 class=\"wp-block-heading\">C\/2025 A6 (Lemmon) : connue depuis 9 mois&#8230; et plus brillante que pr\u00e9vu<\/h3>\n\n\n\n<p>La com\u00e8te C\/2025 A6 (Lemmon) a \u00e9t\u00e9 d\u00e9couverte le 3 janvier 2025 par l&rsquo;observatoire du mont Lemmon, en Arizona (USA). Selon <a href=\"https:\/\/ssd.jpl.nasa.gov\/tools\/sbdb_lookup.html#\/?sstr=1004054\">les donn\u00e9es du JPL (NASA)<\/a>, elle a une p\u00e9riode de 1359 ans et <strong>passera au plus pr\u00e8s de la Terre le 21 octobre<\/strong> \u00e0 103 millions de km, puis au plus pr\u00e8s du Soleil le 8 novembre, \u00e0 une distance de 80 millions de km environ, avant de repartir \u00e0 des dizaines milliards de km.<\/p>\n\n\n\n<figure class=\"wp-block-image size-large\"><img decoding=\"async\" width=\"1024\" height=\"767\" src=\"https:\/\/www.stelvision.com\/astro\/wp-content\/uploads\/2025\/09\/orbite-Lemmon-21oct2025-1024x767.webp\" alt=\"sch\u00e9m montrant l'orbite de la com\u00e8te Lemon et sa position le 21 octobre 2025 alors qu'elle est au plus pr\u00e8s de la Terre.\" class=\"wp-image-71523\" srcset=\"https:\/\/www.stelvision.com\/astro\/wp-content\/uploads\/2025\/09\/orbite-Lemmon-21oct2025-1024x767.webp 1024w, https:\/\/www.stelvision.com\/astro\/wp-content\/uploads\/2025\/09\/orbite-Lemmon-21oct2025-300x225.webp 300w, https:\/\/www.stelvision.com\/astro\/wp-content\/uploads\/2025\/09\/orbite-Lemmon-21oct2025-800x600.webp 800w, https:\/\/www.stelvision.com\/astro\/wp-content\/uploads\/2025\/09\/orbite-Lemmon-21oct2025-1140x854.webp 1140w, https:\/\/www.stelvision.com\/astro\/wp-content\/uploads\/2025\/09\/orbite-Lemmon-21oct2025-750x562.webp 750w, https:\/\/www.stelvision.com\/astro\/wp-content\/uploads\/2025\/09\/orbite-Lemmon-21oct2025-570x427.webp 570w, https:\/\/www.stelvision.com\/astro\/wp-content\/uploads\/2025\/09\/orbite-Lemmon-21oct2025-368x276.webp 368w, https:\/\/www.stelvision.com\/astro\/wp-content\/uploads\/2025\/09\/orbite-Lemmon-21oct2025-270x202.webp 270w, https:\/\/www.stelvision.com\/astro\/wp-content\/uploads\/2025\/09\/orbite-Lemmon-21oct2025-1000x749.webp 1000w, https:\/\/www.stelvision.com\/astro\/wp-content\/uploads\/2025\/09\/orbite-Lemmon-21oct2025.webp 1201w\" sizes=\"(max-width: 1024px) 100vw, 1024px\" \/><figcaption class=\"wp-element-caption\"><strong>Vue du Syst\u00e8me solaire jusqu&rsquo;\u00e0 l&rsquo;orbite de Jupiter. En gris : l&rsquo;orbite de la com\u00e8te Lemon et sa position le 21 octobre 2025 alors qu&rsquo;elle est au plus pr\u00e8s de la Terre (en bleu, not\u00e9e <em>Earth<\/em>).<\/strong> <small>Simulation r\u00e9alis\u00e9e avec <em>Orbit Viewer<\/em> du JPL(NASA).<\/small><\/figcaption><\/figure>\n\n\n\n<p>Les pr\u00e9visions initiales donnaient cette com\u00e8te pour assez discr\u00e8te, avec une <a href=\"https:\/\/www.stelvision.com\/astro\/eclairage-sur-la-magnitude\/\">magnitude<\/a> de l&rsquo;ordre de 9 ou 10. Cela en faisait une com\u00e8te tout juste observable avec des jumelles puissantes. Mais les observations r\u00e9centes ont montr\u00e9 une <strong>augmentation sensible de son \u00e9clat ces derni\u00e8res semaines<\/strong>. Au 16 octobre, la magnitude constat\u00e9e est de 5, un chiffre qui devrait baisser encore (ce qui signifie une augmentation de luminosit\u00e9) jusqu&rsquo;\u00e0 la <strong>magnitude de 4,5<\/strong> environ \u00e0 la fin du mois d&rsquo;octobre, selon l&rsquo;estimation du site sp\u00e9cialis\u00e9 <a href=\"https:\/\/cobs.si\/comet\/2606\/\">Comet Observation Database<\/a>. Ce qui en fait non seulement une com\u00e8te <strong>bien visible aux jumelles<\/strong>, mais aussi potentiellement <strong>\u00e0 l&rsquo;\u0153il nu<\/strong> par bon ciel.<\/p>\n\n\n\n<figure class=\"wp-block-image size-full\"><img decoding=\"async\" width=\"918\" height=\"913\" src=\"https:\/\/www.stelvision.com\/astro\/wp-content\/uploads\/2025\/10\/courbe-Lemmon-COBS-16oct25.webp\" alt=\"Courbe de luminosit\u00e9 de la com\u00e8te C\/2025 A6 (Lemmon) \u00e9tablie le 16 octobre 2025. Les points blancs indiquent la magnitude relev\u00e9e par diff\u00e9rents observateurs au cours des mois d'ao\u00fbt et septembre. Les points verts indiquent des relev\u00e9s photographiques. La courbe orange est une pr\u00e9vision bas\u00e9e sur ces donn\u00e9es et sur les caract\u00e9ristiques de la com\u00e8te. Cr\u00e9dit : COBS Comet Observation Database \u2013 CC BY-NA-SA 4.0\" class=\"wp-image-71769\" srcset=\"https:\/\/www.stelvision.com\/astro\/wp-content\/uploads\/2025\/10\/courbe-Lemmon-COBS-16oct25.webp 918w, https:\/\/www.stelvision.com\/astro\/wp-content\/uploads\/2025\/10\/courbe-Lemmon-COBS-16oct25-300x298.webp 300w, https:\/\/www.stelvision.com\/astro\/wp-content\/uploads\/2025\/10\/courbe-Lemmon-COBS-16oct25-150x150.webp 150w, https:\/\/www.stelvision.com\/astro\/wp-content\/uploads\/2025\/10\/courbe-Lemmon-COBS-16oct25-603x600.webp 603w, https:\/\/www.stelvision.com\/astro\/wp-content\/uploads\/2025\/10\/courbe-Lemmon-COBS-16oct25-750x746.webp 750w, https:\/\/www.stelvision.com\/astro\/wp-content\/uploads\/2025\/10\/courbe-Lemmon-COBS-16oct25-570x567.webp 570w, https:\/\/www.stelvision.com\/astro\/wp-content\/uploads\/2025\/10\/courbe-Lemmon-COBS-16oct25-368x366.webp 368w, https:\/\/www.stelvision.com\/astro\/wp-content\/uploads\/2025\/10\/courbe-Lemmon-COBS-16oct25-270x269.webp 270w, https:\/\/www.stelvision.com\/astro\/wp-content\/uploads\/2025\/10\/courbe-Lemmon-COBS-16oct25-62x62.webp 62w, https:\/\/www.stelvision.com\/astro\/wp-content\/uploads\/2025\/10\/courbe-Lemmon-COBS-16oct25-100x100.webp 100w\" sizes=\"(max-width: 918px) 100vw, 918px\" \/><figcaption class=\"wp-element-caption\"><strong>Courbe de luminosit\u00e9 de la com\u00e8te C\/2025 A6 (Lemmon) \u00e9tablie le 16 octobre 2025 pour la p\u00e9riode ao\u00fbt-d\u00e9cembre 2025. Les points blancs indiquent la magnitude relev\u00e9e par diff\u00e9rents observateurs au cours des mois d&rsquo;ao\u00fbt et septembre. Les points verts indiquent des relev\u00e9s photographiques. La courbe orange est une pr\u00e9vision bas\u00e9e sur ces donn\u00e9es et sur les caract\u00e9ristiques de la com\u00e8te.<\/strong> <small>Cr\u00e9dit : COBS Comet Observation Database \u2013 CC BY-NA-SA 4.0<\/small><\/figcaption><\/figure>\n\n\n\n<h3 class=\"wp-block-heading\">C\/2025 R2 (SWAN) : la com\u00e8te inattendue<\/h3>\n\n\n\n<p>La com\u00e8te SWAN est une surprise puisqu&rsquo;elle a \u00e9t\u00e9 d\u00e9couverte&#8230; il y a quelques semaines seulement ! C&rsquo;est en effet le 10 septembre 2025 qu&rsquo;un chasseur de com\u00e8tes ukrainien, Vladimir Bezugly, a signal\u00e9 au <a href=\"http:\/\/www.cbat.eps.harvard.edu\/iau\/cbet\/005600\/CBET005606.txt\">Central Bureau for Astronomical Telegrams<\/a> un objet pouvant \u00eatre une com\u00e8te, apr\u00e8s avoir examin\u00e9 des photos prises par un l&rsquo;instrument Solar Wind Anisotropies camera (SWAN). Mont\u00e9 sur la sonde de surveillance du Soleil SOHO, cet instrument a d\u00e9j\u00e0 permis la d\u00e9couverte de plusieurs com\u00e8tes passant \u00e0 son voisinage. Les param\u00e8tres orbitaux de cette com\u00e8te sont affin\u00e9s au fil des observations. <a href=\"https:\/\/ssd.jpl.nasa.gov\/tools\/sbdb_lookup.html#\/?sstr=C%2F2025%20R2\">Le JPL estime actuellement<\/a> \u00e0 619 ans la p\u00e9riode de la com\u00e8te. Elle est pass\u00e9e au plus pr\u00e8s du Soleil le 12 septembre 2025, \u00e0 75 millions de km. <strong>Elle passera au plus pr\u00e8s de la Terre le 20 octobre 2025<\/strong>, \u00e0 une distance de 39 millions de km.<\/p>\n\n\n\n<p>Les pr\u00e9visions de luminosit\u00e9 donnent une <strong>magnitude de 7<\/strong> environ en octobre.<\/p>\n\n\n\n<figure class=\"wp-block-image size-large\"><img decoding=\"async\" width=\"1024\" height=\"768\" src=\"https:\/\/www.stelvision.com\/astro\/wp-content\/uploads\/2025\/10\/Rick-C-Jiang-SWAN-9018eff6-019b-4137-87b1-317ebf6e79a8-1024x768.webp\" alt=\"photo de la com\u00e8te com\u00e8te C\/2025 R2 (SWAN) par Rick C Jiang\" class=\"wp-image-71550\" srcset=\"https:\/\/www.stelvision.com\/astro\/wp-content\/uploads\/2025\/10\/Rick-C-Jiang-SWAN-9018eff6-019b-4137-87b1-317ebf6e79a8-1024x768.webp 1024w, https:\/\/www.stelvision.com\/astro\/wp-content\/uploads\/2025\/10\/Rick-C-Jiang-SWAN-9018eff6-019b-4137-87b1-317ebf6e79a8-300x225.webp 300w, https:\/\/www.stelvision.com\/astro\/wp-content\/uploads\/2025\/10\/Rick-C-Jiang-SWAN-9018eff6-019b-4137-87b1-317ebf6e79a8-800x600.webp 800w, https:\/\/www.stelvision.com\/astro\/wp-content\/uploads\/2025\/10\/Rick-C-Jiang-SWAN-9018eff6-019b-4137-87b1-317ebf6e79a8-1140x855.webp 1140w, https:\/\/www.stelvision.com\/astro\/wp-content\/uploads\/2025\/10\/Rick-C-Jiang-SWAN-9018eff6-019b-4137-87b1-317ebf6e79a8-750x563.webp 750w, https:\/\/www.stelvision.com\/astro\/wp-content\/uploads\/2025\/10\/Rick-C-Jiang-SWAN-9018eff6-019b-4137-87b1-317ebf6e79a8-570x428.webp 570w, https:\/\/www.stelvision.com\/astro\/wp-content\/uploads\/2025\/10\/Rick-C-Jiang-SWAN-9018eff6-019b-4137-87b1-317ebf6e79a8-368x276.webp 368w, https:\/\/www.stelvision.com\/astro\/wp-content\/uploads\/2025\/10\/Rick-C-Jiang-SWAN-9018eff6-019b-4137-87b1-317ebf6e79a8-270x203.webp 270w, https:\/\/www.stelvision.com\/astro\/wp-content\/uploads\/2025\/10\/Rick-C-Jiang-SWAN-9018eff6-019b-4137-87b1-317ebf6e79a8-1000x750.webp 1000w, https:\/\/www.stelvision.com\/astro\/wp-content\/uploads\/2025\/10\/Rick-C-Jiang-SWAN-9018eff6-019b-4137-87b1-317ebf6e79a8.webp 1200w\" sizes=\"(max-width: 1024px) 100vw, 1024px\" \/><figcaption class=\"wp-element-caption\"><strong>La com\u00e8te C\/2025 R2 (SWAN) croise la plan\u00e8te Mars sur cette photo prise le 20 septembre 2025, au t\u00e9l\u00e9objectif, par un astronome amateur en Australie (temps de pose total : 34 minutes).<\/strong> <small>Photo : Rick C Jiang.<\/small><\/figcaption><\/figure>\n\n\n\n<h2 class=\"wp-block-heading\">Quand et o\u00f9 chercher les com\u00e8tes Lemmon et SWAN ?<\/h2>\n\n\n\n<h3 class=\"wp-block-heading\">En soir\u00e9e \u00e0 la mi-octobre<\/h3>\n\n\n\n<p>Depuis la France m\u00e9tropolitaine ou d&rsquo;autres pays de latitude similaire, les deux com\u00e8tes sont observables <strong>le soir<\/strong> depuis la mi-octobre. D&rsquo;abord tr\u00e8s basses au-dessus de l&rsquo;horizon elles prennent peu \u00e0 peu de la hauteur. De plus, la luminosit\u00e9 de Lemmon augmente tout au long d&rsquo;octobre, la com\u00e8te s&rsquo;approchant du Soleil. La p\u00e9riode <strong>du 18 au 25 octobre semble la meilleure<\/strong> pour observer ces com\u00e8tes, <strong>au tout d\u00e9but de la nuit<\/strong>. Au-del\u00e0 de cette p\u00e9riode, Lemmon perdra de la hauteur, et la Lune commencera \u00e0 \u00eatre g\u00eanante.<\/p>\n\n\n\n<div class=\"wp-block-group boxFocus color1\"><div class=\"wp-block-group__inner-container is-layout-constrained wp-block-group-is-layout-constrained\">\n<p><strong>Au centre de la France<\/strong>, au d\u00e9but de la nuit compl\u00e8te \u00e0 <strong>20h45<\/strong>, <strong>du 18 au 25 octobre<\/strong> :<\/p>\n\n\n\n<ul class=\"wp-block-list\">\n<li><strong>la com\u00e8te Lemmon a une hauteur stable de 15\u00b0 environ<\/strong> au-dessus de l&rsquo;horizon, soit <a href=\"https:\/\/www.stelvision.com\/astro\/mesurer-distances-dans-ciel-avec-main\/\">la hauteur du poing avec le pouce lev\u00e9<\/a><\/li>\n\n\n\n<li><strong>et la com\u00e8te SWAN grimpe plus haut<\/strong>, avec une hauteur de <strong>22\u00b0 le 18 octobre<\/strong>, et <strong>35\u00b0 le 25 octobre<\/strong>.<\/li>\n<\/ul>\n<\/div><\/div>\n\n\n\n<p><strong>Lemmon est \u00e0 chercher en premier, d\u00e8s la nuit tomb\u00e9e<\/strong>, car c&rsquo;est elle qui se couche le plus t\u00f4t : elle ne vous laissera qu&rsquo;une demi-heure d&rsquo;observation environ, avant d&rsquo;\u00eatre noy\u00e9e dans les brumes de l&rsquo;horizon. Utilisez notre <a href=\"https:\/\/www.stelvision.com\/astro\/carte-ciel\/#crepuscules\">calculateur d&rsquo;horaires des cr\u00e9puscules<\/a> pour savoir quand la nuit est compl\u00e8te chez vous, et installez-vous \u00e0 votre poste d&rsquo;observation un peu avant pour ne pas perdre de pr\u00e9cieuses minutes de visibilit\u00e9 ! La com\u00e8te <strong>SWAN<\/strong>, bien que plus discr\u00e8te, a le m\u00e9rite d&rsquo;offrir <strong>une hauteur plus confortable et un coucher plus tardif.<\/strong><\/p>\n\n\n\n<p>Utilisez la carte ci-dessous pour rep\u00e9rer ces deux com\u00e8tes qui \u00e9volueront au-dessus de l&rsquo;horizon ouest : Lemmon plut\u00f4t nord-ouest, et SWAN plut\u00f4t sud-ouest. Notez que SWAN traversera la <a href=\"https:\/\/www.stelvision.com\/astro\/balade-estivale-a-loeil-nu-dans-la-voie-lactee\/\">Voie lact\u00e9e<\/a>.<\/p>\n\n\n\n<figure class=\"wp-block-image size-large\"><a href=\"https:\/\/www.stelvision.com\/astro\/wp-content\/uploads\/2025\/10\/22oct20h45-swan-lemmon-trajectoires-avec-legendes.webp\" data-rel=\"lightbox-gallery-ceeqVQfa\" data-rl_title=\"...\" data-rl_caption=\"Carte de rep\u00e9rage des com\u00e8tes C\/2025 A6 (Lemmon) et C\/2025 R2 (SWAN) du 18 au 25 octobre 2025 \u00e0 20h45, heure de Paris. La ligne rouge repr\u00e9sente l&#039;horizon calcul\u00e9 pour le centre de la France. Carte r\u00e9alis\u00e9e avec Stellarium.\" title=\"...\"><img decoding=\"async\" width=\"1024\" height=\"580\" src=\"https:\/\/www.stelvision.com\/astro\/wp-content\/uploads\/2025\/10\/22oct20h45-swan-lemmon-trajectoires-avec-legendes-1024x580.webp\" alt=\"Carte de rep\u00e9rage des com\u00e8tes C\/2025 A6 (Lemmon) et C\/2025 R2 (SWAN) du 18 au 25 octobre 2025 \u00e0 20h45, heure de Paris. La ligne rouge repr\u00e9sente l'horizon calcul\u00e9 pour le centre de la France. Carte : Stelvision\/Bertrand d'Armagnac avec Stellarium.\" class=\"wp-image-71543\" srcset=\"https:\/\/www.stelvision.com\/astro\/wp-content\/uploads\/2025\/10\/22oct20h45-swan-lemmon-trajectoires-avec-legendes-1024x580.webp 1024w, https:\/\/www.stelvision.com\/astro\/wp-content\/uploads\/2025\/10\/22oct20h45-swan-lemmon-trajectoires-avec-legendes-300x170.webp 300w, https:\/\/www.stelvision.com\/astro\/wp-content\/uploads\/2025\/10\/22oct20h45-swan-lemmon-trajectoires-avec-legendes-800x453.webp 800w, https:\/\/www.stelvision.com\/astro\/wp-content\/uploads\/2025\/10\/22oct20h45-swan-lemmon-trajectoires-avec-legendes-1140x646.webp 1140w, https:\/\/www.stelvision.com\/astro\/wp-content\/uploads\/2025\/10\/22oct20h45-swan-lemmon-trajectoires-avec-legendes-750x425.webp 750w, https:\/\/www.stelvision.com\/astro\/wp-content\/uploads\/2025\/10\/22oct20h45-swan-lemmon-trajectoires-avec-legendes-570x323.webp 570w, https:\/\/www.stelvision.com\/astro\/wp-content\/uploads\/2025\/10\/22oct20h45-swan-lemmon-trajectoires-avec-legendes-368x208.webp 368w, https:\/\/www.stelvision.com\/astro\/wp-content\/uploads\/2025\/10\/22oct20h45-swan-lemmon-trajectoires-avec-legendes-270x153.webp 270w, https:\/\/www.stelvision.com\/astro\/wp-content\/uploads\/2025\/10\/22oct20h45-swan-lemmon-trajectoires-avec-legendes-1000x566.webp 1000w, https:\/\/www.stelvision.com\/astro\/wp-content\/uploads\/2025\/10\/22oct20h45-swan-lemmon-trajectoires-avec-legendes.webp 1820w\" sizes=\"(max-width: 1024px) 100vw, 1024px\" \/><\/a><figcaption class=\"wp-element-caption\"><strong>Carte de rep\u00e9rage des com\u00e8tes C\/2025 A6 (Lemmon) et C\/2025 R2 (SWAN) du 18 au 25 octobre 2025 \u00e0 20h45, heure de Paris. La ligne rouge repr\u00e9sente l&rsquo;horizon calcul\u00e9 pour le centre de la France.<\/strong> <small>Carte r\u00e9alis\u00e9e avec Stellarium.<\/small><\/figcaption><\/figure>\n\n\n\n<h2 class=\"wp-block-heading\">Comment observer ces com\u00e8tes ? Que voit-on ?<\/h2>\n\n\n\n<h3 class=\"wp-block-heading\">Choisissez votre point d&rsquo;observation<\/h3>\n\n\n\n<p>Choisissez un lieu <strong>\u00e0 l&rsquo;\u00e9cart des lumi\u00e8res g\u00eanantes<\/strong>, si possible en pleine campagne, pour b\u00e9n\u00e9ficier d&rsquo;un ciel noir qui pourra r\u00e9v\u00e9ler l&rsquo;\u00e9tendue et les d\u00e9tails subtils de ces astres diffus que sont les com\u00e8tes. Si vous \u00eates en banlieue ou en ville, une observation n&rsquo;est pas \u00e0 exclure compl\u00e8tement : vous r\u00e9ussirez peut-\u00eatre \u00e0 voir ces com\u00e8tes, avec une vision d\u00e9grad\u00e9e mais avec la satisfaction d&rsquo;avoir relev\u00e9 le d\u00e9fi !<\/p>\n\n\n\n<h3 class=\"wp-block-heading\">\u00c0 l\u2019\u0153il nu<\/h3>\n\n\n\n<p>Au 16 octobre, sous un ciel de campagne gersoise, la com\u00e8te <strong>Lemmon <\/strong>n&rsquo;\u00e9tait pas encore visible \u00e0 l&rsquo;\u0153il nu&#8230; mais elle l&rsquo;\u00e9tait avec des \u00ab\u00a0<a href=\"https:\/\/www.stelvision.com\/astro\/noctua-des-jumelles-yeux-de-hibou-siglees-stelvision\/\">yeux de hibou<\/a>\u00ab\u00a0, sous la forme d&rsquo;un p\u00e2le et petit flocon. Si sa luminosit\u00e9 augmente dans les prochains jours conform\u00e9ment aux pr\u00e9visions, elle devrait \u00eatre tout juste visible \u00e0 l&rsquo;\u0153il nu par bon ciel. Il n&rsquo;est pas s\u00fbr que la queue soit visible car elle est assez t\u00e9nue. N\u00e9anmoins, il est toujours amusant de r\u00e9ussir \u00e0 apercevoir une com\u00e8te \u00e0 l&rsquo;endroit attendu, et de surveiller ses changements de position de jour en jour par rapport aux \u00e9toiles environnantes.<\/p>\n\n\n\n<h3 class=\"wp-block-heading\">Aux jumelles<\/h3>\n\n\n\n<p>Au soir du 16 octobre, <strong>Lemmon <\/strong>\u00e9tait bien visible aux jumelles dans le ciel rural du Gers, avec des jumelles 12&#215;36 stabilis\u00e9es et des jumelles 10&#215;50. On pouvait distinguer son noyau, tr\u00e8s petit, entour\u00e9 de la chevelure qui a l\u2019aspect d\u2019une boule diffuse. Et la queue, discr\u00e8te mais bien pr\u00e9sente et plut\u00f4t longue.<\/p>\n\n\n\n<p>Quant \u00e0 <strong>Swan<\/strong>, elle \u00e9tait \u00e9galement visible aux jumelles, plus faiblement et sans queue. N&rsquo;ayant pas de forme tr\u00e8s caract\u00e9ristique, on peut \u00e9ventuellement la confondre avec une n\u00e9buleuse ou un amas d&rsquo;\u00e9toiles. Mais si vous avez fait un rep\u00e9rage soign\u00e9, vous savez que c&rsquo;est bien elle ! <\/p>\n\n\n\n<p>Les jumelles permettent de voir davantage de d\u00e9tails et de collecter plus de lumi\u00e8re que l\u2019\u0153il nu, tout en ayant un grand champ de vision (par rapport \u00e0 un t\u00e9lescope). Des jumelles bien lumineuses,&nbsp;de type <a href=\"https:\/\/www.stelvision.com\/astro\/boutique\/jumelles-10x50-st2\/\">10\u00d750<\/a> par exemple, sont donc tout \u00e0 fait indiqu\u00e9es pour la chasse aux com\u00e8tes. <\/p>\n\n\n<div class=\"rwwp-featured-content-wrapper rwwp-featured-content-wrapper-ad-mode\"><div class=\"rwwp-featured-content-ad-title\">La suite apr\u00e8s cette annonce<\/div><div class=\"rwwp-featured-content-ad-content\"><div class=\"stel-auto-swiffy-slider rwwp-featured-content rwwp-featured-content-slides rwwp-featured-content-slides-alignment-top rwwp-featured-content-slides-carousel-yes\"><div class=\"rwwp-featured-content-item rwwp-featured-content-item-product rwwp-featured-content-item-small\"><div class=\"woocommerce columns-1 stel-product-no-add_to_cart\"><ul class=\"products columns-1\">\n<li class=\"product type-product post-3186 status-publish first onbackorder product_cat-jumelles has-post-thumbnail taxable shipping-taxable purchasable product-type-simple\">\n\t<div class=\"stel-wc-product\"><a href=\"https:\/\/www.stelvision.com\/astro\/boutique\/jumelles-10x50-st2\/\" title=\"Jumelles 10x50 ST2\" class=\"woocommerce-LoopProduct-link woocommerce-loop-product__link\"><img decoding=\"async\" width=\"300\" height=\"300\" src=\"https:\/\/www.stelvision.com\/astro\/wp-content\/uploads\/2024\/10\/jumelles-Stelvision-ST2-trois-quart-arriere-1024-300x300.jpg\" class=\"attachment-woocommerce_thumbnail size-woocommerce_thumbnail\" alt=\"visuel jumelles Stelvision 10x50 ST2 vues de trois-quarts arriere\" srcset=\"https:\/\/www.stelvision.com\/astro\/wp-content\/uploads\/2024\/10\/jumelles-Stelvision-ST2-trois-quart-arriere-1024-300x300.jpg 300w, https:\/\/www.stelvision.com\/astro\/wp-content\/uploads\/2024\/10\/jumelles-Stelvision-ST2-trois-quart-arriere-1024-150x150.jpg 150w, https:\/\/www.stelvision.com\/astro\/wp-content\/uploads\/2024\/10\/jumelles-Stelvision-ST2-trois-quart-arriere-1024-600x600.jpg 600w, https:\/\/www.stelvision.com\/astro\/wp-content\/uploads\/2024\/10\/jumelles-Stelvision-ST2-trois-quart-arriere-1024-750x750.jpg 750w, https:\/\/www.stelvision.com\/astro\/wp-content\/uploads\/2024\/10\/jumelles-Stelvision-ST2-trois-quart-arriere-1024-570x570.jpg 570w, https:\/\/www.stelvision.com\/astro\/wp-content\/uploads\/2024\/10\/jumelles-Stelvision-ST2-trois-quart-arriere-1024-368x368.jpg 368w, https:\/\/www.stelvision.com\/astro\/wp-content\/uploads\/2024\/10\/jumelles-Stelvision-ST2-trois-quart-arriere-1024-270x270.jpg 270w, https:\/\/www.stelvision.com\/astro\/wp-content\/uploads\/2024\/10\/jumelles-Stelvision-ST2-trois-quart-arriere-1024-62x62.jpg 62w, https:\/\/www.stelvision.com\/astro\/wp-content\/uploads\/2024\/10\/jumelles-Stelvision-ST2-trois-quart-arriere-1024-100x100.jpg 100w, https:\/\/www.stelvision.com\/astro\/wp-content\/uploads\/2024\/10\/jumelles-Stelvision-ST2-trois-quart-arriere-1024-1000x1000.jpg 1000w, https:\/\/www.stelvision.com\/astro\/wp-content\/uploads\/2024\/10\/jumelles-Stelvision-ST2-trois-quart-arriere-1024.jpg 1024w\" sizes=\"(max-width: 300px) 100vw, 300px\" \/><h2 class=\"woocommerce-loop-product__title\">Jumelles 10&#215;50 ST2<div class=\"stel-product-item-review-wrapper\"><div class=\"skeepers_product__stars\" data-product-id=\"3186\"><\/div><script type=\"text\/javascript\">\/*!rw_stel_js*\/window.$ = jQuery;<\/script><script async charset=\"utf-8\" src=\"https:\/\/widgets.rr.skeepers.io\/product\/29f32d37-16d4-4b94-e954-a24712bd5a0f\/49f1f3bb-3583-4096-a330-61b13d46555d.js\"><\/script><\/div><\/h2>\r\n\t<span class=\"price\"><span class=\"woocommerce-Price-amount amount\"><bdi>115.00<span class=\"woocommerce-Price-currencySymbol\">&euro;<\/span><\/bdi><\/span> <span class=\"rwwc-vat-price-hint\" onclick=\"rwStelvisionWooTaxesInfos.showTaxHintModal(event)\">TVA incluse (FR) <i class=\"neko-icon-info-circled\"><\/i><\/span><\/span>\r\n<div class=\"netreviews_bg_stars_big listStars\" title=\"4.8\/5\"><div><span class=\"nr-icon nr-star grey\"><\/span><span class=\"nr-icon nr-star grey\"><\/span><span class=\"nr-icon nr-star grey\"><\/span><span class=\"nr-icon nr-star grey\"><\/span><span class=\"nr-icon nr-star grey\"><\/span><\/div><div style=\"color: #4FB8D7 !important\"><span class=\"nr-icon nr-star\" style=\"width:20%;\"><\/span><span class=\"nr-icon nr-star\" style=\"width:20%;\"><\/span><span class=\"nr-icon nr-star\" style=\"width:20%;\"><\/span><span class=\"nr-icon nr-star\" style=\"width:20%;\"><\/span><span class=\"nr-icon nr-star\" style=\"width:16%;\"><\/span><\/div> <span class=\"reviewCount\">25 avis<\/span><\/div><\/a><span class=\" rw_stelvision_product_not_in_stock \"><span class=\" rw_stelvision_product_stock_msg \">En r\u00e9approvisionnement. Exp\u00e9di\u00e9 le 7 mai.<\/span><\/span><a href=\"\/astro\/wp-json\/wp\/v2\/posts\/71517?add-to-cart=3186\" aria-describedby=\"woocommerce_loop_add_to_cart_link_describedby_31860\" data-quantity=\"1\" data-product_id=\"3186\" data-product-title=\"Jumelles 10&#215;50 ST2&lt;div class=&quot;stel-product-item-review-wrapper&quot;&gt;&lt;div class=&quot;skeepers_product__stars&quot; data-product-id=&quot;3186&quot;&gt;&lt;\/div&gt;&lt;\/div&gt;\" class=\"button product_type_simple add_to_cart_button ajax_add_to_cart\" data-product_id=\"3186\" data-product_sku=\"3770011947041\" aria-label=\"Ajouter au panier\u00a0: &ldquo;Jumelles 10x50 ST2&rdquo;\" rel=\"nofollow\" data-success_message=\"\u00ab\u00a0Jumelles 10x50 ST2\u00a0\u00bb a \u00e9t\u00e9 ajout\u00e9 \u00e0 votre panier\" role=\"button\">Ajouter au panier<\/a><span id=\"woocommerce_loop_add_to_cart_link_describedby_31860\" class=\"screen-reader-text\"><\/span><\/div><\/li>\n<\/ul>\n<\/div><\/div><div class=\"rwwp-featured-content-item rwwp-featured-content-item-product rwwp-featured-content-item-small\"><div class=\"woocommerce columns-1 stel-product-no-add_to_cart\"><ul class=\"products columns-1\">\n<li class=\"product type-product post-42682 status-publish first outofstock product_cat-telescopes-lunettes product_cat-soldes has-post-thumbnail taxable shipping-taxable purchasable product-type-simple\">\n\t<div class=\"stel-wc-product\"><a href=\"https:\/\/www.stelvision.com\/astro\/boutique\/telescope-stelescope-200\/\" title=\"T&eacute;lescope STELESCOPE 200, Dobson GSO Deluxe &eacute;quip&eacute; Grand champ\" class=\"woocommerce-LoopProduct-link woocommerce-loop-product__link\"><img decoding=\"async\" width=\"300\" height=\"300\" src=\"https:\/\/www.stelvision.com\/astro\/wp-content\/uploads\/2022\/06\/MG_1729_BD_1024x1024-300x300.jpg\" class=\"attachment-woocommerce_thumbnail size-woocommerce_thumbnail\" alt=\"Photo du Stelescope 200, un t\u00e9lescope Dobson de 200 mm\" srcset=\"https:\/\/www.stelvision.com\/astro\/wp-content\/uploads\/2022\/06\/MG_1729_BD_1024x1024-300x300.jpg 300w, https:\/\/www.stelvision.com\/astro\/wp-content\/uploads\/2022\/06\/MG_1729_BD_1024x1024.jpg 1024w, https:\/\/www.stelvision.com\/astro\/wp-content\/uploads\/2022\/06\/MG_1729_BD_1024x1024-150x150.jpg 150w, https:\/\/www.stelvision.com\/astro\/wp-content\/uploads\/2022\/06\/MG_1729_BD_1024x1024-768x768.jpg 768w, https:\/\/www.stelvision.com\/astro\/wp-content\/uploads\/2022\/06\/MG_1729_BD_1024x1024-750x750.jpg 750w, https:\/\/www.stelvision.com\/astro\/wp-content\/uploads\/2022\/06\/MG_1729_BD_1024x1024-570x570.jpg 570w, https:\/\/www.stelvision.com\/astro\/wp-content\/uploads\/2022\/06\/MG_1729_BD_1024x1024-368x368.jpg 368w, https:\/\/www.stelvision.com\/astro\/wp-content\/uploads\/2022\/06\/MG_1729_BD_1024x1024-270x270.jpg 270w, https:\/\/www.stelvision.com\/astro\/wp-content\/uploads\/2022\/06\/MG_1729_BD_1024x1024-62x62.jpg 62w, https:\/\/www.stelvision.com\/astro\/wp-content\/uploads\/2022\/06\/MG_1729_BD_1024x1024-100x100.jpg 100w, https:\/\/www.stelvision.com\/astro\/wp-content\/uploads\/2022\/06\/MG_1729_BD_1024x1024-1000x1000.jpg 1000w\" sizes=\"(max-width: 300px) 100vw, 300px\" \/><h2 class=\"woocommerce-loop-product__title\">T\u00e9lescope STELESCOPE 200, Dobson GSO Deluxe \u00e9quip\u00e9 Grand champ<div class=\"stel-product-item-review-wrapper\"><div class=\"skeepers_product__stars\" data-product-id=\"42682\"><\/div><\/div><\/h2>\r\n\t<span class=\"price\"><span class=\"woocommerce-Price-amount amount\"><bdi>650.00<span class=\"woocommerce-Price-currencySymbol\">&euro;<\/span><\/bdi><\/span> <span class=\"rwwc-vat-price-hint\" onclick=\"rwStelvisionWooTaxesInfos.showTaxHintModal(event)\">TVA incluse (FR) <i class=\"neko-icon-info-circled\"><\/i><\/span><\/span>\r\n<div class=\"netreviews_bg_stars_big listStars\" title=\"4.941\/5\"><div><span class=\"nr-icon nr-star grey\"><\/span><span class=\"nr-icon nr-star grey\"><\/span><span class=\"nr-icon nr-star grey\"><\/span><span class=\"nr-icon nr-star grey\"><\/span><span class=\"nr-icon nr-star grey\"><\/span><\/div><div style=\"color: #4FB8D7 !important\"><span class=\"nr-icon nr-star\" style=\"width:20%;\"><\/span><span class=\"nr-icon nr-star\" style=\"width:20%;\"><\/span><span class=\"nr-icon nr-star\" style=\"width:20%;\"><\/span><span class=\"nr-icon nr-star\" style=\"width:20%;\"><\/span><span class=\"nr-icon nr-star\" style=\"width:18%;\"><\/span><\/div> <span class=\"reviewCount\">17 avis<\/span><\/div><\/a><span class=\" rw_stelvision_product_not_in_stock  rw_stelvision_product_cannot_be_added_to_cart \"><span class=\" rw_stelvision_product_stock_msg \">\u00e9puis\u00e9<\/span><\/span><span id=\"woocommerce_loop_add_to_cart_link_describedby_42682_1\" class=\"screen-reader-text\"><\/span><\/div><\/li>\n<\/ul>\n<\/div><\/div><\/div><\/div><\/div>\n\n\n\n<h3 class=\"wp-block-heading\">Au t\u00e9lescope<\/h3>\n\n\n\n<p>Les&nbsp;<a href=\"https:\/\/www.stelvision.com\/astro\/telescopes-lunettes-astronomiques-comprendre-choisir\/\">lunettes astronomiques et les t\u00e9lescopes<\/a>&nbsp;permettent de grossir davantage et de collecter encore plus de lumi\u00e8re que les jumelles. <\/p>\n\n\n\n<figure class=\"wp-block-image size-large\"><img decoding=\"async\" width=\"1024\" height=\"683\" src=\"https:\/\/www.stelvision.com\/astro\/wp-content\/uploads\/2025\/10\/Dan-Bartlett-Lemmon-wiTxUnYGQCjY_16536x0_YYWo_P_A_1350x900-1024x683.webp\" alt=\"photo de la com\u00e8te C\/2025 A6 (Lemmon) par Dan Bartlett\" class=\"wp-image-71547\" srcset=\"https:\/\/www.stelvision.com\/astro\/wp-content\/uploads\/2025\/10\/Dan-Bartlett-Lemmon-wiTxUnYGQCjY_16536x0_YYWo_P_A_1350x900-1024x683.webp 1024w, https:\/\/www.stelvision.com\/astro\/wp-content\/uploads\/2025\/10\/Dan-Bartlett-Lemmon-wiTxUnYGQCjY_16536x0_YYWo_P_A_1350x900-300x200.webp 300w, https:\/\/www.stelvision.com\/astro\/wp-content\/uploads\/2025\/10\/Dan-Bartlett-Lemmon-wiTxUnYGQCjY_16536x0_YYWo_P_A_1350x900-800x533.webp 800w, https:\/\/www.stelvision.com\/astro\/wp-content\/uploads\/2025\/10\/Dan-Bartlett-Lemmon-wiTxUnYGQCjY_16536x0_YYWo_P_A_1350x900-1140x760.webp 1140w, https:\/\/www.stelvision.com\/astro\/wp-content\/uploads\/2025\/10\/Dan-Bartlett-Lemmon-wiTxUnYGQCjY_16536x0_YYWo_P_A_1350x900-750x500.webp 750w, https:\/\/www.stelvision.com\/astro\/wp-content\/uploads\/2025\/10\/Dan-Bartlett-Lemmon-wiTxUnYGQCjY_16536x0_YYWo_P_A_1350x900-570x380.webp 570w, https:\/\/www.stelvision.com\/astro\/wp-content\/uploads\/2025\/10\/Dan-Bartlett-Lemmon-wiTxUnYGQCjY_16536x0_YYWo_P_A_1350x900-368x245.webp 368w, https:\/\/www.stelvision.com\/astro\/wp-content\/uploads\/2025\/10\/Dan-Bartlett-Lemmon-wiTxUnYGQCjY_16536x0_YYWo_P_A_1350x900-270x180.webp 270w, https:\/\/www.stelvision.com\/astro\/wp-content\/uploads\/2025\/10\/Dan-Bartlett-Lemmon-wiTxUnYGQCjY_16536x0_YYWo_P_A_1350x900-1000x667.webp 1000w, https:\/\/www.stelvision.com\/astro\/wp-content\/uploads\/2025\/10\/Dan-Bartlett-Lemmon-wiTxUnYGQCjY_16536x0_YYWo_P_A_1350x900.webp 1350w\" sizes=\"(max-width: 1024px) 100vw, 1024px\" \/><figcaption class=\"wp-element-caption\"><strong>La com\u00e8te C\/2025 A6 (Lemmon) d\u00e9ploie une queue tr\u00e8s longue et irr\u00e9guli\u00e8re sur cette belle image r\u00e9alis\u00e9e en Californie par l&rsquo;astronome amateur Dan Bartlett avec un t\u00e9lescope de 280 mm (temps de pose total : 1h).<\/strong><\/figcaption><\/figure>\n\n\n\n<p>L\u2019observation au t\u00e9lescope permet notamment de d\u00e9celer davantage de d\u00e9tails, par exemple des variations de luminosit\u00e9 au sein de la chevelure ou de la queue. Vous pouvez aussi surveiller l\u2019\u00e9volution de ces d\u00e9tails de jour en jour. Et bien s\u00fbr, le t\u00e9lescope permet de continuer \u00e0 observer la com\u00e8te lorsqu\u2019elle baisse en luminosit\u00e9 et n\u2019est plus visible \u00e0 l\u2019\u0153il nu ou aux jumelles.<\/p>\n\n\n<div id=\"stel_newsletter_1\" class=\"stel_newsletter-wrapper stel_newsletter-style-normal\"><div class=\"stel_newsletter\"><div class=\"stel_newsletter-title\">Recevez notre Newsletter astro<\/div><div class=\"stel_newsletter-block\"><ul>\n    <li>L'actualit\u00e9 du ciel et nos nouveaut\u00e9s<\/li>\n    <li>Une \u00e0 deux fois par mois environ<\/li>\n    <li>D\u00e9sinscription possible \u00e0 tout moment<\/li>\n<\/ul><\/div><div class=\"rwwp_newsletter\"><div class=\"rwwp_newsletter-input-wrapper\"><input type=\"email\" class=\"rwwp_newsletter-input\" placeholder=\"Votre adresse e-mail\"><\/div><button type=\"button\" class=\"rwwp_newsletter-button\"><svg class=\"rwwp_newsletter-loader\" viewBox=\"0 0 512 512\"><path d=\"M460.116 373.846l-20.823-12.022c-5.541-3.199-7.54-10.159-4.663-15.874 30.137-59.886 28.343-131.652-5.386-189.946-33.641-58.394-94.896-95.833-161.827-99.676C261.028 55.961 256 50.751 256 44.352V20.309c0-6.904 5.808-12.337 12.703-11.982 83.556 4.306 160.163 50.864 202.11 123.677 42.063 72.696 44.079 162.316 6.031 236.832-3.14 6.148-10.75 8.461-16.728 5.01z\"><\/path><\/svg>Je m'inscris<\/button><div class=\"rwwp_newsletter-alert rwwp_newsletter-alert-ko-email\">Veuillez saisir une addresse e-mail valide.<\/div><div class=\"rwwp_newsletter-alert rwwp_newsletter-alert-ko\">Nous n'avons pas pu confirmer votre inscription.<\/div><div class=\"rwwp_newsletter-alert rwwp_newsletter-alert-ok\">Nous venons de vous envoyer un e-mail pour confirmer votre inscription. Merci de consulter votre messagerie et de cliquer sur le bouton de confirmation pr\u00e9sent dans cet e-mail.<\/div><\/div><\/div><\/div><script type=\"text\/javascript\">\/*!rw_stel_js*\/rw_stelvision_theme_ready(\"rw_newsletter\", function(){rw_newsletter.initialize(\"stel_newsletter_1\",\"formulaire-newsletter\");});<\/script>\n","protected":false},"excerpt":{"rendered":"<p>C&rsquo;est une double bonne surprise pour les adeptes du ciel : les com\u00e8tes C\/2025 R2 (SWAN) et C\/2025 A6 (Lemmon) pourront \u00eatre observ\u00e9es en octobre avec de simples jumelles&#8230; et peut-\u00eatre \u00e0 l&rsquo;oeil nu pour la seconde !<\/p>\n","protected":false},"author":1,"featured_media":71549,"comment_status":"closed","ping_status":"closed","sticky":false,"template":"","format":"standard","meta":{"_acf_changed":false,"footnotes":""},"categories":[2],"tags":[],"class_list":["post-71517","post","type-post","status-publish","format-standard","has-post-thumbnail","hentry","category-observer-le-ciel"],"acf":[],"yoast_head":"<!-- This site is optimized with the Yoast SEO plugin v27.1.1 - https:\/\/yoast.com\/product\/yoast-seo-wordpress\/ -->\n<title>2 belles com\u00e8tes en octobre 2025 : Lemmon et SWAN<\/title>\n<meta name=\"description\" content=\"Les com\u00e8tes SWAN et Lemmon pourront \u00eatre observ\u00e9es en octobre avec de simples jumelles... et peut-\u00eatre \u00e0 l&#039;oeil nu pour la seconde !\" \/>\n<meta name=\"robots\" content=\"index, follow, max-snippet:-1, max-image-preview:large, max-video-preview:-1\" \/>\n<link rel=\"canonical\" href=\"https:\/\/www.stelvision.com\/astro\/2-belles-cometes-en-octobre-2025-lemmon-et-swan\/\" \/>\n<meta property=\"og:locale\" content=\"fr_FR\" \/>\n<meta property=\"og:type\" content=\"article\" \/>\n<meta property=\"og:title\" content=\"2 belles com\u00e8tes en octobre 2025 : Lemmon et SWAN\" \/>\n<meta property=\"og:description\" content=\"Les com\u00e8tes SWAN et Lemmon pourront \u00eatre observ\u00e9es en octobre avec de simples jumelles... et peut-\u00eatre \u00e0 l&#039;oeil nu pour la seconde !\" \/>\n<meta property=\"og:url\" content=\"https:\/\/www.stelvision.com\/astro\/2-belles-cometes-en-octobre-2025-lemmon-et-swan\/\" \/>\n<meta property=\"og:site_name\" content=\"Stelvision\" \/>\n<meta property=\"article:publisher\" content=\"https:\/\/www.facebook.com\/people\/Stelvision\/100063368192331\/\" \/>\n<meta property=\"article:published_time\" content=\"2025-10-01T16:50:20+00:00\" \/>\n<meta property=\"article:modified_time\" content=\"2025-11-06T17:23:31+00:00\" \/>\n<meta property=\"og:image\" content=\"https:\/\/www.stelvision.com\/astro\/wp-content\/uploads\/2025\/10\/Michael-Lemmon-b2bdbb53-3d6d-4be0-85a4-0203c89db460_1200x630.webp\" \/>\n\t<meta property=\"og:image:width\" content=\"1200\" \/>\n\t<meta property=\"og:image:height\" content=\"630\" \/>\n\t<meta property=\"og:image:type\" content=\"image\/webp\" \/>\n<meta name=\"author\" content=\"Bertrand d&#039;Armagnac\" \/>\n<meta name=\"twitter:card\" content=\"summary_large_image\" \/>\n<meta name=\"twitter:label1\" content=\"\u00c9crit par\" \/>\n\t<meta name=\"twitter:data1\" content=\"Bertrand d&#039;Armagnac\" \/>\n\t<meta name=\"twitter:label2\" content=\"Dur\u00e9e de lecture estim\u00e9e\" \/>\n\t<meta name=\"twitter:data2\" content=\"9 minutes\" \/>\n<script type=\"application\/ld+json\" class=\"yoast-schema-graph\">{\"@context\":\"https:\/\/schema.org\",\"@graph\":[{\"@type\":\"Article\",\"@id\":\"https:\/\/www.stelvision.com\/astro\/2-belles-cometes-en-octobre-2025-lemmon-et-swan\/#article\",\"isPartOf\":{\"@id\":\"https:\/\/www.stelvision.com\/astro\/2-belles-cometes-en-octobre-2025-lemmon-et-swan\/\"},\"author\":{\"name\":\"Bertrand d'Armagnac\",\"@id\":\"https:\/\/www.stelvision.com\/astro\/#\/schema\/person\/46766957349a30f84232506532ab805d\"},\"headline\":\"2 belles com\u00e8tes en octobre 2025 : Lemmon et SWAN\",\"datePublished\":\"2025-10-01T16:50:20+00:00\",\"dateModified\":\"2025-11-06T17:23:31+00:00\",\"mainEntityOfPage\":{\"@id\":\"https:\/\/www.stelvision.com\/astro\/2-belles-cometes-en-octobre-2025-lemmon-et-swan\/\"},\"wordCount\":1570,\"publisher\":{\"@id\":\"https:\/\/www.stelvision.com\/astro\/#organization\"},\"image\":{\"@id\":\"https:\/\/www.stelvision.com\/astro\/2-belles-cometes-en-octobre-2025-lemmon-et-swan\/#primaryimage\"},\"thumbnailUrl\":\"https:\/\/www.stelvision.com\/astro\/wp-content\/uploads\/2025\/10\/Michael-Lemmon-b2bdbb53-3d6d-4be0-85a4-0203c89db460_1200x900.webp\",\"articleSection\":[\"Observer le ciel\"],\"inLanguage\":\"fr-FR\"},{\"@type\":\"WebPage\",\"@id\":\"https:\/\/www.stelvision.com\/astro\/2-belles-cometes-en-octobre-2025-lemmon-et-swan\/\",\"url\":\"https:\/\/www.stelvision.com\/astro\/2-belles-cometes-en-octobre-2025-lemmon-et-swan\/\",\"name\":\"2 belles com\u00e8tes en octobre 2025 : Lemmon et SWAN\",\"isPartOf\":{\"@id\":\"https:\/\/www.stelvision.com\/astro\/#website\"},\"primaryImageOfPage\":{\"@id\":\"https:\/\/www.stelvision.com\/astro\/2-belles-cometes-en-octobre-2025-lemmon-et-swan\/#primaryimage\"},\"image\":{\"@id\":\"https:\/\/www.stelvision.com\/astro\/2-belles-cometes-en-octobre-2025-lemmon-et-swan\/#primaryimage\"},\"thumbnailUrl\":\"https:\/\/www.stelvision.com\/astro\/wp-content\/uploads\/2025\/10\/Michael-Lemmon-b2bdbb53-3d6d-4be0-85a4-0203c89db460_1200x900.webp\",\"datePublished\":\"2025-10-01T16:50:20+00:00\",\"dateModified\":\"2025-11-06T17:23:31+00:00\",\"description\":\"Les com\u00e8tes SWAN et Lemmon pourront \u00eatre observ\u00e9es en octobre avec de simples jumelles... et peut-\u00eatre \u00e0 l'oeil nu pour la seconde !\",\"breadcrumb\":{\"@id\":\"https:\/\/www.stelvision.com\/astro\/2-belles-cometes-en-octobre-2025-lemmon-et-swan\/#breadcrumb\"},\"inLanguage\":\"fr-FR\",\"potentialAction\":[{\"@type\":\"ReadAction\",\"target\":[\"https:\/\/www.stelvision.com\/astro\/2-belles-cometes-en-octobre-2025-lemmon-et-swan\/\"]}]},{\"@type\":\"ImageObject\",\"inLanguage\":\"fr-FR\",\"@id\":\"https:\/\/www.stelvision.com\/astro\/2-belles-cometes-en-octobre-2025-lemmon-et-swan\/#primaryimage\",\"url\":\"https:\/\/www.stelvision.com\/astro\/wp-content\/uploads\/2025\/10\/Michael-Lemmon-b2bdbb53-3d6d-4be0-85a4-0203c89db460_1200x900.webp\",\"contentUrl\":\"https:\/\/www.stelvision.com\/astro\/wp-content\/uploads\/2025\/10\/Michael-Lemmon-b2bdbb53-3d6d-4be0-85a4-0203c89db460_1200x900.webp\",\"width\":1200,\"height\":900,\"caption\":\"La com\u00e8te C2025\/A6 (Lemmon) photographi\u00e9e le 27 septembre 2025 par l'astronome amateur su\u00e9dois Michael Gehrisch, avec un t\u00e9lescope de 200 mm (temps de pose total : 1h50).\"},{\"@type\":\"BreadcrumbList\",\"@id\":\"https:\/\/www.stelvision.com\/astro\/2-belles-cometes-en-octobre-2025-lemmon-et-swan\/#breadcrumb\",\"itemListElement\":[{\"@type\":\"ListItem\",\"position\":1,\"name\":\"Accueil\",\"item\":\"https:\/\/www.stelvision.com\/astro\/\"},{\"@type\":\"ListItem\",\"position\":2,\"name\":\"2 belles com\u00e8tes en octobre 2025 : Lemmon et SWAN\"}]},{\"@type\":\"WebSite\",\"@id\":\"https:\/\/www.stelvision.com\/astro\/#website\",\"url\":\"https:\/\/www.stelvision.com\/astro\/\",\"name\":\"Stelvision\",\"description\":\"conseils, livres et mat\u00e9riel d&#039;observation du ciel\",\"publisher\":{\"@id\":\"https:\/\/www.stelvision.com\/astro\/#organization\"},\"potentialAction\":[{\"@type\":\"SearchAction\",\"target\":{\"@type\":\"EntryPoint\",\"urlTemplate\":\"https:\/\/www.stelvision.com\/astro\/?s={search_term_string}\"},\"query-input\":{\"@type\":\"PropertyValueSpecification\",\"valueRequired\":true,\"valueName\":\"search_term_string\"}}],\"inLanguage\":\"fr-FR\"},{\"@type\":\"Organization\",\"@id\":\"https:\/\/www.stelvision.com\/astro\/#organization\",\"name\":\"Stelvision\",\"url\":\"https:\/\/www.stelvision.com\/astro\/\",\"logo\":{\"@type\":\"ImageObject\",\"inLanguage\":\"fr-FR\",\"@id\":\"https:\/\/www.stelvision.com\/astro\/#\/schema\/logo\/image\/\",\"url\":\"https:\/\/www.stelvision.com\/astro\/wp-content\/uploads\/2019\/03\/logo_lisse_bleu_Stelvision_600.png\",\"contentUrl\":\"https:\/\/www.stelvision.com\/astro\/wp-content\/uploads\/2019\/03\/logo_lisse_bleu_Stelvision_600.png\",\"width\":600,\"height\":277,\"caption\":\"Stelvision\"},\"image\":{\"@id\":\"https:\/\/www.stelvision.com\/astro\/#\/schema\/logo\/image\/\"},\"sameAs\":[\"https:\/\/www.facebook.com\/people\/Stelvision\/100063368192331\/\"]},{\"@type\":\"Person\",\"@id\":\"https:\/\/www.stelvision.com\/astro\/#\/schema\/person\/46766957349a30f84232506532ab805d\",\"name\":\"Bertrand d'Armagnac\",\"url\":\"https:\/\/www.stelvision.com\/astro\/author\/administel\/\"}]}<\/script>\n<!-- \/ Yoast SEO plugin. -->","yoast_head_json":{"title":"2 belles com\u00e8tes en octobre 2025 : Lemmon et SWAN","description":"Les com\u00e8tes SWAN et Lemmon pourront \u00eatre observ\u00e9es en octobre avec de simples jumelles... et peut-\u00eatre \u00e0 l'oeil nu pour la seconde !","robots":{"index":"index","follow":"follow","max-snippet":"max-snippet:-1","max-image-preview":"max-image-preview:large","max-video-preview":"max-video-preview:-1"},"canonical":"https:\/\/www.stelvision.com\/astro\/2-belles-cometes-en-octobre-2025-lemmon-et-swan\/","og_locale":"fr_FR","og_type":"article","og_title":"2 belles com\u00e8tes en octobre 2025 : Lemmon et SWAN","og_description":"Les com\u00e8tes SWAN et Lemmon pourront \u00eatre observ\u00e9es en octobre avec de simples jumelles... et peut-\u00eatre \u00e0 l'oeil nu pour la seconde !","og_url":"https:\/\/www.stelvision.com\/astro\/2-belles-cometes-en-octobre-2025-lemmon-et-swan\/","og_site_name":"Stelvision","article_publisher":"https:\/\/www.facebook.com\/people\/Stelvision\/100063368192331\/","article_published_time":"2025-10-01T16:50:20+00:00","article_modified_time":"2025-11-06T17:23:31+00:00","og_image":[{"width":1200,"height":630,"url":"https:\/\/www.stelvision.com\/astro\/wp-content\/uploads\/2025\/10\/Michael-Lemmon-b2bdbb53-3d6d-4be0-85a4-0203c89db460_1200x630.webp","type":"image\/webp"}],"author":"Bertrand d'Armagnac","twitter_card":"summary_large_image","twitter_misc":{"\u00c9crit par":"Bertrand d'Armagnac","Dur\u00e9e de lecture estim\u00e9e":"9 minutes"},"schema":{"@context":"https:\/\/schema.org","@graph":[{"@type":"Article","@id":"https:\/\/www.stelvision.com\/astro\/2-belles-cometes-en-octobre-2025-lemmon-et-swan\/#article","isPartOf":{"@id":"https:\/\/www.stelvision.com\/astro\/2-belles-cometes-en-octobre-2025-lemmon-et-swan\/"},"author":{"name":"Bertrand d'Armagnac","@id":"https:\/\/www.stelvision.com\/astro\/#\/schema\/person\/46766957349a30f84232506532ab805d"},"headline":"2 belles com\u00e8tes en octobre 2025 : Lemmon et SWAN","datePublished":"2025-10-01T16:50:20+00:00","dateModified":"2025-11-06T17:23:31+00:00","mainEntityOfPage":{"@id":"https:\/\/www.stelvision.com\/astro\/2-belles-cometes-en-octobre-2025-lemmon-et-swan\/"},"wordCount":1570,"publisher":{"@id":"https:\/\/www.stelvision.com\/astro\/#organization"},"image":{"@id":"https:\/\/www.stelvision.com\/astro\/2-belles-cometes-en-octobre-2025-lemmon-et-swan\/#primaryimage"},"thumbnailUrl":"https:\/\/www.stelvision.com\/astro\/wp-content\/uploads\/2025\/10\/Michael-Lemmon-b2bdbb53-3d6d-4be0-85a4-0203c89db460_1200x900.webp","articleSection":["Observer le ciel"],"inLanguage":"fr-FR"},{"@type":"WebPage","@id":"https:\/\/www.stelvision.com\/astro\/2-belles-cometes-en-octobre-2025-lemmon-et-swan\/","url":"https:\/\/www.stelvision.com\/astro\/2-belles-cometes-en-octobre-2025-lemmon-et-swan\/","name":"2 belles com\u00e8tes en octobre 2025 : Lemmon et SWAN","isPartOf":{"@id":"https:\/\/www.stelvision.com\/astro\/#website"},"primaryImageOfPage":{"@id":"https:\/\/www.stelvision.com\/astro\/2-belles-cometes-en-octobre-2025-lemmon-et-swan\/#primaryimage"},"image":{"@id":"https:\/\/www.stelvision.com\/astro\/2-belles-cometes-en-octobre-2025-lemmon-et-swan\/#primaryimage"},"thumbnailUrl":"https:\/\/www.stelvision.com\/astro\/wp-content\/uploads\/2025\/10\/Michael-Lemmon-b2bdbb53-3d6d-4be0-85a4-0203c89db460_1200x900.webp","datePublished":"2025-10-01T16:50:20+00:00","dateModified":"2025-11-06T17:23:31+00:00","description":"Les com\u00e8tes SWAN et Lemmon pourront \u00eatre observ\u00e9es en octobre avec de simples jumelles... et peut-\u00eatre \u00e0 l'oeil nu pour la seconde !","breadcrumb":{"@id":"https:\/\/www.stelvision.com\/astro\/2-belles-cometes-en-octobre-2025-lemmon-et-swan\/#breadcrumb"},"inLanguage":"fr-FR","potentialAction":[{"@type":"ReadAction","target":["https:\/\/www.stelvision.com\/astro\/2-belles-cometes-en-octobre-2025-lemmon-et-swan\/"]}]},{"@type":"ImageObject","inLanguage":"fr-FR","@id":"https:\/\/www.stelvision.com\/astro\/2-belles-cometes-en-octobre-2025-lemmon-et-swan\/#primaryimage","url":"https:\/\/www.stelvision.com\/astro\/wp-content\/uploads\/2025\/10\/Michael-Lemmon-b2bdbb53-3d6d-4be0-85a4-0203c89db460_1200x900.webp","contentUrl":"https:\/\/www.stelvision.com\/astro\/wp-content\/uploads\/2025\/10\/Michael-Lemmon-b2bdbb53-3d6d-4be0-85a4-0203c89db460_1200x900.webp","width":1200,"height":900,"caption":"La com\u00e8te C2025\/A6 (Lemmon) photographi\u00e9e le 27 septembre 2025 par l'astronome amateur su\u00e9dois Michael Gehrisch, avec un t\u00e9lescope de 200 mm (temps de pose total : 1h50)."},{"@type":"BreadcrumbList","@id":"https:\/\/www.stelvision.com\/astro\/2-belles-cometes-en-octobre-2025-lemmon-et-swan\/#breadcrumb","itemListElement":[{"@type":"ListItem","position":1,"name":"Accueil","item":"https:\/\/www.stelvision.com\/astro\/"},{"@type":"ListItem","position":2,"name":"2 belles com\u00e8tes en octobre 2025 : Lemmon et SWAN"}]},{"@type":"WebSite","@id":"https:\/\/www.stelvision.com\/astro\/#website","url":"https:\/\/www.stelvision.com\/astro\/","name":"Stelvision","description":"conseils, livres et mat\u00e9riel d&#039;observation du ciel","publisher":{"@id":"https:\/\/www.stelvision.com\/astro\/#organization"},"potentialAction":[{"@type":"SearchAction","target":{"@type":"EntryPoint","urlTemplate":"https:\/\/www.stelvision.com\/astro\/?s={search_term_string}"},"query-input":{"@type":"PropertyValueSpecification","valueRequired":true,"valueName":"search_term_string"}}],"inLanguage":"fr-FR"},{"@type":"Organization","@id":"https:\/\/www.stelvision.com\/astro\/#organization","name":"Stelvision","url":"https:\/\/www.stelvision.com\/astro\/","logo":{"@type":"ImageObject","inLanguage":"fr-FR","@id":"https:\/\/www.stelvision.com\/astro\/#\/schema\/logo\/image\/","url":"https:\/\/www.stelvision.com\/astro\/wp-content\/uploads\/2019\/03\/logo_lisse_bleu_Stelvision_600.png","contentUrl":"https:\/\/www.stelvision.com\/astro\/wp-content\/uploads\/2019\/03\/logo_lisse_bleu_Stelvision_600.png","width":600,"height":277,"caption":"Stelvision"},"image":{"@id":"https:\/\/www.stelvision.com\/astro\/#\/schema\/logo\/image\/"},"sameAs":["https:\/\/www.facebook.com\/people\/Stelvision\/100063368192331\/"]},{"@type":"Person","@id":"https:\/\/www.stelvision.com\/astro\/#\/schema\/person\/46766957349a30f84232506532ab805d","name":"Bertrand d'Armagnac","url":"https:\/\/www.stelvision.com\/astro\/author\/administel\/"}]}},"_links":{"self":[{"href":"https:\/\/www.stelvision.com\/astro\/wp-json\/wp\/v2\/posts\/71517","targetHints":{"allow":["GET"]}}],"collection":[{"href":"https:\/\/www.stelvision.com\/astro\/wp-json\/wp\/v2\/posts"}],"about":[{"href":"https:\/\/www.stelvision.com\/astro\/wp-json\/wp\/v2\/types\/post"}],"author":[{"embeddable":true,"href":"https:\/\/www.stelvision.com\/astro\/wp-json\/wp\/v2\/users\/1"}],"replies":[{"embeddable":true,"href":"https:\/\/www.stelvision.com\/astro\/wp-json\/wp\/v2\/comments?post=71517"}],"version-history":[{"count":25,"href":"https:\/\/www.stelvision.com\/astro\/wp-json\/wp\/v2\/posts\/71517\/revisions"}],"predecessor-version":[{"id":71786,"href":"https:\/\/www.stelvision.com\/astro\/wp-json\/wp\/v2\/posts\/71517\/revisions\/71786"}],"wp:featuredmedia":[{"embeddable":true,"href":"https:\/\/www.stelvision.com\/astro\/wp-json\/wp\/v2\/media\/71549"}],"wp:attachment":[{"href":"https:\/\/www.stelvision.com\/astro\/wp-json\/wp\/v2\/media?parent=71517"}],"wp:term":[{"taxonomy":"category","embeddable":true,"href":"https:\/\/www.stelvision.com\/astro\/wp-json\/wp\/v2\/categories?post=71517"},{"taxonomy":"post_tag","embeddable":true,"href":"https:\/\/www.stelvision.com\/astro\/wp-json\/wp\/v2\/tags?post=71517"}],"curies":[{"name":"wp","href":"https:\/\/api.w.org\/{rel}","templated":true}]}}