{"id":67150,"date":"2025-01-27T10:27:32","date_gmt":"2025-01-27T09:27:32","guid":{"rendered":"https:\/\/www.stelvision.com\/astro\/?p=67150"},"modified":"2025-05-07T10:02:46","modified_gmt":"2025-05-07T08:02:46","slug":"dou-viennent-nos-cartes-du-ciel","status":"publish","type":"post","link":"https:\/\/www.stelvision.com\/astro\/dou-viennent-nos-cartes-du-ciel\/","title":{"rendered":"D&rsquo;o\u00f9 viennent nos cartes du ciel&nbsp;?"},"content":{"rendered":"\n<p class=\"chapo\">Les cartes qui nous permettent aujourd&rsquo;hui de nous <a href=\"https:\/\/www.stelvision.com\/astro\/carte-ciel\/\">orienter dans le ciel<\/a> sont le r\u00e9sultat d&rsquo;un m\u00e9lange de cartographies plus anciennes, remontant jusqu&rsquo;\u00e0 plusieurs mill\u00e9naires. Voici un bref aper\u00e7u de ces origines.<\/p>\n\n\n<div class=\"wp-block-image\">\n<figure class=\"aligncenter size-full\"><a href=\"https:\/\/www.stelvision.com\/astro\/wp-content\/uploads\/2024\/12\/map_girafe_dragon_petite_ourse_article.webp\" data-rel=\"lightbox-gallery-bucdu3os\" data-rl_title=\"map_girafe_dragon_petite_ourse_article\" data-rl_caption=\"Cette planche de l&#039;Atlas Coelestis de John Flamsteed a \u00e9t\u00e9 coloris\u00e9e par Jean Fortin et publi\u00e9e en\u00a01795. Cr\u00e9dit\u00a0: Henk\u00a0Brill\" title=\"map_girafe_dragon_petite_ourse_article\"><img decoding=\"async\" width=\"1000\" height=\"818\" src=\"https:\/\/www.stelvision.com\/astro\/wp-content\/uploads\/2024\/12\/map_girafe_dragon_petite_ourse_article.webp\" alt=\"Photo montrant une planche de l'atlas. On voit les constellations de la Petite Ourse, du Dragon, de C\u00e9ph\u00e9e, du Cadrant mural, etc. avec \u00e0 la fois les \u00e9toiles, les grilles de coordonn\u00e9es et les figures mythologiques repr\u00e9sent\u00e9es en couleur.\" class=\"wp-image-67153\" srcset=\"https:\/\/www.stelvision.com\/astro\/wp-content\/uploads\/2024\/12\/map_girafe_dragon_petite_ourse_article.webp 1000w, https:\/\/www.stelvision.com\/astro\/wp-content\/uploads\/2024\/12\/map_girafe_dragon_petite_ourse_article-300x245.webp 300w, https:\/\/www.stelvision.com\/astro\/wp-content\/uploads\/2024\/12\/map_girafe_dragon_petite_ourse_article-733x600.webp 733w, https:\/\/www.stelvision.com\/astro\/wp-content\/uploads\/2024\/12\/map_girafe_dragon_petite_ourse_article-750x614.webp 750w, https:\/\/www.stelvision.com\/astro\/wp-content\/uploads\/2024\/12\/map_girafe_dragon_petite_ourse_article-570x466.webp 570w, https:\/\/www.stelvision.com\/astro\/wp-content\/uploads\/2024\/12\/map_girafe_dragon_petite_ourse_article-368x301.webp 368w, https:\/\/www.stelvision.com\/astro\/wp-content\/uploads\/2024\/12\/map_girafe_dragon_petite_ourse_article-270x221.webp 270w\" sizes=\"(max-width: 1000px) 100vw, 1000px\" \/><\/a><figcaption class=\"wp-element-caption\"><strong>Cette planche de l&rsquo;<em>Atlas Coelestis<\/em> de John Flamsteed a \u00e9t\u00e9 coloris\u00e9e par Jean Fortin et publi\u00e9e en&nbsp;1795. <\/strong><small>Cr\u00e9dit&nbsp;: <a href=\"http:\/\/www.astrobril.nl\/Historie.html\">Henk&nbsp;Brill<\/a><\/small><\/figcaption><\/figure>\n<\/div>\n\n\n<h2 class=\"wp-block-heading\">Les descriptions du ciel durant l&rsquo;Antiquit\u00e9<\/h2>\n\n\n\n<p>Plusieurs mill\u00e9naires avant notre \u00e8re, les M\u00e9sopotamiens regroupent les \u00e9toiles les plus brillantes pour figurer des animaux et des personnages mythologiques. C\u2019est la naissance des <a href=\"https:\/\/www.stelvision.com\/astro\/qu-est-ce-qu-une-constellation\/\">constellations<\/a>, dont certaines comme celles du zodiaque sont encore utilis\u00e9es.<\/p>\n\n\n\n<p>Transmis aux Babyloniens puis aux \u00c9gyptiens, ce d\u00e9coupage du ciel est ensuite ramen\u00e9 en Gr\u00e8ce par l\u2019astronome Eudoxe de Cnide au IV<sup>e<\/sup>&nbsp;si\u00e8cle avant&nbsp;J.-C., qui s\u2019en sert pour \u00e9tablir le premier catalogue d\u2019\u00e9toiles et de constellations connu. Son travail sert de base aux <em>Ph\u00e9nom\u00e8ne<\/em>s d\u2019Aratos de Soles (III<sup>e<\/sup>&nbsp;si\u00e8cle avant&nbsp;J.-C.), texte po\u00e9tique qui d\u00e9crit les constellations et raconte leur origine. Ce genre litt\u00e9raire est ensuite repris par d\u2019autres narrateurs grecs et romains, qui d\u00e9veloppent la mythologie des constellations que nous connaissons aujourd\u2019hui.<\/p>\n\n\n\n<p>En parall\u00e8le, de nombreux astronomes du bassin m\u00e9diterran\u00e9en scrutent le ciel entre le III<sup>e<\/sup>&nbsp;si\u00e8cle avant&nbsp;J.-C. et le II<sup>e<\/sup>&nbsp;si\u00e8cle apr\u00e8s&nbsp;J.-C. Leurs observations et l\u2019h\u00e9ritage des M\u00e9sopotamiens servent alors au Grec Claude Ptol\u00e9m\u00e9e (II<sup>e<\/sup>&nbsp;si\u00e8cle apr\u00e8s&nbsp;J.-C.) pour \u00e9tablir son catalogue, intitul\u00e9 <em>Composition math\u00e9matique<\/em>, qui consigne 1&nbsp;028&nbsp;\u00e9toiles et 48&nbsp;constellations. Au IX<sup>e<\/sup> si\u00e8cle, ce catalogue est traduit sous le nom d\u2019<em>Al&nbsp;Magisti<\/em> par les Arabes qui l\u2019am\u00e9liorent, notamment en nommant les \u00e9toiles les plus brillantes. Nous utilisons encore aujourd\u2019hui beaucoup de ces noms arabes. L\u2019ensemble est ensuite retranscrit en latin au XII<sup>e<\/sup>&nbsp;si\u00e8cle sous le nom d\u2019<em>Amalgeste<\/em> et devient une r\u00e9f\u00e9rence en Europe pour plusieurs si\u00e8cles. En parall\u00e8le, au X<sup>e<\/sup> si\u00e8cle l\u2019astronome arabe Al-Sufi \u00e9crit son Livre des \u00e9toiles fixes sur la base de l\u2019<em>Al Magisiti<\/em>. Y figurent de magnifiques dessins de constellations.<\/p>\n\n\n<div class=\"wp-block-image\">\n<figure class=\"aligncenter size-large is-resized\"><img decoding=\"async\" width=\"754\" height=\"1024\" src=\"https:\/\/www.stelvision.com\/astro\/wp-content\/uploads\/2024\/12\/iiif-service_amed_amedscd_2008401028_0240-full-pct_100-0-article-754x1024.webp\" alt=\"Dessin montrant la figure mythologique du Sagittaire dessin\u00e9e au crayon. Il y a des inscriptions arabes autour et dans le dessin.\" class=\"wp-image-67152\" style=\"width:600px\" srcset=\"https:\/\/www.stelvision.com\/astro\/wp-content\/uploads\/2024\/12\/iiif-service_amed_amedscd_2008401028_0240-full-pct_100-0-article-754x1024.webp 754w, https:\/\/www.stelvision.com\/astro\/wp-content\/uploads\/2024\/12\/iiif-service_amed_amedscd_2008401028_0240-full-pct_100-0-article-221x300.webp 221w, https:\/\/www.stelvision.com\/astro\/wp-content\/uploads\/2024\/12\/iiif-service_amed_amedscd_2008401028_0240-full-pct_100-0-article-442x600.webp 442w, https:\/\/www.stelvision.com\/astro\/wp-content\/uploads\/2024\/12\/iiif-service_amed_amedscd_2008401028_0240-full-pct_100-0-article-750x1018.webp 750w, https:\/\/www.stelvision.com\/astro\/wp-content\/uploads\/2024\/12\/iiif-service_amed_amedscd_2008401028_0240-full-pct_100-0-article-570x774.webp 570w, https:\/\/www.stelvision.com\/astro\/wp-content\/uploads\/2024\/12\/iiif-service_amed_amedscd_2008401028_0240-full-pct_100-0-article-368x500.webp 368w, https:\/\/www.stelvision.com\/astro\/wp-content\/uploads\/2024\/12\/iiif-service_amed_amedscd_2008401028_0240-full-pct_100-0-article-270x367.webp 270w, https:\/\/www.stelvision.com\/astro\/wp-content\/uploads\/2024\/12\/iiif-service_amed_amedscd_2008401028_0240-full-pct_100-0-article.webp 884w\" sizes=\"(max-width: 754px) 100vw, 754px\" \/><figcaption class=\"wp-element-caption\"><strong>La constellation du Sagittaire dans le <em>Livre des \u00e9toiles fixes<\/em> d&rsquo;Al Sufi.<\/strong><small> Cr\u00e9dit&nbsp;: Library&nbsp;of&nbsp;Congress<\/small><\/figcaption><\/figure>\n<\/div>\n\n\n<h2 class=\"wp-block-heading\">L&rsquo;essor de la cartographie au Moyen-\u00c2ge<\/h2>\n\n\n\n<p>En Europe, la repr\u00e9sentation graphique du ciel prend son essor au XVI<sup>e<\/sup> si\u00e8cle. L\u2019 Allemand Johannes&nbsp;Bayer publie en&nbsp;1603 un atlas qui compile l\u2019<em>Amalgeste<\/em> et les observations d\u2019autres astronomes comme Tycho Brahe. Nomm\u00e9 <em>Uranometria<\/em>, il classe pour la premi\u00e8re fois les \u00e9toiles de chaque constellation par ordre de luminosit\u00e9 avec l\u2019alphabet grec. Son travail est \u00e0 la base de nombreux autres, comme l\u2019<em>Atlas&nbsp;C\u0153lestis<\/em> de l\u2019Anglais John Flamsteed. Sur ces cartes tr\u00e8s esth\u00e9tiques, des constellations plus r\u00e9centes (Le Petit Renard, l\u2019Oie\u2026) sont parfois ajout\u00e9es, ou bien \u00f4t\u00e9es au fil des parutions.<\/p>\n\n\n\n<h2 class=\"wp-block-heading\">La pr\u00e9cision des donn\u00e9es \u00e0 l&rsquo;\u00e8re moderne<\/h2>\n\n\n\n<p>Invent\u00e9e au XIX<sup>e<\/sup>&nbsp;si\u00e8cle, la photographie permet enfin de repr\u00e9senter le ciel rapidement et fid\u00e8lement. En&nbsp;1922, l\u2019Union astronomique internationale fixe la liste de constellations reconnues \u00e0 88 et en d\u00e9termine les limites. La cartographie c\u00e9leste entre dans l\u2019\u00e8re moderne, mais conserve une part g\u00e9n\u00e9reuse de son histoire \u00e0 travers les noms des \u00e9toiles et des constellations.<\/p>\n\n\n\n<p><em><em>Article extrait de l&rsquo;ouvrage<\/em> <a href=\"https:\/\/www.stelvision.com\/astro\/boutique\/decouvrir-le-ciel-a-loeil-nu\/\">D\u00e9couvrir le ciel \u00e0 l&rsquo;\u0153il nu<\/a>, \u00e9dit\u00e9 par Stelvision.<\/em><\/p>\n\n\n<div class=\"rwwp-featured-content-wrapper\"><div class=\"stel-auto-swiffy-slider rwwp-featured-content rwwp-featured-content-slides rwwp-featured-content-slides-alignment-top rwwp-featured-content-slides-carousel-yes\"><div class=\"swiffy-slider slider-item-show2   slider-nav-visible slider-nav-outside slider-nav-autoplay  slider-nav-dark slider-nav-autohide slider-item-first-visible slider-nav-autopause\" data-slider-nav-autoplay-interval=\"4000\" data-rwstelwp-uid=\"1777577187\"><ul class=\"slider-container\"><li data-stel-auto-swiffy-slider-offset=\"18\"><div class=\"rwwp-featured-content-item rwwp-featured-content-item-product rwwp-featured-content-item-small\"><div class=\"woocommerce columns-1 stel-product-no-add_to_cart\"><ul class=\"products columns-1\">\n<li class=\"product type-product post-60692 status-publish first instock product_cat-edition product_tag--notre-selection-pour-lete has-post-thumbnail taxable shipping-taxable purchasable product-type-simple\">\n\t<div class=\"stel-wc-product\"><a href=\"https:\/\/www.stelvision.com\/astro\/boutique\/decouvrir-le-ciel-a-loeil-nu\/\" title=\"D&eacute;couvrir le ciel &agrave; l&rsquo;&oelig;il nu - Un guide pour observer les &eacute;toiles depuis chez soi\" class=\"woocommerce-LoopProduct-link woocommerce-loop-product__link\"><img decoding=\"async\" width=\"300\" height=\"300\" src=\"https:\/\/www.stelvision.com\/astro\/wp-content\/uploads\/2024\/09\/Decouvrir-le-ciel-a-loeil-nu-en-volume-fond-blanc_1024-300x300.jpg\" class=\"attachment-woocommerce_thumbnail size-woocommerce_thumbnail\" alt=\"Visuel livre D\u00e9couvrir le ciel \u00e0 l&#039;\u0153il nu de Bertrand d&#039;Armagnac et Carine Souplet aux \u00e9ditions Stelvision\" srcset=\"https:\/\/www.stelvision.com\/astro\/wp-content\/uploads\/2024\/09\/Decouvrir-le-ciel-a-loeil-nu-en-volume-fond-blanc_1024-300x300.jpg 300w, https:\/\/www.stelvision.com\/astro\/wp-content\/uploads\/2024\/09\/Decouvrir-le-ciel-a-loeil-nu-en-volume-fond-blanc_1024-150x150.jpg 150w, https:\/\/www.stelvision.com\/astro\/wp-content\/uploads\/2024\/09\/Decouvrir-le-ciel-a-loeil-nu-en-volume-fond-blanc_1024-600x600.jpg 600w, https:\/\/www.stelvision.com\/astro\/wp-content\/uploads\/2024\/09\/Decouvrir-le-ciel-a-loeil-nu-en-volume-fond-blanc_1024-750x750.jpg 750w, https:\/\/www.stelvision.com\/astro\/wp-content\/uploads\/2024\/09\/Decouvrir-le-ciel-a-loeil-nu-en-volume-fond-blanc_1024-570x570.jpg 570w, https:\/\/www.stelvision.com\/astro\/wp-content\/uploads\/2024\/09\/Decouvrir-le-ciel-a-loeil-nu-en-volume-fond-blanc_1024-368x368.jpg 368w, https:\/\/www.stelvision.com\/astro\/wp-content\/uploads\/2024\/09\/Decouvrir-le-ciel-a-loeil-nu-en-volume-fond-blanc_1024-270x270.jpg 270w, https:\/\/www.stelvision.com\/astro\/wp-content\/uploads\/2024\/09\/Decouvrir-le-ciel-a-loeil-nu-en-volume-fond-blanc_1024-62x62.jpg 62w, https:\/\/www.stelvision.com\/astro\/wp-content\/uploads\/2024\/09\/Decouvrir-le-ciel-a-loeil-nu-en-volume-fond-blanc_1024-100x100.jpg 100w, https:\/\/www.stelvision.com\/astro\/wp-content\/uploads\/2024\/09\/Decouvrir-le-ciel-a-loeil-nu-en-volume-fond-blanc_1024-1000x1000.jpg 1000w, https:\/\/www.stelvision.com\/astro\/wp-content\/uploads\/2024\/09\/Decouvrir-le-ciel-a-loeil-nu-en-volume-fond-blanc_1024.jpg 1024w\" sizes=\"(max-width: 300px) 100vw, 300px\" \/><h2 class=\"woocommerce-loop-product__title\">D\u00e9couvrir le ciel \u00e0 l\u2019\u0153il nu &#8211; Un guide pour observer les \u00e9toiles depuis chez soi<div class=\"stel-product-item-review-wrapper\"><div class=\"skeepers_product__stars\" data-product-id=\"60692\"><\/div><script type=\"text\/javascript\">\/*!rw_stel_js*\/window.$ = jQuery;<\/script><script async charset=\"utf-8\" src=\"https:\/\/widgets.rr.skeepers.io\/product\/29f32d37-16d4-4b94-e954-a24712bd5a0f\/49f1f3bb-3583-4096-a330-61b13d46555d.js\"><\/script><\/div><\/h2>\r\n\t<span class=\"price\"><span class=\"woocommerce-Price-amount amount\"><bdi>22.90<span class=\"woocommerce-Price-currencySymbol\">&euro;<\/span><\/bdi><\/span> <span class=\"rwwc-vat-price-hint\" onclick=\"rwStelvisionWooTaxesInfos.showTaxHintModal(event)\">TVA incluse (FR) <i class=\"neko-icon-info-circled\"><\/i><\/span><\/span>\r\n<div class=\"netreviews_bg_stars_big listStars\" title=\"4.811\/5\"><div><span class=\"nr-icon nr-star grey\"><\/span><span class=\"nr-icon nr-star grey\"><\/span><span class=\"nr-icon nr-star grey\"><\/span><span class=\"nr-icon nr-star grey\"><\/span><span class=\"nr-icon nr-star grey\"><\/span><\/div><div style=\"color: #4FB8D7 !important\"><span class=\"nr-icon nr-star\" style=\"width:20%;\"><\/span><span class=\"nr-icon nr-star\" style=\"width:20%;\"><\/span><span class=\"nr-icon nr-star\" style=\"width:20%;\"><\/span><span class=\"nr-icon nr-star\" style=\"width:20%;\"><\/span><span class=\"nr-icon nr-star\" style=\"width:16%;\"><\/span><\/div> <span class=\"reviewCount\">53 avis<\/span><\/div><\/a><span class=\" rw_stelvision_product_in_stock \"><span class=\"rw_stelvision_product_stock_msg\">En stock<\/span><\/span><a href=\"\/astro\/wp-json\/wp\/v2\/posts\/67150?add-to-cart=60692\" aria-describedby=\"woocommerce_loop_add_to_cart_link_describedby_606920\" data-quantity=\"1\" data-product_id=\"60692\" data-product-title=\"D\u00e9couvrir le ciel \u00e0 l\u2019\u0153il nu &#8211; Un guide pour observer les \u00e9toiles depuis chez soi&lt;div class=&quot;stel-product-item-review-wrapper&quot;&gt;&lt;div class=&quot;skeepers_product__stars&quot; data-product-id=&quot;60692&quot;&gt;&lt;\/div&gt;&lt;\/div&gt;\" class=\"button product_type_simple add_to_cart_button ajax_add_to_cart\" data-product_id=\"60692\" data-product_sku=\"9782958661915\" aria-label=\"Ajouter au panier\u00a0: &ldquo;D\u00e9couvrir le ciel \u00e0 l\u2019\u0153il nu - Un guide pour observer les \u00e9toiles depuis chez soi&rdquo;\" rel=\"nofollow\" data-success_message=\"\u00ab\u00a0D\u00e9couvrir le ciel \u00e0 l\u2019\u0153il nu - Un guide pour observer les \u00e9toiles depuis chez soi\u00a0\u00bb a \u00e9t\u00e9 ajout\u00e9 \u00e0 votre panier\" role=\"button\">Ajouter au panier<\/a><span id=\"woocommerce_loop_add_to_cart_link_describedby_606920\" class=\"screen-reader-text\"><\/span><\/div><\/li>\n<\/ul>\n<\/div><\/div><\/li><li data-stel-auto-swiffy-slider-offset=\"18\"><div class=\"rwwp-featured-content-item rwwp-featured-content-item-product rwwp-featured-content-item-small\"><div class=\"woocommerce columns-1 stel-product-no-add_to_cart\"><ul class=\"products columns-1\">\n<li class=\"product type-product post-54136 status-publish first instock product_cat-jumelles product_tag--notre-selection-pour-lete has-post-thumbnail taxable shipping-taxable purchasable product-type-simple\">\n\t<div class=\"stel-wc-product\"><a href=\"https:\/\/www.stelvision.com\/astro\/boutique\/jumelles-noctua-2x40\/\" title=\"Jumelles Noctua &laquo;&amp;nbsp;yeux de hibou&amp;nbsp;&raquo;\" class=\"woocommerce-LoopProduct-link woocommerce-loop-product__link\"><img decoding=\"async\" width=\"300\" height=\"300\" src=\"https:\/\/www.stelvision.com\/astro\/wp-content\/uploads\/2023\/05\/noctua_03-300x300.jpg\" class=\"attachment-woocommerce_thumbnail size-woocommerce_thumbnail\" alt=\"photo Jumelles Noctua 2x40\" srcset=\"https:\/\/www.stelvision.com\/astro\/wp-content\/uploads\/2023\/05\/noctua_03-300x300.jpg 300w, https:\/\/www.stelvision.com\/astro\/wp-content\/uploads\/2023\/05\/noctua_03-150x150.jpg 150w, https:\/\/www.stelvision.com\/astro\/wp-content\/uploads\/2023\/05\/noctua_03-600x600.jpg 600w, https:\/\/www.stelvision.com\/astro\/wp-content\/uploads\/2023\/05\/noctua_03-750x750.jpg 750w, https:\/\/www.stelvision.com\/astro\/wp-content\/uploads\/2023\/05\/noctua_03-570x570.jpg 570w, https:\/\/www.stelvision.com\/astro\/wp-content\/uploads\/2023\/05\/noctua_03-368x368.jpg 368w, https:\/\/www.stelvision.com\/astro\/wp-content\/uploads\/2023\/05\/noctua_03-270x270.jpg 270w, https:\/\/www.stelvision.com\/astro\/wp-content\/uploads\/2023\/05\/noctua_03-62x62.jpg 62w, https:\/\/www.stelvision.com\/astro\/wp-content\/uploads\/2023\/05\/noctua_03-100x100.jpg 100w, https:\/\/www.stelvision.com\/astro\/wp-content\/uploads\/2023\/05\/noctua_03.jpg 1000w\" sizes=\"(max-width: 300px) 100vw, 300px\" \/><h2 class=\"woocommerce-loop-product__title\">Jumelles Noctua \u00ab&nbsp;yeux de hibou&nbsp;\u00bb<div class=\"stel-product-item-review-wrapper\"><div class=\"skeepers_product__stars\" data-product-id=\"54136\"><\/div><\/div><\/h2>\r\n\t<span class=\"price\"><span class=\"woocommerce-Price-amount amount\"><bdi>89.90<span class=\"woocommerce-Price-currencySymbol\">&euro;<\/span><\/bdi><\/span> <span class=\"rwwc-vat-price-hint\" onclick=\"rwStelvisionWooTaxesInfos.showTaxHintModal(event)\">TVA incluse (FR) <i class=\"neko-icon-info-circled\"><\/i><\/span><\/span>\r\n<div class=\"netreviews_bg_stars_big listStars\" title=\"4.724\/5\"><div><span class=\"nr-icon nr-star grey\"><\/span><span class=\"nr-icon nr-star grey\"><\/span><span class=\"nr-icon nr-star grey\"><\/span><span class=\"nr-icon nr-star grey\"><\/span><span class=\"nr-icon nr-star grey\"><\/span><\/div><div style=\"color: #4FB8D7 !important\"><span class=\"nr-icon nr-star\" style=\"width:20%;\"><\/span><span class=\"nr-icon nr-star\" style=\"width:20%;\"><\/span><span class=\"nr-icon nr-star\" style=\"width:20%;\"><\/span><span class=\"nr-icon nr-star\" style=\"width:20%;\"><\/span><span class=\"nr-icon nr-star\" style=\"width:14%;\"><\/span><\/div> <span class=\"reviewCount\">58 avis<\/span><\/div><\/a><span class=\" rw_stelvision_product_in_stock \"><span class=\"rw_stelvision_product_stock_msg\">En stock<\/span><\/span><a href=\"\/astro\/wp-json\/wp\/v2\/posts\/67150?add-to-cart=54136\" aria-describedby=\"woocommerce_loop_add_to_cart_link_describedby_54136_1\" data-quantity=\"1\" data-product_id=\"54136\" data-product-title=\"Jumelles Noctua \u00ab&nbsp;yeux de hibou&nbsp;\u00bb&lt;div class=&quot;stel-product-item-review-wrapper&quot;&gt;&lt;div class=&quot;skeepers_product__stars&quot; data-product-id=&quot;54136&quot;&gt;&lt;\/div&gt;&lt;\/div&gt;\" class=\"button product_type_simple add_to_cart_button ajax_add_to_cart\" data-product_id=\"54136\" data-product_sku=\"3770011947386\" aria-label=\"Ajouter au panier\u00a0: &ldquo;Jumelles Noctua \u00ab&nbsp;yeux de hibou&nbsp;\u00bb&rdquo;\" rel=\"nofollow\" data-success_message=\"\u00ab\u00a0Jumelles Noctua \u00ab&nbsp;yeux de hibou&nbsp;\u00bb\u00a0\u00bb a \u00e9t\u00e9 ajout\u00e9 \u00e0 votre panier\" role=\"button\">Ajouter au panier<\/a><span id=\"woocommerce_loop_add_to_cart_link_describedby_54136_1\" class=\"screen-reader-text\"><\/span><\/div><\/li>\n<\/ul>\n<\/div><\/div><\/li><li data-stel-auto-swiffy-slider-offset=\"18\"><div class=\"rwwp-featured-content-item rwwp-featured-content-item-product rwwp-featured-content-item-small\"><div class=\"woocommerce columns-1 stel-product-no-add_to_cart\"><ul class=\"products columns-1\">\n<li class=\"product type-product post-52211 status-publish first outofstock product_cat-edition product_cat-telescopes-lunettes has-post-thumbnail taxable shipping-taxable purchasable product-type-simple\">\n\t<div class=\"stel-wc-product\"><a href=\"https:\/\/www.stelvision.com\/astro\/boutique\/lampe-frontale-a-eclairage-rouge-et-blanc-rechargeable-ultra-compacte\/\" title=\"Lampe frontale &agrave; &eacute;clairage rouge et blanc, rechargeable ultra-compacte\" class=\"woocommerce-LoopProduct-link woocommerce-loop-product__link\"><img decoding=\"async\" width=\"300\" height=\"300\" src=\"https:\/\/www.stelvision.com\/astro\/wp-content\/uploads\/2023\/02\/E102AA00-BINDI_LowRes-300x300.jpeg\" class=\"attachment-woocommerce_thumbnail size-woocommerce_thumbnail\" alt=\"photo lampe frontale ultra-compacte rechargeable \u00e0 \u00e9clairage rouge Petzl Bindi, vue g\u00e9n\u00e9rale\" srcset=\"https:\/\/www.stelvision.com\/astro\/wp-content\/uploads\/2023\/02\/E102AA00-BINDI_LowRes-300x300.jpeg 300w, https:\/\/www.stelvision.com\/astro\/wp-content\/uploads\/2023\/02\/E102AA00-BINDI_LowRes-1024x1024.jpeg 1024w, https:\/\/www.stelvision.com\/astro\/wp-content\/uploads\/2023\/02\/E102AA00-BINDI_LowRes-150x150.jpeg 150w, https:\/\/www.stelvision.com\/astro\/wp-content\/uploads\/2023\/02\/E102AA00-BINDI_LowRes-768x767.jpeg 768w, https:\/\/www.stelvision.com\/astro\/wp-content\/uploads\/2023\/02\/E102AA00-BINDI_LowRes-1140x1139.jpeg 1140w, https:\/\/www.stelvision.com\/astro\/wp-content\/uploads\/2023\/02\/E102AA00-BINDI_LowRes-750x749.jpeg 750w, https:\/\/www.stelvision.com\/astro\/wp-content\/uploads\/2023\/02\/E102AA00-BINDI_LowRes-570x570.jpeg 570w, https:\/\/www.stelvision.com\/astro\/wp-content\/uploads\/2023\/02\/E102AA00-BINDI_LowRes-368x368.jpeg 368w, https:\/\/www.stelvision.com\/astro\/wp-content\/uploads\/2023\/02\/E102AA00-BINDI_LowRes-270x270.jpeg 270w, https:\/\/www.stelvision.com\/astro\/wp-content\/uploads\/2023\/02\/E102AA00-BINDI_LowRes-62x62.jpeg 62w, https:\/\/www.stelvision.com\/astro\/wp-content\/uploads\/2023\/02\/E102AA00-BINDI_LowRes-100x100.jpeg 100w, https:\/\/www.stelvision.com\/astro\/wp-content\/uploads\/2023\/02\/E102AA00-BINDI_LowRes-1000x999.jpeg 1000w, https:\/\/www.stelvision.com\/astro\/wp-content\/uploads\/2023\/02\/E102AA00-BINDI_LowRes.jpeg 1200w\" sizes=\"(max-width: 300px) 100vw, 300px\" \/><h2 class=\"woocommerce-loop-product__title\">Lampe frontale \u00e0 \u00e9clairage rouge et blanc, rechargeable ultra-compacte<div class=\"stel-product-item-review-wrapper\"><div class=\"skeepers_product__stars\" data-product-id=\"52211\"><\/div><\/div><\/h2>\r\n\t<span class=\"price\"><span class=\"woocommerce-Price-amount amount\"><bdi>42.00<span class=\"woocommerce-Price-currencySymbol\">&euro;<\/span><\/bdi><\/span> <span class=\"rwwc-vat-price-hint\" onclick=\"rwStelvisionWooTaxesInfos.showTaxHintModal(event)\">TVA incluse (FR) <i class=\"neko-icon-info-circled\"><\/i><\/span><\/span>\r\n<div class=\"netreviews_bg_stars_big listStars\" title=\"4.875\/5\"><div><span class=\"nr-icon nr-star grey\"><\/span><span class=\"nr-icon nr-star grey\"><\/span><span class=\"nr-icon nr-star grey\"><\/span><span class=\"nr-icon nr-star grey\"><\/span><span class=\"nr-icon nr-star grey\"><\/span><\/div><div style=\"color: #4FB8D7 !important\"><span class=\"nr-icon nr-star\" style=\"width:20%;\"><\/span><span class=\"nr-icon nr-star\" style=\"width:20%;\"><\/span><span class=\"nr-icon nr-star\" style=\"width:20%;\"><\/span><span class=\"nr-icon nr-star\" style=\"width:20%;\"><\/span><span class=\"nr-icon nr-star\" style=\"width:18%;\"><\/span><\/div> <span class=\"reviewCount\">8 avis<\/span><\/div><\/a><span class=\" rw_stelvision_product_not_in_stock  rw_stelvision_product_cannot_be_added_to_cart \"><span class=\" rw_stelvision_product_stock_msg \">Rupture de stock<\/span><\/span><span id=\"woocommerce_loop_add_to_cart_link_describedby_52211_2\" class=\"screen-reader-text\"><\/span><\/div><\/li>\n<\/ul>\n<\/div><\/div><\/li><\/ul><button type=\"button\" class=\"slider-nav\" title=\"Slide pr&eacute;c&eacute;dente\"><\/button><button type=\"button\" class=\"slider-nav slider-nav-next\" title=\"Slide suivante\"><\/button><\/div><script type=\"text\/javascript\">\/*!rw_stel_js*\/rw_stelvision_theme_ready(\"rw_stelvision_theme\",function(){rw_stelvision_theme.swiffySliderAutoSlideSizes();});<\/script><\/div><\/div>\n\n\n\n<p><em>Envie d&rsquo;en savoir plus sur l&rsquo;histoire de l&rsquo;astronomie ? Lisez nos articles <a href=\"https:\/\/www.stelvision.com\/astro\/qui-etaient-les-tout-premiers-astronomes\/\">Qui \u00e9taient les tout premiers astronomes ?<\/a>, <a href=\"https:\/\/www.stelvision.com\/astro\/histoire-de-lastronomie-le-soleil-au-centre-de-lunivers\/\">Histoire de l\u2019astronomie : \u201cle Soleil au centre de l\u2019Univers\u201d<\/a>, et&nbsp;<a href=\"https:\/\/www.stelvision.com\/astro\/naissance-de-lastronomie-moderne\/\">Naissance de l\u2019astronomie moderne<\/a>.<\/em><\/p>\n","protected":false},"excerpt":{"rendered":"<p>Les cartes qui nous permettent aujourd&rsquo;hui de nous orienter dans le ciel sont le r\u00e9sultat d&rsquo;un m\u00e9lange de cartographies plus anciennes, remontant jusqu&rsquo;\u00e0 plusieurs mill\u00e9naires. Voici un bref aper\u00e7u de ces origines.<\/p>\n","protected":false},"author":5,"featured_media":67153,"comment_status":"closed","ping_status":"closed","sticky":false,"template":"","format":"standard","meta":{"_acf_changed":false,"footnotes":""},"categories":[3],"tags":[],"class_list":["post-67150","post","type-post","status-publish","format-standard","has-post-thumbnail","hentry","category-science-espace"],"acf":[],"yoast_head":"<!-- This site is optimized with the Yoast SEO plugin v27.1.1 - https:\/\/yoast.com\/product\/yoast-seo-wordpress\/ -->\n<title>D&#039;o\u00f9 viennent nos cartes du ciel&nbsp;?<\/title>\n<meta name=\"description\" content=\"Les cartes qui nous permettent aujourd&#039;hui de nous orienter dans le ciel sont le r\u00e9sultat d&#039;un m\u00e9lange de cartographies plus anciennes.\" \/>\n<meta name=\"robots\" content=\"index, follow, max-snippet:-1, max-image-preview:large, max-video-preview:-1\" \/>\n<link rel=\"canonical\" href=\"https:\/\/www.stelvision.com\/astro\/dou-viennent-nos-cartes-du-ciel\/\" \/>\n<meta property=\"og:locale\" content=\"fr_FR\" \/>\n<meta property=\"og:type\" content=\"article\" \/>\n<meta property=\"og:title\" content=\"D&#039;o\u00f9 viennent nos cartes du ciel ?\" \/>\n<meta property=\"og:description\" content=\"Les cartes qui nous permettent aujourd&#039;hui de nous orienter dans le ciel sont le r\u00e9sultat d&#039;un m\u00e9lange de cartographies plus anciennes.\" \/>\n<meta property=\"og:url\" content=\"https:\/\/www.stelvision.com\/astro\/dou-viennent-nos-cartes-du-ciel\/\" \/>\n<meta property=\"og:site_name\" content=\"Stelvision\" \/>\n<meta property=\"article:publisher\" content=\"https:\/\/www.facebook.com\/people\/Stelvision\/100063368192331\/\" \/>\n<meta property=\"article:published_time\" content=\"2025-01-27T09:27:32+00:00\" \/>\n<meta property=\"article:modified_time\" content=\"2025-05-07T08:02:46+00:00\" \/>\n<meta property=\"og:image\" content=\"https:\/\/www.stelvision.com\/astro\/wp-content\/uploads\/2024\/12\/map_girafe_dragon_petite_ourse_article.webp\" \/>\n\t<meta property=\"og:image:width\" content=\"1000\" \/>\n\t<meta property=\"og:image:height\" content=\"818\" \/>\n\t<meta property=\"og:image:type\" content=\"image\/webp\" \/>\n<meta name=\"author\" content=\"Carine Souplet\" \/>\n<meta name=\"twitter:card\" content=\"summary_large_image\" \/>\n<meta name=\"twitter:label1\" content=\"\u00c9crit par\" \/>\n\t<meta name=\"twitter:data1\" content=\"Carine Souplet\" \/>\n\t<meta name=\"twitter:label2\" content=\"Dur\u00e9e de lecture estim\u00e9e\" \/>\n\t<meta name=\"twitter:data2\" content=\"4 minutes\" \/>\n<script type=\"application\/ld+json\" class=\"yoast-schema-graph\">{\"@context\":\"https:\/\/schema.org\",\"@graph\":[{\"@type\":\"Article\",\"@id\":\"https:\/\/www.stelvision.com\/astro\/dou-viennent-nos-cartes-du-ciel\/#article\",\"isPartOf\":{\"@id\":\"https:\/\/www.stelvision.com\/astro\/dou-viennent-nos-cartes-du-ciel\/\"},\"author\":{\"name\":\"Carine Souplet\",\"@id\":\"https:\/\/www.stelvision.com\/astro\/#\/schema\/person\/493624a999745495b124a6f971a7271e\"},\"headline\":\"D&rsquo;o\u00f9 viennent nos cartes du ciel&nbsp;?\",\"datePublished\":\"2025-01-27T09:27:32+00:00\",\"dateModified\":\"2025-05-07T08:02:46+00:00\",\"mainEntityOfPage\":{\"@id\":\"https:\/\/www.stelvision.com\/astro\/dou-viennent-nos-cartes-du-ciel\/\"},\"wordCount\":671,\"publisher\":{\"@id\":\"https:\/\/www.stelvision.com\/astro\/#organization\"},\"image\":{\"@id\":\"https:\/\/www.stelvision.com\/astro\/dou-viennent-nos-cartes-du-ciel\/#primaryimage\"},\"thumbnailUrl\":\"https:\/\/www.stelvision.com\/astro\/wp-content\/uploads\/2024\/12\/map_girafe_dragon_petite_ourse_article.webp\",\"articleSection\":[\"Science &amp; Espace\"],\"inLanguage\":\"fr-FR\"},{\"@type\":\"WebPage\",\"@id\":\"https:\/\/www.stelvision.com\/astro\/dou-viennent-nos-cartes-du-ciel\/\",\"url\":\"https:\/\/www.stelvision.com\/astro\/dou-viennent-nos-cartes-du-ciel\/\",\"name\":\"D'o\u00f9 viennent nos cartes du ciel&nbsp;?\",\"isPartOf\":{\"@id\":\"https:\/\/www.stelvision.com\/astro\/#website\"},\"primaryImageOfPage\":{\"@id\":\"https:\/\/www.stelvision.com\/astro\/dou-viennent-nos-cartes-du-ciel\/#primaryimage\"},\"image\":{\"@id\":\"https:\/\/www.stelvision.com\/astro\/dou-viennent-nos-cartes-du-ciel\/#primaryimage\"},\"thumbnailUrl\":\"https:\/\/www.stelvision.com\/astro\/wp-content\/uploads\/2024\/12\/map_girafe_dragon_petite_ourse_article.webp\",\"datePublished\":\"2025-01-27T09:27:32+00:00\",\"dateModified\":\"2025-05-07T08:02:46+00:00\",\"description\":\"Les cartes qui nous permettent aujourd'hui de nous orienter dans le ciel sont le r\u00e9sultat d'un m\u00e9lange de cartographies plus anciennes.\",\"breadcrumb\":{\"@id\":\"https:\/\/www.stelvision.com\/astro\/dou-viennent-nos-cartes-du-ciel\/#breadcrumb\"},\"inLanguage\":\"fr-FR\",\"potentialAction\":[{\"@type\":\"ReadAction\",\"target\":[\"https:\/\/www.stelvision.com\/astro\/dou-viennent-nos-cartes-du-ciel\/\"]}]},{\"@type\":\"ImageObject\",\"inLanguage\":\"fr-FR\",\"@id\":\"https:\/\/www.stelvision.com\/astro\/dou-viennent-nos-cartes-du-ciel\/#primaryimage\",\"url\":\"https:\/\/www.stelvision.com\/astro\/wp-content\/uploads\/2024\/12\/map_girafe_dragon_petite_ourse_article.webp\",\"contentUrl\":\"https:\/\/www.stelvision.com\/astro\/wp-content\/uploads\/2024\/12\/map_girafe_dragon_petite_ourse_article.webp\",\"width\":1000,\"height\":818,\"caption\":\"Cette planche de l'Atlas Coelestis de John Flamsteed a \u00e9t\u00e9 coloris\u00e9e par Jean Fortin et publi\u00e9e en\u00a01795. Cr\u00e9dit\u00a0: Henk\u00a0Brill\"},{\"@type\":\"BreadcrumbList\",\"@id\":\"https:\/\/www.stelvision.com\/astro\/dou-viennent-nos-cartes-du-ciel\/#breadcrumb\",\"itemListElement\":[{\"@type\":\"ListItem\",\"position\":1,\"name\":\"Accueil\",\"item\":\"https:\/\/www.stelvision.com\/astro\/\"},{\"@type\":\"ListItem\",\"position\":2,\"name\":\"D&rsquo;o\u00f9 viennent nos cartes du ciel&nbsp;?\"}]},{\"@type\":\"WebSite\",\"@id\":\"https:\/\/www.stelvision.com\/astro\/#website\",\"url\":\"https:\/\/www.stelvision.com\/astro\/\",\"name\":\"Stelvision\",\"description\":\"conseils, livres et mat\u00e9riel d&#039;observation du ciel\",\"publisher\":{\"@id\":\"https:\/\/www.stelvision.com\/astro\/#organization\"},\"potentialAction\":[{\"@type\":\"SearchAction\",\"target\":{\"@type\":\"EntryPoint\",\"urlTemplate\":\"https:\/\/www.stelvision.com\/astro\/?s={search_term_string}\"},\"query-input\":{\"@type\":\"PropertyValueSpecification\",\"valueRequired\":true,\"valueName\":\"search_term_string\"}}],\"inLanguage\":\"fr-FR\"},{\"@type\":\"Organization\",\"@id\":\"https:\/\/www.stelvision.com\/astro\/#organization\",\"name\":\"Stelvision\",\"url\":\"https:\/\/www.stelvision.com\/astro\/\",\"logo\":{\"@type\":\"ImageObject\",\"inLanguage\":\"fr-FR\",\"@id\":\"https:\/\/www.stelvision.com\/astro\/#\/schema\/logo\/image\/\",\"url\":\"https:\/\/www.stelvision.com\/astro\/wp-content\/uploads\/2019\/03\/logo_lisse_bleu_Stelvision_600.png\",\"contentUrl\":\"https:\/\/www.stelvision.com\/astro\/wp-content\/uploads\/2019\/03\/logo_lisse_bleu_Stelvision_600.png\",\"width\":600,\"height\":277,\"caption\":\"Stelvision\"},\"image\":{\"@id\":\"https:\/\/www.stelvision.com\/astro\/#\/schema\/logo\/image\/\"},\"sameAs\":[\"https:\/\/www.facebook.com\/people\/Stelvision\/100063368192331\/\"]},{\"@type\":\"Person\",\"@id\":\"https:\/\/www.stelvision.com\/astro\/#\/schema\/person\/493624a999745495b124a6f971a7271e\",\"name\":\"Carine Souplet\",\"url\":\"https:\/\/www.stelvision.com\/astro\/author\/cs-stel2\/\"}]}<\/script>\n<!-- \/ Yoast SEO plugin. -->","yoast_head_json":{"title":"D'o\u00f9 viennent nos cartes du ciel&nbsp;?","description":"Les cartes qui nous permettent aujourd'hui de nous orienter dans le ciel sont le r\u00e9sultat d'un m\u00e9lange de cartographies plus anciennes.","robots":{"index":"index","follow":"follow","max-snippet":"max-snippet:-1","max-image-preview":"max-image-preview:large","max-video-preview":"max-video-preview:-1"},"canonical":"https:\/\/www.stelvision.com\/astro\/dou-viennent-nos-cartes-du-ciel\/","og_locale":"fr_FR","og_type":"article","og_title":"D'o\u00f9 viennent nos cartes du ciel ?","og_description":"Les cartes qui nous permettent aujourd'hui de nous orienter dans le ciel sont le r\u00e9sultat d'un m\u00e9lange de cartographies plus anciennes.","og_url":"https:\/\/www.stelvision.com\/astro\/dou-viennent-nos-cartes-du-ciel\/","og_site_name":"Stelvision","article_publisher":"https:\/\/www.facebook.com\/people\/Stelvision\/100063368192331\/","article_published_time":"2025-01-27T09:27:32+00:00","article_modified_time":"2025-05-07T08:02:46+00:00","og_image":[{"width":1000,"height":818,"url":"https:\/\/www.stelvision.com\/astro\/wp-content\/uploads\/2024\/12\/map_girafe_dragon_petite_ourse_article.webp","type":"image\/webp"}],"author":"Carine Souplet","twitter_card":"summary_large_image","twitter_misc":{"\u00c9crit par":"Carine Souplet","Dur\u00e9e de lecture estim\u00e9e":"4 minutes"},"schema":{"@context":"https:\/\/schema.org","@graph":[{"@type":"Article","@id":"https:\/\/www.stelvision.com\/astro\/dou-viennent-nos-cartes-du-ciel\/#article","isPartOf":{"@id":"https:\/\/www.stelvision.com\/astro\/dou-viennent-nos-cartes-du-ciel\/"},"author":{"name":"Carine Souplet","@id":"https:\/\/www.stelvision.com\/astro\/#\/schema\/person\/493624a999745495b124a6f971a7271e"},"headline":"D&rsquo;o\u00f9 viennent nos cartes du ciel&nbsp;?","datePublished":"2025-01-27T09:27:32+00:00","dateModified":"2025-05-07T08:02:46+00:00","mainEntityOfPage":{"@id":"https:\/\/www.stelvision.com\/astro\/dou-viennent-nos-cartes-du-ciel\/"},"wordCount":671,"publisher":{"@id":"https:\/\/www.stelvision.com\/astro\/#organization"},"image":{"@id":"https:\/\/www.stelvision.com\/astro\/dou-viennent-nos-cartes-du-ciel\/#primaryimage"},"thumbnailUrl":"https:\/\/www.stelvision.com\/astro\/wp-content\/uploads\/2024\/12\/map_girafe_dragon_petite_ourse_article.webp","articleSection":["Science &amp; Espace"],"inLanguage":"fr-FR"},{"@type":"WebPage","@id":"https:\/\/www.stelvision.com\/astro\/dou-viennent-nos-cartes-du-ciel\/","url":"https:\/\/www.stelvision.com\/astro\/dou-viennent-nos-cartes-du-ciel\/","name":"D'o\u00f9 viennent nos cartes du ciel&nbsp;?","isPartOf":{"@id":"https:\/\/www.stelvision.com\/astro\/#website"},"primaryImageOfPage":{"@id":"https:\/\/www.stelvision.com\/astro\/dou-viennent-nos-cartes-du-ciel\/#primaryimage"},"image":{"@id":"https:\/\/www.stelvision.com\/astro\/dou-viennent-nos-cartes-du-ciel\/#primaryimage"},"thumbnailUrl":"https:\/\/www.stelvision.com\/astro\/wp-content\/uploads\/2024\/12\/map_girafe_dragon_petite_ourse_article.webp","datePublished":"2025-01-27T09:27:32+00:00","dateModified":"2025-05-07T08:02:46+00:00","description":"Les cartes qui nous permettent aujourd'hui de nous orienter dans le ciel sont le r\u00e9sultat d'un m\u00e9lange de cartographies plus anciennes.","breadcrumb":{"@id":"https:\/\/www.stelvision.com\/astro\/dou-viennent-nos-cartes-du-ciel\/#breadcrumb"},"inLanguage":"fr-FR","potentialAction":[{"@type":"ReadAction","target":["https:\/\/www.stelvision.com\/astro\/dou-viennent-nos-cartes-du-ciel\/"]}]},{"@type":"ImageObject","inLanguage":"fr-FR","@id":"https:\/\/www.stelvision.com\/astro\/dou-viennent-nos-cartes-du-ciel\/#primaryimage","url":"https:\/\/www.stelvision.com\/astro\/wp-content\/uploads\/2024\/12\/map_girafe_dragon_petite_ourse_article.webp","contentUrl":"https:\/\/www.stelvision.com\/astro\/wp-content\/uploads\/2024\/12\/map_girafe_dragon_petite_ourse_article.webp","width":1000,"height":818,"caption":"Cette planche de l'Atlas Coelestis de John Flamsteed a \u00e9t\u00e9 coloris\u00e9e par Jean Fortin et publi\u00e9e en\u00a01795. Cr\u00e9dit\u00a0: Henk\u00a0Brill"},{"@type":"BreadcrumbList","@id":"https:\/\/www.stelvision.com\/astro\/dou-viennent-nos-cartes-du-ciel\/#breadcrumb","itemListElement":[{"@type":"ListItem","position":1,"name":"Accueil","item":"https:\/\/www.stelvision.com\/astro\/"},{"@type":"ListItem","position":2,"name":"D&rsquo;o\u00f9 viennent nos cartes du ciel&nbsp;?"}]},{"@type":"WebSite","@id":"https:\/\/www.stelvision.com\/astro\/#website","url":"https:\/\/www.stelvision.com\/astro\/","name":"Stelvision","description":"conseils, livres et mat\u00e9riel d&#039;observation du ciel","publisher":{"@id":"https:\/\/www.stelvision.com\/astro\/#organization"},"potentialAction":[{"@type":"SearchAction","target":{"@type":"EntryPoint","urlTemplate":"https:\/\/www.stelvision.com\/astro\/?s={search_term_string}"},"query-input":{"@type":"PropertyValueSpecification","valueRequired":true,"valueName":"search_term_string"}}],"inLanguage":"fr-FR"},{"@type":"Organization","@id":"https:\/\/www.stelvision.com\/astro\/#organization","name":"Stelvision","url":"https:\/\/www.stelvision.com\/astro\/","logo":{"@type":"ImageObject","inLanguage":"fr-FR","@id":"https:\/\/www.stelvision.com\/astro\/#\/schema\/logo\/image\/","url":"https:\/\/www.stelvision.com\/astro\/wp-content\/uploads\/2019\/03\/logo_lisse_bleu_Stelvision_600.png","contentUrl":"https:\/\/www.stelvision.com\/astro\/wp-content\/uploads\/2019\/03\/logo_lisse_bleu_Stelvision_600.png","width":600,"height":277,"caption":"Stelvision"},"image":{"@id":"https:\/\/www.stelvision.com\/astro\/#\/schema\/logo\/image\/"},"sameAs":["https:\/\/www.facebook.com\/people\/Stelvision\/100063368192331\/"]},{"@type":"Person","@id":"https:\/\/www.stelvision.com\/astro\/#\/schema\/person\/493624a999745495b124a6f971a7271e","name":"Carine Souplet","url":"https:\/\/www.stelvision.com\/astro\/author\/cs-stel2\/"}]}},"_links":{"self":[{"href":"https:\/\/www.stelvision.com\/astro\/wp-json\/wp\/v2\/posts\/67150","targetHints":{"allow":["GET"]}}],"collection":[{"href":"https:\/\/www.stelvision.com\/astro\/wp-json\/wp\/v2\/posts"}],"about":[{"href":"https:\/\/www.stelvision.com\/astro\/wp-json\/wp\/v2\/types\/post"}],"author":[{"embeddable":true,"href":"https:\/\/www.stelvision.com\/astro\/wp-json\/wp\/v2\/users\/5"}],"replies":[{"embeddable":true,"href":"https:\/\/www.stelvision.com\/astro\/wp-json\/wp\/v2\/comments?post=67150"}],"version-history":[{"count":11,"href":"https:\/\/www.stelvision.com\/astro\/wp-json\/wp\/v2\/posts\/67150\/revisions"}],"predecessor-version":[{"id":69087,"href":"https:\/\/www.stelvision.com\/astro\/wp-json\/wp\/v2\/posts\/67150\/revisions\/69087"}],"wp:featuredmedia":[{"embeddable":true,"href":"https:\/\/www.stelvision.com\/astro\/wp-json\/wp\/v2\/media\/67153"}],"wp:attachment":[{"href":"https:\/\/www.stelvision.com\/astro\/wp-json\/wp\/v2\/media?parent=67150"}],"wp:term":[{"taxonomy":"category","embeddable":true,"href":"https:\/\/www.stelvision.com\/astro\/wp-json\/wp\/v2\/categories?post=67150"},{"taxonomy":"post_tag","embeddable":true,"href":"https:\/\/www.stelvision.com\/astro\/wp-json\/wp\/v2\/tags?post=67150"}],"curies":[{"name":"wp","href":"https:\/\/api.w.org\/{rel}","templated":true}]}}