{"id":25884,"date":"2020-09-07T16:01:24","date_gmt":"2020-09-07T14:01:24","guid":{"rendered":"https:\/\/www.stelvision.com\/astro\/?p=25884"},"modified":"2021-11-04T12:34:15","modified_gmt":"2021-11-04T11:34:15","slug":"histoire-de-lastronomie-le-soleil-au-centre-de-lunivers","status":"publish","type":"post","link":"https:\/\/www.stelvision.com\/astro\/histoire-de-lastronomie-le-soleil-au-centre-de-lunivers\/","title":{"rendered":"Histoire de l&rsquo;astronomie : \u00ab\u00a0Le Soleil au centre de l&rsquo;Univers\u00a0\u00bb"},"content":{"rendered":"\n<p class=\"chapo\">Apr\u00e8s plusieurs si\u00e8cles persuad\u00e9 que la Terre est au centre de l&rsquo;Univers, l&rsquo;Homme consid\u00e8re plus s\u00e9rieusement la th\u00e9orie de l&rsquo;h\u00e9liocentrisme. \u00c0 partir du XVI<sup>e<\/sup> si\u00e8cle, Copernic, Kepler et Galil\u00e9e en sont les fervents d\u00e9fenseurs. <\/p>\n\n\n\n<div class=\"wp-block-image\"><figure class=\"aligncenter size-large\"><img decoding=\"async\" width=\"750\" height=\"375\" src=\"https:\/\/www.stelvision.com\/astro\/wp-content\/uploads\/2020\/08\/Sun_center_Universe_credit_Pablo_Carlos_Budassi.jpg\" alt=\"Vue d'artiste du cosmos. L'image est au format paysage rectangle mais en entier elle repr\u00e9sente des cercles concentriques entiers avec le Soleil au centre, les plan\u00e8tes autour, puis diverses \u00e9toiles lointaines et enfin un autre cercle de galaxies reli\u00e9es \u00e0 des filaments qui partent de tout autour du dessin. \" class=\"wp-image-25991\" srcset=\"https:\/\/www.stelvision.com\/astro\/wp-content\/uploads\/2020\/08\/Sun_center_Universe_credit_Pablo_Carlos_Budassi.jpg 750w, https:\/\/www.stelvision.com\/astro\/wp-content\/uploads\/2020\/08\/Sun_center_Universe_credit_Pablo_Carlos_Budassi-300x150.jpg 300w, https:\/\/www.stelvision.com\/astro\/wp-content\/uploads\/2020\/08\/Sun_center_Universe_credit_Pablo_Carlos_Budassi-570x285.jpg 570w, https:\/\/www.stelvision.com\/astro\/wp-content\/uploads\/2020\/08\/Sun_center_Universe_credit_Pablo_Carlos_Budassi-368x184.jpg 368w, https:\/\/www.stelvision.com\/astro\/wp-content\/uploads\/2020\/08\/Sun_center_Universe_credit_Pablo_Carlos_Budassi-270x135.jpg 270w\" sizes=\"(max-width: 750px) 100vw, 750px\" \/><figcaption><strong>Vue d&rsquo;artiste du cosmos (2019). <\/strong><small>Cr\u00e9dit&nbsp;: Pablo Carlos Budassi <\/small><\/figcaption><\/figure><\/div>\n\n\n\n<h2 class=\"wp-block-heading\">Copernic, la clairvoyance h\u00e9liocentrique<\/h2>\n\n\n\n<p>Pendant les si\u00e8cles qui suivent l&rsquo;Antiquit\u00e9 grecque, la croyance g\u00e9n\u00e9rale est \u00e0 la <a href=\"https:\/\/www.stelvision.com\/astro\/qui-etaient-les-tout-premiers-astronomes\/\">vision du monde selon l&rsquo;astronome grec Ptol\u00e9m\u00e9e<\/a>. La Terre est immobile et au centre de l&rsquo;Univers : c&rsquo;est un syst\u00e8me dit g\u00e9ocentrique. Quelques visionnaires, comme H\u00e9raclide ou Aristarque de Samos, \u00e9mettent des hypoth\u00e8ses selon lesquelles certaines plan\u00e8tes tourneraient autour du <a href=\"https:\/\/www.stelvision.com\/astro\/decollage-reussi-pour-solar-orbiter\/\">Soleil<\/a>, la Terre serait en mouvement ou notre Univers de nature h\u00e9liocentrique, c&rsquo;est-\u00e0-dire avec notre \u00e9toile au centre&#8230; <\/p>\n\n\n\n<p>Mais il faudra attendre le XVI<sup>e<\/sup> si\u00e8cle, et notamment l&rsquo;arriv\u00e9e de Nicolas Copernic, pour que ces id\u00e9es \u00e9mergent. L&rsquo;astronome polonais r\u00e9alise rapidement la n\u00e9cessit\u00e9 d&rsquo;abandonner le mod\u00e8le d&rsquo;Univers de Ptol\u00e9m\u00e9e. D\u00e8s le d\u00e9but des ann\u00e9es&nbsp;1510, il r\u00e9dige un court trait\u00e9 connu sous le titre de&nbsp;<em>Commentariolus <\/em>qui expose un syst\u00e8me o\u00f9 le Soleil est au centre, incluant la Terre et toutes les plan\u00e8tes connues \u00e0 l&rsquo;\u00e9poque. <\/p>\n\n\n\n<div class=\"wp-block-image\"><figure class=\"aligncenter size-large\"><img decoding=\"async\" width=\"480\" height=\"398\" src=\"https:\/\/www.stelvision.com\/astro\/wp-content\/uploads\/2020\/08\/Soleil_centre_Copernic_1660_credit_Christoph_Cellarius_Harmonia_Macroscomica.jpg\" alt=\"Dessin en couleur du mod\u00e8le d'Univers selon Copernic. On y voit le Soleil au centre avec la Terre en quatre points diff\u00e9rents autour de celui-ci, \u00e9clair\u00e9e diff\u00e9remment ce qui illustre le cycle des saisons. \" class=\"wp-image-25993\" srcset=\"https:\/\/www.stelvision.com\/astro\/wp-content\/uploads\/2020\/08\/Soleil_centre_Copernic_1660_credit_Christoph_Cellarius_Harmonia_Macroscomica.jpg 480w, https:\/\/www.stelvision.com\/astro\/wp-content\/uploads\/2020\/08\/Soleil_centre_Copernic_1660_credit_Christoph_Cellarius_Harmonia_Macroscomica-300x249.jpg 300w, https:\/\/www.stelvision.com\/astro\/wp-content\/uploads\/2020\/08\/Soleil_centre_Copernic_1660_credit_Christoph_Cellarius_Harmonia_Macroscomica-368x305.jpg 368w, https:\/\/www.stelvision.com\/astro\/wp-content\/uploads\/2020\/08\/Soleil_centre_Copernic_1660_credit_Christoph_Cellarius_Harmonia_Macroscomica-270x224.jpg 270w\" sizes=\"(max-width: 480px) 100vw, 480px\" \/><figcaption><strong>Mod\u00e8le d&rsquo;Univers selon Copernic (1660).<\/strong> <br><small>Cr\u00e9dit&nbsp;: Christoph Cellarius\/Harmonia Macroscomica<\/small><\/figcaption><\/figure><\/div>\n\n\n\n<p>Toutefois, pendant plus de trente ans, Copernic conserve sa th\u00e9orie secr\u00e8te. Une d\u00e9cision sage, puisque l&rsquo;h\u00e9liocentrisme fait l&rsquo;objet de plusieurs interdits religieux chez les protestants et dans l&rsquo;\u00c9glise catholique. Mais la principale raison pour laquelle l&rsquo;astronome garde pour lui ses id\u00e9es est probablement l&rsquo;incoh\u00e9rence scientifique de plusieurs donn\u00e9es. <\/p>\n\n\n\n<p>Copernic se heurte par exemple aux inexactitudes induites par son hypoth\u00e8se de base, selon laquelle les plan\u00e8tes auraient un mouvement circulaire et uniforme. En r\u00e9alit\u00e9, nous savons aujourd&rsquo;hui qu&rsquo;elles se d\u00e9placent sur des orbites elliptiques. H\u00e9las, ce \u00ab\u00a0d\u00e9tail\u00a0\u00bb emp\u00eache les calculs de Copernic d&rsquo;aboutir proprement.<\/p>\n\n\n\n<div class=\"wp-block-image\"><figure class=\"aligncenter size-large is-resized\"><img decoding=\"async\" src=\"https:\/\/www.stelvision.com\/astro\/wp-content\/uploads\/2020\/08\/De_Revolutionibus_credit_Leibniz_Institute_for_Astrophysics_Potsdam-.jpg\" alt=\"Premi\u00e8re page et page montrant les orbites circulaires des plan\u00e8tes autour du Soleil dans le livre De Revolutionibus de Copernic. Le papier est jauni et les \u00e9critures imprim\u00e9es en latin. \" class=\"wp-image-25997\" width=\"486\" height=\"386\" srcset=\"https:\/\/www.stelvision.com\/astro\/wp-content\/uploads\/2020\/08\/De_Revolutionibus_credit_Leibniz_Institute_for_Astrophysics_Potsdam-.jpg 486w, https:\/\/www.stelvision.com\/astro\/wp-content\/uploads\/2020\/08\/De_Revolutionibus_credit_Leibniz_Institute_for_Astrophysics_Potsdam--300x238.jpg 300w, https:\/\/www.stelvision.com\/astro\/wp-content\/uploads\/2020\/08\/De_Revolutionibus_credit_Leibniz_Institute_for_Astrophysics_Potsdam--368x292.jpg 368w, https:\/\/www.stelvision.com\/astro\/wp-content\/uploads\/2020\/08\/De_Revolutionibus_credit_Leibniz_Institute_for_Astrophysics_Potsdam--270x214.jpg 270w\" sizes=\"(max-width: 486px) 100vw, 486px\" \/><figcaption><strong>Deux pages du livre <em>De Revolutionibus<\/em> de Copernic. <\/strong><small>Cr\u00e9dit : Leibniz Institute for Astrophysics Postdam (AIP)<\/small><\/figcaption><\/figure><\/div>\n\n\n\n<p>L&rsquo;astronome polonais affine sa th\u00e9orie et tente de pallier les incoh\u00e9rences de ses calculs tout au long de sa vie. C&rsquo;est l&rsquo;ann\u00e9e de sa mort, en 1543, que l&rsquo;ouvrage de r\u00e9f\u00e9rence <em><em>De Revolutionibus Orbium Coelestium&nbsp;<\/em><\/em>est imprim\u00e9 pour la premi\u00e8re fois. Le&nbsp;<em>De Revolutionibus<\/em>&nbsp;est divis\u00e9 en six livres et con\u00e7u sur le mod\u00e8le de l&rsquo;<em>Almageste<\/em>&nbsp;de&nbsp;Ptol\u00e9m\u00e9e. Extr\u00eamement technique, ce livre est le premier de l&rsquo;Histoire \u00e0 exposer une th\u00e9orie compl\u00e8te de l&rsquo;h\u00e9liocentrisme. L&rsquo;ouvrage refl\u00e8te l&rsquo;ensemble des recherches de Copernic sur le calcul des positions des plan\u00e8tes et la comparaison avec l&rsquo;observation du ciel. <\/p>\n\n\n\n<h2 class=\"wp-block-heading\">Kepler et les orbites elliptiques <\/h2>\n\n\n\n<p>Johannes Kepler est form\u00e9 par l&rsquo;astronome et math\u00e9maticien Michael Maestlin, fervent admirateur du syst\u00e8me h\u00e9liocentrique, ce qui fait de lui un copernicien enthousiaste. Dans son premier livre <em>Mysterium Cosmographicum<\/em> en 1596, Kepler expose cette conviction mais la publication lui attire les foudres de l&rsquo;\u00c9glise. <\/p>\n\n\n\n<div class=\"wp-block-image\"><figure class=\"aligncenter size-large\"><img decoding=\"async\" width=\"512\" height=\"384\" src=\"https:\/\/www.stelvision.com\/astro\/wp-content\/uploads\/2020\/08\/Monument_Brahe_Kepler_credit_Pmk58_CC_BY-SA_4_0.jpg\" alt=\"Statues de Tycho Brahe et Kepler, sous le Soleil par beau temps, sur leur pi\u00e9destal \u00e0 Prague.\" class=\"wp-image-26000\" srcset=\"https:\/\/www.stelvision.com\/astro\/wp-content\/uploads\/2020\/08\/Monument_Brahe_Kepler_credit_Pmk58_CC_BY-SA_4_0.jpg 512w, https:\/\/www.stelvision.com\/astro\/wp-content\/uploads\/2020\/08\/Monument_Brahe_Kepler_credit_Pmk58_CC_BY-SA_4_0-300x225.jpg 300w, https:\/\/www.stelvision.com\/astro\/wp-content\/uploads\/2020\/08\/Monument_Brahe_Kepler_credit_Pmk58_CC_BY-SA_4_0-368x276.jpg 368w, https:\/\/www.stelvision.com\/astro\/wp-content\/uploads\/2020\/08\/Monument_Brahe_Kepler_credit_Pmk58_CC_BY-SA_4_0-270x203.jpg 270w\" sizes=\"(max-width: 512px) 100vw, 512px\" \/><figcaption><strong>Monument en l&rsquo;honneur de Tycho Brahe et Kepler \u00e0 Prague. <\/strong><br><small>Cr\u00e9dit : Pmk58\/CC BY-SA 4.0<\/small><\/figcaption><\/figure><\/div>\n\n\n\n<p>Kepler se r\u00e9fugie \u00e0 Prague, o\u00f9 il devient l&rsquo;assistant de Tycho Brahe. Ce savant est connu pour ses observations r\u00e9volutionnaires du ciel, au moins dix fois plus justes que toutes celles r\u00e9alis\u00e9es par ses pr\u00e9d\u00e9cesseurs europ\u00e9ens, gr\u00e2ce \u00e0 la mise au point m\u00e9ticuleuse d&rsquo;instruments de haute pr\u00e9cision. <\/p>\n\n\n\n<div class=\"wp-block-image\"><figure class=\"aligncenter size-large\"><img decoding=\"async\" width=\"280\" height=\"426\" src=\"https:\/\/www.stelvision.com\/astro\/wp-content\/uploads\/2020\/08\/Tycho_sphere_armillaire_credit_Libre_de_droits.jpg\" alt=\"Dessin d'un instrument de Tycho Brahe : comme un globe creux, la sph\u00e8re armillaire est repr\u00e9sent\u00e9 en vert, rouge et dor\u00e9.\" class=\"wp-image-26002\" srcset=\"https:\/\/www.stelvision.com\/astro\/wp-content\/uploads\/2020\/08\/Tycho_sphere_armillaire_credit_Libre_de_droits.jpg 280w, https:\/\/www.stelvision.com\/astro\/wp-content\/uploads\/2020\/08\/Tycho_sphere_armillaire_credit_Libre_de_droits-197x300.jpg 197w, https:\/\/www.stelvision.com\/astro\/wp-content\/uploads\/2020\/08\/Tycho_sphere_armillaire_credit_Libre_de_droits-270x411.jpg 270w\" sizes=\"(max-width: 280px) 100vw, 280px\" \/><figcaption><strong>Sph\u00e8re armillaire de Tycho Brahe pour mesurer <\/strong><br><strong>la position des astres.<\/strong> <small>Cr\u00e9dit&nbsp;: Libre de droits<\/small><\/figcaption><\/figure><\/div>\n\n\n\n<p>\u00c0 sa mort, Tycho Brahe laisse ses travaux \u00e0 Kepler et notamment la t\u00e2che de <a href=\"https:\/\/www.stelvision.com\/astro\/lete-2020-un-ete-martien\/?fbclid=IwAR3NIXqL0cbzGJuaLIKX1aUId1HOejwSNJHsx8bRCJzvJ2mB5QaBJ1ByJ-Q\">calculer l&rsquo;orbite de Mars<\/a>, qui \u00e0 l&rsquo;\u00e9poque r\u00e9siste \u00e0 tout tentative de mod\u00e9lisation. Johannes Kepler met six ans \u00e0 relever le d\u00e9fi. Or, il parvient non seulement \u00e0 d\u00e9crire l&rsquo;orbite de la plan\u00e8te rouge, mais \u00e9galement \u00e0 extraire de ses travaux deux lois g\u00e9n\u00e9rales sur les trajectoires des plan\u00e8tes du <a href=\"https:\/\/www.stelvision.com\/astro\/formation-du-systeme-solaire\/\">Syst\u00e8me solaire<\/a>. Publi\u00e9es en 1609 dans l&rsquo;ouvrage&nbsp;<em>Astronomia Nova<\/em>, elles s&rsquo;\u00e9noncent encore aujourd&rsquo;hui de la mani\u00e8re suivante : <\/p>\n\n\n\n<ul class=\"wp-block-list\"><li>Loi des orbites&nbsp;: les plan\u00e8tes d\u00e9crivent des trajectoires elliptiques dont le Soleil est un foyer&nbsp;;<\/li><li>Loi des aires&nbsp;: le mouvement de chaque plan\u00e8te est tel que le segment de droite reliant le Soleil et la plan\u00e8te balaie des aires \u00e9gales pendant des dur\u00e9es \u00e9gales.<\/li><\/ul>\n\n\n\n<p>Concernant la premi\u00e8re, \u00e0 noter que tout comme un cercle poss\u00e8de un centre, une ellipse poss\u00e8de deux foyers. En outre, l&rsquo;\u00e9nonc\u00e9 de la deuxi\u00e8me loi signifie concr\u00e8tement que la plan\u00e8te acc\u00e9l\u00e8re l\u00e9g\u00e8rement \u00e0 l&rsquo;approche du p\u00e9rih\u00e9lie, c&rsquo;est-\u00e0-dire du point de son orbite le plus proche du Soleil. <\/p>\n\n\n\n<div class=\"wp-block-image\"><figure class=\"aligncenter size-large\"><img decoding=\"async\" width=\"400\" height=\"275\" src=\"https:\/\/www.stelvision.com\/astro\/wp-content\/uploads\/2020\/08\/Loi_aires_credit_R_Jiss\u00e9_Sommeil_Paradoxal-2.gif\" alt=\"Sch\u00e9ma explicatif de la loi des aires o\u00f9 l'on voit une ellipse dont le foyer de gauche est le Soleil. Divers traits partent de ce foyer et se baladent sur l'ellipse pour illustrer l'aire constante.\" class=\"wp-image-26010\" \/><figcaption><strong>Sch\u00e9ma explicatif de la loi des aires. <\/strong><small>Cr\u00e9dit&nbsp;: R.&nbsp;Jiss\u00e9\/Sommeil Paradoxal<\/small><\/figcaption><\/figure><\/div>\n\n\n\n<p>Enfin, en 1618, Kepler \u00e9nonce une troisi\u00e8me loi fondamentale pour la description du mouvement des plan\u00e8tes&nbsp;: <\/p>\n\n\n\n<ul class=\"wp-block-list\"><li>Loi des p\u00e9riodes&nbsp;: pour toutes les plan\u00e8tes, le rapport entre le cube du demi grand axe de la trajectoire et le carr\u00e9 de la p\u00e9riode est le m\u00eame&nbsp;; cette constante est ind\u00e9pendante de la masse de la plan\u00e8te et des&nbsp;trois lois qui r\u00e9gissent son mouvement.<\/li><\/ul>\n\n\n\n<div class=\"wp-block-image\"><figure class=\"alignleft size-large\"><img decoding=\"async\" width=\"314\" height=\"432\" src=\"https:\/\/www.stelvision.com\/astro\/wp-content\/uploads\/2020\/08\/Johannes_Kepler_portrait_credit_Libre_de_droits_peintre_inconnu-2.jpg\" alt=\"\" class=\"wp-image-26017\" srcset=\"https:\/\/www.stelvision.com\/astro\/wp-content\/uploads\/2020\/08\/Johannes_Kepler_portrait_credit_Libre_de_droits_peintre_inconnu-2.jpg 314w, https:\/\/www.stelvision.com\/astro\/wp-content\/uploads\/2020\/08\/Johannes_Kepler_portrait_credit_Libre_de_droits_peintre_inconnu-2-218x300.jpg 218w, https:\/\/www.stelvision.com\/astro\/wp-content\/uploads\/2020\/08\/Johannes_Kepler_portrait_credit_Libre_de_droits_peintre_inconnu-2-270x371.jpg 270w\" sizes=\"(max-width: 314px) 100vw, 314px\" \/><figcaption><strong>Portrait de Johannes Kepler.<\/strong> <small>Cr\u00e9dit&nbsp;: <br>Libre de droits\/Peintre inconnu<\/small><\/figcaption><\/figure><\/div>\n\n\n\n<p>Cette troisi\u00e8me loi permet, avec tr\u00e8s peu de donn\u00e9es d&rsquo;entr\u00e9e, de calculer les caract\u00e9ristiques de la trajectoire des plan\u00e8tes du Syst\u00e8me solaire. \u00c0 noter qu&rsquo;en support de ses travaux, Kepler travaille beaucoup sur l&rsquo;optique. Il est d&rsquo;ailleurs le premier \u00e0 expliquer les principes fondamentaux de l\u2019optique moderne. Nature de la&nbsp;lumi\u00e8re, miroirs, lentilles, r\u00e9fraction&#8230; rien ne lui \u00e9chappe et l&rsquo;astronome aborde m\u00eame le sujet de la&nbsp;vision&nbsp;et la perception des images par l\u2019\u0153il. <\/p>\n\n\n\n<h2 class=\"wp-block-heading\">L&rsquo;audace de Galil\u00e9e <\/h2>\n\n\n\n<p>Enfin, impossible de parler d&rsquo;h\u00e9liocentrisme sans mentionner Galil\u00e9e. Contemporain de Kepler, le math\u00e9maticien, g\u00e9om\u00e8tre, physicien et astronome italien est d&rsquo;abord connu pour l&rsquo;invention de la lunette astronomique. Il apprend en 1609 l&rsquo;existence d&rsquo;un appareil hollandais qui grossit les objets observ\u00e9s environ sept fois. Ainsi, il s&rsquo;en inspire pour \u00e9laborer sa premi\u00e8re lunette. <\/p>\n\n\n\n<p>Am\u00e9lior\u00e9e gr\u00e2ce \u00e0 l&rsquo;utilisation des principes \u00e9l\u00e9mentaires d&rsquo;optique, elle grossit de mani\u00e8re lin\u00e9aire jusqu&rsquo;\u00e0 trente fois et <a href=\"https:\/\/www.stelvision.com\/astro\/les-premieres-observations-de-galilee\/\">Galil\u00e9e envisage de l&rsquo;utiliser pour observer&#8230; les \u00e9toiles<\/a>, et plus particuli\u00e8rement les astres invisibles \u00e0 l&rsquo;\u0153il nu. La lunette d&rsquo;approche devient alors lunette astronomique et le physicien Galil\u00e9e se transforme en astronome.<\/p>\n\n\n\n<div class=\"wp-block-image\"><figure class=\"aligncenter size-large\"><img decoding=\"async\" width=\"620\" height=\"372\" src=\"https:\/\/www.stelvision.com\/astro\/wp-content\/uploads\/2020\/08\/reproduction_lunette_Galilee_credit_Jim_Sugar.jpg\" alt=\"Lunette de Galil\u00e9e reconstitu\u00e9e, de couleur rouge avec des d\u00e9corations dor\u00e9es, elle est repr\u00e9sent\u00e9e en photo avec en fond flou le Duomo de Florence.\" class=\"wp-image-26019\" srcset=\"https:\/\/www.stelvision.com\/astro\/wp-content\/uploads\/2020\/08\/reproduction_lunette_Galilee_credit_Jim_Sugar.jpg 620w, https:\/\/www.stelvision.com\/astro\/wp-content\/uploads\/2020\/08\/reproduction_lunette_Galilee_credit_Jim_Sugar-300x180.jpg 300w, https:\/\/www.stelvision.com\/astro\/wp-content\/uploads\/2020\/08\/reproduction_lunette_Galilee_credit_Jim_Sugar-570x342.jpg 570w, https:\/\/www.stelvision.com\/astro\/wp-content\/uploads\/2020\/08\/reproduction_lunette_Galilee_credit_Jim_Sugar-368x221.jpg 368w, https:\/\/www.stelvision.com\/astro\/wp-content\/uploads\/2020\/08\/reproduction_lunette_Galilee_credit_Jim_Sugar-270x162.jpg 270w\" sizes=\"(max-width: 620px) 100vw, 620px\" \/><figcaption><strong>Reproduction d&rsquo;une lunette de Galil\u00e9e pour le 400<sup>e<\/sup> anniversaire de l&rsquo;instrument en 2009.<\/strong><small> Cr\u00e9dit&nbsp;: Jim Sugar <\/small><\/figcaption><\/figure><\/div>\n\n\n\n<p>Toutefois, contrairement \u00e0 Kepler, Galil\u00e9e ne ma\u00eetrise pas la th\u00e9orie de l&rsquo;optique et reconnait lui-m\u00eame que sur plus de 60&nbsp;lunettes construites de mani\u00e8re empirique, quelques-unes seulement sont utilisables. Mont\u00e9es sur des tubes de bois ou de carton, les lentilles de Galil\u00e9e permettent pour la premi\u00e8re fois \u00e0 l&rsquo;Homme d&rsquo;\u00e9tudier les objets c\u00e9lestes en d\u00e9tail. <\/p>\n\n\n\n<p>Au cours de l&rsquo;ann\u00e9e 1610, Galil\u00e9e multiplie les trouvailles. Il d\u00e9couvre les quatre satellites de Jupiter Io, Europe, Ganym\u00e8de et Callisto, appel\u00e9s encore aujourd&rsquo;hui lunes galil\u00e9ennes. \u00c0 noter que c&rsquo;est Kepler, dans un ouvrage de&nbsp;1611, qui emploie pour la premi\u00e8re fois le mot \u00ab\u00a0satellite\u00a0\u00bb pour d\u00e9signer ces quatre petits astres. Galil\u00e9e est le premier \u00e0 observer et \u00e9tudier les taches solaires et les anneaux de Saturne. L&rsquo;astronome italien \u00e9tudie \u00e9galement les phases de la Lune et remarque que notre satellite n&rsquo;est pas une sph\u00e8re r\u00e9guli\u00e8re, mais parsem\u00e9e de montagnes et de crat\u00e8res&#8230;<\/p>\n\n\n\n<div class=\"wp-block-image\"><figure class=\"aligncenter size-large\"><img decoding=\"async\" width=\"510\" height=\"434\" src=\"https:\/\/www.stelvision.com\/astro\/wp-content\/uploads\/2020\/08\/Lune_Galilee_credit_Libre_de_droits-1.jpg\" alt=\"Croquis de la Lune par Galil\u00e9e, sans doute dessin\u00e9 au crayon gris ou noir sur fond blanc. On y voit la Lune \u00e9clair\u00e9e de moiti\u00e9 par un rayonnement solaire provenant de la droite de l'image. Plusieurs crat\u00e8res sont repr\u00e9sent\u00e9s.\" class=\"wp-image-26024\" srcset=\"https:\/\/www.stelvision.com\/astro\/wp-content\/uploads\/2020\/08\/Lune_Galilee_credit_Libre_de_droits-1.jpg 510w, https:\/\/www.stelvision.com\/astro\/wp-content\/uploads\/2020\/08\/Lune_Galilee_credit_Libre_de_droits-1-300x255.jpg 300w, https:\/\/www.stelvision.com\/astro\/wp-content\/uploads\/2020\/08\/Lune_Galilee_credit_Libre_de_droits-1-368x313.jpg 368w, https:\/\/www.stelvision.com\/astro\/wp-content\/uploads\/2020\/08\/Lune_Galilee_credit_Libre_de_droits-1-270x230.jpg 270w\" sizes=\"(max-width: 510px) 100vw, 510px\" \/><figcaption><strong>Croquis de la Lune par Galil\u00e9e (1610).<\/strong><small> Cr\u00e9dit&nbsp;: Libre de droits<\/small><\/figcaption><\/figure><\/div>\n\n\n\n<p>Le savant regroupe toutes ses observations fin 1610 dans <em>Sidereus nuncius<\/em>, un ouvrage qui confirme la th\u00e9orie de l&rsquo;h\u00e9liocentrisme. Mais l&rsquo;\u00c9glise catholique, toujours formellement oppos\u00e9e \u00e0 cette id\u00e9e, d\u00e9clare l&rsquo;h\u00e9liocentrisme h\u00e9r\u00e9tique en 1616, interdit les livres y faisant r\u00e9f\u00e9rence et d\u00e9fend \u00e0 Galil\u00e9e d&rsquo;enseigner cette th\u00e9orie.<\/p>\n\n\n\n<p>L&rsquo;astronome se plie \u00e0 ces dictats pendant plusieurs ann\u00e9es, mais en 1632, s&rsquo;attire des ennuis avec la publication du <em>Dialogue sur les deux grands syst\u00e8mes du monde<\/em>. L&rsquo;ouvrage est une discussion entre trois personnes&nbsp;: la premi\u00e8re favorable au syst\u00e8me&nbsp;h\u00e9liocentrique&nbsp;de&nbsp;Copernic, la deuxi\u00e8me au syst\u00e8me&nbsp;g\u00e9ocentrique&nbsp;de&nbsp;Ptol\u00e9m\u00e9e et la troisi\u00e8me sans opinion pr\u00e9alable. Bien que r\u00e9dig\u00e9 \u00e0 la demande de son ami de longue date le pape Urbain&nbsp;VIII, Galil\u00e9e laisse clairement entendre dans le livre sa pr\u00e9f\u00e9rence pour la th\u00e9orie h\u00e9liocentrique. <\/p>\n\n\n\n<div class=\"wp-block-image\"><figure class=\"aligncenter size-large\"><img decoding=\"async\" width=\"533\" height=\"340\" src=\"https:\/\/www.stelvision.com\/astro\/wp-content\/uploads\/2020\/08\/Proces_Galilee_credit_Joseph_Nicolas_Fleury.jpg\" alt=\"Peinture repr\u00e9sentant le proc\u00e8s de Galil\u00e9e : on y voit l'astronome habill\u00e9 de collants gris et d'une cape marron, plaidant sa cause devant un religieux en habit route et surveill\u00e9 par un garde. Les jur\u00e9s sont attabl\u00e9s en arri\u00e8re-plan.\" class=\"wp-image-26027\" srcset=\"https:\/\/www.stelvision.com\/astro\/wp-content\/uploads\/2020\/08\/Proces_Galilee_credit_Joseph_Nicolas_Fleury.jpg 533w, https:\/\/www.stelvision.com\/astro\/wp-content\/uploads\/2020\/08\/Proces_Galilee_credit_Joseph_Nicolas_Fleury-300x191.jpg 300w, https:\/\/www.stelvision.com\/astro\/wp-content\/uploads\/2020\/08\/Proces_Galilee_credit_Joseph_Nicolas_Fleury-368x235.jpg 368w, https:\/\/www.stelvision.com\/astro\/wp-content\/uploads\/2020\/08\/Proces_Galilee_credit_Joseph_Nicolas_Fleury-270x172.jpg 270w\" sizes=\"(max-width: 533px) 100vw, 533px\" \/><figcaption><strong>Le proc\u00e8s de Galil\u00e9e.<\/strong><small> Cr\u00e9dit&nbsp;: Joseph Nicolas Fleury<\/small><\/figcaption><\/figure><\/div>\n\n\n\n<p>Un proc\u00e8s historique est alors intent\u00e9 \u00e0 Galil\u00e9e en 1633. Il est condamn\u00e9 \u00e0 l&rsquo;assignation \u00e0 r\u00e9sidence. Surveill\u00e9 continuellement, il continue \u00e0 travailler sur ses recherches dans la discr\u00e9tion jusqu&rsquo;\u00e0 sa mort neuf ans plus tard. Heureusement, en raison de ses liens \u00e9troits avec le pape Urbain&nbsp;VIII, la probabilit\u00e9 d&rsquo;une condamnation au b\u00fbcher \u00e9tait tr\u00e8s faible&nbsp;!<\/p>\n\n\n\n<p>Pour mitiger le propos, on peut souligner que l&rsquo;\u00c9glise a bas\u00e9 le proc\u00e8s de Galil\u00e9e et sa condamnation sur la r\u00e9f\u00e9rence du g\u00e9ocentrisme, pr\u00f4n\u00e9 par la majorit\u00e9 des astronomes de l&rsquo;\u00e9poque. Il faudra attendre de nouvelles preuves th\u00e9oriques et exp\u00e9rimentales apport\u00e9es par de grands noms de l&rsquo;astronomie moderne pour que l&rsquo;h\u00e9liocentrisme soit enfin reconnu.<\/p>\n\n\n\n<div class=\"wp-block-image\"><figure class=\"aligncenter size-large\"><img decoding=\"async\" width=\"720\" height=\"452\" src=\"https:\/\/www.stelvision.com\/astro\/wp-content\/uploads\/2020\/08\/Systeme_solaire_heliocentrisme_credit_Harman_Smith_Laura_Generosa_Nasa_JPL.jpg\" alt=\"Vue d'artiste du Syst\u00e8me solaire avec le Soleil en gros au centre en couleur rouge orang\u00e9, et les autres plan\u00e8tes autour avec leurs orbites trac\u00e9es en bleu. Vue de dessus.\" class=\"wp-image-26032\" srcset=\"https:\/\/www.stelvision.com\/astro\/wp-content\/uploads\/2020\/08\/Systeme_solaire_heliocentrisme_credit_Harman_Smith_Laura_Generosa_Nasa_JPL.jpg 720w, https:\/\/www.stelvision.com\/astro\/wp-content\/uploads\/2020\/08\/Systeme_solaire_heliocentrisme_credit_Harman_Smith_Laura_Generosa_Nasa_JPL-300x188.jpg 300w, https:\/\/www.stelvision.com\/astro\/wp-content\/uploads\/2020\/08\/Systeme_solaire_heliocentrisme_credit_Harman_Smith_Laura_Generosa_Nasa_JPL-570x358.jpg 570w, https:\/\/www.stelvision.com\/astro\/wp-content\/uploads\/2020\/08\/Systeme_solaire_heliocentrisme_credit_Harman_Smith_Laura_Generosa_Nasa_JPL-368x231.jpg 368w, https:\/\/www.stelvision.com\/astro\/wp-content\/uploads\/2020\/08\/Systeme_solaire_heliocentrisme_credit_Harman_Smith_Laura_Generosa_Nasa_JPL-270x170.jpg 270w\" sizes=\"(max-width: 720px) 100vw, 720px\" \/><figcaption><strong>Vue d&rsquo;artiste des orbites h\u00e9liocentriques dans le Syst\u00e8me solaire.<\/strong> <br><small>Cr\u00e9dit&nbsp;: Harman \/Smith Laura Generosa\/Nasa\/JPL<\/small><\/figcaption><\/figure><\/div>\n\n\n\n<p>Dans un autre dossier consacr\u00e9 \u00e0 l&rsquo;astronomie moderne, nous abordons \u00e9galement la question du Soleil au centre&#8230; du Syst\u00e8me solaire ou bien de l&rsquo;Univers tout entier\u00a0? Une id\u00e9e \u00e9mise d\u00e8s 1584 par le moine\u00a0Giordano Bruno, qui ne sera discut\u00e9e s\u00e9rieusement qu&rsquo;avec l&rsquo;av\u00e8nement de la cosmologie contemporaine.<\/p>\n\n\n\n<p><em>Lisez ou relisez nos deux autres articles sur l\u2019Histoire de l\u2019astronomie :&nbsp;<a href=\"https:\/\/www.stelvision.com\/astro\/qui-etaient-les-tout-premiers-astronomes\/\">Qui \u00e9taient les premiers astronomes ?<\/a>&nbsp;et&nbsp;<a href=\"https:\/\/www.stelvision.com\/astro\/naissance-de-lastronomie-moderne\/\">Naissance de l\u2019astronomie moderne<\/a>.<\/em><\/p>\n\n\n\n\t\t\t\t\t\t<div style=\"margin-bottom: 18px;\">\t\t\t\t<a rel=\"nofollow\" href=\"https:\/\/www.stelvision.com\/astro\/boutique\/le-ciel-au-telescope\/?ref=bottom\">\r\n\t\t\t\t\t<img decoding=\"async\" src=\"https:\/\/www.stelvision.com\/astro\/wp-content\/uploads\/2025\/10\/Ciel-au-telescope-1200x900-1.webp\" alt=\"visuel publicitaire livre le Ciel au t\u00e9lescope\" class=\"img-responsive\">\r\n\t\t\t\t<\/a>\r\n\t\t\t\t<p style=\"text-align: center; margin-bottom: 0em; margin-top: 0.25em;\"><strong><a rel=\"nofollow\" href=\"https:\/\/www.stelvision.com\/astro\/boutique\/le-ciel-au-telescope\/?ref=bottom\">Le Ciel au t\u00e9lescope, le guide indispensable pour r\u00e9ussir vos observations<\/a><\/strong><\/p>\r\n\t\t\t<\/div>\n","protected":false},"excerpt":{"rendered":"<p>Gr\u00e2ce \u00e0 Copernic, Kepler et Galil\u00e9e, apr\u00e8s plusieurs si\u00e8cles persuad\u00e9 que la Terre est au centre de l&rsquo;Univers, l&rsquo;Homme consid\u00e8re enfin l&rsquo;h\u00e9liocentrisme.<\/p>\n","protected":false},"author":4,"featured_media":25991,"comment_status":"closed","ping_status":"closed","sticky":false,"template":"","format":"standard","meta":{"_acf_changed":false,"footnotes":""},"categories":[3],"tags":[],"class_list":["post-25884","post","type-post","status-publish","format-standard","has-post-thumbnail","hentry","category-science-espace"],"acf":[],"yoast_head":"<!-- This site is optimized with the Yoast SEO plugin v27.1.1 - https:\/\/yoast.com\/product\/yoast-seo-wordpress\/ -->\n<title>Histoire de l&#039;astronomie : &quot;Le Soleil au centre de l&#039;Univers&quot;<\/title>\n<meta name=\"description\" content=\"Gr\u00e2ce \u00e0 Copernic, Kepler et Galil\u00e9e, apr\u00e8s plusieurs si\u00e8cles persuad\u00e9 que la Terre est au centre de l&#039;Univers, l&#039;Homme consid\u00e8re enfin l&#039;h\u00e9liocentrisme.\" \/>\n<meta name=\"robots\" content=\"index, follow, max-snippet:-1, max-image-preview:large, max-video-preview:-1\" \/>\n<link rel=\"canonical\" href=\"https:\/\/www.stelvision.com\/astro\/histoire-de-lastronomie-le-soleil-au-centre-de-lunivers\/\" \/>\n<meta property=\"og:locale\" content=\"fr_FR\" \/>\n<meta property=\"og:type\" content=\"article\" \/>\n<meta property=\"og:title\" content=\"Histoire de l&#039;astronomie : &quot;le Soleil au centre de l&#039;Univers&quot;\" \/>\n<meta property=\"og:description\" content=\"Gr\u00e2ce \u00e0 Copernic, Kepler et Galil\u00e9e, apr\u00e8s plusieurs si\u00e8cles persuad\u00e9 que la Terre est au centre de l&#039;Univers, l&#039;Homme consid\u00e8re enfin l&#039;h\u00e9liocentrisme.\" \/>\n<meta property=\"og:url\" content=\"https:\/\/www.stelvision.com\/astro\/histoire-de-lastronomie-le-soleil-au-centre-de-lunivers\/\" \/>\n<meta property=\"og:site_name\" content=\"Stelvision\" \/>\n<meta property=\"article:publisher\" content=\"https:\/\/www.facebook.com\/people\/Stelvision\/100063368192331\/\" \/>\n<meta property=\"article:published_time\" content=\"2020-09-07T14:01:24+00:00\" \/>\n<meta property=\"article:modified_time\" content=\"2021-11-04T11:34:15+00:00\" \/>\n<meta property=\"og:image\" content=\"https:\/\/www.stelvision.com\/astro\/wp-content\/uploads\/2020\/08\/Sun_center_Universe_credit_Pablo_Carlos_Budassi.jpg\" \/>\n\t<meta property=\"og:image:width\" content=\"750\" \/>\n\t<meta property=\"og:image:height\" content=\"375\" \/>\n\t<meta property=\"og:image:type\" content=\"image\/jpeg\" \/>\n<meta name=\"author\" content=\"Fleur Olagnier\" \/>\n<meta name=\"twitter:card\" content=\"summary_large_image\" \/>\n<meta name=\"twitter:title\" content=\"Histoire de l&#039;astronomie : &quot;le Soleil au centre de l&#039;Univers&quot;\" \/>\n<meta name=\"twitter:description\" content=\"Gr\u00e2ce \u00e0 Copernic, Kepler et Galil\u00e9e, apr\u00e8s plusieurs si\u00e8cles persuad\u00e9 que la Terre est au centre de l&#039;Univers, l&#039;Homme consid\u00e8re enfin l&#039;h\u00e9liocentrisme.\" \/>\n<meta name=\"twitter:image\" content=\"https:\/\/www.stelvision.com\/astro\/wp-content\/uploads\/2020\/08\/Sun_center_Universe_credit_Pablo_Carlos_Budassi.jpg\" \/>\n<meta name=\"twitter:label1\" content=\"\u00c9crit par\" \/>\n\t<meta name=\"twitter:data1\" content=\"Fleur Olagnier\" \/>\n\t<meta name=\"twitter:label2\" content=\"Dur\u00e9e de lecture estim\u00e9e\" \/>\n\t<meta name=\"twitter:data2\" content=\"9 minutes\" \/>\n<script type=\"application\/ld+json\" class=\"yoast-schema-graph\">{\"@context\":\"https:\/\/schema.org\",\"@graph\":[{\"@type\":\"Article\",\"@id\":\"https:\/\/www.stelvision.com\/astro\/histoire-de-lastronomie-le-soleil-au-centre-de-lunivers\/#article\",\"isPartOf\":{\"@id\":\"https:\/\/www.stelvision.com\/astro\/histoire-de-lastronomie-le-soleil-au-centre-de-lunivers\/\"},\"author\":{\"name\":\"Fleur Olagnier\",\"@id\":\"https:\/\/www.stelvision.com\/astro\/#\/schema\/person\/2bd39a1758d0f80250c83297259fc36b\"},\"headline\":\"Histoire de l&rsquo;astronomie : \u00ab\u00a0Le Soleil au centre de l&rsquo;Univers\u00a0\u00bb\",\"datePublished\":\"2020-09-07T14:01:24+00:00\",\"dateModified\":\"2021-11-04T11:34:15+00:00\",\"mainEntityOfPage\":{\"@id\":\"https:\/\/www.stelvision.com\/astro\/histoire-de-lastronomie-le-soleil-au-centre-de-lunivers\/\"},\"wordCount\":1814,\"publisher\":{\"@id\":\"https:\/\/www.stelvision.com\/astro\/#organization\"},\"image\":{\"@id\":\"https:\/\/www.stelvision.com\/astro\/histoire-de-lastronomie-le-soleil-au-centre-de-lunivers\/#primaryimage\"},\"thumbnailUrl\":\"https:\/\/www.stelvision.com\/astro\/wp-content\/uploads\/2020\/08\/Sun_center_Universe_credit_Pablo_Carlos_Budassi.jpg\",\"articleSection\":[\"Science &amp; Espace\"],\"inLanguage\":\"fr-FR\"},{\"@type\":\"WebPage\",\"@id\":\"https:\/\/www.stelvision.com\/astro\/histoire-de-lastronomie-le-soleil-au-centre-de-lunivers\/\",\"url\":\"https:\/\/www.stelvision.com\/astro\/histoire-de-lastronomie-le-soleil-au-centre-de-lunivers\/\",\"name\":\"Histoire de l'astronomie : \\\"Le Soleil au centre de l'Univers\\\"\",\"isPartOf\":{\"@id\":\"https:\/\/www.stelvision.com\/astro\/#website\"},\"primaryImageOfPage\":{\"@id\":\"https:\/\/www.stelvision.com\/astro\/histoire-de-lastronomie-le-soleil-au-centre-de-lunivers\/#primaryimage\"},\"image\":{\"@id\":\"https:\/\/www.stelvision.com\/astro\/histoire-de-lastronomie-le-soleil-au-centre-de-lunivers\/#primaryimage\"},\"thumbnailUrl\":\"https:\/\/www.stelvision.com\/astro\/wp-content\/uploads\/2020\/08\/Sun_center_Universe_credit_Pablo_Carlos_Budassi.jpg\",\"datePublished\":\"2020-09-07T14:01:24+00:00\",\"dateModified\":\"2021-11-04T11:34:15+00:00\",\"description\":\"Gr\u00e2ce \u00e0 Copernic, Kepler et Galil\u00e9e, apr\u00e8s plusieurs si\u00e8cles persuad\u00e9 que la Terre est au centre de l'Univers, l'Homme consid\u00e8re enfin l'h\u00e9liocentrisme.\",\"breadcrumb\":{\"@id\":\"https:\/\/www.stelvision.com\/astro\/histoire-de-lastronomie-le-soleil-au-centre-de-lunivers\/#breadcrumb\"},\"inLanguage\":\"fr-FR\",\"potentialAction\":[{\"@type\":\"ReadAction\",\"target\":[\"https:\/\/www.stelvision.com\/astro\/histoire-de-lastronomie-le-soleil-au-centre-de-lunivers\/\"]}]},{\"@type\":\"ImageObject\",\"inLanguage\":\"fr-FR\",\"@id\":\"https:\/\/www.stelvision.com\/astro\/histoire-de-lastronomie-le-soleil-au-centre-de-lunivers\/#primaryimage\",\"url\":\"https:\/\/www.stelvision.com\/astro\/wp-content\/uploads\/2020\/08\/Sun_center_Universe_credit_Pablo_Carlos_Budassi.jpg\",\"contentUrl\":\"https:\/\/www.stelvision.com\/astro\/wp-content\/uploads\/2020\/08\/Sun_center_Universe_credit_Pablo_Carlos_Budassi.jpg\",\"width\":750,\"height\":375},{\"@type\":\"BreadcrumbList\",\"@id\":\"https:\/\/www.stelvision.com\/astro\/histoire-de-lastronomie-le-soleil-au-centre-de-lunivers\/#breadcrumb\",\"itemListElement\":[{\"@type\":\"ListItem\",\"position\":1,\"name\":\"Accueil\",\"item\":\"https:\/\/www.stelvision.com\/astro\/\"},{\"@type\":\"ListItem\",\"position\":2,\"name\":\"Histoire de l&#8217;astronomie : &#8220;Le Soleil au centre de l&#8217;Univers&#8221;\"}]},{\"@type\":\"WebSite\",\"@id\":\"https:\/\/www.stelvision.com\/astro\/#website\",\"url\":\"https:\/\/www.stelvision.com\/astro\/\",\"name\":\"Stelvision\",\"description\":\"conseils, livres et mat\u00e9riel d&#039;observation du ciel\",\"publisher\":{\"@id\":\"https:\/\/www.stelvision.com\/astro\/#organization\"},\"potentialAction\":[{\"@type\":\"SearchAction\",\"target\":{\"@type\":\"EntryPoint\",\"urlTemplate\":\"https:\/\/www.stelvision.com\/astro\/?s={search_term_string}\"},\"query-input\":{\"@type\":\"PropertyValueSpecification\",\"valueRequired\":true,\"valueName\":\"search_term_string\"}}],\"inLanguage\":\"fr-FR\"},{\"@type\":\"Organization\",\"@id\":\"https:\/\/www.stelvision.com\/astro\/#organization\",\"name\":\"Stelvision\",\"url\":\"https:\/\/www.stelvision.com\/astro\/\",\"logo\":{\"@type\":\"ImageObject\",\"inLanguage\":\"fr-FR\",\"@id\":\"https:\/\/www.stelvision.com\/astro\/#\/schema\/logo\/image\/\",\"url\":\"https:\/\/www.stelvision.com\/astro\/wp-content\/uploads\/2019\/03\/logo_lisse_bleu_Stelvision_600.png\",\"contentUrl\":\"https:\/\/www.stelvision.com\/astro\/wp-content\/uploads\/2019\/03\/logo_lisse_bleu_Stelvision_600.png\",\"width\":600,\"height\":277,\"caption\":\"Stelvision\"},\"image\":{\"@id\":\"https:\/\/www.stelvision.com\/astro\/#\/schema\/logo\/image\/\"},\"sameAs\":[\"https:\/\/www.facebook.com\/people\/Stelvision\/100063368192331\/\"]},{\"@type\":\"Person\",\"@id\":\"https:\/\/www.stelvision.com\/astro\/#\/schema\/person\/2bd39a1758d0f80250c83297259fc36b\",\"name\":\"Fleur Olagnier\",\"url\":\"https:\/\/www.stelvision.com\/astro\/author\/fo-stel3\/\"}]}<\/script>\n<!-- \/ Yoast SEO plugin. -->","yoast_head_json":{"title":"Histoire de l'astronomie : \"Le Soleil au centre de l'Univers\"","description":"Gr\u00e2ce \u00e0 Copernic, Kepler et Galil\u00e9e, apr\u00e8s plusieurs si\u00e8cles persuad\u00e9 que la Terre est au centre de l'Univers, l'Homme consid\u00e8re enfin l'h\u00e9liocentrisme.","robots":{"index":"index","follow":"follow","max-snippet":"max-snippet:-1","max-image-preview":"max-image-preview:large","max-video-preview":"max-video-preview:-1"},"canonical":"https:\/\/www.stelvision.com\/astro\/histoire-de-lastronomie-le-soleil-au-centre-de-lunivers\/","og_locale":"fr_FR","og_type":"article","og_title":"Histoire de l'astronomie : \"le Soleil au centre de l'Univers\"","og_description":"Gr\u00e2ce \u00e0 Copernic, Kepler et Galil\u00e9e, apr\u00e8s plusieurs si\u00e8cles persuad\u00e9 que la Terre est au centre de l'Univers, l'Homme consid\u00e8re enfin l'h\u00e9liocentrisme.","og_url":"https:\/\/www.stelvision.com\/astro\/histoire-de-lastronomie-le-soleil-au-centre-de-lunivers\/","og_site_name":"Stelvision","article_publisher":"https:\/\/www.facebook.com\/people\/Stelvision\/100063368192331\/","article_published_time":"2020-09-07T14:01:24+00:00","article_modified_time":"2021-11-04T11:34:15+00:00","og_image":[{"width":750,"height":375,"url":"https:\/\/www.stelvision.com\/astro\/wp-content\/uploads\/2020\/08\/Sun_center_Universe_credit_Pablo_Carlos_Budassi.jpg","type":"image\/jpeg"}],"author":"Fleur Olagnier","twitter_card":"summary_large_image","twitter_title":"Histoire de l'astronomie : \"le Soleil au centre de l'Univers\"","twitter_description":"Gr\u00e2ce \u00e0 Copernic, Kepler et Galil\u00e9e, apr\u00e8s plusieurs si\u00e8cles persuad\u00e9 que la Terre est au centre de l'Univers, l'Homme consid\u00e8re enfin l'h\u00e9liocentrisme.","twitter_image":"https:\/\/www.stelvision.com\/astro\/wp-content\/uploads\/2020\/08\/Sun_center_Universe_credit_Pablo_Carlos_Budassi.jpg","twitter_misc":{"\u00c9crit par":"Fleur Olagnier","Dur\u00e9e de lecture estim\u00e9e":"9 minutes"},"schema":{"@context":"https:\/\/schema.org","@graph":[{"@type":"Article","@id":"https:\/\/www.stelvision.com\/astro\/histoire-de-lastronomie-le-soleil-au-centre-de-lunivers\/#article","isPartOf":{"@id":"https:\/\/www.stelvision.com\/astro\/histoire-de-lastronomie-le-soleil-au-centre-de-lunivers\/"},"author":{"name":"Fleur Olagnier","@id":"https:\/\/www.stelvision.com\/astro\/#\/schema\/person\/2bd39a1758d0f80250c83297259fc36b"},"headline":"Histoire de l&rsquo;astronomie : \u00ab\u00a0Le Soleil au centre de l&rsquo;Univers\u00a0\u00bb","datePublished":"2020-09-07T14:01:24+00:00","dateModified":"2021-11-04T11:34:15+00:00","mainEntityOfPage":{"@id":"https:\/\/www.stelvision.com\/astro\/histoire-de-lastronomie-le-soleil-au-centre-de-lunivers\/"},"wordCount":1814,"publisher":{"@id":"https:\/\/www.stelvision.com\/astro\/#organization"},"image":{"@id":"https:\/\/www.stelvision.com\/astro\/histoire-de-lastronomie-le-soleil-au-centre-de-lunivers\/#primaryimage"},"thumbnailUrl":"https:\/\/www.stelvision.com\/astro\/wp-content\/uploads\/2020\/08\/Sun_center_Universe_credit_Pablo_Carlos_Budassi.jpg","articleSection":["Science &amp; Espace"],"inLanguage":"fr-FR"},{"@type":"WebPage","@id":"https:\/\/www.stelvision.com\/astro\/histoire-de-lastronomie-le-soleil-au-centre-de-lunivers\/","url":"https:\/\/www.stelvision.com\/astro\/histoire-de-lastronomie-le-soleil-au-centre-de-lunivers\/","name":"Histoire de l'astronomie : \"Le Soleil au centre de l'Univers\"","isPartOf":{"@id":"https:\/\/www.stelvision.com\/astro\/#website"},"primaryImageOfPage":{"@id":"https:\/\/www.stelvision.com\/astro\/histoire-de-lastronomie-le-soleil-au-centre-de-lunivers\/#primaryimage"},"image":{"@id":"https:\/\/www.stelvision.com\/astro\/histoire-de-lastronomie-le-soleil-au-centre-de-lunivers\/#primaryimage"},"thumbnailUrl":"https:\/\/www.stelvision.com\/astro\/wp-content\/uploads\/2020\/08\/Sun_center_Universe_credit_Pablo_Carlos_Budassi.jpg","datePublished":"2020-09-07T14:01:24+00:00","dateModified":"2021-11-04T11:34:15+00:00","description":"Gr\u00e2ce \u00e0 Copernic, Kepler et Galil\u00e9e, apr\u00e8s plusieurs si\u00e8cles persuad\u00e9 que la Terre est au centre de l'Univers, l'Homme consid\u00e8re enfin l'h\u00e9liocentrisme.","breadcrumb":{"@id":"https:\/\/www.stelvision.com\/astro\/histoire-de-lastronomie-le-soleil-au-centre-de-lunivers\/#breadcrumb"},"inLanguage":"fr-FR","potentialAction":[{"@type":"ReadAction","target":["https:\/\/www.stelvision.com\/astro\/histoire-de-lastronomie-le-soleil-au-centre-de-lunivers\/"]}]},{"@type":"ImageObject","inLanguage":"fr-FR","@id":"https:\/\/www.stelvision.com\/astro\/histoire-de-lastronomie-le-soleil-au-centre-de-lunivers\/#primaryimage","url":"https:\/\/www.stelvision.com\/astro\/wp-content\/uploads\/2020\/08\/Sun_center_Universe_credit_Pablo_Carlos_Budassi.jpg","contentUrl":"https:\/\/www.stelvision.com\/astro\/wp-content\/uploads\/2020\/08\/Sun_center_Universe_credit_Pablo_Carlos_Budassi.jpg","width":750,"height":375},{"@type":"BreadcrumbList","@id":"https:\/\/www.stelvision.com\/astro\/histoire-de-lastronomie-le-soleil-au-centre-de-lunivers\/#breadcrumb","itemListElement":[{"@type":"ListItem","position":1,"name":"Accueil","item":"https:\/\/www.stelvision.com\/astro\/"},{"@type":"ListItem","position":2,"name":"Histoire de l&#8217;astronomie : &#8220;Le Soleil au centre de l&#8217;Univers&#8221;"}]},{"@type":"WebSite","@id":"https:\/\/www.stelvision.com\/astro\/#website","url":"https:\/\/www.stelvision.com\/astro\/","name":"Stelvision","description":"conseils, livres et mat\u00e9riel d&#039;observation du ciel","publisher":{"@id":"https:\/\/www.stelvision.com\/astro\/#organization"},"potentialAction":[{"@type":"SearchAction","target":{"@type":"EntryPoint","urlTemplate":"https:\/\/www.stelvision.com\/astro\/?s={search_term_string}"},"query-input":{"@type":"PropertyValueSpecification","valueRequired":true,"valueName":"search_term_string"}}],"inLanguage":"fr-FR"},{"@type":"Organization","@id":"https:\/\/www.stelvision.com\/astro\/#organization","name":"Stelvision","url":"https:\/\/www.stelvision.com\/astro\/","logo":{"@type":"ImageObject","inLanguage":"fr-FR","@id":"https:\/\/www.stelvision.com\/astro\/#\/schema\/logo\/image\/","url":"https:\/\/www.stelvision.com\/astro\/wp-content\/uploads\/2019\/03\/logo_lisse_bleu_Stelvision_600.png","contentUrl":"https:\/\/www.stelvision.com\/astro\/wp-content\/uploads\/2019\/03\/logo_lisse_bleu_Stelvision_600.png","width":600,"height":277,"caption":"Stelvision"},"image":{"@id":"https:\/\/www.stelvision.com\/astro\/#\/schema\/logo\/image\/"},"sameAs":["https:\/\/www.facebook.com\/people\/Stelvision\/100063368192331\/"]},{"@type":"Person","@id":"https:\/\/www.stelvision.com\/astro\/#\/schema\/person\/2bd39a1758d0f80250c83297259fc36b","name":"Fleur Olagnier","url":"https:\/\/www.stelvision.com\/astro\/author\/fo-stel3\/"}]}},"_links":{"self":[{"href":"https:\/\/www.stelvision.com\/astro\/wp-json\/wp\/v2\/posts\/25884","targetHints":{"allow":["GET"]}}],"collection":[{"href":"https:\/\/www.stelvision.com\/astro\/wp-json\/wp\/v2\/posts"}],"about":[{"href":"https:\/\/www.stelvision.com\/astro\/wp-json\/wp\/v2\/types\/post"}],"author":[{"embeddable":true,"href":"https:\/\/www.stelvision.com\/astro\/wp-json\/wp\/v2\/users\/4"}],"replies":[{"embeddable":true,"href":"https:\/\/www.stelvision.com\/astro\/wp-json\/wp\/v2\/comments?post=25884"}],"version-history":[{"count":34,"href":"https:\/\/www.stelvision.com\/astro\/wp-json\/wp\/v2\/posts\/25884\/revisions"}],"predecessor-version":[{"id":39513,"href":"https:\/\/www.stelvision.com\/astro\/wp-json\/wp\/v2\/posts\/25884\/revisions\/39513"}],"wp:featuredmedia":[{"embeddable":true,"href":"https:\/\/www.stelvision.com\/astro\/wp-json\/wp\/v2\/media\/25991"}],"wp:attachment":[{"href":"https:\/\/www.stelvision.com\/astro\/wp-json\/wp\/v2\/media?parent=25884"}],"wp:term":[{"taxonomy":"category","embeddable":true,"href":"https:\/\/www.stelvision.com\/astro\/wp-json\/wp\/v2\/categories?post=25884"},{"taxonomy":"post_tag","embeddable":true,"href":"https:\/\/www.stelvision.com\/astro\/wp-json\/wp\/v2\/tags?post=25884"}],"curies":[{"name":"wp","href":"https:\/\/api.w.org\/{rel}","templated":true}]}}