{"id":71437,"date":"2025-09-19T10:54:58","date_gmt":"2025-09-19T08:54:58","guid":{"rendered":"https:\/\/www.stelvision.com\/astro\/?p=71437"},"modified":"2026-04-13T14:43:12","modified_gmt":"2026-04-13T12:43:12","slug":"les-soleils-noirs-de-2026-et-2027-le-guide-stelvision-pour-se-preparer-au-grandiose","status":"publish","type":"post","link":"https:\/\/www.stelvision.com\/astro\/les-soleils-noirs-de-2026-et-2027-le-guide-stelvision-pour-se-preparer-au-grandiose\/","title":{"rendered":"Les Soleils noirs de 2026 et 2027, le guide pour se pr\u00e9parer au grandiose"},"content":{"rendered":"\n<figure class=\"wp-block-image size-large\"><img decoding=\"async\" width=\"1024\" height=\"768\" src=\"https:\/\/www.stelvision.com\/astro\/wp-content\/uploads\/2025\/09\/visuels-Soleils-noirs-sans-accroche-1024x768.webp\" alt=\"visuel promotionnel du livre Les Soleils noirs de 2026 et 2027\" class=\"wp-image-71108\" srcset=\"https:\/\/www.stelvision.com\/astro\/wp-content\/uploads\/2025\/09\/visuels-Soleils-noirs-sans-accroche-1024x768.webp 1024w, https:\/\/www.stelvision.com\/astro\/wp-content\/uploads\/2025\/09\/visuels-Soleils-noirs-sans-accroche-300x225.webp 300w, https:\/\/www.stelvision.com\/astro\/wp-content\/uploads\/2025\/09\/visuels-Soleils-noirs-sans-accroche-800x600.webp 800w, https:\/\/www.stelvision.com\/astro\/wp-content\/uploads\/2025\/09\/visuels-Soleils-noirs-sans-accroche-1140x855.webp 1140w, https:\/\/www.stelvision.com\/astro\/wp-content\/uploads\/2025\/09\/visuels-Soleils-noirs-sans-accroche-750x563.webp 750w, https:\/\/www.stelvision.com\/astro\/wp-content\/uploads\/2025\/09\/visuels-Soleils-noirs-sans-accroche-570x428.webp 570w, https:\/\/www.stelvision.com\/astro\/wp-content\/uploads\/2025\/09\/visuels-Soleils-noirs-sans-accroche-368x276.webp 368w, https:\/\/www.stelvision.com\/astro\/wp-content\/uploads\/2025\/09\/visuels-Soleils-noirs-sans-accroche-270x203.webp 270w, https:\/\/www.stelvision.com\/astro\/wp-content\/uploads\/2025\/09\/visuels-Soleils-noirs-sans-accroche-1000x750.webp 1000w, https:\/\/www.stelvision.com\/astro\/wp-content\/uploads\/2025\/09\/visuels-Soleils-noirs-sans-accroche.webp 1200w\" sizes=\"(max-width: 1024px) 100vw, 1024px\" \/><\/figure>\n\n\n\n<h2 class=\"wp-block-heading\">Deux \u00e9v\u00e9nements rares en ligne de mire<\/h2>\n\n\n\n<p>\u00c0 l&rsquo;approche des \u00e9clipses totales de Soleil des 12 ao\u00fbt 2026 et 2 ao\u00fbt 2027, nous sommes heureux de publier un guide pratique et p\u00e9dagogique qui permettra \u00e0 toutes et \u00e0 tous de profiter au mieux de ces spectacles \u00e0 venir. Des spectacles rares et impressionnants que nous pourrons contempler sans aller au bout du monde puisqu&rsquo;ils seront visibles dans une partie de l&rsquo;Europe (2026 et 2027) et en Afrique du Nord (2027).<\/p>\n\n\n\n<p>Explication des ph\u00e9nom\u00e8nes, m\u00e9thodes d&rsquo;observation (avec ou sans t\u00e9lescope), photographie, choix du meilleur lieu d&rsquo;observation&#8230; Jean-Marc Lecleire nous fait profiter de son exp\u00e9rience de chasseur d&rsquo;\u00e9clipses avec ses conseils et ses astuces. Ses nombreuses photos et t\u00e9moignages nous mettent d\u00e9j\u00e0 dans l&rsquo;ambiance !<\/p>\n\n\n\n<p class=\"boxFocus color3\"><strong><em>Les Soleils noirs de 2026 et 2027<\/em> de Jean-Marc Lecleire, \u00e9ditions Stelvision. Parution le 6 novembre 2025. 144 pages, 21 \u20ac TTC prix France. <\/strong><br>EAN 9782958661960. Diffusion\/distribution en librairie : Geodif\/Sodis.<\/p>\n\n\n\n<ul class=\"wp-block-list\">\n<li><strong>D\u00e9couvrez et commandez<\/strong> cette nouveaut\u00e9 sur <a href=\"https:\/\/www.stelvision.com\/astro\/boutique\/les-soleils-noirs-de-2026-et-2027\/\">la Boutique Stelvision<\/a>, ou demandez-le chez votre libraire ou votre magasin astro favori !<\/li>\n\n\n\n<li><strong>Faites connaissance avec l&rsquo;auteur<\/strong> en lisant <a href=\"https:\/\/www.stelvision.com\/astro\/les-soleils-noirs-de-jean-marc-lecleire\/\">cette interview de Jean-Marc Lecleire<\/a>.<\/li>\n\n\n\n<li><strong>Lisez<\/strong> <a href=\"https:\/\/www.stelvision.com\/astro\/preparez-les-eclipses-totales-de-soleil-de-2026-et-2027\/\">notre dossier sur les \u00e9clipses totales de Soleil de 2026 et 2027<\/a>.<\/li>\n<\/ul>\n\n\n\n<h2 class=\"wp-block-heading\">L&rsquo;auteur pr\u00e9sente son livre et nous met dans l&rsquo;ambiance<\/h2>\n\n\n\n<p>En 15 minutes, comprenez pourquoi il ne faut pas manquer les \u00e9clipses de 2026 et 2027 et profitez de quelques conseils de Jean-Marc Lecleire.<\/p>\n\n\n\n<iframe loading=\"lazy\" width=\"560\" height=\"315\" src=\"https:\/\/www.youtube.com\/embed\/8oHtFKlbpvU?si=gbKbmjNE5BiFQ4bj\" title=\"YouTube video player\" frameborder=\"0\" allow=\"accelerometer; autoplay; clipboard-write; encrypted-media; gyroscope; picture-in-picture; web-share\" referrerpolicy=\"strict-origin-when-cross-origin\" allowfullscreen><\/iframe>\n\n\n<div class=\"rwwp-featured-content-wrapper\"><div class=\"stel-auto-swiffy-slider rwwp-featured-content rwwp-featured-content-slides rwwp-featured-content-slides-alignment-top rwwp-featured-content-slides-carousel-yes\"><div class=\"rwwp-featured-content-item rwwp-featured-content-item-product rwwp-featured-content-item-small\"><div class=\"woocommerce columns-1 \"><ul class=\"products columns-1\">\n<li class=\"product type-product post-70853 status-publish first instock product_cat-edition product_cat-special-soleil-eclipse has-post-thumbnail taxable shipping-taxable purchasable product-type-simple\">\n\t<div class=\"stel-wc-product\"><a href=\"https:\/\/www.stelvision.com\/astro\/boutique\/les-soleils-noirs-de-2026-et-2027\/\" title=\"Les Soleils noirs de 2026 et 2027 - Le guide complet des &eacute;clipses des 12 ao&ucirc;t 2026 et 2 ao&ucirc;t 2027\" class=\"woocommerce-LoopProduct-link woocommerce-loop-product__link\"><img decoding=\"async\" width=\"300\" height=\"300\" src=\"https:\/\/www.stelvision.com\/astro\/wp-content\/uploads\/2025\/09\/Soleils-noirs-couverture-1200x1200-1-300x300.webp\" class=\"attachment-woocommerce_thumbnail size-woocommerce_thumbnail\" alt=\"couverture Les Soleils noirs de 2026 et 2027, de Jean-Marc Lecleire, \u00e9ditions Stelvision\" srcset=\"https:\/\/www.stelvision.com\/astro\/wp-content\/uploads\/2025\/09\/Soleils-noirs-couverture-1200x1200-1-300x300.webp 300w, https:\/\/www.stelvision.com\/astro\/wp-content\/uploads\/2025\/09\/Soleils-noirs-couverture-1200x1200-1-1024x1024.webp 1024w, https:\/\/www.stelvision.com\/astro\/wp-content\/uploads\/2025\/09\/Soleils-noirs-couverture-1200x1200-1-150x150.webp 150w, https:\/\/www.stelvision.com\/astro\/wp-content\/uploads\/2025\/09\/Soleils-noirs-couverture-1200x1200-1-600x600.webp 600w, https:\/\/www.stelvision.com\/astro\/wp-content\/uploads\/2025\/09\/Soleils-noirs-couverture-1200x1200-1-1140x1140.webp 1140w, https:\/\/www.stelvision.com\/astro\/wp-content\/uploads\/2025\/09\/Soleils-noirs-couverture-1200x1200-1-750x750.webp 750w, https:\/\/www.stelvision.com\/astro\/wp-content\/uploads\/2025\/09\/Soleils-noirs-couverture-1200x1200-1-570x570.webp 570w, https:\/\/www.stelvision.com\/astro\/wp-content\/uploads\/2025\/09\/Soleils-noirs-couverture-1200x1200-1-368x368.webp 368w, https:\/\/www.stelvision.com\/astro\/wp-content\/uploads\/2025\/09\/Soleils-noirs-couverture-1200x1200-1-270x270.webp 270w, https:\/\/www.stelvision.com\/astro\/wp-content\/uploads\/2025\/09\/Soleils-noirs-couverture-1200x1200-1-62x62.webp 62w, https:\/\/www.stelvision.com\/astro\/wp-content\/uploads\/2025\/09\/Soleils-noirs-couverture-1200x1200-1-100x100.webp 100w, https:\/\/www.stelvision.com\/astro\/wp-content\/uploads\/2025\/09\/Soleils-noirs-couverture-1200x1200-1-1000x1000.webp 1000w, https:\/\/www.stelvision.com\/astro\/wp-content\/uploads\/2025\/09\/Soleils-noirs-couverture-1200x1200-1.webp 1200w\" sizes=\"(max-width: 300px) 100vw, 300px\" \/><h2 class=\"woocommerce-loop-product__title\">Les Soleils noirs de 2026 et 2027 &#8211; Le guide complet des \u00e9clipses des 12 ao\u00fbt 2026 et 2 ao\u00fbt 2027<div class=\"stel-product-item-review-wrapper\"><div class=\"skeepers_product__stars\" data-product-id=\"70853\"><\/div><script type=\"text\/javascript\">\/*!rw_stel_js*\/window.$ = jQuery;<\/script><script async charset=\"utf-8\" src=\"https:\/\/widgets.rr.skeepers.io\/product\/29f32d37-16d4-4b94-e954-a24712bd5a0f\/49f1f3bb-3583-4096-a330-61b13d46555d.js\"><\/script><\/div><\/h2>\r\n\t<span class=\"price\"><span class=\"woocommerce-Price-amount amount\"><bdi>21.00<span class=\"woocommerce-Price-currencySymbol\">&euro;<\/span><\/bdi><\/span> <span class=\"rwwc-vat-price-hint\" onclick=\"rwStelvisionWooTaxesInfos.showTaxHintModal(event)\">TVA incluse (FR) <i class=\"neko-icon-info-circled\"><\/i><\/span><\/span>\r\n<div class=\"netreviews_bg_stars_big listStars\" title=\"4.96\/5\"><div><span class=\"nr-icon nr-star grey\"><\/span><span class=\"nr-icon nr-star grey\"><\/span><span class=\"nr-icon nr-star grey\"><\/span><span class=\"nr-icon nr-star grey\"><\/span><span class=\"nr-icon nr-star grey\"><\/span><\/div><div style=\"color: #4FB8D7 !important\"><span class=\"nr-icon nr-star\" style=\"width:20%;\"><\/span><span class=\"nr-icon nr-star\" style=\"width:20%;\"><\/span><span class=\"nr-icon nr-star\" style=\"width:20%;\"><\/span><span class=\"nr-icon nr-star\" style=\"width:20%;\"><\/span><span class=\"nr-icon nr-star\" style=\"width:20%;\"><\/span><\/div> <span class=\"reviewCount\">25 avis<\/span><\/div><\/a><span class=\" rw_stelvision_product_in_stock \"><span class=\"rw_stelvision_product_stock_msg\">En stock<\/span><\/span><a href=\"\/astro\/wp-json\/wp\/v2\/posts\/71437?add-to-cart=70853\" aria-describedby=\"woocommerce_loop_add_to_cart_link_describedby_708530\" data-quantity=\"1\" data-product_id=\"70853\" data-product-title=\"Les Soleils noirs de 2026 et 2027 &#8211; Le guide complet des \u00e9clipses des 12 ao\u00fbt 2026 et 2 ao\u00fbt 2027&lt;div class=&quot;stel-product-item-review-wrapper&quot;&gt;&lt;div class=&quot;skeepers_product__stars&quot; data-product-id=&quot;70853&quot;&gt;&lt;\/div&gt;&lt;\/div&gt;\" class=\"button product_type_simple add_to_cart_button ajax_add_to_cart\" data-product_id=\"70853\" data-product_sku=\"9782958661960\" aria-label=\"Ajouter au panier\u00a0: &ldquo;Les Soleils noirs de 2026 et 2027 - Le guide complet des \u00e9clipses des 12 ao\u00fbt 2026 et 2 ao\u00fbt 2027&rdquo;\" rel=\"nofollow\" data-success_message=\"\u00ab\u00a0Les Soleils noirs de 2026 et 2027 - Le guide complet des \u00e9clipses des 12 ao\u00fbt 2026 et 2 ao\u00fbt 2027\u00a0\u00bb a \u00e9t\u00e9 ajout\u00e9 \u00e0 votre panier\" role=\"button\">Ajouter au panier<\/a><span id=\"woocommerce_loop_add_to_cart_link_describedby_708530\" class=\"screen-reader-text\"><\/span><\/div><\/li>\n<\/ul>\n<\/div><\/div><\/div><\/div>\n\n\n\n<h2 class=\"wp-block-heading stel-mt15\"><strong>Des lunettes d&rsquo;\u00e9clipse \u00ab\u00a0Soleils noirs\u00a0\u00bb \u00e9dit\u00e9es pour l&rsquo;occasion<\/strong><\/h2>\n\n\n\n<figure class=\"wp-block-image size-large\"><img decoding=\"async\" width=\"1024\" height=\"768\" src=\"https:\/\/www.stelvision.com\/astro\/wp-content\/uploads\/2025\/09\/lunettes-trois-quarts-gauche-I1200x900-1024x768.webp\" alt=\"photo Lunettes d'\u00e9clipse Soleils noirs, vue 3\/4 gauche\" class=\"wp-image-71443\" srcset=\"https:\/\/www.stelvision.com\/astro\/wp-content\/uploads\/2025\/09\/lunettes-trois-quarts-gauche-I1200x900-1024x768.webp 1024w, https:\/\/www.stelvision.com\/astro\/wp-content\/uploads\/2025\/09\/lunettes-trois-quarts-gauche-I1200x900-300x225.webp 300w, https:\/\/www.stelvision.com\/astro\/wp-content\/uploads\/2025\/09\/lunettes-trois-quarts-gauche-I1200x900-800x600.webp 800w, https:\/\/www.stelvision.com\/astro\/wp-content\/uploads\/2025\/09\/lunettes-trois-quarts-gauche-I1200x900-1140x855.webp 1140w, https:\/\/www.stelvision.com\/astro\/wp-content\/uploads\/2025\/09\/lunettes-trois-quarts-gauche-I1200x900-750x563.webp 750w, https:\/\/www.stelvision.com\/astro\/wp-content\/uploads\/2025\/09\/lunettes-trois-quarts-gauche-I1200x900-570x428.webp 570w, https:\/\/www.stelvision.com\/astro\/wp-content\/uploads\/2025\/09\/lunettes-trois-quarts-gauche-I1200x900-368x276.webp 368w, https:\/\/www.stelvision.com\/astro\/wp-content\/uploads\/2025\/09\/lunettes-trois-quarts-gauche-I1200x900-270x203.webp 270w, https:\/\/www.stelvision.com\/astro\/wp-content\/uploads\/2025\/09\/lunettes-trois-quarts-gauche-I1200x900-1000x750.webp 1000w, https:\/\/www.stelvision.com\/astro\/wp-content\/uploads\/2025\/09\/lunettes-trois-quarts-gauche-I1200x900.webp 1200w\" sizes=\"(max-width: 1024px) 100vw, 1024px\" \/><\/figure>\n\n\n\n<p>Nous avons fait fabriquer une s\u00e9rie sp\u00e9ciale de lunettes pour observer les \u00e9clipses en toute s\u00e9curit\u00e9. Chaque exemplaire des <em>Soleils noirs de 2026 et 2027<\/em> en comprend une paire. Fabriqu\u00e9es par un sp\u00e9cialiste am\u00e9ricain et certifi\u00e9es \u00ab\u00a0CE\u00a0\u00bb conform\u00e9ment aux normes europ\u00e9ennes, ces lunettes au design soign\u00e9 sont \u00e9galement disponibles en vente au d\u00e9tail <a href=\"https:\/\/www.stelvision.com\/astro\/boutique\/lunettes-eclipse\/\">sur le site Stelvision<\/a> et en vente en gros aupr\u00e8s des professionnels, associations et collectivit\u00e9s (nous contacter).<\/p>\n","protected":false},"excerpt":{"rendered":"<p>\u00c0 l&rsquo;approche des \u00e9clipses totales de Soleil des 12 ao\u00fbt 2026 et 2 ao\u00fbt 2027, nous sommes heureux de publier un guide pratique et p\u00e9dagogique qui permettra \u00e0 toutes et \u00e0 tous de profiter au mieux de ces spectacles \u00e0 venir. <\/p>\n","protected":false},"author":10,"featured_media":71108,"comment_status":"closed","ping_status":"closed","sticky":false,"template":"","format":"standard","meta":{"_acf_changed":false,"footnotes":""},"categories":[239],"tags":[],"class_list":["post-71437","post","type-post","status-publish","format-standard","has-post-thumbnail","hentry","category-notre-actu"],"acf":[],"yoast_head":"<!-- This site is optimized with the Yoast SEO plugin v27.1.1 - https:\/\/yoast.com\/product\/yoast-seo-wordpress\/ -->\n<title>Les Soleils noirs de 2026 et 2027, le guide pour se pr\u00e9parer au grandiose<\/title>\n<meta name=\"description\" content=\"Nous publions un guide pratique et p\u00e9dagogique qui vous permettra de profiter au mieux des \u00e9clipses totales de Soleil des 12 ao\u00fbt 2026 et 2 ao\u00fbt 2027.\" \/>\n<meta name=\"robots\" content=\"index, follow, max-snippet:-1, max-image-preview:large, max-video-preview:-1\" \/>\n<link rel=\"canonical\" href=\"https:\/\/www.stelvision.com\/astro\/les-soleils-noirs-de-2026-et-2027-le-guide-stelvision-pour-se-preparer-au-grandiose\/\" \/>\n<meta property=\"og:locale\" content=\"fr_FR\" \/>\n<meta property=\"og:type\" content=\"article\" \/>\n<meta property=\"og:title\" content=\"Les Soleils noirs de 2026 et 2027, le guide pour se pr\u00e9parer au grandiose\" \/>\n<meta property=\"og:description\" content=\"Nous publions un guide pratique et p\u00e9dagogique qui vous permettra de profiter au mieux des \u00e9clipses totales de Soleil des 12 ao\u00fbt 2026 et 2 ao\u00fbt 2027.\" \/>\n<meta property=\"og:url\" content=\"https:\/\/www.stelvision.com\/astro\/les-soleils-noirs-de-2026-et-2027-le-guide-stelvision-pour-se-preparer-au-grandiose\/\" \/>\n<meta property=\"og:site_name\" content=\"Stelvision\" \/>\n<meta property=\"article:publisher\" content=\"https:\/\/www.facebook.com\/people\/Stelvision\/100063368192331\/\" \/>\n<meta property=\"article:published_time\" content=\"2025-09-19T08:54:58+00:00\" \/>\n<meta property=\"article:modified_time\" content=\"2026-04-13T12:43:12+00:00\" \/>\n<meta property=\"og:image\" content=\"https:\/\/www.stelvision.com\/astro\/wp-content\/uploads\/2025\/09\/visuels-Soleils-noirs-sans-accroche.webp\" \/>\n\t<meta property=\"og:image:width\" content=\"1200\" \/>\n\t<meta property=\"og:image:height\" content=\"900\" \/>\n\t<meta property=\"og:image:type\" content=\"image\/webp\" \/>\n<meta name=\"author\" content=\"Stelvision\" \/>\n<meta name=\"twitter:card\" content=\"summary_large_image\" \/>\n<meta name=\"twitter:label1\" content=\"\u00c9crit par\" \/>\n\t<meta name=\"twitter:data1\" content=\"Stelvision\" \/>\n\t<meta name=\"twitter:label2\" content=\"Dur\u00e9e de lecture estim\u00e9e\" \/>\n\t<meta name=\"twitter:data2\" content=\"3 minutes\" \/>\n<script type=\"application\/ld+json\" class=\"yoast-schema-graph\">{\"@context\":\"https:\/\/schema.org\",\"@graph\":[{\"@type\":\"Article\",\"@id\":\"https:\/\/www.stelvision.com\/astro\/les-soleils-noirs-de-2026-et-2027-le-guide-stelvision-pour-se-preparer-au-grandiose\/#article\",\"isPartOf\":{\"@id\":\"https:\/\/www.stelvision.com\/astro\/les-soleils-noirs-de-2026-et-2027-le-guide-stelvision-pour-se-preparer-au-grandiose\/\"},\"author\":{\"name\":\"Stelvision\",\"@id\":\"https:\/\/www.stelvision.com\/astro\/#\/schema\/person\/f03512e8f4e36844f276400f7c27e655\"},\"headline\":\"Les Soleils noirs de 2026 et 2027, le guide pour se pr\u00e9parer au grandiose\",\"datePublished\":\"2025-09-19T08:54:58+00:00\",\"dateModified\":\"2026-04-13T12:43:12+00:00\",\"mainEntityOfPage\":{\"@id\":\"https:\/\/www.stelvision.com\/astro\/les-soleils-noirs-de-2026-et-2027-le-guide-stelvision-pour-se-preparer-au-grandiose\/\"},\"wordCount\":338,\"publisher\":{\"@id\":\"https:\/\/www.stelvision.com\/astro\/#organization\"},\"image\":{\"@id\":\"https:\/\/www.stelvision.com\/astro\/les-soleils-noirs-de-2026-et-2027-le-guide-stelvision-pour-se-preparer-au-grandiose\/#primaryimage\"},\"thumbnailUrl\":\"https:\/\/www.stelvision.com\/astro\/wp-content\/uploads\/2025\/09\/visuels-Soleils-noirs-sans-accroche.webp\",\"articleSection\":[\"Notre actu\"],\"inLanguage\":\"fr-FR\"},{\"@type\":\"WebPage\",\"@id\":\"https:\/\/www.stelvision.com\/astro\/les-soleils-noirs-de-2026-et-2027-le-guide-stelvision-pour-se-preparer-au-grandiose\/\",\"url\":\"https:\/\/www.stelvision.com\/astro\/les-soleils-noirs-de-2026-et-2027-le-guide-stelvision-pour-se-preparer-au-grandiose\/\",\"name\":\"Les Soleils noirs de 2026 et 2027, le guide pour se pr\u00e9parer au grandiose\",\"isPartOf\":{\"@id\":\"https:\/\/www.stelvision.com\/astro\/#website\"},\"primaryImageOfPage\":{\"@id\":\"https:\/\/www.stelvision.com\/astro\/les-soleils-noirs-de-2026-et-2027-le-guide-stelvision-pour-se-preparer-au-grandiose\/#primaryimage\"},\"image\":{\"@id\":\"https:\/\/www.stelvision.com\/astro\/les-soleils-noirs-de-2026-et-2027-le-guide-stelvision-pour-se-preparer-au-grandiose\/#primaryimage\"},\"thumbnailUrl\":\"https:\/\/www.stelvision.com\/astro\/wp-content\/uploads\/2025\/09\/visuels-Soleils-noirs-sans-accroche.webp\",\"datePublished\":\"2025-09-19T08:54:58+00:00\",\"dateModified\":\"2026-04-13T12:43:12+00:00\",\"description\":\"Nous publions un guide pratique et p\u00e9dagogique qui vous permettra de profiter au mieux des \u00e9clipses totales de Soleil des 12 ao\u00fbt 2026 et 2 ao\u00fbt 2027.\",\"breadcrumb\":{\"@id\":\"https:\/\/www.stelvision.com\/astro\/les-soleils-noirs-de-2026-et-2027-le-guide-stelvision-pour-se-preparer-au-grandiose\/#breadcrumb\"},\"inLanguage\":\"fr-FR\",\"potentialAction\":[{\"@type\":\"ReadAction\",\"target\":[\"https:\/\/www.stelvision.com\/astro\/les-soleils-noirs-de-2026-et-2027-le-guide-stelvision-pour-se-preparer-au-grandiose\/\"]}]},{\"@type\":\"ImageObject\",\"inLanguage\":\"fr-FR\",\"@id\":\"https:\/\/www.stelvision.com\/astro\/les-soleils-noirs-de-2026-et-2027-le-guide-stelvision-pour-se-preparer-au-grandiose\/#primaryimage\",\"url\":\"https:\/\/www.stelvision.com\/astro\/wp-content\/uploads\/2025\/09\/visuels-Soleils-noirs-sans-accroche.webp\",\"contentUrl\":\"https:\/\/www.stelvision.com\/astro\/wp-content\/uploads\/2025\/09\/visuels-Soleils-noirs-sans-accroche.webp\",\"width\":1200,\"height\":900,\"caption\":\"visuel promotionnel du livre Les Soleils noirs de 2026 et 2027\"},{\"@type\":\"BreadcrumbList\",\"@id\":\"https:\/\/www.stelvision.com\/astro\/les-soleils-noirs-de-2026-et-2027-le-guide-stelvision-pour-se-preparer-au-grandiose\/#breadcrumb\",\"itemListElement\":[{\"@type\":\"ListItem\",\"position\":1,\"name\":\"Accueil\",\"item\":\"https:\/\/www.stelvision.com\/astro\/\"},{\"@type\":\"ListItem\",\"position\":2,\"name\":\"Les Soleils noirs de 2026 et 2027, le guide pour se pr\u00e9parer au grandiose\"}]},{\"@type\":\"WebSite\",\"@id\":\"https:\/\/www.stelvision.com\/astro\/#website\",\"url\":\"https:\/\/www.stelvision.com\/astro\/\",\"name\":\"Stelvision\",\"description\":\"conseils, livres et mat\u00e9riel d&#039;observation du ciel\",\"publisher\":{\"@id\":\"https:\/\/www.stelvision.com\/astro\/#organization\"},\"potentialAction\":[{\"@type\":\"SearchAction\",\"target\":{\"@type\":\"EntryPoint\",\"urlTemplate\":\"https:\/\/www.stelvision.com\/astro\/?s={search_term_string}\"},\"query-input\":{\"@type\":\"PropertyValueSpecification\",\"valueRequired\":true,\"valueName\":\"search_term_string\"}}],\"inLanguage\":\"fr-FR\"},{\"@type\":\"Organization\",\"@id\":\"https:\/\/www.stelvision.com\/astro\/#organization\",\"name\":\"Stelvision\",\"url\":\"https:\/\/www.stelvision.com\/astro\/\",\"logo\":{\"@type\":\"ImageObject\",\"inLanguage\":\"fr-FR\",\"@id\":\"https:\/\/www.stelvision.com\/astro\/#\/schema\/logo\/image\/\",\"url\":\"https:\/\/www.stelvision.com\/astro\/wp-content\/uploads\/2019\/03\/logo_lisse_bleu_Stelvision_600.png\",\"contentUrl\":\"https:\/\/www.stelvision.com\/astro\/wp-content\/uploads\/2019\/03\/logo_lisse_bleu_Stelvision_600.png\",\"width\":600,\"height\":277,\"caption\":\"Stelvision\"},\"image\":{\"@id\":\"https:\/\/www.stelvision.com\/astro\/#\/schema\/logo\/image\/\"},\"sameAs\":[\"https:\/\/www.facebook.com\/people\/Stelvision\/100063368192331\/\"]},{\"@type\":\"Person\",\"@id\":\"https:\/\/www.stelvision.com\/astro\/#\/schema\/person\/f03512e8f4e36844f276400f7c27e655\",\"name\":\"Stelvision\",\"url\":\"https:\/\/www.stelvision.com\/astro\/author\/stelvision\/\"}]}<\/script>\n<!-- \/ Yoast SEO plugin. -->","yoast_head_json":{"title":"Les Soleils noirs de 2026 et 2027, le guide pour se pr\u00e9parer au grandiose","description":"Nous publions un guide pratique et p\u00e9dagogique qui vous permettra de profiter au mieux des \u00e9clipses totales de Soleil des 12 ao\u00fbt 2026 et 2 ao\u00fbt 2027.","robots":{"index":"index","follow":"follow","max-snippet":"max-snippet:-1","max-image-preview":"max-image-preview:large","max-video-preview":"max-video-preview:-1"},"canonical":"https:\/\/www.stelvision.com\/astro\/les-soleils-noirs-de-2026-et-2027-le-guide-stelvision-pour-se-preparer-au-grandiose\/","og_locale":"fr_FR","og_type":"article","og_title":"Les Soleils noirs de 2026 et 2027, le guide pour se pr\u00e9parer au grandiose","og_description":"Nous publions un guide pratique et p\u00e9dagogique qui vous permettra de profiter au mieux des \u00e9clipses totales de Soleil des 12 ao\u00fbt 2026 et 2 ao\u00fbt 2027.","og_url":"https:\/\/www.stelvision.com\/astro\/les-soleils-noirs-de-2026-et-2027-le-guide-stelvision-pour-se-preparer-au-grandiose\/","og_site_name":"Stelvision","article_publisher":"https:\/\/www.facebook.com\/people\/Stelvision\/100063368192331\/","article_published_time":"2025-09-19T08:54:58+00:00","article_modified_time":"2026-04-13T12:43:12+00:00","og_image":[{"width":1200,"height":900,"url":"https:\/\/www.stelvision.com\/astro\/wp-content\/uploads\/2025\/09\/visuels-Soleils-noirs-sans-accroche.webp","type":"image\/webp"}],"author":"Stelvision","twitter_card":"summary_large_image","twitter_misc":{"\u00c9crit par":"Stelvision","Dur\u00e9e de lecture estim\u00e9e":"3 minutes"},"schema":{"@context":"https:\/\/schema.org","@graph":[{"@type":"Article","@id":"https:\/\/www.stelvision.com\/astro\/les-soleils-noirs-de-2026-et-2027-le-guide-stelvision-pour-se-preparer-au-grandiose\/#article","isPartOf":{"@id":"https:\/\/www.stelvision.com\/astro\/les-soleils-noirs-de-2026-et-2027-le-guide-stelvision-pour-se-preparer-au-grandiose\/"},"author":{"name":"Stelvision","@id":"https:\/\/www.stelvision.com\/astro\/#\/schema\/person\/f03512e8f4e36844f276400f7c27e655"},"headline":"Les Soleils noirs de 2026 et 2027, le guide pour se pr\u00e9parer au grandiose","datePublished":"2025-09-19T08:54:58+00:00","dateModified":"2026-04-13T12:43:12+00:00","mainEntityOfPage":{"@id":"https:\/\/www.stelvision.com\/astro\/les-soleils-noirs-de-2026-et-2027-le-guide-stelvision-pour-se-preparer-au-grandiose\/"},"wordCount":338,"publisher":{"@id":"https:\/\/www.stelvision.com\/astro\/#organization"},"image":{"@id":"https:\/\/www.stelvision.com\/astro\/les-soleils-noirs-de-2026-et-2027-le-guide-stelvision-pour-se-preparer-au-grandiose\/#primaryimage"},"thumbnailUrl":"https:\/\/www.stelvision.com\/astro\/wp-content\/uploads\/2025\/09\/visuels-Soleils-noirs-sans-accroche.webp","articleSection":["Notre actu"],"inLanguage":"fr-FR"},{"@type":"WebPage","@id":"https:\/\/www.stelvision.com\/astro\/les-soleils-noirs-de-2026-et-2027-le-guide-stelvision-pour-se-preparer-au-grandiose\/","url":"https:\/\/www.stelvision.com\/astro\/les-soleils-noirs-de-2026-et-2027-le-guide-stelvision-pour-se-preparer-au-grandiose\/","name":"Les Soleils noirs de 2026 et 2027, le guide pour se pr\u00e9parer au grandiose","isPartOf":{"@id":"https:\/\/www.stelvision.com\/astro\/#website"},"primaryImageOfPage":{"@id":"https:\/\/www.stelvision.com\/astro\/les-soleils-noirs-de-2026-et-2027-le-guide-stelvision-pour-se-preparer-au-grandiose\/#primaryimage"},"image":{"@id":"https:\/\/www.stelvision.com\/astro\/les-soleils-noirs-de-2026-et-2027-le-guide-stelvision-pour-se-preparer-au-grandiose\/#primaryimage"},"thumbnailUrl":"https:\/\/www.stelvision.com\/astro\/wp-content\/uploads\/2025\/09\/visuels-Soleils-noirs-sans-accroche.webp","datePublished":"2025-09-19T08:54:58+00:00","dateModified":"2026-04-13T12:43:12+00:00","description":"Nous publions un guide pratique et p\u00e9dagogique qui vous permettra de profiter au mieux des \u00e9clipses totales de Soleil des 12 ao\u00fbt 2026 et 2 ao\u00fbt 2027.","breadcrumb":{"@id":"https:\/\/www.stelvision.com\/astro\/les-soleils-noirs-de-2026-et-2027-le-guide-stelvision-pour-se-preparer-au-grandiose\/#breadcrumb"},"inLanguage":"fr-FR","potentialAction":[{"@type":"ReadAction","target":["https:\/\/www.stelvision.com\/astro\/les-soleils-noirs-de-2026-et-2027-le-guide-stelvision-pour-se-preparer-au-grandiose\/"]}]},{"@type":"ImageObject","inLanguage":"fr-FR","@id":"https:\/\/www.stelvision.com\/astro\/les-soleils-noirs-de-2026-et-2027-le-guide-stelvision-pour-se-preparer-au-grandiose\/#primaryimage","url":"https:\/\/www.stelvision.com\/astro\/wp-content\/uploads\/2025\/09\/visuels-Soleils-noirs-sans-accroche.webp","contentUrl":"https:\/\/www.stelvision.com\/astro\/wp-content\/uploads\/2025\/09\/visuels-Soleils-noirs-sans-accroche.webp","width":1200,"height":900,"caption":"visuel promotionnel du livre Les Soleils noirs de 2026 et 2027"},{"@type":"BreadcrumbList","@id":"https:\/\/www.stelvision.com\/astro\/les-soleils-noirs-de-2026-et-2027-le-guide-stelvision-pour-se-preparer-au-grandiose\/#breadcrumb","itemListElement":[{"@type":"ListItem","position":1,"name":"Accueil","item":"https:\/\/www.stelvision.com\/astro\/"},{"@type":"ListItem","position":2,"name":"Les Soleils noirs de 2026 et 2027, le guide pour se pr\u00e9parer au grandiose"}]},{"@type":"WebSite","@id":"https:\/\/www.stelvision.com\/astro\/#website","url":"https:\/\/www.stelvision.com\/astro\/","name":"Stelvision","description":"conseils, livres et mat\u00e9riel d&#039;observation du ciel","publisher":{"@id":"https:\/\/www.stelvision.com\/astro\/#organization"},"potentialAction":[{"@type":"SearchAction","target":{"@type":"EntryPoint","urlTemplate":"https:\/\/www.stelvision.com\/astro\/?s={search_term_string}"},"query-input":{"@type":"PropertyValueSpecification","valueRequired":true,"valueName":"search_term_string"}}],"inLanguage":"fr-FR"},{"@type":"Organization","@id":"https:\/\/www.stelvision.com\/astro\/#organization","name":"Stelvision","url":"https:\/\/www.stelvision.com\/astro\/","logo":{"@type":"ImageObject","inLanguage":"fr-FR","@id":"https:\/\/www.stelvision.com\/astro\/#\/schema\/logo\/image\/","url":"https:\/\/www.stelvision.com\/astro\/wp-content\/uploads\/2019\/03\/logo_lisse_bleu_Stelvision_600.png","contentUrl":"https:\/\/www.stelvision.com\/astro\/wp-content\/uploads\/2019\/03\/logo_lisse_bleu_Stelvision_600.png","width":600,"height":277,"caption":"Stelvision"},"image":{"@id":"https:\/\/www.stelvision.com\/astro\/#\/schema\/logo\/image\/"},"sameAs":["https:\/\/www.facebook.com\/people\/Stelvision\/100063368192331\/"]},{"@type":"Person","@id":"https:\/\/www.stelvision.com\/astro\/#\/schema\/person\/f03512e8f4e36844f276400f7c27e655","name":"Stelvision","url":"https:\/\/www.stelvision.com\/astro\/author\/stelvision\/"}]}},"_links":{"self":[{"href":"https:\/\/www.stelvision.com\/astro\/wp-json\/wp\/v2\/posts\/71437","targetHints":{"allow":["GET"]}}],"collection":[{"href":"https:\/\/www.stelvision.com\/astro\/wp-json\/wp\/v2\/posts"}],"about":[{"href":"https:\/\/www.stelvision.com\/astro\/wp-json\/wp\/v2\/types\/post"}],"author":[{"embeddable":true,"href":"https:\/\/www.stelvision.com\/astro\/wp-json\/wp\/v2\/users\/10"}],"replies":[{"embeddable":true,"href":"https:\/\/www.stelvision.com\/astro\/wp-json\/wp\/v2\/comments?post=71437"}],"version-history":[{"count":18,"href":"https:\/\/www.stelvision.com\/astro\/wp-json\/wp\/v2\/posts\/71437\/revisions"}],"predecessor-version":[{"id":72156,"href":"https:\/\/www.stelvision.com\/astro\/wp-json\/wp\/v2\/posts\/71437\/revisions\/72156"}],"wp:featuredmedia":[{"embeddable":true,"href":"https:\/\/www.stelvision.com\/astro\/wp-json\/wp\/v2\/media\/71108"}],"wp:attachment":[{"href":"https:\/\/www.stelvision.com\/astro\/wp-json\/wp\/v2\/media?parent=71437"}],"wp:term":[{"taxonomy":"category","embeddable":true,"href":"https:\/\/www.stelvision.com\/astro\/wp-json\/wp\/v2\/categories?post=71437"},{"taxonomy":"post_tag","embeddable":true,"href":"https:\/\/www.stelvision.com\/astro\/wp-json\/wp\/v2\/tags?post=71437"}],"curies":[{"name":"wp","href":"https:\/\/api.w.org\/{rel}","templated":true}]}}