{"id":87747,"date":"2026-09-02T19:17:28","date_gmt":"2026-09-02T17:17:28","guid":{"rendered":"https:\/\/www.stelvision.com\/astro\/?p=87747"},"modified":"2026-09-03T15:30:06","modified_gmt":"2026-09-03T13:30:06","slug":"la-merveilleuse-eclipse-totale-de-soleil-du-12-aout-2026-en-espagne","status":"publish","type":"post","link":"https:\/\/www.stelvision.com\/astro\/la-merveilleuse-eclipse-totale-de-soleil-du-12-aout-2026-en-espagne\/","title":{"rendered":"La merveilleuse \u00e9clipse totale de Soleil du 12 ao\u00fbt 2026 en Espagne"},"content":{"rendered":"\n<p class=\"chapo wp-block-paragraph\">Instants v\u00e9cus par d\u2019heureux t\u00e9moins de ce moment astronomique extraordinaire, au c\u0153ur de la bande de totalit\u00e9.<\/p>\n\n\n\n<p class=\"has-small-font-size wp-block-paragraph\">Par Bertrand d\u2019Armagnac avec la participation de Jean-Marc Lecleire et \u00c9tienne Jammes.<\/p>\n\n\n\n<figure class=\"wp-block-image size-large\"><img decoding=\"async\" width=\"1024\" height=\"768\" src=\"https:\/\/www.stelvision.com\/astro\/wp-content\/uploads\/2026\/09\/1117-etiennejammes-eclipse-totale-soleil-2026-8436-chromosphere-protuberances-diamant-fin-totalite-1200x900-1-1024x768.webp\" alt=\"Photo de l\u2019\u00e9clipse du 12 ao\u00fbt 2026 par \u00c9tienne Jammes.\" class=\"wp-image-87748\" srcset=\"https:\/\/www.stelvision.com\/astro\/wp-content\/uploads\/2026\/09\/1117-etiennejammes-eclipse-totale-soleil-2026-8436-chromosphere-protuberances-diamant-fin-totalite-1200x900-1-1024x768.webp 1024w, https:\/\/www.stelvision.com\/astro\/wp-content\/uploads\/2026\/09\/1117-etiennejammes-eclipse-totale-soleil-2026-8436-chromosphere-protuberances-diamant-fin-totalite-1200x900-1-300x225.webp 300w, https:\/\/www.stelvision.com\/astro\/wp-content\/uploads\/2026\/09\/1117-etiennejammes-eclipse-totale-soleil-2026-8436-chromosphere-protuberances-diamant-fin-totalite-1200x900-1-800x600.webp 800w, https:\/\/www.stelvision.com\/astro\/wp-content\/uploads\/2026\/09\/1117-etiennejammes-eclipse-totale-soleil-2026-8436-chromosphere-protuberances-diamant-fin-totalite-1200x900-1-1140x855.webp 1140w, https:\/\/www.stelvision.com\/astro\/wp-content\/uploads\/2026\/09\/1117-etiennejammes-eclipse-totale-soleil-2026-8436-chromosphere-protuberances-diamant-fin-totalite-1200x900-1-750x563.webp 750w, https:\/\/www.stelvision.com\/astro\/wp-content\/uploads\/2026\/09\/1117-etiennejammes-eclipse-totale-soleil-2026-8436-chromosphere-protuberances-diamant-fin-totalite-1200x900-1-570x428.webp 570w, https:\/\/www.stelvision.com\/astro\/wp-content\/uploads\/2026\/09\/1117-etiennejammes-eclipse-totale-soleil-2026-8436-chromosphere-protuberances-diamant-fin-totalite-1200x900-1-368x276.webp 368w, https:\/\/www.stelvision.com\/astro\/wp-content\/uploads\/2026\/09\/1117-etiennejammes-eclipse-totale-soleil-2026-8436-chromosphere-protuberances-diamant-fin-totalite-1200x900-1-270x203.webp 270w, https:\/\/www.stelvision.com\/astro\/wp-content\/uploads\/2026\/09\/1117-etiennejammes-eclipse-totale-soleil-2026-8436-chromosphere-protuberances-diamant-fin-totalite-1200x900-1-1000x750.webp 1000w, https:\/\/www.stelvision.com\/astro\/wp-content\/uploads\/2026\/09\/1117-etiennejammes-eclipse-totale-soleil-2026-8436-chromosphere-protuberances-diamant-fin-totalite-1200x900-1.webp 1200w\" sizes=\"(max-width: 1024px) 100vw, 1024px\" \/><figcaption class=\"wp-element-caption\"><strong>L\u2019\u00e9clipse du 12 ao\u00fbt 2026 en fin de phase de totalit\u00e9. Remarquez les protub\u00e9rances roses (jets de gaz ionis\u00e9)<\/strong> <strong>visibles de part et d\u2019autre du disque solaire, et le \u00ab diamant \u00bb qui appara\u00eet \u00e0 droite, \u00e9clat de lumi\u00e8re signalant le d\u00e9but de la r\u00e9apparition du Soleil masqu\u00e9 par la Lune.<\/strong> <small>Photo : \u00c9tienne Jammes.<\/small><\/figcaption><\/figure>\n\n\n\n<h2 class=\"wp-block-heading\">\u00c0 Burgos pour l&rsquo;\u00e9clipse avec un groupe de l\u2019Association fran\u00e7aise d\u2019astronomie (AFA)<\/h2>\n\n\n\n<p class=\"wp-block-paragraph\">L\u2019<a href=\"https:\/\/www.afastronomie.fr\/\">AFA<\/a> a organis\u00e9 un voyage pour 50 participants, se chargeant de la r\u00e9servation d\u2019un h\u00f4tel \u00e0 Burgos et du choix d\u2019un bon terrain d\u2019observation pour cet \u00e9v\u00e9nement exceptionnel. Mon \u00e9pouse et moi-m\u00eame avons choisi cette formule tr\u00e8s longtemps \u00e0 l\u2019avance.<\/p>\n\n\n\n<p class=\"wp-block-paragraph\">L\u2019\u00e9clipse ayant lieu en cette fin de journ\u00e9e du 12 ao\u00fbt, nous profitons de la matin\u00e9e et du d\u00e9but d\u2019apr\u00e8s-midi \u00e0 Burgos. Nous croisons dans les rues des personnes venues de divers pays parfois v\u00eatus de T-shirts qui montrent leur passion pour l\u2019astronomie ou leur appartenance \u00e0 un club. \u00c0 l\u2019h\u00f4tel, un journaliste de France Inter nous tend un micro pour nous faire exprimer ce que l\u2019on ressent lors d\u2019une \u00e9clipse totale de Soleil. Pas si facile de trouver les mots exacts&nbsp;! En tout cas, nous ne cachons pas notre enthousiasme devant la perspective de vivre une nouvelle \u00e9clipse totale dans quelques heures, apr\u00e8s une premi\u00e8re exp\u00e9rience v\u00e9cue <a href=\"https:\/\/www.stelvision.com\/astro\/eclipse-totale-de-soleil-temoignage-dun-observateur\/\">aux \u00c9tats-Unis en 2017<\/a>.<\/p>\n\n\n\n<p class=\"wp-block-paragraph\">\u00c0 16h, il est temps de rassembler notre mat\u00e9riel puis de parcourir les quelques dizaines de kilom\u00e8tres qui nous s\u00e9parent du terrain d\u2019observation. Situ\u00e9 en bordure d\u2019un plateau couvert de champs moissonn\u00e9s, celui-ci offre une magnifique vue plongeante en direction du couchant. Id\u00e9al pour une \u00e9clipse qui doit se produire en fin de journ\u00e9e avec un soleil bas sur l\u2019horizon. De plus, la vue est agr\u00e9ment\u00e9e au loin par le village de Castrojeriz situ\u00e9 sur une colline.<\/p>\n\n\n\n<figure class=\"wp-block-image size-large\"><img decoding=\"async\" width=\"1024\" height=\"768\" src=\"https:\/\/www.stelvision.com\/astro\/wp-content\/uploads\/2026\/08\/groupe-AFA-12aout2026-Castrojeriz-20260812_201441-1024x768.webp\" alt=\"photo du groupe d'observateurs de l'Association Fran\u00e7aise d'Astronomie (AFA), pendant l'\u00e9clipse du 12 ao\u00fbt 2026 pr\u00e8s de Burgos (Espagne).\" class=\"wp-image-87584\" srcset=\"https:\/\/www.stelvision.com\/astro\/wp-content\/uploads\/2026\/08\/groupe-AFA-12aout2026-Castrojeriz-20260812_201441-1024x768.webp 1024w, https:\/\/www.stelvision.com\/astro\/wp-content\/uploads\/2026\/08\/groupe-AFA-12aout2026-Castrojeriz-20260812_201441-300x225.webp 300w, https:\/\/www.stelvision.com\/astro\/wp-content\/uploads\/2026\/08\/groupe-AFA-12aout2026-Castrojeriz-20260812_201441-800x600.webp 800w, https:\/\/www.stelvision.com\/astro\/wp-content\/uploads\/2026\/08\/groupe-AFA-12aout2026-Castrojeriz-20260812_201441-1140x855.webp 1140w, https:\/\/www.stelvision.com\/astro\/wp-content\/uploads\/2026\/08\/groupe-AFA-12aout2026-Castrojeriz-20260812_201441-750x563.webp 750w, https:\/\/www.stelvision.com\/astro\/wp-content\/uploads\/2026\/08\/groupe-AFA-12aout2026-Castrojeriz-20260812_201441-570x428.webp 570w, https:\/\/www.stelvision.com\/astro\/wp-content\/uploads\/2026\/08\/groupe-AFA-12aout2026-Castrojeriz-20260812_201441-368x276.webp 368w, https:\/\/www.stelvision.com\/astro\/wp-content\/uploads\/2026\/08\/groupe-AFA-12aout2026-Castrojeriz-20260812_201441-270x203.webp 270w, https:\/\/www.stelvision.com\/astro\/wp-content\/uploads\/2026\/08\/groupe-AFA-12aout2026-Castrojeriz-20260812_201441-1000x750.webp 1000w, https:\/\/www.stelvision.com\/astro\/wp-content\/uploads\/2026\/08\/groupe-AFA-12aout2026-Castrojeriz-20260812_201441.webp 1200w\" sizes=\"(max-width: 1024px) 100vw, 1024px\" \/><figcaption class=\"wp-element-caption\"><strong>Les membres du groupe AFA, positionn\u00e9s au bord du plateau qui fait face au village de Castrojeriz. Les t\u00e9lescopes, lunettes et t\u00e9l\u00e9objectifs sont braqu\u00e9s vers le Soleil. L\u2019\u00e9clipse est d\u00e9j\u00e0 \u00e0 un stade avanc\u00e9, comme en t\u00e9moignent la lumi\u00e8re particuli\u00e8re et le fin croissant de soleil visible sur l&rsquo;\u00e9cran de l\u2019observateur assis \u00e0 droite.<\/strong> <small>Photo : B. d&rsquo;Armagnac.<\/small><\/figcaption><\/figure>\n\n\n\n<h2 class=\"wp-block-heading\">Nos choix de mat\u00e9riel&nbsp;: l\u00e9g\u00e8ret\u00e9 et simplicit\u00e9<\/h2>\n\n\n\n<p class=\"wp-block-paragraph\">Notre mat\u00e9riel est simple pour \u00e9viter d\u2019\u00eatre accapar\u00e9s par la technique durant ce ph\u00e9nom\u00e8ne qu\u2019il faut avant tout vivre. Il est en outre l\u00e9ger car les organisateurs avaient pr\u00e9venu qu\u2019il faudrait marcher pour rejoindre le terrain (m\u00eame s\u2019il restait possible d\u2019acheminer du gros mat\u00e9riel par v\u00e9hicule).<\/p>\n\n\n\n<p class=\"wp-block-paragraph\">C\u00f4t\u00e9 confort, nous avons deux si\u00e8ges pliants et un petit parasol. Celui-ci s\u2019av\u00e8re pr\u00e9cieux pour affronter un soleil brulant \u00e0 notre arriv\u00e9e sur le terrain, trois heures avant le d\u00e9but de l\u2019\u00e9clipse totale.<\/p>\n\n\n\n<p class=\"wp-block-paragraph\">Pour suivre les phases partielles, nous avons&nbsp;:<\/p>\n\n\n\n<ul class=\"wp-block-list\">\n<li>des <a href=\"https:\/\/www.stelvision.com\/astro\/boutique\/lunettes-eclipse\/\">lunettes d\u2019\u00e9clipse<\/a>, l\u2019\u00e9quipement le plus simple pour suivre le d\u00e9roulement du ph\u00e9nom\u00e8ne&nbsp;;<\/li>\n\n\n\n<li>un petit t\u00e9lescope <a href=\"https:\/\/www.stelvision.com\/astro\/boutique\/telescope-maksygo-60\/\">MaksyGo 60<\/a> mont\u00e9 sur un tr\u00e9pied et \u00e9quip\u00e9 d\u2019un filtre solaire Astrosolar <a href=\"https:\/\/www.stelvision.com\/astro\/boutique\/filtre-solaire-baader-astrosolar-assf-65-pour-telescope-maksygo-60-ou-similaire\/\">ASSF65<\/a>, pour observer la progression de la Lune devant le disque solaire.<\/li>\n<\/ul>\n\n\n\n<figure class=\"wp-block-image size-large\"><img decoding=\"async\" width=\"1024\" height=\"768\" src=\"https:\/\/www.stelvision.com\/astro\/wp-content\/uploads\/2026\/08\/maksygo60-avec-filtre-ASSF65-BDA-IMG-20260813-WA0004-1024x768.webp\" alt=\"Photo montrant le mat\u00e9riel utilis\u00e9 pour observer les phases partielles de l'\u00e9clipse du 12 ao\u00fbt 2026.\" class=\"wp-image-87583\" srcset=\"https:\/\/www.stelvision.com\/astro\/wp-content\/uploads\/2026\/08\/maksygo60-avec-filtre-ASSF65-BDA-IMG-20260813-WA0004-1024x768.webp 1024w, https:\/\/www.stelvision.com\/astro\/wp-content\/uploads\/2026\/08\/maksygo60-avec-filtre-ASSF65-BDA-IMG-20260813-WA0004-300x225.webp 300w, https:\/\/www.stelvision.com\/astro\/wp-content\/uploads\/2026\/08\/maksygo60-avec-filtre-ASSF65-BDA-IMG-20260813-WA0004-800x600.webp 800w, https:\/\/www.stelvision.com\/astro\/wp-content\/uploads\/2026\/08\/maksygo60-avec-filtre-ASSF65-BDA-IMG-20260813-WA0004-1140x855.webp 1140w, https:\/\/www.stelvision.com\/astro\/wp-content\/uploads\/2026\/08\/maksygo60-avec-filtre-ASSF65-BDA-IMG-20260813-WA0004-750x563.webp 750w, https:\/\/www.stelvision.com\/astro\/wp-content\/uploads\/2026\/08\/maksygo60-avec-filtre-ASSF65-BDA-IMG-20260813-WA0004-570x428.webp 570w, https:\/\/www.stelvision.com\/astro\/wp-content\/uploads\/2026\/08\/maksygo60-avec-filtre-ASSF65-BDA-IMG-20260813-WA0004-368x276.webp 368w, https:\/\/www.stelvision.com\/astro\/wp-content\/uploads\/2026\/08\/maksygo60-avec-filtre-ASSF65-BDA-IMG-20260813-WA0004-270x203.webp 270w, https:\/\/www.stelvision.com\/astro\/wp-content\/uploads\/2026\/08\/maksygo60-avec-filtre-ASSF65-BDA-IMG-20260813-WA0004-1000x750.webp 1000w, https:\/\/www.stelvision.com\/astro\/wp-content\/uploads\/2026\/08\/maksygo60-avec-filtre-ASSF65-BDA-IMG-20260813-WA0004.webp 1200w\" sizes=\"(max-width: 1024px) 100vw, 1024px\" \/><figcaption class=\"wp-element-caption\"><strong>Observation des phases partielles de l&rsquo;\u00e9clipse avec un t\u00e9lescope MaksyGo 60 mont\u00e9 sur un tr\u00e9pied et muni d&rsquo;un filtre solaire.<\/strong> <small>Photo : S. d&rsquo;Armagnac.<\/small><\/figcaption><\/figure>\n\n\n\n<p class=\"wp-block-paragraph\">Pour la phase de totalit\u00e9, nous pr\u00e9voyons de laisser de c\u00f4t\u00e9 le t\u00e9lescope et d\u2019observer uniquement \u00e0 l\u2019\u0153il nu et aux jumelles, sans aucun filtre, confortablement assis. Cela nous semble la meilleure mani\u00e8re de vivre pleinement le moment fort du spectacle, dont nous savons qu\u2019il sera bref (1 minute 40 de totalit\u00e9).<\/p>\n\n\n\n<p class=\"wp-block-paragraph\">Nos jumelles sont&nbsp;:<\/p>\n\n\n\n<ul class=\"wp-block-list\">\n<li>des &nbsp;\u00ab&nbsp;<a href=\"https:\/\/www.stelvision.com\/astro\/boutique\/jumelles-10x50-st2\/\">10&#215;50<\/a>&nbsp;\u00bb, tr\u00e8s classiques en astronomie amateur,<\/li>\n\n\n\n<li>des \u00ab&nbsp;12&#215;36&nbsp;\u00bb stabilis\u00e9es.<\/li>\n<\/ul>\n\n\n\n<h2 class=\"wp-block-heading\">La phase partielle avant la totalit\u00e9<\/h2>\n\n\n\n<p class=\"wp-block-paragraph\">Apr\u00e8s quelques t\u00e2tonnements pour trouver l\u2019endroit id\u00e9al sur le terrain, et diverses op\u00e9rations d\u2019installation, nous sommes fin pr\u00eats pour le d\u00e9but du ph\u00e9nom\u00e8ne. Nous ne regrettons pas d\u2019\u00eatre arriv\u00e9s bien \u00e0 l\u2019avance malgr\u00e9 la chaleur terrible qui r\u00e8gne jusqu\u2019\u00e0 la fin de l\u2019apr\u00e8s-midi.<\/p>\n\n\n\n<p class=\"wp-block-paragraph\">Juste avant l\u2019heure annonc\u00e9e pour le premier contact, nous mettons l\u2019\u0153il \u00e0 l\u2019oculaire du MaksyGo&nbsp;pour guetter l\u2019arriv\u00e9e de la Lune au bord du disque solaire. Une tout petite \u00e9chancrure appara\u00eet sur la droite, exactement \u00e0 l\u2019heure dite&nbsp;! Une fois de plus, les calculs de m\u00e9canique c\u00e9leste d\u00e9montrent leur efficacit\u00e9\u2026 et les astres leur ponctualit\u00e9. Quelques instants plus tard, l\u2019\u00e9chancrure a d\u00e9j\u00e0 grossi et devient visible sans t\u00e9lescope, avec nos lunettes d\u2019\u00e9clipse. Nous revenons de temps en temps \u00e0 l\u2019oculaire pour suivre de mani\u00e8re plus pr\u00e9cise la progression de la Lune. Le gros disque noir grignote l\u2019astre du jour, lentement mais s\u00fbrement. Certaines taches solaires restent visibles sur le bord gauche, qui attendent leur tour. Je prends quelques photos tr\u00e8s simples avec mon t\u00e9l\u00e9phone. Celui-ci est fix\u00e9 sur l\u2019oculaire gr\u00e2ce \u00e0 l\u2019adaptateur fourni avec le t\u00e9lescope.<\/p>\n\n\n\n<figure class=\"wp-block-image size-large\"><img decoding=\"async\" width=\"1024\" height=\"1024\" src=\"https:\/\/www.stelvision.com\/astro\/wp-content\/uploads\/2026\/08\/eclipse-phase-partielle-12aout2026-Maksygo60-Astrosolar-ASSF65-Bertrand-dArmagnac-20260812_200124_1200x1200-1024x1024.webp\" alt=\"Photo de la phase partielle de l'\u00e9clipse du 12 ao\u00fbt 2026 vue dans un petit t\u00e9lescope. Cr\u00e9dit : B. d'Armagnac.\" class=\"wp-image-87582\" srcset=\"https:\/\/www.stelvision.com\/astro\/wp-content\/uploads\/2026\/08\/eclipse-phase-partielle-12aout2026-Maksygo60-Astrosolar-ASSF65-Bertrand-dArmagnac-20260812_200124_1200x1200-1024x1024.webp 1024w, https:\/\/www.stelvision.com\/astro\/wp-content\/uploads\/2026\/08\/eclipse-phase-partielle-12aout2026-Maksygo60-Astrosolar-ASSF65-Bertrand-dArmagnac-20260812_200124_1200x1200-300x300.webp 300w, https:\/\/www.stelvision.com\/astro\/wp-content\/uploads\/2026\/08\/eclipse-phase-partielle-12aout2026-Maksygo60-Astrosolar-ASSF65-Bertrand-dArmagnac-20260812_200124_1200x1200-150x150.webp 150w, https:\/\/www.stelvision.com\/astro\/wp-content\/uploads\/2026\/08\/eclipse-phase-partielle-12aout2026-Maksygo60-Astrosolar-ASSF65-Bertrand-dArmagnac-20260812_200124_1200x1200-600x600.webp 600w, https:\/\/www.stelvision.com\/astro\/wp-content\/uploads\/2026\/08\/eclipse-phase-partielle-12aout2026-Maksygo60-Astrosolar-ASSF65-Bertrand-dArmagnac-20260812_200124_1200x1200-1140x1140.webp 1140w, https:\/\/www.stelvision.com\/astro\/wp-content\/uploads\/2026\/08\/eclipse-phase-partielle-12aout2026-Maksygo60-Astrosolar-ASSF65-Bertrand-dArmagnac-20260812_200124_1200x1200-750x750.webp 750w, https:\/\/www.stelvision.com\/astro\/wp-content\/uploads\/2026\/08\/eclipse-phase-partielle-12aout2026-Maksygo60-Astrosolar-ASSF65-Bertrand-dArmagnac-20260812_200124_1200x1200-570x570.webp 570w, https:\/\/www.stelvision.com\/astro\/wp-content\/uploads\/2026\/08\/eclipse-phase-partielle-12aout2026-Maksygo60-Astrosolar-ASSF65-Bertrand-dArmagnac-20260812_200124_1200x1200-368x368.webp 368w, https:\/\/www.stelvision.com\/astro\/wp-content\/uploads\/2026\/08\/eclipse-phase-partielle-12aout2026-Maksygo60-Astrosolar-ASSF65-Bertrand-dArmagnac-20260812_200124_1200x1200-270x270.webp 270w, https:\/\/www.stelvision.com\/astro\/wp-content\/uploads\/2026\/08\/eclipse-phase-partielle-12aout2026-Maksygo60-Astrosolar-ASSF65-Bertrand-dArmagnac-20260812_200124_1200x1200-62x62.webp 62w, https:\/\/www.stelvision.com\/astro\/wp-content\/uploads\/2026\/08\/eclipse-phase-partielle-12aout2026-Maksygo60-Astrosolar-ASSF65-Bertrand-dArmagnac-20260812_200124_1200x1200-100x100.webp 100w, https:\/\/www.stelvision.com\/astro\/wp-content\/uploads\/2026\/08\/eclipse-phase-partielle-12aout2026-Maksygo60-Astrosolar-ASSF65-Bertrand-dArmagnac-20260812_200124_1200x1200-1000x1000.webp 1000w, https:\/\/www.stelvision.com\/astro\/wp-content\/uploads\/2026\/08\/eclipse-phase-partielle-12aout2026-Maksygo60-Astrosolar-ASSF65-Bertrand-dArmagnac-20260812_200124_1200x1200.webp 1200w\" sizes=\"(max-width: 1024px) 100vw, 1024px\" \/><figcaption class=\"wp-element-caption\"><strong>La Lune a d\u00e9j\u00e0 bien mordu le Soleil. Photo prise au smartphone avec un t\u00e9lescope MaksyGo 60 muni d&rsquo;un filtre Astrosolar ASSF65.<\/strong> <small>Photo : B. d&rsquo;Armagnac.<\/small><\/figcaption><\/figure>\n\n\n\n<h2 class=\"wp-block-heading\">Le moment intense du basculement dans la totalit\u00e9<\/h2>\n\n\n\n<p class=\"wp-block-paragraph\">Apr\u00e8s presque trois heures pass\u00e9es sur le terrain et une heure de phase partielle, le temps s\u2019acc\u00e9l\u00e8re. Dans les quelques minutes qui pr\u00e9c\u00e8dent la totalit\u00e9, la lumi\u00e8re se fait de plus en plus \u00e9trange. Elle se met \u00e0 baisser plus rapidement, le croissant de soleil devenant de plus en plus mince, presque insignifiant dans les lunettes tout en \u00e9tant encore \u00e9blouissant. On sent vraiment qu\u2019il se passe quelque chose, la f\u00e9brilit\u00e9 augmente&nbsp;! Dans les 30 derni\u00e8res secondes, la lumi\u00e8re d\u00e9cline encore plus rapidement, comme si un palier venait d\u2019\u00eatre franchi. Elle semble prendre une coloration \u00e9trange, presque verd\u00e2tre.<\/p>\n\n\n\n<p class=\"wp-block-paragraph\">Puis c\u2019est le grand basculement, en l\u2019espace de quelques secondes&nbsp;: le Soleil darde ses derniers rayons, c\u2019est le \u00ab&nbsp;diamant&nbsp;\u00bb, puis il change totalement de physionomie&nbsp;: le fameux \u00ab&nbsp;soleil noir&nbsp;\u00bb&nbsp;appara\u00eet ! Le disque solaire est alors parfaitement masqu\u00e9 par la Lune et on peut le fixer sans lunettes de protection. Le site est plong\u00e9 dans l\u2019obscurit\u00e9, nous voyons V\u00e9nus briller \u00e0 gauche du Soleil, et un peu plus haut l\u2019\u00e9toile Arcturus&nbsp;! Le Soleil est entour\u00e9 d\u2019une magnifique couronne, parfaitement visible \u00e0 l\u2019\u0153il nu, d\u2019une belle couleur blanche tr\u00e8s douce tirant sur le cr\u00e8me ou le jaune clair. La <em>couronne solaire<\/em>, rappelons-le, est l&rsquo;atmosph\u00e8re externe du Soleil, visible seulement pendant une \u00e9clipse car faiblement lumineuse (1 million de fois moins brillante que le disque solaire).<\/p>\n\n\n\n<p class=\"wp-block-paragraph\">Nous restons quelques secondes \u00e0 admirer ce spectacle \u00e0 l\u2019\u0153il nu. Tr\u00e8s vite, nous constatons qu\u2019une magnifique protub\u00e9rance est visible sur le bord gauche du Soleil. Nous braquons nos jumelles pour mieux la voir. La couleur de cet immense jet de gaz est \u00e9tonnante&nbsp;: un rose vif, lumineux, presque fluo&nbsp;! Et la couronne est magnifique. Le temps semble suspendu pendant ces instants magiques\u2026 puis je r\u00e9alise que la Lune s\u2019est d\u00e9j\u00e0 d\u00e9plac\u00e9e vers la gauche. La grosse protub\u00e9rance se fait plus petite, en partie masqu\u00e9e maintenant, tandis qu\u2019\u00e0 droite le spectacle me semble encore plus merveilleux&nbsp;: plusieurs petites protub\u00e9rances apparaissent, comme un chapelet de petits grains roses&nbsp;en arc de cercle ! Ce rose si vif me surprend, un peu diff\u00e9rent du souvenir que j\u2019avais gard\u00e9 de l\u2019\u00e9clipse observ\u00e9e neuf ans auparavant. En tout cas, l\u2019intensit\u00e9 de cette couleur fait vraiment comprendre pourquoi la basse atmosph\u00e8re du Soleil est appel\u00e9e <em>chromosph\u00e8re<\/em>.<\/p>\n\n\n\n<p class=\"wp-block-paragraph\">Nous n\u2019avons pas pris de photo du Soleil pendant la totalit\u00e9, mais mon t\u00e9l\u00e9phone \u00e9tait positionn\u00e9 quelques m\u00e8tres derri\u00e8re nous pour capturer l\u2019ambiance et l\u2019apparition du \u00ab&nbsp;soleil noir&nbsp;\u00bb.<\/p>\n\n\n\n<figure class=\"wp-block-video\"><video height=\"1080\" style=\"aspect-ratio: 1920 \/ 1080;\" width=\"1920\" controls src=\"https:\/\/www.stelvision.com\/astro\/wp-content\/uploads\/2026\/08\/film-ambiance-totalite-eclipse-12aout2026-20260812_202140_ext4_debf.mp4\"><\/video><figcaption class=\"wp-element-caption\"><strong>La phase de totalit\u00e9 v\u00e9cue pendant l&rsquo;\u00e9clipse du 12 ao\u00fbt 2026 avec le groupe de l&rsquo;AFA. La vid\u00e9o commence \u00e0 40 secondes du d\u00e9but de la totalit\u00e9, alors que le Soleil est \u00e9clips\u00e9 \u00e0 99 %.<\/strong> <small>Vid\u00e9o : B. d&rsquo;Armagnac.<\/small><\/figcaption><\/figure>\n\n\n\n<h2 class=\"wp-block-heading\">Un merveilleux coucher de soleil<\/h2>\n\n\n\n<p class=\"wp-block-paragraph\">Apr\u00e8s la totalit\u00e9, nous portons moins d\u2019attention au Soleil qui reste en grande partie \u00e9clips\u00e9 pendant un long moment. L\u2019essentiel est termin\u00e9, mais un petit suppl\u00e9ment nous attend, nous qui avons d\u00e9j\u00e0 eu tant de chance de vivre cette \u00e9clipse totale. D\u2019abord, les organisateurs avaient pr\u00e9vu un ap\u00e9ritif pour f\u00eater l\u2019\u00e9v\u00e9nement. Nous nous laissons prendre par l\u2019atmosph\u00e8re \u00e0 la fois festive et un brin nostalgique. L\u2019air est devenu doux, la lumi\u00e8re se remet \u00e0 d\u00e9cliner au coucher du Soleil. Celui-ci est encore un peu \u00e9clips\u00e9 et on peut le regarder sans protection&nbsp;! Un verre \u00e0 la main, nous vivons ce nouveau moment hors du temps. Nous faisons connaissance de quelques personnes du groupe. La discussion porte d\u00e9j\u00e0 sur la perspective de l\u2019\u00e9clipse du 2 ao\u00fbt 2027.<\/p>\n\n\n\n<figure class=\"wp-block-image size-large\"><img decoding=\"async\" width=\"1024\" height=\"461\" src=\"https:\/\/www.stelvision.com\/astro\/wp-content\/uploads\/2026\/09\/20260812_211608-Bertrand-dArmagnac-coucher-soleil-castrojeriz-h900-1024x461.webp\" alt=\"photo de coucher de soleil au soir du 12 ao\u00fbt 2026 \u00e0 la fin de l'\u00e9clipse.\" class=\"wp-image-87750\" srcset=\"https:\/\/www.stelvision.com\/astro\/wp-content\/uploads\/2026\/09\/20260812_211608-Bertrand-dArmagnac-coucher-soleil-castrojeriz-h900-1024x461.webp 1024w, https:\/\/www.stelvision.com\/astro\/wp-content\/uploads\/2026\/09\/20260812_211608-Bertrand-dArmagnac-coucher-soleil-castrojeriz-h900-300x135.webp 300w, https:\/\/www.stelvision.com\/astro\/wp-content\/uploads\/2026\/09\/20260812_211608-Bertrand-dArmagnac-coucher-soleil-castrojeriz-h900-800x361.webp 800w, https:\/\/www.stelvision.com\/astro\/wp-content\/uploads\/2026\/09\/20260812_211608-Bertrand-dArmagnac-coucher-soleil-castrojeriz-h900-1140x514.webp 1140w, https:\/\/www.stelvision.com\/astro\/wp-content\/uploads\/2026\/09\/20260812_211608-Bertrand-dArmagnac-coucher-soleil-castrojeriz-h900-750x338.webp 750w, https:\/\/www.stelvision.com\/astro\/wp-content\/uploads\/2026\/09\/20260812_211608-Bertrand-dArmagnac-coucher-soleil-castrojeriz-h900-570x257.webp 570w, https:\/\/www.stelvision.com\/astro\/wp-content\/uploads\/2026\/09\/20260812_211608-Bertrand-dArmagnac-coucher-soleil-castrojeriz-h900-368x166.webp 368w, https:\/\/www.stelvision.com\/astro\/wp-content\/uploads\/2026\/09\/20260812_211608-Bertrand-dArmagnac-coucher-soleil-castrojeriz-h900-270x122.webp 270w, https:\/\/www.stelvision.com\/astro\/wp-content\/uploads\/2026\/09\/20260812_211608-Bertrand-dArmagnac-coucher-soleil-castrojeriz-h900-1000x451.webp 1000w, https:\/\/www.stelvision.com\/astro\/wp-content\/uploads\/2026\/09\/20260812_211608-Bertrand-dArmagnac-coucher-soleil-castrojeriz-h900.webp 1997w\" sizes=\"(max-width: 1024px) 100vw, 1024px\" \/><figcaption class=\"wp-element-caption\"><strong>Coucher de soleil au soir du 12 ao\u00fbt 2026. Une petite \u00e9chancrure est encore visible au bord du disque solaire.<\/strong> <small>Photo : B. d\u2019Armagnac.<\/small><\/figcaption><\/figure>\n\n\n\n<h2 class=\"wp-block-heading\">Le choc pour ceux qui ont v\u00e9cu leur premi\u00e8re \u00e9clipse<\/h2>\n\n\n\n<p class=\"wp-block-paragraph\">Pour nous c\u2019\u00e9tait la deuxi\u00e8me \u00e9clipse totale r\u00e9ussie. Une exp\u00e9rience merveilleuse dont on ne se lasse pas\u00a0! Pour d\u2019autres c\u2019\u00e9tait une premi\u00e8re, comme pour ce couple d\u2019amis, que nous avions retrouv\u00e9 sur place. Philippe, astronome amateur de longue date, t\u00e9moigne\u00a0: \u00ab\u00a0j\u2019avais d\u00e9j\u00e0 vu depuis longtemps des quantit\u00e9s des photos d\u2019\u00e9clipse, je savais \u00e0 quoi m\u2019attendre, et pourtant j\u2019ai \u00e9t\u00e9 sous le choc. Ce sont des instants inoubliables\u00a0!\u00a0\u00bb. Katie reconna\u00eet que l\u2019\u00e9v\u00e9nement valait le d\u00e9placement\u00a0: \u00ab\u00a0c\u2019est vrai qu\u2019avant je croyais que c\u2019\u00e9tait juste un truc de passionn\u00e9\u00a0; maintenant, oui, je comprends\u00a0!\u00a0\u00bb.<\/p>\n\n\n\n<p class=\"wp-block-paragraph\">Pour \u00c9tienne aussi, cette \u00e9clipse totale a \u00e9t\u00e9 une premi\u00e8re et un choc. Cet astronome amateur exp\u00e9riment\u00e9 l\u2019a v\u00e9cue \u00e0 Andaluz, dans la province de Soria. Il t\u00e9moigne&nbsp;: \u00ab&nbsp;Quelques secondes avant la totalit\u00e9, je suis dos au Soleil pour enlever le filtre de ma lunette. Je me retourne et l\u00e0, j\u2019ai le souffle coup\u00e9&nbsp;! (Je ne m\u2019attendais pas \u00e0 avoir cette r\u00e9action&nbsp;!) La couronne solaire \u00e9tait magnifique. Aux jumelles, elle \u00e9tait encore mieux r\u00e9solue que sur les photos auxquelles on est habitu\u00e9. J\u2019ai moi-m\u00eame pris des photos, mais en automatisant les choses au maximum pour profiter de l\u2019\u00e9v\u00e9nement sans \u00eatre g\u00ean\u00e9 par des r\u00e9glages. J\u2019ai appliqu\u00e9 \u00e0 la lettre les conseils de <a href=\"https:\/\/www.stelvision.com\/astro\/les-soleils-noirs-de-jean-marc-lecleire\/\">Jean-Marc Lecleire<\/a> dans <a href=\"https:\/\/www.stelvision.com\/astro\/boutique\/les-soleils-noirs-de-2026-et-2027\/\"><em>Les Soleils noirs de 2026 et 2027<\/em><\/a>&nbsp;: utilisation de la fonction bracketing de l\u2019appareil photo, avec les temps de pose recommand\u00e9s dans le livre.&nbsp;Pendant la totalit\u00e9 je ne me suis occup\u00e9 de rien pour ne pas en rater une seconde. Je me suis dit que si les photos \u00e9taient rat\u00e9es, ce n\u2019\u00e9tait pas grave. Et finalement, je suis plut\u00f4t content du r\u00e9sultat&nbsp;!\u00bb<\/p>\n\n\n\n<figure class=\"wp-block-image size-large\"><img decoding=\"async\" width=\"1024\" height=\"768\" src=\"https:\/\/www.stelvision.com\/astro\/wp-content\/uploads\/2026\/09\/1117-etiennejammes-eclipse-totale-soleil-2026-8274-anneau-diamant-1200x900-1-1024x768.webp\" alt=\"photo de l'\u00e9clipse totale de Soleil du 12 ao\u00fbt 2026 montrant le diamant en d\u00e9but de totalit\u00e9.\" class=\"wp-image-87752\" srcset=\"https:\/\/www.stelvision.com\/astro\/wp-content\/uploads\/2026\/09\/1117-etiennejammes-eclipse-totale-soleil-2026-8274-anneau-diamant-1200x900-1-1024x768.webp 1024w, https:\/\/www.stelvision.com\/astro\/wp-content\/uploads\/2026\/09\/1117-etiennejammes-eclipse-totale-soleil-2026-8274-anneau-diamant-1200x900-1-300x225.webp 300w, https:\/\/www.stelvision.com\/astro\/wp-content\/uploads\/2026\/09\/1117-etiennejammes-eclipse-totale-soleil-2026-8274-anneau-diamant-1200x900-1-800x600.webp 800w, https:\/\/www.stelvision.com\/astro\/wp-content\/uploads\/2026\/09\/1117-etiennejammes-eclipse-totale-soleil-2026-8274-anneau-diamant-1200x900-1-1140x855.webp 1140w, https:\/\/www.stelvision.com\/astro\/wp-content\/uploads\/2026\/09\/1117-etiennejammes-eclipse-totale-soleil-2026-8274-anneau-diamant-1200x900-1-750x563.webp 750w, https:\/\/www.stelvision.com\/astro\/wp-content\/uploads\/2026\/09\/1117-etiennejammes-eclipse-totale-soleil-2026-8274-anneau-diamant-1200x900-1-570x428.webp 570w, https:\/\/www.stelvision.com\/astro\/wp-content\/uploads\/2026\/09\/1117-etiennejammes-eclipse-totale-soleil-2026-8274-anneau-diamant-1200x900-1-368x276.webp 368w, https:\/\/www.stelvision.com\/astro\/wp-content\/uploads\/2026\/09\/1117-etiennejammes-eclipse-totale-soleil-2026-8274-anneau-diamant-1200x900-1-270x203.webp 270w, https:\/\/www.stelvision.com\/astro\/wp-content\/uploads\/2026\/09\/1117-etiennejammes-eclipse-totale-soleil-2026-8274-anneau-diamant-1200x900-1-1000x750.webp 1000w, https:\/\/www.stelvision.com\/astro\/wp-content\/uploads\/2026\/09\/1117-etiennejammes-eclipse-totale-soleil-2026-8274-anneau-diamant-1200x900-1.webp 1200w\" sizes=\"(max-width: 1024px) 100vw, 1024px\" \/><figcaption class=\"wp-element-caption\"><strong>\u00c9tienne a notamment r\u00e9ussi \u00e0 capturer l\u2019instant magique du diamant, ce dernier rayon de soleil juste avant la totalit\u00e9, alors que la couronne solaire est d\u00e9j\u00e0 visible. Mat\u00e9riel utilis\u00e9 : lunette 72\/420 Evostar sur monture Star Adventurer ; bo\u00eetier Nikon D750.<\/strong> <small>Photo : \u00c9tienne Jammes.<\/small><\/figcaption><\/figure>\n\n\n\n<h2 class=\"wp-block-heading\">Une 10<sup>\u00e8me<\/sup> \u00e9clipse totale r\u00e9ussie pour Jean-Marc Lecleire<\/h2>\n\n\n\n<p class=\"wp-block-paragraph\">Jean-Marc \u00e9tait lui aussi en Espagne, pr\u00e8s de l&rsquo;a\u00e9rodrome de Santo Tome del Puerto (Castille et Leon). L\u2019auteur des <a href=\"https:\/\/www.stelvision.com\/astro\/boutique\/les-soleils-noirs-de-2026-et-2027\/\"><em>Soleils noirs de 2026 et 2027<\/em><\/a> avait d\u00e9j\u00e0 9 \u00e9clipses totales r\u00e9ussies au compteur. C\u00f4t\u00e9 mat\u00e9riel, il avait notamment amen\u00e9 une lunette Nakoh de 92 mm de diam\u00e8tre sur une imposante monture \u00e9quatoriale assurant un parfait suivi du Soleil pour photographier et filmer l\u2019\u00e9v\u00e9nement.<\/p>\n\n\n\n<figure class=\"wp-block-image size-large\"><img decoding=\"async\" width=\"1024\" height=\"814\" src=\"https:\/\/www.stelvision.com\/astro\/wp-content\/uploads\/2026\/09\/WhatsApp-Image-2026-08-13-at-10.20.07-Jean-Marc-Lecleire-lunette-rec-1024x814.webp\" alt=\"photo de Jean-Marc Lecleire et sa lunette Nakoh 92GX \u00e9quip\u00e9e d\u2019un filtre avant la phase de totalit\u00e9.\" class=\"wp-image-87753\" srcset=\"https:\/\/www.stelvision.com\/astro\/wp-content\/uploads\/2026\/09\/WhatsApp-Image-2026-08-13-at-10.20.07-Jean-Marc-Lecleire-lunette-rec-1024x814.webp 1024w, https:\/\/www.stelvision.com\/astro\/wp-content\/uploads\/2026\/09\/WhatsApp-Image-2026-08-13-at-10.20.07-Jean-Marc-Lecleire-lunette-rec-300x238.webp 300w, https:\/\/www.stelvision.com\/astro\/wp-content\/uploads\/2026\/09\/WhatsApp-Image-2026-08-13-at-10.20.07-Jean-Marc-Lecleire-lunette-rec-768x610.webp 768w, https:\/\/www.stelvision.com\/astro\/wp-content\/uploads\/2026\/09\/WhatsApp-Image-2026-08-13-at-10.20.07-Jean-Marc-Lecleire-lunette-rec-755x600.webp 755w, https:\/\/www.stelvision.com\/astro\/wp-content\/uploads\/2026\/09\/WhatsApp-Image-2026-08-13-at-10.20.07-Jean-Marc-Lecleire-lunette-rec-749x595.webp 749w, https:\/\/www.stelvision.com\/astro\/wp-content\/uploads\/2026\/09\/WhatsApp-Image-2026-08-13-at-10.20.07-Jean-Marc-Lecleire-lunette-rec-569x452.webp 569w, https:\/\/www.stelvision.com\/astro\/wp-content\/uploads\/2026\/09\/WhatsApp-Image-2026-08-13-at-10.20.07-Jean-Marc-Lecleire-lunette-rec-368x292.webp 368w, https:\/\/www.stelvision.com\/astro\/wp-content\/uploads\/2026\/09\/WhatsApp-Image-2026-08-13-at-10.20.07-Jean-Marc-Lecleire-lunette-rec-269x214.webp 269w, https:\/\/www.stelvision.com\/astro\/wp-content\/uploads\/2026\/09\/WhatsApp-Image-2026-08-13-at-10.20.07-Jean-Marc-Lecleire-lunette-rec-999x794.webp 999w, https:\/\/www.stelvision.com\/astro\/wp-content\/uploads\/2026\/09\/WhatsApp-Image-2026-08-13-at-10.20.07-Jean-Marc-Lecleire-lunette-rec.webp 1056w\" sizes=\"(max-width: 1024px) 100vw, 1024px\" \/><figcaption class=\"wp-element-caption\"><strong>Jean-Marc Lecleire et sa lunette Nakoh 92GX \u00e9quip\u00e9e d\u2019un filtre avant la phase de totalit\u00e9. <\/strong><\/figcaption><\/figure>\n\n\n\n<p class=\"wp-block-paragraph\">Jean-Marc t\u00e9moigne&nbsp;: \u00ab&nbsp;La totalit\u00e9 a dur\u00e9 1 minute 30 et nous avons vu l&rsquo;ombre de la Lune arriver par la droite, c&rsquo;\u00e9tait absolument grandiose et magnifique. Et ces couleurs chaudes \u00e0 l&rsquo;horizon, je ne m&rsquo;attendais pas du tout \u00e0 \u00e7a ! D\u2019ailleurs si je devais publier une suite au bouquin, je l&rsquo;appellerais l&rsquo;\u00e9clipse dor\u00e9e espagnole&nbsp;\u00bb.<\/p>\n\n\n\n<p class=\"wp-block-paragraph\">Succ\u00e8s total donc, pour cette \u00e9clipse observ\u00e9e dans un ciel parfaitement d\u00e9gag\u00e9. Jean-Marc se r\u00e9jouit d\u2019ailleurs que les conseils donn\u00e9s dans son livre se soient av\u00e9r\u00e9s judicieux en ce qui concerne la m\u00e9t\u00e9o&nbsp;: les lieux o\u00f9 l\u2019\u00e9clipse a pu \u00eatre observ\u00e9e dans les meilleures conditions \u00e9taient bien ceux indiqu\u00e9s dans l&rsquo;ouvrage&nbsp;!<\/p>\n\n\n\n<figure class=\"wp-block-image size-large\"><img decoding=\"async\" width=\"1024\" height=\"768\" src=\"https:\/\/www.stelvision.com\/astro\/wp-content\/uploads\/2026\/09\/eclipse2026_jm-lecleire3-1200x900-1-1024x768.webp\" alt=\"Photo de l'\u00e9clipse totale du 12 ao\u00fbt 2026 par Jean-Marc Lecleire.\" class=\"wp-image-87759\" srcset=\"https:\/\/www.stelvision.com\/astro\/wp-content\/uploads\/2026\/09\/eclipse2026_jm-lecleire3-1200x900-1-1024x768.webp 1024w, https:\/\/www.stelvision.com\/astro\/wp-content\/uploads\/2026\/09\/eclipse2026_jm-lecleire3-1200x900-1-300x225.webp 300w, https:\/\/www.stelvision.com\/astro\/wp-content\/uploads\/2026\/09\/eclipse2026_jm-lecleire3-1200x900-1-800x600.webp 800w, https:\/\/www.stelvision.com\/astro\/wp-content\/uploads\/2026\/09\/eclipse2026_jm-lecleire3-1200x900-1-1140x855.webp 1140w, https:\/\/www.stelvision.com\/astro\/wp-content\/uploads\/2026\/09\/eclipse2026_jm-lecleire3-1200x900-1-750x563.webp 750w, https:\/\/www.stelvision.com\/astro\/wp-content\/uploads\/2026\/09\/eclipse2026_jm-lecleire3-1200x900-1-570x428.webp 570w, https:\/\/www.stelvision.com\/astro\/wp-content\/uploads\/2026\/09\/eclipse2026_jm-lecleire3-1200x900-1-368x276.webp 368w, https:\/\/www.stelvision.com\/astro\/wp-content\/uploads\/2026\/09\/eclipse2026_jm-lecleire3-1200x900-1-270x203.webp 270w, https:\/\/www.stelvision.com\/astro\/wp-content\/uploads\/2026\/09\/eclipse2026_jm-lecleire3-1200x900-1-1000x750.webp 1000w, https:\/\/www.stelvision.com\/astro\/wp-content\/uploads\/2026\/09\/eclipse2026_jm-lecleire3-1200x900-1.webp 1200w\" sizes=\"(max-width: 1024px) 100vw, 1024px\" \/><figcaption class=\"wp-element-caption\"><strong>La fameuse protub\u00e9rance qui a \u00e9tonn\u00e9 tous les observateurs est tr\u00e8s bien visible sur cette image prise au tout d\u00e9but de la totalit\u00e9.<\/strong> <small>Photo : Jean-Marc Lecleire.<\/small><\/figcaption><\/figure>\n\n\n\n<figure class=\"wp-block-image size-large\"><img decoding=\"async\" width=\"1024\" height=\"768\" src=\"https:\/\/www.stelvision.com\/astro\/wp-content\/uploads\/2026\/09\/eclipse2026t-HDR-Jean-Marc-Lecleire-1200x900-1-1024x768.webp\" alt=\"Photo de l'\u00e9clipse totale du 12 ao\u00fbt 2026 par Jean-Marc Lecleire.\" class=\"wp-image-87760\" srcset=\"https:\/\/www.stelvision.com\/astro\/wp-content\/uploads\/2026\/09\/eclipse2026t-HDR-Jean-Marc-Lecleire-1200x900-1-1024x768.webp 1024w, https:\/\/www.stelvision.com\/astro\/wp-content\/uploads\/2026\/09\/eclipse2026t-HDR-Jean-Marc-Lecleire-1200x900-1-300x225.webp 300w, https:\/\/www.stelvision.com\/astro\/wp-content\/uploads\/2026\/09\/eclipse2026t-HDR-Jean-Marc-Lecleire-1200x900-1-800x600.webp 800w, https:\/\/www.stelvision.com\/astro\/wp-content\/uploads\/2026\/09\/eclipse2026t-HDR-Jean-Marc-Lecleire-1200x900-1-1140x855.webp 1140w, https:\/\/www.stelvision.com\/astro\/wp-content\/uploads\/2026\/09\/eclipse2026t-HDR-Jean-Marc-Lecleire-1200x900-1-750x563.webp 750w, https:\/\/www.stelvision.com\/astro\/wp-content\/uploads\/2026\/09\/eclipse2026t-HDR-Jean-Marc-Lecleire-1200x900-1-570x428.webp 570w, https:\/\/www.stelvision.com\/astro\/wp-content\/uploads\/2026\/09\/eclipse2026t-HDR-Jean-Marc-Lecleire-1200x900-1-368x276.webp 368w, https:\/\/www.stelvision.com\/astro\/wp-content\/uploads\/2026\/09\/eclipse2026t-HDR-Jean-Marc-Lecleire-1200x900-1-270x203.webp 270w, https:\/\/www.stelvision.com\/astro\/wp-content\/uploads\/2026\/09\/eclipse2026t-HDR-Jean-Marc-Lecleire-1200x900-1-1000x750.webp 1000w, https:\/\/www.stelvision.com\/astro\/wp-content\/uploads\/2026\/09\/eclipse2026t-HDR-Jean-Marc-Lecleire-1200x900-1.webp 1200w\" sizes=\"(max-width: 1024px) 100vw, 1024px\" \/><figcaption class=\"wp-element-caption\"><strong>Appliquant sa <a href=\"https:\/\/www.stelvision.com\/astro\/photo-eclipses-hdr\/\">technique de photo HDR<\/a> bien \u00e9prouv\u00e9e, Jean-Marc a immortalis\u00e9 la phase de totalit\u00e9 de l\u2019\u00e9clipse du 12 ao\u00fbt 2026 sur cette image qui montre \u00e0 la fois la structure de la couronne et la grande protub\u00e9rance rose.<\/strong> <small>Photo : Jean-Marc Lecleire.<\/small><\/figcaption><\/figure>\n\n\n\n<h2 class=\"wp-block-heading\">Cap sur 2027 avec les conseils de Jean-Marc<\/h2>\n\n\n\n<p class=\"wp-block-paragraph\">Si vous ne l\u2019avez pas encore, nous ne saurions trop vous recommander de vous procurer le guide pratique <a href=\"https:\/\/www.stelvision.com\/astro\/boutique\/les-soleils-noirs-de-2026-et-2027\/\"><em>Les Soleils noirs de 2026 et 2027<\/em><\/a>. Vous profiterez de tous les conseils de Jean-Marc Lecleire pour bien comprendre, observer, photographier et vivre la prochaine \u00e9clipse totale&nbsp;: celle du 2 ao\u00fbt 2027 visible en Espagne et en Afrique du Nord. Ce livre vous aidera notamment \u00e0 choisir votre destination si vous pr\u00e9voyez de faire le voyage. Pensez en particulier \u00e0 consulter le chapitre qui indique les r\u00e9gions qui ont le plus de chance d&rsquo;avoir un ciel bien d\u00e9gag\u00e9.<\/p>\n\n\n<div class=\"wp-block-image\">\n<figure class=\"aligncenter size-large is-resized\"><a href=\"https:\/\/www.stelvision.com\/astro\/boutique\/les-soleils-noirs-de-2026-et-2027\/\"><img decoding=\"async\" width=\"730\" height=\"1024\" src=\"https:\/\/www.stelvision.com\/astro\/wp-content\/uploads\/2025\/09\/Soleils-noirs-couverture-w1200-730x1024.webp\" alt=\"Couverture du livre Les Soleils noirs de 2026 et 2027 de Jean-Marc Lecleire aux \u00e9ditions Stelvision\" class=\"wp-image-70939\" style=\"width:518px;height:auto\" srcset=\"https:\/\/www.stelvision.com\/astro\/wp-content\/uploads\/2025\/09\/Soleils-noirs-couverture-w1200-730x1024.webp 730w, https:\/\/www.stelvision.com\/astro\/wp-content\/uploads\/2025\/09\/Soleils-noirs-couverture-w1200-214x300.webp 214w, https:\/\/www.stelvision.com\/astro\/wp-content\/uploads\/2025\/09\/Soleils-noirs-couverture-w1200-428x600.webp 428w, https:\/\/www.stelvision.com\/astro\/wp-content\/uploads\/2025\/09\/Soleils-noirs-couverture-w1200-1140x1599.webp 1140w, https:\/\/www.stelvision.com\/astro\/wp-content\/uploads\/2025\/09\/Soleils-noirs-couverture-w1200-750x1052.webp 750w, https:\/\/www.stelvision.com\/astro\/wp-content\/uploads\/2025\/09\/Soleils-noirs-couverture-w1200-570x799.webp 570w, https:\/\/www.stelvision.com\/astro\/wp-content\/uploads\/2025\/09\/Soleils-noirs-couverture-w1200-368x516.webp 368w, https:\/\/www.stelvision.com\/astro\/wp-content\/uploads\/2025\/09\/Soleils-noirs-couverture-w1200-270x379.webp 270w, https:\/\/www.stelvision.com\/astro\/wp-content\/uploads\/2025\/09\/Soleils-noirs-couverture-w1200-1000x1403.webp 1000w, https:\/\/www.stelvision.com\/astro\/wp-content\/uploads\/2025\/09\/Soleils-noirs-couverture-w1200.webp 1200w\" sizes=\"(max-width: 730px) 100vw, 730px\" \/><\/a><figcaption class=\"wp-element-caption\"><strong><em>Les Soleils noirs de 2026 et 2027<\/em>, \u00e9dit\u00e9 par Stelvision, disponible en librairie et en ligne sur notre <a href=\"https:\/\/www.stelvision.com\/astro\/boutique\/les-soleils-noirs-de-2026-et-2027\/\">Boutique<\/a>.<\/strong><\/figcaption><\/figure>\n<\/div>\n\n\n<h2 class=\"wp-block-heading\">Pour terminer&nbsp;: le film souvenir du Soleil noir de 2026<\/h2>\n\n\n\n<figure class=\"wp-block-video\"><video height=\"1080\" style=\"aspect-ratio: 1920 \/ 1080;\" width=\"1920\" controls src=\"https:\/\/www.stelvision.com\/astro\/wp-content\/uploads\/2026\/09\/ecliopse_nakoh60GT.mp4\"><\/video><figcaption class=\"wp-element-caption\"><strong>L\u2019\u00e9clipse totale film\u00e9e d\u2019un bout \u00e0 l\u2019autre par Jean-Marc Lecleire. Observez le lent d\u00e9placement de la Lune qui d\u00e9voile successivement des d\u00e9tails de la chromosph\u00e8re d\u2019un c\u00f4t\u00e9 du Soleil puis de l\u2019autre.<\/strong><\/figcaption><\/figure>\n\n\n<div class=\"rwwp-featured-content-wrapper\"><div class=\"stel-auto-swiffy-slider rwwp-featured-content rwwp-featured-content-slides rwwp-featured-content-slides-alignment-top rwwp-featured-content-slides-carousel-yes rwwp-featured-content-slide-use-carousel-yes\"><div class=\"swiffy-slider slider-item-show1   slider-nav-visible slider-nav-outside slider-nav-autoplay  slider-nav-dark slider-nav-autohide slider-item-first-visible slider-nav-autopause\" data-slider-nav-autoplay-interval=\"4000\" data-rwstelwp-uid=\"1788446977\"><ul class=\"slider-container\"><li data-stel-auto-swiffy-slider-offset=\"18\"><div class=\"rwwp-featured-content-item rwwp-featured-content-item-product rwwp-featured-content-item-small\"><div class=\"woocommerce columns-1 stel-product-no-add_to_cart\"><ul class=\"products columns-1\">\n<li class=\"product type-product post-35532 status-publish first instock product_cat-edition has-post-thumbnail taxable shipping-taxable purchasable product-type-simple\">\n\t<div class=\"stel-wc-product\"><a href=\"https:\/\/www.stelvision.com\/astro\/boutique\/le-ciel-au-telescope\/\" title=\"Le Ciel au t&eacute;lescope - 110 observations essentielles &agrave; faire avec votre instrument\" class=\"woocommerce-LoopProduct-link woocommerce-loop-product__link\"><img decoding=\"async\" width=\"300\" height=\"300\" src=\"https:\/\/www.stelvision.com\/astro\/wp-content\/uploads\/2021\/07\/Ciel-au-telescope-couv-1024_carre-300x300.jpg\" class=\"attachment-woocommerce_thumbnail size-woocommerce_thumbnail\" alt=\"Le Ciel au t\u00e9lescope - 110 observations essentielles \u00e0 faire avec votre instrument\" srcset=\"https:\/\/www.stelvision.com\/astro\/wp-content\/uploads\/2021\/07\/Ciel-au-telescope-couv-1024_carre-300x300.jpg 300w, https:\/\/www.stelvision.com\/astro\/wp-content\/uploads\/2021\/07\/Ciel-au-telescope-couv-1024_carre.jpg 1024w, https:\/\/www.stelvision.com\/astro\/wp-content\/uploads\/2021\/07\/Ciel-au-telescope-couv-1024_carre-150x150.jpg 150w, https:\/\/www.stelvision.com\/astro\/wp-content\/uploads\/2021\/07\/Ciel-au-telescope-couv-1024_carre-768x768.jpg 768w, https:\/\/www.stelvision.com\/astro\/wp-content\/uploads\/2021\/07\/Ciel-au-telescope-couv-1024_carre-750x750.jpg 750w, https:\/\/www.stelvision.com\/astro\/wp-content\/uploads\/2021\/07\/Ciel-au-telescope-couv-1024_carre-570x570.jpg 570w, https:\/\/www.stelvision.com\/astro\/wp-content\/uploads\/2021\/07\/Ciel-au-telescope-couv-1024_carre-368x368.jpg 368w, https:\/\/www.stelvision.com\/astro\/wp-content\/uploads\/2021\/07\/Ciel-au-telescope-couv-1024_carre-270x270.jpg 270w, https:\/\/www.stelvision.com\/astro\/wp-content\/uploads\/2021\/07\/Ciel-au-telescope-couv-1024_carre-62x62.jpg 62w, https:\/\/www.stelvision.com\/astro\/wp-content\/uploads\/2021\/07\/Ciel-au-telescope-couv-1024_carre-100x100.jpg 100w, https:\/\/www.stelvision.com\/astro\/wp-content\/uploads\/2021\/07\/Ciel-au-telescope-couv-1024_carre-1000x1000.jpg 1000w\" sizes=\"(max-width: 300px) 100vw, 300px\" \/><h2 class=\"woocommerce-loop-product__title\">Le Ciel au t\u00e9lescope &#8211; 110 observations essentielles \u00e0 faire avec votre instrument<div class=\"stel-product-item-review-wrapper\"><div class=\"skeepers_product__stars\" data-product-id=\"35532\"><\/div><script type=\"text\/javascript\">\/*!rw_stel_js*\/window.$ = jQuery;<\/script><script async charset=\"utf-8\" src=\"https:\/\/widgets.rr.skeepers.io\/product\/29f32d37-16d4-4b94-e954-a24712bd5a0f\/49f1f3bb-3583-4096-a330-61b13d46555d.js\"><\/script><\/div><\/h2>\r\n\t<span class=\"price\"><span class=\"woocommerce-Price-amount amount\"><bdi>29.00<span class=\"woocommerce-Price-currencySymbol\" translate=\"no\">&euro;<\/span><\/bdi><\/span> <span class=\"rwwc-vat-price-hint\" onclick=\"rwStelvisionWooTaxesInfos.showTaxHintModal(event)\">TVA incluse (FR) <i class=\"neko-icon-info-circled\"><\/i><\/span><\/span>\r\n<div class=\"netreviews_bg_stars_big listStars\" title=\"4.882\/5\"><div><span class=\"nr-icon nr-star grey\"><\/span><span class=\"nr-icon nr-star grey\"><\/span><span class=\"nr-icon nr-star grey\"><\/span><span class=\"nr-icon nr-star grey\"><\/span><span class=\"nr-icon nr-star grey\"><\/span><\/div><div style=\"color: #4FB8D7 !important\"><span class=\"nr-icon nr-star\" style=\"width:20%;\"><\/span><span class=\"nr-icon nr-star\" style=\"width:20%;\"><\/span><span class=\"nr-icon nr-star\" style=\"width:20%;\"><\/span><span class=\"nr-icon nr-star\" style=\"width:20%;\"><\/span><span class=\"nr-icon nr-star\" style=\"width:18%;\"><\/span><\/div> <span class=\"reviewCount\">85 avis<\/span><\/div><\/a><span class=\" rw_stelvision_product_in_stock \"><span class=\"rw_stelvision_product_stock_msg\">En stock<\/span><\/span><a href=\"\/astro\/wp-json\/wp\/v2\/posts\/87747?add-to-cart=35532\" aria-describedby=\"woocommerce_loop_add_to_cart_link_describedby_355320\" data-quantity=\"1\" data-product_id=\"35532\" data-product-title=\"Le Ciel au t\u00e9lescope &#8211; 110 observations essentielles \u00e0 faire avec votre instrument&lt;div class=&quot;stel-product-item-review-wrapper&quot;&gt;&lt;div class=&quot;skeepers_product__stars&quot; data-product-id=&quot;35532&quot;&gt;&lt;\/div&gt;&lt;\/div&gt;\" class=\"button product_type_simple add_to_cart_button ajax_add_to_cart\" data-product_id=\"35532\" data-product_sku=\"9782956341741\" aria-label=\"Ajouter au panier\u00a0: &ldquo;Le Ciel au t\u00e9lescope - 110 observations essentielles \u00e0 faire avec votre instrument&rdquo;\" rel=\"nofollow\" data-success_message=\"\u00ab\u00a0Le Ciel au t\u00e9lescope - 110 observations essentielles \u00e0 faire avec votre instrument\u00a0\u00bb a \u00e9t\u00e9 ajout\u00e9 \u00e0 votre panier\" role=\"button\">Ajouter au panier<\/a><span id=\"woocommerce_loop_add_to_cart_link_describedby_355320\" class=\"screen-reader-text\"><\/span><\/div><\/li>\n<\/ul>\n<\/div><\/div><\/li><li data-stel-auto-swiffy-slider-offset=\"18\"><div class=\"rwwp-featured-content-item rwwp-featured-content-item-product rwwp-featured-content-item-small\"><div class=\"woocommerce columns-1 stel-product-no-add_to_cart\"><ul class=\"products columns-1\">\n<li class=\"product type-product post-60692 status-publish first instock product_cat-edition product_tag--notre-selection-pour-lete has-post-thumbnail taxable shipping-taxable purchasable product-type-simple\">\n\t<div class=\"stel-wc-product\"><a href=\"https:\/\/www.stelvision.com\/astro\/boutique\/decouvrir-le-ciel-a-loeil-nu\/\" title=\"D&eacute;couvrir le ciel &agrave; l&rsquo;&oelig;il nu - Un guide pour observer les &eacute;toiles depuis chez soi\" class=\"woocommerce-LoopProduct-link woocommerce-loop-product__link\"><img decoding=\"async\" width=\"300\" height=\"300\" src=\"https:\/\/www.stelvision.com\/astro\/wp-content\/uploads\/2024\/09\/Decouvrir-le-ciel-a-loeil-nu-en-volume-fond-blanc_1024-300x300.jpg\" class=\"attachment-woocommerce_thumbnail size-woocommerce_thumbnail\" alt=\"Visuel livre D\u00e9couvrir le ciel \u00e0 l&#039;\u0153il nu de Bertrand d&#039;Armagnac et Carine Souplet aux \u00e9ditions Stelvision\" srcset=\"https:\/\/www.stelvision.com\/astro\/wp-content\/uploads\/2024\/09\/Decouvrir-le-ciel-a-loeil-nu-en-volume-fond-blanc_1024-300x300.jpg 300w, https:\/\/www.stelvision.com\/astro\/wp-content\/uploads\/2024\/09\/Decouvrir-le-ciel-a-loeil-nu-en-volume-fond-blanc_1024-150x150.jpg 150w, https:\/\/www.stelvision.com\/astro\/wp-content\/uploads\/2024\/09\/Decouvrir-le-ciel-a-loeil-nu-en-volume-fond-blanc_1024-600x600.jpg 600w, https:\/\/www.stelvision.com\/astro\/wp-content\/uploads\/2024\/09\/Decouvrir-le-ciel-a-loeil-nu-en-volume-fond-blanc_1024-750x750.jpg 750w, https:\/\/www.stelvision.com\/astro\/wp-content\/uploads\/2024\/09\/Decouvrir-le-ciel-a-loeil-nu-en-volume-fond-blanc_1024-570x570.jpg 570w, https:\/\/www.stelvision.com\/astro\/wp-content\/uploads\/2024\/09\/Decouvrir-le-ciel-a-loeil-nu-en-volume-fond-blanc_1024-368x368.jpg 368w, https:\/\/www.stelvision.com\/astro\/wp-content\/uploads\/2024\/09\/Decouvrir-le-ciel-a-loeil-nu-en-volume-fond-blanc_1024-270x270.jpg 270w, https:\/\/www.stelvision.com\/astro\/wp-content\/uploads\/2024\/09\/Decouvrir-le-ciel-a-loeil-nu-en-volume-fond-blanc_1024-62x62.jpg 62w, https:\/\/www.stelvision.com\/astro\/wp-content\/uploads\/2024\/09\/Decouvrir-le-ciel-a-loeil-nu-en-volume-fond-blanc_1024-100x100.jpg 100w, https:\/\/www.stelvision.com\/astro\/wp-content\/uploads\/2024\/09\/Decouvrir-le-ciel-a-loeil-nu-en-volume-fond-blanc_1024-1000x1000.jpg 1000w, https:\/\/www.stelvision.com\/astro\/wp-content\/uploads\/2024\/09\/Decouvrir-le-ciel-a-loeil-nu-en-volume-fond-blanc_1024.jpg 1024w\" sizes=\"(max-width: 300px) 100vw, 300px\" \/><h2 class=\"woocommerce-loop-product__title\">D\u00e9couvrir le ciel \u00e0 l\u2019\u0153il nu &#8211; Un guide pour observer les \u00e9toiles depuis chez soi<div class=\"stel-product-item-review-wrapper\"><div class=\"skeepers_product__stars\" data-product-id=\"60692\"><\/div><\/div><\/h2>\r\n\t<span class=\"price\"><span class=\"woocommerce-Price-amount amount\"><bdi>22.90<span class=\"woocommerce-Price-currencySymbol\" translate=\"no\">&euro;<\/span><\/bdi><\/span> <span class=\"rwwc-vat-price-hint\" onclick=\"rwStelvisionWooTaxesInfos.showTaxHintModal(event)\">TVA incluse (FR) <i class=\"neko-icon-info-circled\"><\/i><\/span><\/span>\r\n<div class=\"netreviews_bg_stars_big listStars\" title=\"4.789\/5\"><div><span class=\"nr-icon nr-star grey\"><\/span><span class=\"nr-icon nr-star grey\"><\/span><span class=\"nr-icon nr-star grey\"><\/span><span class=\"nr-icon nr-star grey\"><\/span><span class=\"nr-icon nr-star grey\"><\/span><\/div><div style=\"color: #4FB8D7 !important\"><span class=\"nr-icon nr-star\" style=\"width:20%;\"><\/span><span class=\"nr-icon nr-star\" style=\"width:20%;\"><\/span><span class=\"nr-icon nr-star\" style=\"width:20%;\"><\/span><span class=\"nr-icon nr-star\" style=\"width:20%;\"><\/span><span class=\"nr-icon nr-star\" style=\"width:16%;\"><\/span><\/div> <span class=\"reviewCount\">57 avis<\/span><\/div><\/a><span class=\" rw_stelvision_product_in_stock \"><span class=\"rw_stelvision_product_stock_msg\">En stock<\/span><\/span><a href=\"\/astro\/wp-json\/wp\/v2\/posts\/87747?add-to-cart=60692\" aria-describedby=\"woocommerce_loop_add_to_cart_link_describedby_60692_1\" data-quantity=\"1\" data-product_id=\"60692\" data-product-title=\"D\u00e9couvrir le ciel \u00e0 l\u2019\u0153il nu &#8211; Un guide pour observer les \u00e9toiles depuis chez soi&lt;div class=&quot;stel-product-item-review-wrapper&quot;&gt;&lt;div class=&quot;skeepers_product__stars&quot; data-product-id=&quot;60692&quot;&gt;&lt;\/div&gt;&lt;\/div&gt;\" class=\"button product_type_simple add_to_cart_button ajax_add_to_cart\" data-product_id=\"60692\" data-product_sku=\"9782958661915\" aria-label=\"Ajouter au panier\u00a0: &ldquo;D\u00e9couvrir le ciel \u00e0 l\u2019\u0153il nu - Un guide pour observer les \u00e9toiles depuis chez soi&rdquo;\" rel=\"nofollow\" data-success_message=\"\u00ab\u00a0D\u00e9couvrir le ciel \u00e0 l\u2019\u0153il nu - Un guide pour observer les \u00e9toiles depuis chez soi\u00a0\u00bb a \u00e9t\u00e9 ajout\u00e9 \u00e0 votre panier\" role=\"button\">Ajouter au panier<\/a><span id=\"woocommerce_loop_add_to_cart_link_describedby_60692_1\" class=\"screen-reader-text\"><\/span><\/div><\/li>\n<\/ul>\n<\/div><\/div><\/li><li data-stel-auto-swiffy-slider-offset=\"18\"><div class=\"rwwp-featured-content-item rwwp-featured-content-item-product rwwp-featured-content-item-small\"><div class=\"woocommerce columns-1 stel-product-no-add_to_cart\"><ul class=\"products columns-1\">\n<li class=\"product type-product post-1449 status-publish first instock product_cat-edition has-post-thumbnail taxable shipping-taxable purchasable product-type-simple\">\n\t<div class=\"stel-wc-product\"><a href=\"https:\/\/www.stelvision.com\/astro\/boutique\/carte-guide-du-ciel-stelvision-365\/\" title=\"Carte du ciel Stelvision 365 (16&egrave;me &eacute;dition)\" class=\"woocommerce-LoopProduct-link woocommerce-loop-product__link\"><img decoding=\"async\" width=\"300\" height=\"300\" src=\"https:\/\/www.stelvision.com\/astro\/wp-content\/uploads\/2026\/04\/stelvision-365-ed16-1-couverture-1200-carre-300x300.webp\" class=\"attachment-woocommerce_thumbnail size-woocommerce_thumbnail\" alt=\"Visuel de couverture de la Carte du ciel Stelvision 365 \u00e9dition 16 de Bertrand d&#039;Armagnac. Copyright Stelvision.\" srcset=\"https:\/\/www.stelvision.com\/astro\/wp-content\/uploads\/2026\/04\/stelvision-365-ed16-1-couverture-1200-carre-300x300.webp 300w, https:\/\/www.stelvision.com\/astro\/wp-content\/uploads\/2026\/04\/stelvision-365-ed16-1-couverture-1200-carre-1024x1024.webp 1024w, https:\/\/www.stelvision.com\/astro\/wp-content\/uploads\/2026\/04\/stelvision-365-ed16-1-couverture-1200-carre-150x150.webp 150w, https:\/\/www.stelvision.com\/astro\/wp-content\/uploads\/2026\/04\/stelvision-365-ed16-1-couverture-1200-carre-600x600.webp 600w, https:\/\/www.stelvision.com\/astro\/wp-content\/uploads\/2026\/04\/stelvision-365-ed16-1-couverture-1200-carre-1140x1140.webp 1140w, https:\/\/www.stelvision.com\/astro\/wp-content\/uploads\/2026\/04\/stelvision-365-ed16-1-couverture-1200-carre-750x750.webp 750w, https:\/\/www.stelvision.com\/astro\/wp-content\/uploads\/2026\/04\/stelvision-365-ed16-1-couverture-1200-carre-570x570.webp 570w, https:\/\/www.stelvision.com\/astro\/wp-content\/uploads\/2026\/04\/stelvision-365-ed16-1-couverture-1200-carre-368x368.webp 368w, https:\/\/www.stelvision.com\/astro\/wp-content\/uploads\/2026\/04\/stelvision-365-ed16-1-couverture-1200-carre-270x270.webp 270w, https:\/\/www.stelvision.com\/astro\/wp-content\/uploads\/2026\/04\/stelvision-365-ed16-1-couverture-1200-carre-62x62.webp 62w, https:\/\/www.stelvision.com\/astro\/wp-content\/uploads\/2026\/04\/stelvision-365-ed16-1-couverture-1200-carre-100x100.webp 100w, https:\/\/www.stelvision.com\/astro\/wp-content\/uploads\/2026\/04\/stelvision-365-ed16-1-couverture-1200-carre-1000x1000.webp 1000w, https:\/\/www.stelvision.com\/astro\/wp-content\/uploads\/2026\/04\/stelvision-365-ed16-1-couverture-1200-carre.webp 1200w\" sizes=\"(max-width: 300px) 100vw, 300px\" \/><h2 class=\"woocommerce-loop-product__title\">Carte du ciel Stelvision 365 (16\u00e8me \u00e9dition)<div class=\"stel-product-item-review-wrapper\"><div class=\"skeepers_product__stars\" data-product-id=\"1449\"><\/div><\/div><\/h2>\r\n\t<span class=\"price\"><span class=\"woocommerce-Price-amount amount\"><bdi>19.90<span class=\"woocommerce-Price-currencySymbol\" translate=\"no\">&euro;<\/span><\/bdi><\/span> <span class=\"rwwc-vat-price-hint\" onclick=\"rwStelvisionWooTaxesInfos.showTaxHintModal(event)\">TVA incluse (FR) <i class=\"neko-icon-info-circled\"><\/i><\/span><\/span>\r\n<div class=\"netreviews_bg_stars_big listStars\" title=\"4.828\/5\"><div><span class=\"nr-icon nr-star grey\"><\/span><span class=\"nr-icon nr-star grey\"><\/span><span class=\"nr-icon nr-star grey\"><\/span><span class=\"nr-icon nr-star grey\"><\/span><span class=\"nr-icon nr-star grey\"><\/span><\/div><div style=\"color: #4FB8D7 !important\"><span class=\"nr-icon nr-star\" style=\"width:20%;\"><\/span><span class=\"nr-icon nr-star\" style=\"width:20%;\"><\/span><span class=\"nr-icon nr-star\" style=\"width:20%;\"><\/span><span class=\"nr-icon nr-star\" style=\"width:20%;\"><\/span><span class=\"nr-icon nr-star\" style=\"width:16%;\"><\/span><\/div> <span class=\"reviewCount\">186 avis<\/span><\/div><\/a><span class=\" rw_stelvision_product_in_stock \"><span class=\"rw_stelvision_product_stock_msg\">En stock<\/span><\/span><a href=\"\/astro\/wp-json\/wp\/v2\/posts\/87747?add-to-cart=1449\" aria-describedby=\"woocommerce_loop_add_to_cart_link_describedby_1449_2\" data-quantity=\"1\" data-product_id=\"1449\" data-product-title=\"Carte du ciel Stelvision 365 (16\u00e8me \u00e9dition)&lt;div class=&quot;stel-product-item-review-wrapper&quot;&gt;&lt;div class=&quot;skeepers_product__stars&quot; data-product-id=&quot;1449&quot;&gt;&lt;\/div&gt;&lt;\/div&gt;\" class=\"button product_type_simple add_to_cart_button ajax_add_to_cart\" data-product_id=\"1449\" data-product_sku=\"9782958661977\" aria-label=\"Ajouter au panier\u00a0: &ldquo;Carte du ciel Stelvision 365 (16\u00e8me \u00e9dition)&rdquo;\" rel=\"nofollow\" data-success_message=\"\u00ab\u00a0Carte du ciel Stelvision 365 (16\u00e8me \u00e9dition)\u00a0\u00bb a \u00e9t\u00e9 ajout\u00e9 \u00e0 votre panier\" role=\"button\">Ajouter au panier<\/a><span id=\"woocommerce_loop_add_to_cart_link_describedby_1449_2\" class=\"screen-reader-text\"><\/span><\/div><\/li>\n<\/ul>\n<\/div><\/div><\/li><li data-stel-auto-swiffy-slider-offset=\"18\"><div class=\"rwwp-featured-content-item rwwp-featured-content-item-product rwwp-featured-content-item-small\"><div class=\"woocommerce columns-1 stel-product-no-add_to_cart\"><ul class=\"products columns-1\">\n<li class=\"product type-product post-54136 status-publish first instock product_cat-jumelles product_tag--notre-selection-pour-lete has-post-thumbnail taxable shipping-taxable purchasable product-type-simple\">\n\t<div class=\"stel-wc-product\"><a href=\"https:\/\/www.stelvision.com\/astro\/boutique\/jumelles-noctua-2x40\/\" title=\"Jumelles Noctua &laquo;&amp;nbsp;yeux de hibou&amp;nbsp;&raquo;\" class=\"woocommerce-LoopProduct-link woocommerce-loop-product__link\"><img decoding=\"async\" width=\"300\" height=\"300\" src=\"https:\/\/www.stelvision.com\/astro\/wp-content\/uploads\/2023\/05\/noctua_03-300x300.jpg\" class=\"attachment-woocommerce_thumbnail size-woocommerce_thumbnail\" alt=\"photo Jumelles Noctua 2x40\" srcset=\"https:\/\/www.stelvision.com\/astro\/wp-content\/uploads\/2023\/05\/noctua_03-300x300.jpg 300w, https:\/\/www.stelvision.com\/astro\/wp-content\/uploads\/2023\/05\/noctua_03-150x150.jpg 150w, https:\/\/www.stelvision.com\/astro\/wp-content\/uploads\/2023\/05\/noctua_03-600x600.jpg 600w, https:\/\/www.stelvision.com\/astro\/wp-content\/uploads\/2023\/05\/noctua_03-750x750.jpg 750w, https:\/\/www.stelvision.com\/astro\/wp-content\/uploads\/2023\/05\/noctua_03-570x570.jpg 570w, https:\/\/www.stelvision.com\/astro\/wp-content\/uploads\/2023\/05\/noctua_03-368x368.jpg 368w, https:\/\/www.stelvision.com\/astro\/wp-content\/uploads\/2023\/05\/noctua_03-270x270.jpg 270w, https:\/\/www.stelvision.com\/astro\/wp-content\/uploads\/2023\/05\/noctua_03-62x62.jpg 62w, https:\/\/www.stelvision.com\/astro\/wp-content\/uploads\/2023\/05\/noctua_03-100x100.jpg 100w, https:\/\/www.stelvision.com\/astro\/wp-content\/uploads\/2023\/05\/noctua_03.jpg 1000w\" sizes=\"(max-width: 300px) 100vw, 300px\" \/><h2 class=\"woocommerce-loop-product__title\">Jumelles Noctua \u00ab&nbsp;yeux de hibou&nbsp;\u00bb<div class=\"stel-product-item-review-wrapper\"><div class=\"skeepers_product__stars\" data-product-id=\"54136\"><\/div><\/div><\/h2>\r\n\t<span class=\"price\"><span class=\"woocommerce-Price-amount amount\"><bdi>89.90<span class=\"woocommerce-Price-currencySymbol\" translate=\"no\">&euro;<\/span><\/bdi><\/span> <span class=\"rwwc-vat-price-hint\" onclick=\"rwStelvisionWooTaxesInfos.showTaxHintModal(event)\">TVA incluse (FR) <i class=\"neko-icon-info-circled\"><\/i><\/span><\/span>\r\n<div class=\"netreviews_bg_stars_big listStars\" title=\"4.753\/5\"><div><span class=\"nr-icon nr-star grey\"><\/span><span class=\"nr-icon nr-star grey\"><\/span><span class=\"nr-icon nr-star grey\"><\/span><span class=\"nr-icon nr-star grey\"><\/span><span class=\"nr-icon nr-star grey\"><\/span><\/div><div style=\"color: #4FB8D7 !important\"><span class=\"nr-icon nr-star\" style=\"width:20%;\"><\/span><span class=\"nr-icon nr-star\" style=\"width:20%;\"><\/span><span class=\"nr-icon nr-star\" style=\"width:20%;\"><\/span><span class=\"nr-icon nr-star\" style=\"width:20%;\"><\/span><span class=\"nr-icon nr-star\" style=\"width:16%;\"><\/span><\/div> <span class=\"reviewCount\">69 avis<\/span><\/div><\/a><span class=\" rw_stelvision_product_in_stock \"><span class=\"rw_stelvision_product_stock_msg\">En stock<\/span><\/span><a href=\"\/astro\/wp-json\/wp\/v2\/posts\/87747?add-to-cart=54136\" aria-describedby=\"woocommerce_loop_add_to_cart_link_describedby_54136_3\" data-quantity=\"1\" data-product_id=\"54136\" data-product-title=\"Jumelles Noctua \u00ab&nbsp;yeux de hibou&nbsp;\u00bb&lt;div class=&quot;stel-product-item-review-wrapper&quot;&gt;&lt;div class=&quot;skeepers_product__stars&quot; data-product-id=&quot;54136&quot;&gt;&lt;\/div&gt;&lt;\/div&gt;\" class=\"button product_type_simple add_to_cart_button ajax_add_to_cart\" data-product_id=\"54136\" data-product_sku=\"3770011947386\" aria-label=\"Ajouter au panier\u00a0: &ldquo;Jumelles Noctua \u00ab&nbsp;yeux de hibou&nbsp;\u00bb&rdquo;\" rel=\"nofollow\" data-success_message=\"\u00ab\u00a0Jumelles Noctua \u00ab&nbsp;yeux de hibou&nbsp;\u00bb\u00a0\u00bb a \u00e9t\u00e9 ajout\u00e9 \u00e0 votre panier\" role=\"button\">Ajouter au panier<\/a><span id=\"woocommerce_loop_add_to_cart_link_describedby_54136_3\" class=\"screen-reader-text\"><\/span><\/div><\/li>\n<\/ul>\n<\/div><\/div><\/li><\/ul><button type=\"button\" class=\"slider-nav\" title=\"Slide pr&eacute;c&eacute;dente\"><\/button><button type=\"button\" class=\"slider-nav slider-nav-next\" title=\"Slide suivante\"><\/button><\/div><script type=\"text\/javascript\">\/*!rw_stel_js*\/rw_stelvision_theme_ready(\"rw_stelvision_theme\",function(){rw_stelvision_theme.swiffySliderAutoSlideSizes();});<\/script><\/div><\/div>\n\n\n\n<p class=\"wp-block-paragraph\"><\/p>\n","protected":false},"excerpt":{"rendered":"<p>Instants v\u00e9cus par d\u2019heureux t\u00e9moins de ce moment astronomique extraordinaire, au c\u0153ur de la bande de totalit\u00e9.<\/p>\n","protected":false},"author":1,"featured_media":87748,"comment_status":"closed","ping_status":"closed","sticky":false,"template":"","format":"standard","meta":{"_acf_changed":false,"footnotes":""},"categories":[2],"tags":[],"class_list":["post-87747","post","type-post","status-publish","format-standard","has-post-thumbnail","hentry","category-observer-le-ciel"],"acf":[],"yoast_head":"<!-- This site is optimized with the Yoast SEO plugin v28.3 - https:\/\/yoast.com\/product\/yoast-seo-wordpress\/ -->\n<title>La merveilleuse \u00e9clipse totale de Soleil du 12 ao\u00fbt 2026 en Espagne<\/title>\n<meta name=\"description\" content=\"Instants v\u00e9cus par d\u2019heureux t\u00e9moins de l&#039;extraordinaire \u00e9clipse de Soleil du 12 ao\u00fbt 2026, au c\u0153ur de la bande de totalit\u00e9.\" \/>\n<meta name=\"robots\" content=\"index, follow, max-snippet:-1, max-image-preview:large, max-video-preview:-1\" \/>\n<link rel=\"canonical\" href=\"https:\/\/www.stelvision.com\/astro\/la-merveilleuse-eclipse-totale-de-soleil-du-12-aout-2026-en-espagne\/\" \/>\n<meta property=\"og:locale\" content=\"fr_FR\" \/>\n<meta property=\"og:type\" content=\"article\" \/>\n<meta property=\"og:title\" content=\"La merveilleuse \u00e9clipse totale de Soleil du 12 ao\u00fbt 2026 en Espagne\" \/>\n<meta property=\"og:description\" content=\"Instants v\u00e9cus par d\u2019heureux t\u00e9moins de l&#039;extraordinaire \u00e9clipse de Soleil du 12 ao\u00fbt 2026, au c\u0153ur de la bande de totalit\u00e9.\" \/>\n<meta property=\"og:url\" content=\"https:\/\/www.stelvision.com\/astro\/la-merveilleuse-eclipse-totale-de-soleil-du-12-aout-2026-en-espagne\/\" \/>\n<meta property=\"og:site_name\" content=\"Stelvision\" \/>\n<meta property=\"article:publisher\" content=\"https:\/\/www.facebook.com\/people\/Stelvision\/100063368192331\/\" \/>\n<meta property=\"article:published_time\" content=\"2026-09-02T17:17:28+00:00\" \/>\n<meta property=\"article:modified_time\" content=\"2026-09-03T13:30:06+00:00\" \/>\n<meta property=\"og:image\" content=\"https:\/\/www.stelvision.com\/astro\/wp-content\/uploads\/2026\/09\/1117-etiennejammes-eclipse-totale-soleil-2026-8436-chromosphere-protuberances-diamant-fin-totalite-1200x900-1.webp\" \/>\n\t<meta property=\"og:image:width\" content=\"1200\" \/>\n\t<meta property=\"og:image:height\" content=\"900\" \/>\n\t<meta property=\"og:image:type\" content=\"image\/webp\" \/>\n<meta name=\"author\" content=\"Bertrand d&#039;Armagnac\" \/>\n<meta name=\"twitter:card\" content=\"summary_large_image\" \/>\n<meta name=\"twitter:label1\" content=\"\u00c9crit par\" \/>\n\t<meta name=\"twitter:data1\" content=\"Bertrand d&#039;Armagnac\" \/>\n\t<meta name=\"twitter:label2\" content=\"Dur\u00e9e de lecture estim\u00e9e\" \/>\n\t<meta name=\"twitter:data2\" content=\"14 minutes\" \/>\n<script type=\"application\/ld+json\" class=\"yoast-schema-graph\">{\"@context\":\"https:\\\/\\\/schema.org\",\"@graph\":[{\"@type\":\"Article\",\"@id\":\"https:\\\/\\\/www.stelvision.com\\\/astro\\\/la-merveilleuse-eclipse-totale-de-soleil-du-12-aout-2026-en-espagne\\\/#article\",\"isPartOf\":{\"@id\":\"https:\\\/\\\/www.stelvision.com\\\/astro\\\/la-merveilleuse-eclipse-totale-de-soleil-du-12-aout-2026-en-espagne\\\/\"},\"author\":{\"name\":\"Bertrand d'Armagnac\",\"@id\":\"https:\\\/\\\/www.stelvision.com\\\/astro\\\/#\\\/schema\\\/person\\\/46766957349a30f84232506532ab805d\"},\"headline\":\"La merveilleuse \u00e9clipse totale de Soleil du 12 ao\u00fbt 2026 en Espagne\",\"datePublished\":\"2026-09-02T17:17:28+00:00\",\"dateModified\":\"2026-09-03T13:30:06+00:00\",\"mainEntityOfPage\":{\"@id\":\"https:\\\/\\\/www.stelvision.com\\\/astro\\\/la-merveilleuse-eclipse-totale-de-soleil-du-12-aout-2026-en-espagne\\\/\"},\"wordCount\":2495,\"publisher\":{\"@id\":\"https:\\\/\\\/www.stelvision.com\\\/astro\\\/#organization\"},\"image\":{\"@id\":\"https:\\\/\\\/www.stelvision.com\\\/astro\\\/la-merveilleuse-eclipse-totale-de-soleil-du-12-aout-2026-en-espagne\\\/#primaryimage\"},\"thumbnailUrl\":\"https:\\\/\\\/www.stelvision.com\\\/astro\\\/wp-content\\\/uploads\\\/2026\\\/09\\\/1117-etiennejammes-eclipse-totale-soleil-2026-8436-chromosphere-protuberances-diamant-fin-totalite-1200x900-1.webp\",\"articleSection\":[\"Observer le ciel\"],\"inLanguage\":\"fr-FR\"},{\"@type\":\"WebPage\",\"@id\":\"https:\\\/\\\/www.stelvision.com\\\/astro\\\/la-merveilleuse-eclipse-totale-de-soleil-du-12-aout-2026-en-espagne\\\/\",\"url\":\"https:\\\/\\\/www.stelvision.com\\\/astro\\\/la-merveilleuse-eclipse-totale-de-soleil-du-12-aout-2026-en-espagne\\\/\",\"name\":\"La merveilleuse \u00e9clipse totale de Soleil du 12 ao\u00fbt 2026 en Espagne\",\"isPartOf\":{\"@id\":\"https:\\\/\\\/www.stelvision.com\\\/astro\\\/#website\"},\"primaryImageOfPage\":{\"@id\":\"https:\\\/\\\/www.stelvision.com\\\/astro\\\/la-merveilleuse-eclipse-totale-de-soleil-du-12-aout-2026-en-espagne\\\/#primaryimage\"},\"image\":{\"@id\":\"https:\\\/\\\/www.stelvision.com\\\/astro\\\/la-merveilleuse-eclipse-totale-de-soleil-du-12-aout-2026-en-espagne\\\/#primaryimage\"},\"thumbnailUrl\":\"https:\\\/\\\/www.stelvision.com\\\/astro\\\/wp-content\\\/uploads\\\/2026\\\/09\\\/1117-etiennejammes-eclipse-totale-soleil-2026-8436-chromosphere-protuberances-diamant-fin-totalite-1200x900-1.webp\",\"datePublished\":\"2026-09-02T17:17:28+00:00\",\"dateModified\":\"2026-09-03T13:30:06+00:00\",\"description\":\"Instants v\u00e9cus par d\u2019heureux t\u00e9moins de l'extraordinaire \u00e9clipse de Soleil du 12 ao\u00fbt 2026, au c\u0153ur de la bande de totalit\u00e9.\",\"breadcrumb\":{\"@id\":\"https:\\\/\\\/www.stelvision.com\\\/astro\\\/la-merveilleuse-eclipse-totale-de-soleil-du-12-aout-2026-en-espagne\\\/#breadcrumb\"},\"inLanguage\":\"fr-FR\",\"potentialAction\":[{\"@type\":\"ReadAction\",\"target\":[\"https:\\\/\\\/www.stelvision.com\\\/astro\\\/la-merveilleuse-eclipse-totale-de-soleil-du-12-aout-2026-en-espagne\\\/\"]}]},{\"@type\":\"ImageObject\",\"inLanguage\":\"fr-FR\",\"@id\":\"https:\\\/\\\/www.stelvision.com\\\/astro\\\/la-merveilleuse-eclipse-totale-de-soleil-du-12-aout-2026-en-espagne\\\/#primaryimage\",\"url\":\"https:\\\/\\\/www.stelvision.com\\\/astro\\\/wp-content\\\/uploads\\\/2026\\\/09\\\/1117-etiennejammes-eclipse-totale-soleil-2026-8436-chromosphere-protuberances-diamant-fin-totalite-1200x900-1.webp\",\"contentUrl\":\"https:\\\/\\\/www.stelvision.com\\\/astro\\\/wp-content\\\/uploads\\\/2026\\\/09\\\/1117-etiennejammes-eclipse-totale-soleil-2026-8436-chromosphere-protuberances-diamant-fin-totalite-1200x900-1.webp\",\"width\":1200,\"height\":900,\"caption\":\"L\u2019\u00e9clipse du 12 ao\u00fbt 2026 en fin de phase de totalit\u00e9. Remarquez les protub\u00e9rances roses visibles de part et d\u2019autre du disque solaire, et le \u00ab diamant \u00bb qui appara\u00eet \u00e0 droite, signalant le d\u00e9but de la r\u00e9apparition du Soleil masqu\u00e9 par la Lune. Photo : \u00c9tienne Jammes.\"},{\"@type\":\"BreadcrumbList\",\"@id\":\"https:\\\/\\\/www.stelvision.com\\\/astro\\\/la-merveilleuse-eclipse-totale-de-soleil-du-12-aout-2026-en-espagne\\\/#breadcrumb\",\"itemListElement\":[{\"@type\":\"ListItem\",\"position\":1,\"name\":\"Accueil\",\"item\":\"https:\\\/\\\/www.stelvision.com\\\/astro\\\/\"},{\"@type\":\"ListItem\",\"position\":2,\"name\":\"La merveilleuse \u00e9clipse totale de Soleil du 12 ao\u00fbt 2026 en Espagne\"}]},{\"@type\":\"WebSite\",\"@id\":\"https:\\\/\\\/www.stelvision.com\\\/astro\\\/#website\",\"url\":\"https:\\\/\\\/www.stelvision.com\\\/astro\\\/\",\"name\":\"Stelvision\",\"description\":\"conseils, livres et mat\u00e9riel d&#039;observation du ciel\",\"publisher\":{\"@id\":\"https:\\\/\\\/www.stelvision.com\\\/astro\\\/#organization\"},\"potentialAction\":[{\"@type\":\"SearchAction\",\"target\":{\"@type\":\"EntryPoint\",\"urlTemplate\":\"https:\\\/\\\/www.stelvision.com\\\/astro\\\/?s={search_term_string}\"},\"query-input\":{\"@type\":\"PropertyValueSpecification\",\"valueRequired\":true,\"valueName\":\"search_term_string\"}}],\"inLanguage\":\"fr-FR\"},{\"@type\":\"Organization\",\"@id\":\"https:\\\/\\\/www.stelvision.com\\\/astro\\\/#organization\",\"name\":\"Stelvision\",\"url\":\"https:\\\/\\\/www.stelvision.com\\\/astro\\\/\",\"logo\":{\"@type\":\"ImageObject\",\"inLanguage\":\"fr-FR\",\"@id\":\"https:\\\/\\\/www.stelvision.com\\\/astro\\\/#\\\/schema\\\/logo\\\/image\\\/\",\"url\":\"https:\\\/\\\/www.stelvision.com\\\/astro\\\/wp-content\\\/uploads\\\/2019\\\/03\\\/logo_lisse_bleu_Stelvision_600.png\",\"contentUrl\":\"https:\\\/\\\/www.stelvision.com\\\/astro\\\/wp-content\\\/uploads\\\/2019\\\/03\\\/logo_lisse_bleu_Stelvision_600.png\",\"width\":600,\"height\":277,\"caption\":\"Stelvision\"},\"image\":{\"@id\":\"https:\\\/\\\/www.stelvision.com\\\/astro\\\/#\\\/schema\\\/logo\\\/image\\\/\"},\"sameAs\":[\"https:\\\/\\\/www.facebook.com\\\/people\\\/Stelvision\\\/100063368192331\\\/\"]},{\"@type\":\"Person\",\"@id\":\"https:\\\/\\\/www.stelvision.com\\\/astro\\\/#\\\/schema\\\/person\\\/46766957349a30f84232506532ab805d\",\"name\":\"Bertrand d'Armagnac\",\"url\":\"https:\\\/\\\/www.stelvision.com\\\/astro\\\/author\\\/administel\\\/\"}]}<\/script>\n<!-- \/ Yoast SEO plugin. -->","yoast_head_json":{"title":"La merveilleuse \u00e9clipse totale de Soleil du 12 ao\u00fbt 2026 en Espagne","description":"Instants v\u00e9cus par d\u2019heureux t\u00e9moins de l'extraordinaire \u00e9clipse de Soleil du 12 ao\u00fbt 2026, au c\u0153ur de la bande de totalit\u00e9.","robots":{"index":"index","follow":"follow","max-snippet":"max-snippet:-1","max-image-preview":"max-image-preview:large","max-video-preview":"max-video-preview:-1"},"canonical":"https:\/\/www.stelvision.com\/astro\/la-merveilleuse-eclipse-totale-de-soleil-du-12-aout-2026-en-espagne\/","og_locale":"fr_FR","og_type":"article","og_title":"La merveilleuse \u00e9clipse totale de Soleil du 12 ao\u00fbt 2026 en Espagne","og_description":"Instants v\u00e9cus par d\u2019heureux t\u00e9moins de l'extraordinaire \u00e9clipse de Soleil du 12 ao\u00fbt 2026, au c\u0153ur de la bande de totalit\u00e9.","og_url":"https:\/\/www.stelvision.com\/astro\/la-merveilleuse-eclipse-totale-de-soleil-du-12-aout-2026-en-espagne\/","og_site_name":"Stelvision","article_publisher":"https:\/\/www.facebook.com\/people\/Stelvision\/100063368192331\/","article_published_time":"2026-09-02T17:17:28+00:00","article_modified_time":"2026-09-03T13:30:06+00:00","og_image":[{"width":1200,"height":900,"url":"https:\/\/www.stelvision.com\/astro\/wp-content\/uploads\/2026\/09\/1117-etiennejammes-eclipse-totale-soleil-2026-8436-chromosphere-protuberances-diamant-fin-totalite-1200x900-1.webp","type":"image\/webp"}],"author":"Bertrand d'Armagnac","twitter_card":"summary_large_image","twitter_misc":{"\u00c9crit par":"Bertrand d'Armagnac","Dur\u00e9e de lecture estim\u00e9e":"14 minutes"},"schema":{"@context":"https:\/\/schema.org","@graph":[{"@type":"Article","@id":"https:\/\/www.stelvision.com\/astro\/la-merveilleuse-eclipse-totale-de-soleil-du-12-aout-2026-en-espagne\/#article","isPartOf":{"@id":"https:\/\/www.stelvision.com\/astro\/la-merveilleuse-eclipse-totale-de-soleil-du-12-aout-2026-en-espagne\/"},"author":{"name":"Bertrand d'Armagnac","@id":"https:\/\/www.stelvision.com\/astro\/#\/schema\/person\/46766957349a30f84232506532ab805d"},"headline":"La merveilleuse \u00e9clipse totale de Soleil du 12 ao\u00fbt 2026 en Espagne","datePublished":"2026-09-02T17:17:28+00:00","dateModified":"2026-09-03T13:30:06+00:00","mainEntityOfPage":{"@id":"https:\/\/www.stelvision.com\/astro\/la-merveilleuse-eclipse-totale-de-soleil-du-12-aout-2026-en-espagne\/"},"wordCount":2495,"publisher":{"@id":"https:\/\/www.stelvision.com\/astro\/#organization"},"image":{"@id":"https:\/\/www.stelvision.com\/astro\/la-merveilleuse-eclipse-totale-de-soleil-du-12-aout-2026-en-espagne\/#primaryimage"},"thumbnailUrl":"https:\/\/www.stelvision.com\/astro\/wp-content\/uploads\/2026\/09\/1117-etiennejammes-eclipse-totale-soleil-2026-8436-chromosphere-protuberances-diamant-fin-totalite-1200x900-1.webp","articleSection":["Observer le ciel"],"inLanguage":"fr-FR"},{"@type":"WebPage","@id":"https:\/\/www.stelvision.com\/astro\/la-merveilleuse-eclipse-totale-de-soleil-du-12-aout-2026-en-espagne\/","url":"https:\/\/www.stelvision.com\/astro\/la-merveilleuse-eclipse-totale-de-soleil-du-12-aout-2026-en-espagne\/","name":"La merveilleuse \u00e9clipse totale de Soleil du 12 ao\u00fbt 2026 en Espagne","isPartOf":{"@id":"https:\/\/www.stelvision.com\/astro\/#website"},"primaryImageOfPage":{"@id":"https:\/\/www.stelvision.com\/astro\/la-merveilleuse-eclipse-totale-de-soleil-du-12-aout-2026-en-espagne\/#primaryimage"},"image":{"@id":"https:\/\/www.stelvision.com\/astro\/la-merveilleuse-eclipse-totale-de-soleil-du-12-aout-2026-en-espagne\/#primaryimage"},"thumbnailUrl":"https:\/\/www.stelvision.com\/astro\/wp-content\/uploads\/2026\/09\/1117-etiennejammes-eclipse-totale-soleil-2026-8436-chromosphere-protuberances-diamant-fin-totalite-1200x900-1.webp","datePublished":"2026-09-02T17:17:28+00:00","dateModified":"2026-09-03T13:30:06+00:00","description":"Instants v\u00e9cus par d\u2019heureux t\u00e9moins de l'extraordinaire \u00e9clipse de Soleil du 12 ao\u00fbt 2026, au c\u0153ur de la bande de totalit\u00e9.","breadcrumb":{"@id":"https:\/\/www.stelvision.com\/astro\/la-merveilleuse-eclipse-totale-de-soleil-du-12-aout-2026-en-espagne\/#breadcrumb"},"inLanguage":"fr-FR","potentialAction":[{"@type":"ReadAction","target":["https:\/\/www.stelvision.com\/astro\/la-merveilleuse-eclipse-totale-de-soleil-du-12-aout-2026-en-espagne\/"]}]},{"@type":"ImageObject","inLanguage":"fr-FR","@id":"https:\/\/www.stelvision.com\/astro\/la-merveilleuse-eclipse-totale-de-soleil-du-12-aout-2026-en-espagne\/#primaryimage","url":"https:\/\/www.stelvision.com\/astro\/wp-content\/uploads\/2026\/09\/1117-etiennejammes-eclipse-totale-soleil-2026-8436-chromosphere-protuberances-diamant-fin-totalite-1200x900-1.webp","contentUrl":"https:\/\/www.stelvision.com\/astro\/wp-content\/uploads\/2026\/09\/1117-etiennejammes-eclipse-totale-soleil-2026-8436-chromosphere-protuberances-diamant-fin-totalite-1200x900-1.webp","width":1200,"height":900,"caption":"L\u2019\u00e9clipse du 12 ao\u00fbt 2026 en fin de phase de totalit\u00e9. Remarquez les protub\u00e9rances roses visibles de part et d\u2019autre du disque solaire, et le \u00ab diamant \u00bb qui appara\u00eet \u00e0 droite, signalant le d\u00e9but de la r\u00e9apparition du Soleil masqu\u00e9 par la Lune. Photo : \u00c9tienne Jammes."},{"@type":"BreadcrumbList","@id":"https:\/\/www.stelvision.com\/astro\/la-merveilleuse-eclipse-totale-de-soleil-du-12-aout-2026-en-espagne\/#breadcrumb","itemListElement":[{"@type":"ListItem","position":1,"name":"Accueil","item":"https:\/\/www.stelvision.com\/astro\/"},{"@type":"ListItem","position":2,"name":"La merveilleuse \u00e9clipse totale de Soleil du 12 ao\u00fbt 2026 en Espagne"}]},{"@type":"WebSite","@id":"https:\/\/www.stelvision.com\/astro\/#website","url":"https:\/\/www.stelvision.com\/astro\/","name":"Stelvision","description":"conseils, livres et mat\u00e9riel d&#039;observation du ciel","publisher":{"@id":"https:\/\/www.stelvision.com\/astro\/#organization"},"potentialAction":[{"@type":"SearchAction","target":{"@type":"EntryPoint","urlTemplate":"https:\/\/www.stelvision.com\/astro\/?s={search_term_string}"},"query-input":{"@type":"PropertyValueSpecification","valueRequired":true,"valueName":"search_term_string"}}],"inLanguage":"fr-FR"},{"@type":"Organization","@id":"https:\/\/www.stelvision.com\/astro\/#organization","name":"Stelvision","url":"https:\/\/www.stelvision.com\/astro\/","logo":{"@type":"ImageObject","inLanguage":"fr-FR","@id":"https:\/\/www.stelvision.com\/astro\/#\/schema\/logo\/image\/","url":"https:\/\/www.stelvision.com\/astro\/wp-content\/uploads\/2019\/03\/logo_lisse_bleu_Stelvision_600.png","contentUrl":"https:\/\/www.stelvision.com\/astro\/wp-content\/uploads\/2019\/03\/logo_lisse_bleu_Stelvision_600.png","width":600,"height":277,"caption":"Stelvision"},"image":{"@id":"https:\/\/www.stelvision.com\/astro\/#\/schema\/logo\/image\/"},"sameAs":["https:\/\/www.facebook.com\/people\/Stelvision\/100063368192331\/"]},{"@type":"Person","@id":"https:\/\/www.stelvision.com\/astro\/#\/schema\/person\/46766957349a30f84232506532ab805d","name":"Bertrand d'Armagnac","url":"https:\/\/www.stelvision.com\/astro\/author\/administel\/"}]}},"_links":{"self":[{"href":"https:\/\/www.stelvision.com\/astro\/wp-json\/wp\/v2\/posts\/87747","targetHints":{"allow":["GET"]}}],"collection":[{"href":"https:\/\/www.stelvision.com\/astro\/wp-json\/wp\/v2\/posts"}],"about":[{"href":"https:\/\/www.stelvision.com\/astro\/wp-json\/wp\/v2\/types\/post"}],"author":[{"embeddable":true,"href":"https:\/\/www.stelvision.com\/astro\/wp-json\/wp\/v2\/users\/1"}],"replies":[{"embeddable":true,"href":"https:\/\/www.stelvision.com\/astro\/wp-json\/wp\/v2\/comments?post=87747"}],"version-history":[{"count":11,"href":"https:\/\/www.stelvision.com\/astro\/wp-json\/wp\/v2\/posts\/87747\/revisions"}],"predecessor-version":[{"id":87783,"href":"https:\/\/www.stelvision.com\/astro\/wp-json\/wp\/v2\/posts\/87747\/revisions\/87783"}],"wp:featuredmedia":[{"embeddable":true,"href":"https:\/\/www.stelvision.com\/astro\/wp-json\/wp\/v2\/media\/87748"}],"wp:attachment":[{"href":"https:\/\/www.stelvision.com\/astro\/wp-json\/wp\/v2\/media?parent=87747"}],"wp:term":[{"taxonomy":"category","embeddable":true,"href":"https:\/\/www.stelvision.com\/astro\/wp-json\/wp\/v2\/categories?post=87747"},{"taxonomy":"post_tag","embeddable":true,"href":"https:\/\/www.stelvision.com\/astro\/wp-json\/wp\/v2\/tags?post=87747"}],"curies":[{"name":"wp","href":"https:\/\/api.w.org\/{rel}","templated":true}]}}